{"id":69223,"date":"2020-10-08T01:56:29","date_gmt":"2020-10-08T04:56:29","guid":{"rendered":"http:\/\/infoecos.com.ar\/?p=69223"},"modified":"2020-10-08T01:56:33","modified_gmt":"2020-10-08T04:56:33","slug":"coronavirus-en-lincoln-los-positivos-en-la-ciudad-cabecera-roberts-y-pasteur","status":"publish","type":"post","link":"https:\/\/infoecos.com.ar\/index.php\/coronavirus-en-lincoln-los-positivos-en-la-ciudad-cabecera-roberts-y-pasteur\/","title":{"rendered":"Coronavirus en Lincoln: los positivos en la ciudad cabecera, Roberts y Pasteur"},"content":{"rendered":"\n<p>El Intendente municipal de Lincoln, Salvador Serenal, junto al secretario de Salud, Dr. Sergio Lorenzo; la directora del Hospital Municipal de Lincoln (HML), Dra. Betina Dubra; el director de Unidades Sanitarias, Dr. Jorge Chemes; el Dr. Hern\u00e1n Granato y la Lic. Valeria D\u00edaz, integrantes del Comit\u00e9 de Bio\u00e9tica del HML, brindaron una conferencia de prensa sobre el abordaje de la situaci\u00f3n epidemiol\u00f3gica y la forma en que se vienen reportando los casos de Covid-19 en el Distrito.<\/p>\n\n\n\n<div class=\"wp-block-image\"><figure class=\"aligncenter size-medium\"><img loading=\"lazy\" decoding=\"async\" width=\"460\" height=\"307\" src=\"http:\/\/infoecos.com.ar\/wp-content\/uploads\/2020\/10\/Conferencia-7-de-oct-460x307.jpeg\" alt=\"\" class=\"wp-image-69224\" srcset=\"https:\/\/infoecos.com.ar\/wp-content\/uploads\/2020\/10\/Conferencia-7-de-oct-460x307.jpeg 460w, https:\/\/infoecos.com.ar\/wp-content\/uploads\/2020\/10\/Conferencia-7-de-oct-920x613.jpeg 920w, https:\/\/infoecos.com.ar\/wp-content\/uploads\/2020\/10\/Conferencia-7-de-oct-768x512.jpeg 768w, https:\/\/infoecos.com.ar\/wp-content\/uploads\/2020\/10\/Conferencia-7-de-oct-1024x682.jpeg 1024w, https:\/\/infoecos.com.ar\/wp-content\/uploads\/2020\/10\/Conferencia-7-de-oct-675x450.jpeg 675w, https:\/\/infoecos.com.ar\/wp-content\/uploads\/2020\/10\/Conferencia-7-de-oct.jpeg 1280w\" sizes=\"(max-width: 460px) 100vw, 460px\" \/><figcaption>Serenal, Salvador<\/figcaption><\/figure><\/div>\n\n\n\n<p>Serenal indic\u00f3 que \u201ces imposible que como Estado Municipal se guarden datos respecto a la cifra de contagiados por Covid-19, dado que se trabaja en equipo con Provincia y Naci\u00f3n llevando adelante diferentes registros\u201d.<\/p>\n\n\n\n<p>\u201cEsta pandemia nos obliga a cambiar h\u00e1bitos y aprender a convivir con el Covid-19 hasta que la vacuna aparezca. No hay que tenerle miedo al virus, pero si respeto\u201d, manifest\u00f3 el Jefe Comunal.<\/p>\n\n\n\n<p>En el mismo sentido, el secretario de Salud, Dr. Lorenzo, dijo: \u201cTenemos que saber que el virus estar\u00e1 entre nosotros durante un tiempo mucho mayor del que deseamos o suponemos. Es necesario comprender que vamos a convivir con el virus y que cotidianamente sabremos de vecinos, amigos o seres queridos que se contagien; todos podemos ser v\u00edctimas de ese contagio, por lo cual debemos actuar con responsabilidad y ser solidarios\u201d.<\/p>\n\n\n\n<p>En cuanto a la situaci\u00f3n epidemiol\u00f3gica en el distrito se inform\u00f3 que a la fecha se registran 12 casos activos, de los cuales 7 se hallan en Lincoln, 4 en Roberts, y 1 en Pasteur.<\/p>\n\n\n\n<p>Al respecto, el director de Unidades Sanitarias, Dr. Jorge Chemes explic\u00f3: \u201cTodas las Unidades Sanitarias de las localidades cuentan con un espacio adaptado para recibir a los pacientes con cuadros febril-respiratorios\u201d.<\/p>\n\n\n\n<p>Y ampli\u00f3: \u201cLos m\u00e9dicos de las localidades vienen trabajando de manera coordinada y articulada con la Secretar\u00eda de Salud y la informaci\u00f3n referida a la pandemia o los casos de Covid-19 que pudiesen registrarse en cada localidad se canalizan a trav\u00e9s de la Secretaria de Salud porque esa es la forma m\u00e1s trasparente de darla a conocer y evitar malos entendidos\u201d.<\/p>\n\n\n\n<p>\u201cVenimos manteniendo reuniones con los intendentes de otros distritos, algunos de los cuales ya han levantado los controles en las entradas porque han perdido efectividad y la tendencia es que se vayan levantado esos controles\u201d, expuso el Jefe Comunal.<\/p>\n\n\n\n<p>Y sostuvo: \u201cDebemos aprender a convivir con el virus. La comunidad ya posee un conocimiento amplio y el Estado debe seguir aportando a ese entendimiento, acompa\u00f1ando con un cuidado exhaustivo sobre los adultos mayores y pacientes que conforman la poblaci\u00f3n de mayor riesgo ante este virus\u201d.<\/p>\n","protected":false},"excerpt":{"rendered":"<p>\u201cEsta pandemia nos obliga a cambiar h\u00e1bitos y aprender a convivir con el Covid-19 hasta que la vacuna aparezca. No hay que tenerle miedo al virus, pero si respeto\u201d, manifest\u00f3 el Jefe Comunal<\/p>\n","protected":false},"author":2,"featured_media":69224,"comment_status":"closed","ping_status":"open","sticky":false,"template":"","format":"standard","meta":{"footnotes":""},"categories":[1325],"tags":[2134],"class_list":["post-69223","post","type-post","status-publish","format-standard","has-post-thumbnail","hentry","category-c1nota6","tag-se-brindo-un-amplio-panorama"],"yoast_head":"<!-- This site is optimized with the Yoast SEO plugin v23.4 - https:\/\/yoast.com\/wordpress\/plugins\/seo\/ -->\n<title>Coronavirus en Lincoln: los positivos en la ciudad cabecera, Roberts y Pasteur - Infoecos<\/title>\n<meta name=\"robots\" content=\"index, follow, max-snippet:-1, max-image-preview:large, max-video-preview:-1\" \/>\n<link rel=\"canonical\" href=\"https:\/\/infoecos.com.ar\/index.php\/coronavirus-en-lincoln-los-positivos-en-la-ciudad-cabecera-roberts-y-pasteur\/\" \/>\n<meta property=\"og:locale\" content=\"es_ES\" \/>\n<meta property=\"og:type\" content=\"article\" \/>\n<meta property=\"og:title\" content=\"Coronavirus en Lincoln: los positivos en la ciudad cabecera, Roberts y Pasteur - Infoecos\" \/>\n<meta property=\"og:description\" content=\"\u201cEsta pandemia nos obliga a cambiar h\u00e1bitos y aprender a convivir con el Covid-19 hasta que la vacuna aparezca. No hay que tenerle miedo al virus, pero si respeto\u201d, manifest\u00f3 el Jefe Comunal\" \/>\n<meta property=\"og:url\" content=\"https:\/\/infoecos.com.ar\/index.php\/coronavirus-en-lincoln-los-positivos-en-la-ciudad-cabecera-roberts-y-pasteur\/\" \/>\n<meta property=\"og:site_name\" content=\"Infoecos\" \/>\n<meta property=\"article:publisher\" content=\"https:\/\/www.facebook.com\/profile.php?id=100063200290284\" \/>\n<meta property=\"article:published_time\" content=\"2020-10-08T04:56:29+00:00\" \/>\n<meta property=\"article:modified_time\" content=\"2020-10-08T04:56:33+00:00\" \/>\n<meta property=\"og:image\" content=\"https:\/\/infoecos.com.ar\/wp-content\/uploads\/2020\/10\/Conferencia-7-de-oct.jpeg\" \/>\n\t<meta property=\"og:image:width\" content=\"1280\" \/>\n\t<meta property=\"og:image:height\" content=\"853\" \/>\n\t<meta property=\"og:image:type\" content=\"image\/jpeg\" \/>\n<meta name=\"author\" content=\"Jorge Matheus\" \/>\n<meta name=\"twitter:card\" content=\"summary_large_image\" \/>\n<meta name=\"twitter:creator\" content=\"@infoecos\" \/>\n<meta name=\"twitter:site\" content=\"@infoecos\" \/>\n<meta name=\"twitter:label1\" content=\"Escrito por\" \/>\n\t<meta name=\"twitter:data1\" content=\"Jorge Matheus\" \/>\n\t<meta name=\"twitter:label2\" content=\"Tiempo de lectura\" \/>\n\t<meta name=\"twitter:data2\" content=\"2 minutos\" \/>\n<script type=\"application\/ld+json\" class=\"yoast-schema-graph\">{\"@context\":\"https:\/\/schema.org\",\"@graph\":[{\"@type\":\"Article\",\"@id\":\"https:\/\/infoecos.com.ar\/index.php\/coronavirus-en-lincoln-los-positivos-en-la-ciudad-cabecera-roberts-y-pasteur\/#article\",\"isPartOf\":{\"@id\":\"https:\/\/infoecos.com.ar\/index.php\/coronavirus-en-lincoln-los-positivos-en-la-ciudad-cabecera-roberts-y-pasteur\/\"},\"author\":{\"name\":\"Jorge Matheus\",\"@id\":\"https:\/\/infoecos.com.ar\/#\/schema\/person\/8f5ace5ce73b4b4aac4b7245aee6f191\"},\"headline\":\"Coronavirus en Lincoln: los positivos en la ciudad cabecera, Roberts y Pasteur\",\"datePublished\":\"2020-10-08T04:56:29+00:00\",\"dateModified\":\"2020-10-08T04:56:33+00:00\",\"mainEntityOfPage\":{\"@id\":\"https:\/\/infoecos.com.ar\/index.php\/coronavirus-en-lincoln-los-positivos-en-la-ciudad-cabecera-roberts-y-pasteur\/\"},\"wordCount\":453,\"publisher\":{\"@id\":\"https:\/\/infoecos.com.ar\/#organization\"},\"image\":{\"@id\":\"https:\/\/infoecos.com.ar\/index.php\/coronavirus-en-lincoln-los-positivos-en-la-ciudad-cabecera-roberts-y-pasteur\/#primaryimage\"},\"thumbnailUrl\":\"https:\/\/infoecos.com.ar\/wp-content\/uploads\/2020\/10\/Conferencia-7-de-oct.jpeg\",\"keywords\":[\"SE BRIND\u00d3 UN AMPLIO PANORAMA\"],\"articleSection\":[\"C1 nota 6\"],\"inLanguage\":\"es\"},{\"@type\":\"WebPage\",\"@id\":\"https:\/\/infoecos.com.ar\/index.php\/coronavirus-en-lincoln-los-positivos-en-la-ciudad-cabecera-roberts-y-pasteur\/\",\"url\":\"https:\/\/infoecos.com.ar\/index.php\/coronavirus-en-lincoln-los-positivos-en-la-ciudad-cabecera-roberts-y-pasteur\/\",\"name\":\"Coronavirus en Lincoln: los positivos en la ciudad cabecera, Roberts y Pasteur - Infoecos\",\"isPartOf\":{\"@id\":\"https:\/\/infoecos.com.ar\/#website\"},\"primaryImageOfPage\":{\"@id\":\"https:\/\/infoecos.com.ar\/index.php\/coronavirus-en-lincoln-los-positivos-en-la-ciudad-cabecera-roberts-y-pasteur\/#primaryimage\"},\"image\":{\"@id\":\"https:\/\/infoecos.com.ar\/index.php\/coronavirus-en-lincoln-los-positivos-en-la-ciudad-cabecera-roberts-y-pasteur\/#primaryimage\"},\"thumbnailUrl\":\"https:\/\/infoecos.com.ar\/wp-content\/uploads\/2020\/10\/Conferencia-7-de-oct.jpeg\",\"datePublished\":\"2020-10-08T04:56:29+00:00\",\"dateModified\":\"2020-10-08T04:56:33+00:00\",\"breadcrumb\":{\"@id\":\"https:\/\/infoecos.com.ar\/index.php\/coronavirus-en-lincoln-los-positivos-en-la-ciudad-cabecera-roberts-y-pasteur\/#breadcrumb\"},\"inLanguage\":\"es\",\"potentialAction\":[{\"@type\":\"ReadAction\",\"target\":[\"https:\/\/infoecos.com.ar\/index.php\/coronavirus-en-lincoln-los-positivos-en-la-ciudad-cabecera-roberts-y-pasteur\/\"]}]},{\"@type\":\"ImageObject\",\"inLanguage\":\"es\",\"@id\":\"https:\/\/infoecos.com.ar\/index.php\/coronavirus-en-lincoln-los-positivos-en-la-ciudad-cabecera-roberts-y-pasteur\/#primaryimage\",\"url\":\"https:\/\/infoecos.com.ar\/wp-content\/uploads\/2020\/10\/Conferencia-7-de-oct.jpeg\",\"contentUrl\":\"https:\/\/infoecos.com.ar\/wp-content\/uploads\/2020\/10\/Conferencia-7-de-oct.jpeg\",\"width\":1280,\"height\":853},{\"@type\":\"BreadcrumbList\",\"@id\":\"https:\/\/infoecos.com.ar\/index.php\/coronavirus-en-lincoln-los-positivos-en-la-ciudad-cabecera-roberts-y-pasteur\/#breadcrumb\",\"itemListElement\":[{\"@type\":\"ListItem\",\"position\":1,\"name\":\"Portada\",\"item\":\"https:\/\/infoecos.com.ar\/\"},{\"@type\":\"ListItem\",\"position\":2,\"name\":\"Coronavirus en Lincoln: los positivos en la ciudad cabecera, Roberts y Pasteur\"}]},{\"@type\":\"WebSite\",\"@id\":\"https:\/\/infoecos.com.ar\/#website\",\"url\":\"https:\/\/infoecos.com.ar\/\",\"name\":\"Infoecos\",\"description\":\"Noticias de trenque lauquen y la zona\",\"publisher\":{\"@id\":\"https:\/\/infoecos.com.ar\/#organization\"},\"alternateName\":\"Noticias\",\"potentialAction\":[{\"@type\":\"SearchAction\",\"target\":{\"@type\":\"EntryPoint\",\"urlTemplate\":\"https:\/\/infoecos.com.ar\/?s={search_term_string}\"},\"query-input\":{\"@type\":\"PropertyValueSpecification\",\"valueRequired\":true,\"valueName\":\"search_term_string\"}}],\"inLanguage\":\"es\"},{\"@type\":\"Organization\",\"@id\":\"https:\/\/infoecos.com.ar\/#organization\",\"name\":\"Infoecos\",\"alternateName\":\"Noticias\",\"url\":\"https:\/\/infoecos.com.ar\/\",\"logo\":{\"@type\":\"ImageObject\",\"inLanguage\":\"es\",\"@id\":\"https:\/\/infoecos.com.ar\/#\/schema\/logo\/image\/\",\"url\":\"https:\/\/infoecos.com.ar\/wp-content\/uploads\/2024\/03\/cropped-logo.png\",\"contentUrl\":\"https:\/\/infoecos.com.ar\/wp-content\/uploads\/2024\/03\/cropped-logo.png\",\"width\":374,\"height\":90,\"caption\":\"Infoecos\"},\"image\":{\"@id\":\"https:\/\/infoecos.com.ar\/#\/schema\/logo\/image\/\"},\"sameAs\":[\"https:\/\/www.facebook.com\/profile.php?id=100063200290284\",\"https:\/\/x.com\/infoecos\"]},{\"@type\":\"Person\",\"@id\":\"https:\/\/infoecos.com.ar\/#\/schema\/person\/8f5ace5ce73b4b4aac4b7245aee6f191\",\"name\":\"Jorge Matheus\",\"url\":\"https:\/\/infoecos.com.ar\/index.php\/author\/jomatheus\/\"}]}<\/script>\n<!-- \/ Yoast SEO plugin. -->","yoast_head_json":{"title":"Coronavirus en Lincoln: los positivos en la ciudad cabecera, Roberts y Pasteur - Infoecos","robots":{"index":"index","follow":"follow","max-snippet":"max-snippet:-1","max-image-preview":"max-image-preview:large","max-video-preview":"max-video-preview:-1"},"canonical":"https:\/\/infoecos.com.ar\/index.php\/coronavirus-en-lincoln-los-positivos-en-la-ciudad-cabecera-roberts-y-pasteur\/","og_locale":"es_ES","og_type":"article","og_title":"Coronavirus en Lincoln: los positivos en la ciudad cabecera, Roberts y Pasteur - Infoecos","og_description":"\u201cEsta pandemia nos obliga a cambiar h\u00e1bitos y aprender a convivir con el Covid-19 hasta que la vacuna aparezca. No hay que tenerle miedo al virus, pero si respeto\u201d, manifest\u00f3 el Jefe Comunal","og_url":"https:\/\/infoecos.com.ar\/index.php\/coronavirus-en-lincoln-los-positivos-en-la-ciudad-cabecera-roberts-y-pasteur\/","og_site_name":"Infoecos","article_publisher":"https:\/\/www.facebook.com\/profile.php?id=100063200290284","article_published_time":"2020-10-08T04:56:29+00:00","article_modified_time":"2020-10-08T04:56:33+00:00","og_image":[{"width":1280,"height":853,"url":"https:\/\/infoecos.com.ar\/wp-content\/uploads\/2020\/10\/Conferencia-7-de-oct.jpeg","type":"image\/jpeg"}],"author":"Jorge Matheus","twitter_card":"summary_large_image","twitter_creator":"@infoecos","twitter_site":"@infoecos","twitter_misc":{"Escrito por":"Jorge Matheus","Tiempo de lectura":"2 minutos"},"schema":{"@context":"https:\/\/schema.org","@graph":[{"@type":"Article","@id":"https:\/\/infoecos.com.ar\/index.php\/coronavirus-en-lincoln-los-positivos-en-la-ciudad-cabecera-roberts-y-pasteur\/#article","isPartOf":{"@id":"https:\/\/infoecos.com.ar\/index.php\/coronavirus-en-lincoln-los-positivos-en-la-ciudad-cabecera-roberts-y-pasteur\/"},"author":{"name":"Jorge Matheus","@id":"https:\/\/infoecos.com.ar\/#\/schema\/person\/8f5ace5ce73b4b4aac4b7245aee6f191"},"headline":"Coronavirus en Lincoln: los positivos en la ciudad cabecera, Roberts y Pasteur","datePublished":"2020-10-08T04:56:29+00:00","dateModified":"2020-10-08T04:56:33+00:00","mainEntityOfPage":{"@id":"https:\/\/infoecos.com.ar\/index.php\/coronavirus-en-lincoln-los-positivos-en-la-ciudad-cabecera-roberts-y-pasteur\/"},"wordCount":453,"publisher":{"@id":"https:\/\/infoecos.com.ar\/#organization"},"image":{"@id":"https:\/\/infoecos.com.ar\/index.php\/coronavirus-en-lincoln-los-positivos-en-la-ciudad-cabecera-roberts-y-pasteur\/#primaryimage"},"thumbnailUrl":"https:\/\/infoecos.com.ar\/wp-content\/uploads\/2020\/10\/Conferencia-7-de-oct.jpeg","keywords":["SE BRIND\u00d3 UN AMPLIO PANORAMA"],"articleSection":["C1 nota 6"],"inLanguage":"es"},{"@type":"WebPage","@id":"https:\/\/infoecos.com.ar\/index.php\/coronavirus-en-lincoln-los-positivos-en-la-ciudad-cabecera-roberts-y-pasteur\/","url":"https:\/\/infoecos.com.ar\/index.php\/coronavirus-en-lincoln-los-positivos-en-la-ciudad-cabecera-roberts-y-pasteur\/","name":"Coronavirus en Lincoln: los positivos en la ciudad cabecera, Roberts y Pasteur - Infoecos","isPartOf":{"@id":"https:\/\/infoecos.com.ar\/#website"},"primaryImageOfPage":{"@id":"https:\/\/infoecos.com.ar\/index.php\/coronavirus-en-lincoln-los-positivos-en-la-ciudad-cabecera-roberts-y-pasteur\/#primaryimage"},"image":{"@id":"https:\/\/infoecos.com.ar\/index.php\/coronavirus-en-lincoln-los-positivos-en-la-ciudad-cabecera-roberts-y-pasteur\/#primaryimage"},"thumbnailUrl":"https:\/\/infoecos.com.ar\/wp-content\/uploads\/2020\/10\/Conferencia-7-de-oct.jpeg","datePublished":"2020-10-08T04:56:29+00:00","dateModified":"2020-10-08T04:56:33+00:00","breadcrumb":{"@id":"https:\/\/infoecos.com.ar\/index.php\/coronavirus-en-lincoln-los-positivos-en-la-ciudad-cabecera-roberts-y-pasteur\/#breadcrumb"},"inLanguage":"es","potentialAction":[{"@type":"ReadAction","target":["https:\/\/infoecos.com.ar\/index.php\/coronavirus-en-lincoln-los-positivos-en-la-ciudad-cabecera-roberts-y-pasteur\/"]}]},{"@type":"ImageObject","inLanguage":"es","@id":"https:\/\/infoecos.com.ar\/index.php\/coronavirus-en-lincoln-los-positivos-en-la-ciudad-cabecera-roberts-y-pasteur\/#primaryimage","url":"https:\/\/infoecos.com.ar\/wp-content\/uploads\/2020\/10\/Conferencia-7-de-oct.jpeg","contentUrl":"https:\/\/infoecos.com.ar\/wp-content\/uploads\/2020\/10\/Conferencia-7-de-oct.jpeg","width":1280,"height":853},{"@type":"BreadcrumbList","@id":"https:\/\/infoecos.com.ar\/index.php\/coronavirus-en-lincoln-los-positivos-en-la-ciudad-cabecera-roberts-y-pasteur\/#breadcrumb","itemListElement":[{"@type":"ListItem","position":1,"name":"Portada","item":"https:\/\/infoecos.com.ar\/"},{"@type":"ListItem","position":2,"name":"Coronavirus en Lincoln: los positivos en la ciudad cabecera, Roberts y Pasteur"}]},{"@type":"WebSite","@id":"https:\/\/infoecos.com.ar\/#website","url":"https:\/\/infoecos.com.ar\/","name":"Infoecos","description":"Noticias de trenque lauquen y la zona","publisher":{"@id":"https:\/\/infoecos.com.ar\/#organization"},"alternateName":"Noticias","potentialAction":[{"@type":"SearchAction","target":{"@type":"EntryPoint","urlTemplate":"https:\/\/infoecos.com.ar\/?s={search_term_string}"},"query-input":{"@type":"PropertyValueSpecification","valueRequired":true,"valueName":"search_term_string"}}],"inLanguage":"es"},{"@type":"Organization","@id":"https:\/\/infoecos.com.ar\/#organization","name":"Infoecos","alternateName":"Noticias","url":"https:\/\/infoecos.com.ar\/","logo":{"@type":"ImageObject","inLanguage":"es","@id":"https:\/\/infoecos.com.ar\/#\/schema\/logo\/image\/","url":"https:\/\/infoecos.com.ar\/wp-content\/uploads\/2024\/03\/cropped-logo.png","contentUrl":"https:\/\/infoecos.com.ar\/wp-content\/uploads\/2024\/03\/cropped-logo.png","width":374,"height":90,"caption":"Infoecos"},"image":{"@id":"https:\/\/infoecos.com.ar\/#\/schema\/logo\/image\/"},"sameAs":["https:\/\/www.facebook.com\/profile.php?id=100063200290284","https:\/\/x.com\/infoecos"]},{"@type":"Person","@id":"https:\/\/infoecos.com.ar\/#\/schema\/person\/8f5ace5ce73b4b4aac4b7245aee6f191","name":"Jorge Matheus","url":"https:\/\/infoecos.com.ar\/index.php\/author\/jomatheus\/"}]}},"featured_image_urls":{"full":["https:\/\/infoecos.com.ar\/wp-content\/uploads\/2020\/10\/Conferencia-7-de-oct.jpeg",1280,853,false],"thumbnail":["https:\/\/infoecos.com.ar\/wp-content\/uploads\/2020\/10\/Conferencia-7-de-oct-150x150.jpeg",150,150,true],"medium":["https:\/\/infoecos.com.ar\/wp-content\/uploads\/2020\/10\/Conferencia-7-de-oct-460x307.jpeg",460,307,true],"medium_large":["https:\/\/infoecos.com.ar\/wp-content\/uploads\/2020\/10\/Conferencia-7-de-oct-768x512.jpeg",640,427,true],"large":["https:\/\/infoecos.com.ar\/wp-content\/uploads\/2020\/10\/Conferencia-7-de-oct-920x613.jpeg",640,426,true],"1536x1536":["https:\/\/infoecos.com.ar\/wp-content\/uploads\/2020\/10\/Conferencia-7-de-oct.jpeg",1280,853,false],"2048x2048":["https:\/\/infoecos.com.ar\/wp-content\/uploads\/2020\/10\/Conferencia-7-de-oct.jpeg",1280,853,false],"covernews-slider-full":["https:\/\/infoecos.com.ar\/wp-content\/uploads\/2020\/10\/Conferencia-7-de-oct.jpeg",1073,715,false],"covernews-slider-center":["https:\/\/infoecos.com.ar\/wp-content\/uploads\/2020\/10\/Conferencia-7-de-oct-936x853.jpeg",549,500,true],"covernews-featured":["https:\/\/infoecos.com.ar\/wp-content\/uploads\/2020\/10\/Conferencia-7-de-oct-1024x682.jpeg",1024,682,true],"covernews-medium":["https:\/\/infoecos.com.ar\/wp-content\/uploads\/2020\/10\/Conferencia-7-de-oct-720x380.jpeg",540,285,true],"covernews-medium-square":["https:\/\/infoecos.com.ar\/wp-content\/uploads\/2020\/10\/Conferencia-7-de-oct-675x450.jpeg",375,250,true]},"author_info":{"info":["Jorge Matheus"]},"category_info":"<a href=\"https:\/\/infoecos.com.ar\/index.php\/category\/c1nota6\/\" rel=\"category tag\">C1 nota 6<\/a>","tag_info":"C1 nota 6","comment_count":"0","_links":{"self":[{"href":"https:\/\/infoecos.com.ar\/index.php\/wp-json\/wp\/v2\/posts\/69223"}],"collection":[{"href":"https:\/\/infoecos.com.ar\/index.php\/wp-json\/wp\/v2\/posts"}],"about":[{"href":"https:\/\/infoecos.com.ar\/index.php\/wp-json\/wp\/v2\/types\/post"}],"author":[{"embeddable":true,"href":"https:\/\/infoecos.com.ar\/index.php\/wp-json\/wp\/v2\/users\/2"}],"replies":[{"embeddable":true,"href":"https:\/\/infoecos.com.ar\/index.php\/wp-json\/wp\/v2\/comments?post=69223"}],"version-history":[{"count":1,"href":"https:\/\/infoecos.com.ar\/index.php\/wp-json\/wp\/v2\/posts\/69223\/revisions"}],"predecessor-version":[{"id":69225,"href":"https:\/\/infoecos.com.ar\/index.php\/wp-json\/wp\/v2\/posts\/69223\/revisions\/69225"}],"wp:featuredmedia":[{"embeddable":true,"href":"https:\/\/infoecos.com.ar\/index.php\/wp-json\/wp\/v2\/media\/69224"}],"wp:attachment":[{"href":"https:\/\/infoecos.com.ar\/index.php\/wp-json\/wp\/v2\/media?parent=69223"}],"wp:term":[{"taxonomy":"category","embeddable":true,"href":"https:\/\/infoecos.com.ar\/index.php\/wp-json\/wp\/v2\/categories?post=69223"},{"taxonomy":"post_tag","embeddable":true,"href":"https:\/\/infoecos.com.ar\/index.php\/wp-json\/wp\/v2\/tags?post=69223"}],"curies":[{"name":"wp","href":"https:\/\/api.w.org\/{rel}","templated":true}]}}