{"id":69271,"date":"2020-10-09T02:12:30","date_gmt":"2020-10-09T05:12:30","guid":{"rendered":"http:\/\/infoecos.com.ar\/?p=69271"},"modified":"2020-10-09T02:12:41","modified_gmt":"2020-10-09T05:12:41","slug":"segundo-caso-de-coronavirus-en-el-distrito-de-florentino-ameghino","status":"publish","type":"post","link":"https:\/\/infoecos.com.ar\/index.php\/segundo-caso-de-coronavirus-en-el-distrito-de-florentino-ameghino\/","title":{"rendered":"Segundo caso de coronavirus en el distrito de Florentino Ameghino"},"content":{"rendered":"\n<p>La Direcci\u00f3n de Salud Municipal de Florentino Ameghino inform\u00f3 que  se recibi\u00f3 un nuevo resultado de un caso sospechoso pendiente, el cual arroj\u00f3 positivo para COVID-19.<\/p>\n\n\n\n<p>Se trata de una paciente de sexo femenino, de 36 a\u00f1os de edad, quien se encuentra en buen estado de salud y cumpliendo el aislamiento en su domicilio. <\/p>\n\n\n\n<p>Del mismo modo, se hizo saber que este positivo no guarda relaci\u00f3n con el primer caso informado en el d\u00eda de ayer. Asimismo, tiene un nexo epidemiol\u00f3gico conocido y sus contactos estrechos se encuentran aislados tambi\u00e9n desde hace varios d\u00edas.<\/p>\n\n\n\n<div class=\"wp-block-image\"><figure class=\"aligncenter size-medium\"><img loading=\"lazy\" decoding=\"async\" width=\"460\" height=\"259\" src=\"http:\/\/infoecos.com.ar\/wp-content\/uploads\/2020\/10\/tellechea-460x259.jpg\" alt=\"\" class=\"wp-image-69272\" srcset=\"https:\/\/infoecos.com.ar\/wp-content\/uploads\/2020\/10\/tellechea-460x259.jpg 460w, https:\/\/infoecos.com.ar\/wp-content\/uploads\/2020\/10\/tellechea-920x518.jpg 920w, https:\/\/infoecos.com.ar\/wp-content\/uploads\/2020\/10\/tellechea-768x432.jpg 768w, https:\/\/infoecos.com.ar\/wp-content\/uploads\/2020\/10\/tellechea-1024x576.jpg 1024w, https:\/\/infoecos.com.ar\/wp-content\/uploads\/2020\/10\/tellechea.jpg 1280w\" sizes=\"(max-width: 460px) 100vw, 460px\" \/><\/figure><\/div>\n","protected":false},"excerpt":{"rendered":"<p>Se trata de una paciente de sexo femenino, de 36 a\u00f1os de edad, quien se encuentra en buen estado de salud y cumpliendo el aislamiento en su domicilio<\/p>\n","protected":false},"author":2,"featured_media":69272,"comment_status":"closed","ping_status":"open","sticky":false,"template":"","format":"standard","meta":{"footnotes":""},"categories":[1323],"tags":[2150],"class_list":["post-69271","post","type-post","status-publish","format-standard","has-post-thumbnail","hentry","category-c2nota5","tag-no-guarda-relacion-con-el-primer-caso"],"yoast_head":"<!-- This site is optimized with the Yoast SEO plugin v23.4 - https:\/\/yoast.com\/wordpress\/plugins\/seo\/ -->\n<title>Segundo caso de coronavirus en el distrito de Florentino Ameghino - Infoecos<\/title>\n<meta name=\"robots\" content=\"index, follow, max-snippet:-1, max-image-preview:large, max-video-preview:-1\" \/>\n<link rel=\"canonical\" href=\"https:\/\/infoecos.com.ar\/index.php\/segundo-caso-de-coronavirus-en-el-distrito-de-florentino-ameghino\/\" \/>\n<meta property=\"og:locale\" content=\"es_ES\" \/>\n<meta property=\"og:type\" content=\"article\" \/>\n<meta property=\"og:title\" content=\"Segundo caso de coronavirus en el distrito de Florentino Ameghino - Infoecos\" \/>\n<meta property=\"og:description\" content=\"Se trata de una paciente de sexo femenino, de 36 a\u00f1os de edad, quien se encuentra en buen estado de salud y cumpliendo el aislamiento en su domicilio\" \/>\n<meta property=\"og:url\" content=\"https:\/\/infoecos.com.ar\/index.php\/segundo-caso-de-coronavirus-en-el-distrito-de-florentino-ameghino\/\" \/>\n<meta property=\"og:site_name\" content=\"Infoecos\" \/>\n<meta property=\"article:publisher\" content=\"https:\/\/www.facebook.com\/profile.php?id=100063200290284\" \/>\n<meta property=\"article:published_time\" content=\"2020-10-09T05:12:30+00:00\" \/>\n<meta property=\"article:modified_time\" content=\"2020-10-09T05:12:41+00:00\" \/>\n<meta property=\"og:image\" content=\"https:\/\/infoecos.com.ar\/wp-content\/uploads\/2020\/10\/tellechea.jpg\" \/>\n\t<meta property=\"og:image:width\" content=\"1280\" \/>\n\t<meta property=\"og:image:height\" content=\"720\" \/>\n\t<meta property=\"og:image:type\" content=\"image\/jpeg\" \/>\n<meta name=\"author\" content=\"Jorge Matheus\" \/>\n<meta name=\"twitter:card\" content=\"summary_large_image\" \/>\n<meta name=\"twitter:creator\" content=\"@infoecos\" \/>\n<meta name=\"twitter:site\" content=\"@infoecos\" \/>\n<meta name=\"twitter:label1\" content=\"Escrito por\" \/>\n\t<meta name=\"twitter:data1\" content=\"Jorge Matheus\" \/>\n\t<meta name=\"twitter:label2\" content=\"Tiempo de lectura\" \/>\n\t<meta name=\"twitter:data2\" content=\"1 minuto\" \/>\n<script type=\"application\/ld+json\" class=\"yoast-schema-graph\">{\"@context\":\"https:\/\/schema.org\",\"@graph\":[{\"@type\":\"Article\",\"@id\":\"https:\/\/infoecos.com.ar\/index.php\/segundo-caso-de-coronavirus-en-el-distrito-de-florentino-ameghino\/#article\",\"isPartOf\":{\"@id\":\"https:\/\/infoecos.com.ar\/index.php\/segundo-caso-de-coronavirus-en-el-distrito-de-florentino-ameghino\/\"},\"author\":{\"name\":\"Jorge Matheus\",\"@id\":\"https:\/\/infoecos.com.ar\/#\/schema\/person\/8f5ace5ce73b4b4aac4b7245aee6f191\"},\"headline\":\"Segundo caso de coronavirus en el distrito de Florentino Ameghino\",\"datePublished\":\"2020-10-09T05:12:30+00:00\",\"dateModified\":\"2020-10-09T05:12:41+00:00\",\"mainEntityOfPage\":{\"@id\":\"https:\/\/infoecos.com.ar\/index.php\/segundo-caso-de-coronavirus-en-el-distrito-de-florentino-ameghino\/\"},\"wordCount\":110,\"publisher\":{\"@id\":\"https:\/\/infoecos.com.ar\/#organization\"},\"image\":{\"@id\":\"https:\/\/infoecos.com.ar\/index.php\/segundo-caso-de-coronavirus-en-el-distrito-de-florentino-ameghino\/#primaryimage\"},\"thumbnailUrl\":\"https:\/\/infoecos.com.ar\/wp-content\/uploads\/2020\/10\/tellechea.jpg\",\"keywords\":[\"NO GUARDA RELACI\u00d3N CON EL PRIMER CASO\"],\"articleSection\":[\"C2 N5\"],\"inLanguage\":\"es\"},{\"@type\":\"WebPage\",\"@id\":\"https:\/\/infoecos.com.ar\/index.php\/segundo-caso-de-coronavirus-en-el-distrito-de-florentino-ameghino\/\",\"url\":\"https:\/\/infoecos.com.ar\/index.php\/segundo-caso-de-coronavirus-en-el-distrito-de-florentino-ameghino\/\",\"name\":\"Segundo caso de coronavirus en el distrito de Florentino Ameghino - Infoecos\",\"isPartOf\":{\"@id\":\"https:\/\/infoecos.com.ar\/#website\"},\"primaryImageOfPage\":{\"@id\":\"https:\/\/infoecos.com.ar\/index.php\/segundo-caso-de-coronavirus-en-el-distrito-de-florentino-ameghino\/#primaryimage\"},\"image\":{\"@id\":\"https:\/\/infoecos.com.ar\/index.php\/segundo-caso-de-coronavirus-en-el-distrito-de-florentino-ameghino\/#primaryimage\"},\"thumbnailUrl\":\"https:\/\/infoecos.com.ar\/wp-content\/uploads\/2020\/10\/tellechea.jpg\",\"datePublished\":\"2020-10-09T05:12:30+00:00\",\"dateModified\":\"2020-10-09T05:12:41+00:00\",\"breadcrumb\":{\"@id\":\"https:\/\/infoecos.com.ar\/index.php\/segundo-caso-de-coronavirus-en-el-distrito-de-florentino-ameghino\/#breadcrumb\"},\"inLanguage\":\"es\",\"potentialAction\":[{\"@type\":\"ReadAction\",\"target\":[\"https:\/\/infoecos.com.ar\/index.php\/segundo-caso-de-coronavirus-en-el-distrito-de-florentino-ameghino\/\"]}]},{\"@type\":\"ImageObject\",\"inLanguage\":\"es\",\"@id\":\"https:\/\/infoecos.com.ar\/index.php\/segundo-caso-de-coronavirus-en-el-distrito-de-florentino-ameghino\/#primaryimage\",\"url\":\"https:\/\/infoecos.com.ar\/wp-content\/uploads\/2020\/10\/tellechea.jpg\",\"contentUrl\":\"https:\/\/infoecos.com.ar\/wp-content\/uploads\/2020\/10\/tellechea.jpg\",\"width\":1280,\"height\":720},{\"@type\":\"BreadcrumbList\",\"@id\":\"https:\/\/infoecos.com.ar\/index.php\/segundo-caso-de-coronavirus-en-el-distrito-de-florentino-ameghino\/#breadcrumb\",\"itemListElement\":[{\"@type\":\"ListItem\",\"position\":1,\"name\":\"Portada\",\"item\":\"https:\/\/infoecos.com.ar\/\"},{\"@type\":\"ListItem\",\"position\":2,\"name\":\"Segundo caso de coronavirus en el distrito de Florentino Ameghino\"}]},{\"@type\":\"WebSite\",\"@id\":\"https:\/\/infoecos.com.ar\/#website\",\"url\":\"https:\/\/infoecos.com.ar\/\",\"name\":\"Infoecos\",\"description\":\"Noticias de trenque lauquen y la zona\",\"publisher\":{\"@id\":\"https:\/\/infoecos.com.ar\/#organization\"},\"alternateName\":\"Noticias\",\"potentialAction\":[{\"@type\":\"SearchAction\",\"target\":{\"@type\":\"EntryPoint\",\"urlTemplate\":\"https:\/\/infoecos.com.ar\/?s={search_term_string}\"},\"query-input\":{\"@type\":\"PropertyValueSpecification\",\"valueRequired\":true,\"valueName\":\"search_term_string\"}}],\"inLanguage\":\"es\"},{\"@type\":\"Organization\",\"@id\":\"https:\/\/infoecos.com.ar\/#organization\",\"name\":\"Infoecos\",\"alternateName\":\"Noticias\",\"url\":\"https:\/\/infoecos.com.ar\/\",\"logo\":{\"@type\":\"ImageObject\",\"inLanguage\":\"es\",\"@id\":\"https:\/\/infoecos.com.ar\/#\/schema\/logo\/image\/\",\"url\":\"https:\/\/infoecos.com.ar\/wp-content\/uploads\/2024\/03\/cropped-logo.png\",\"contentUrl\":\"https:\/\/infoecos.com.ar\/wp-content\/uploads\/2024\/03\/cropped-logo.png\",\"width\":374,\"height\":90,\"caption\":\"Infoecos\"},\"image\":{\"@id\":\"https:\/\/infoecos.com.ar\/#\/schema\/logo\/image\/\"},\"sameAs\":[\"https:\/\/www.facebook.com\/profile.php?id=100063200290284\",\"https:\/\/x.com\/infoecos\"]},{\"@type\":\"Person\",\"@id\":\"https:\/\/infoecos.com.ar\/#\/schema\/person\/8f5ace5ce73b4b4aac4b7245aee6f191\",\"name\":\"Jorge Matheus\",\"url\":\"https:\/\/infoecos.com.ar\/index.php\/author\/jomatheus\/\"}]}<\/script>\n<!-- \/ Yoast SEO plugin. -->","yoast_head_json":{"title":"Segundo caso de coronavirus en el distrito de Florentino Ameghino - Infoecos","robots":{"index":"index","follow":"follow","max-snippet":"max-snippet:-1","max-image-preview":"max-image-preview:large","max-video-preview":"max-video-preview:-1"},"canonical":"https:\/\/infoecos.com.ar\/index.php\/segundo-caso-de-coronavirus-en-el-distrito-de-florentino-ameghino\/","og_locale":"es_ES","og_type":"article","og_title":"Segundo caso de coronavirus en el distrito de Florentino Ameghino - Infoecos","og_description":"Se trata de una paciente de sexo femenino, de 36 a\u00f1os de edad, quien se encuentra en buen estado de salud y cumpliendo el aislamiento en su domicilio","og_url":"https:\/\/infoecos.com.ar\/index.php\/segundo-caso-de-coronavirus-en-el-distrito-de-florentino-ameghino\/","og_site_name":"Infoecos","article_publisher":"https:\/\/www.facebook.com\/profile.php?id=100063200290284","article_published_time":"2020-10-09T05:12:30+00:00","article_modified_time":"2020-10-09T05:12:41+00:00","og_image":[{"width":1280,"height":720,"url":"https:\/\/infoecos.com.ar\/wp-content\/uploads\/2020\/10\/tellechea.jpg","type":"image\/jpeg"}],"author":"Jorge Matheus","twitter_card":"summary_large_image","twitter_creator":"@infoecos","twitter_site":"@infoecos","twitter_misc":{"Escrito por":"Jorge Matheus","Tiempo de lectura":"1 minuto"},"schema":{"@context":"https:\/\/schema.org","@graph":[{"@type":"Article","@id":"https:\/\/infoecos.com.ar\/index.php\/segundo-caso-de-coronavirus-en-el-distrito-de-florentino-ameghino\/#article","isPartOf":{"@id":"https:\/\/infoecos.com.ar\/index.php\/segundo-caso-de-coronavirus-en-el-distrito-de-florentino-ameghino\/"},"author":{"name":"Jorge Matheus","@id":"https:\/\/infoecos.com.ar\/#\/schema\/person\/8f5ace5ce73b4b4aac4b7245aee6f191"},"headline":"Segundo caso de coronavirus en el distrito de Florentino Ameghino","datePublished":"2020-10-09T05:12:30+00:00","dateModified":"2020-10-09T05:12:41+00:00","mainEntityOfPage":{"@id":"https:\/\/infoecos.com.ar\/index.php\/segundo-caso-de-coronavirus-en-el-distrito-de-florentino-ameghino\/"},"wordCount":110,"publisher":{"@id":"https:\/\/infoecos.com.ar\/#organization"},"image":{"@id":"https:\/\/infoecos.com.ar\/index.php\/segundo-caso-de-coronavirus-en-el-distrito-de-florentino-ameghino\/#primaryimage"},"thumbnailUrl":"https:\/\/infoecos.com.ar\/wp-content\/uploads\/2020\/10\/tellechea.jpg","keywords":["NO GUARDA RELACI\u00d3N CON EL PRIMER CASO"],"articleSection":["C2 N5"],"inLanguage":"es"},{"@type":"WebPage","@id":"https:\/\/infoecos.com.ar\/index.php\/segundo-caso-de-coronavirus-en-el-distrito-de-florentino-ameghino\/","url":"https:\/\/infoecos.com.ar\/index.php\/segundo-caso-de-coronavirus-en-el-distrito-de-florentino-ameghino\/","name":"Segundo caso de coronavirus en el distrito de Florentino Ameghino - Infoecos","isPartOf":{"@id":"https:\/\/infoecos.com.ar\/#website"},"primaryImageOfPage":{"@id":"https:\/\/infoecos.com.ar\/index.php\/segundo-caso-de-coronavirus-en-el-distrito-de-florentino-ameghino\/#primaryimage"},"image":{"@id":"https:\/\/infoecos.com.ar\/index.php\/segundo-caso-de-coronavirus-en-el-distrito-de-florentino-ameghino\/#primaryimage"},"thumbnailUrl":"https:\/\/infoecos.com.ar\/wp-content\/uploads\/2020\/10\/tellechea.jpg","datePublished":"2020-10-09T05:12:30+00:00","dateModified":"2020-10-09T05:12:41+00:00","breadcrumb":{"@id":"https:\/\/infoecos.com.ar\/index.php\/segundo-caso-de-coronavirus-en-el-distrito-de-florentino-ameghino\/#breadcrumb"},"inLanguage":"es","potentialAction":[{"@type":"ReadAction","target":["https:\/\/infoecos.com.ar\/index.php\/segundo-caso-de-coronavirus-en-el-distrito-de-florentino-ameghino\/"]}]},{"@type":"ImageObject","inLanguage":"es","@id":"https:\/\/infoecos.com.ar\/index.php\/segundo-caso-de-coronavirus-en-el-distrito-de-florentino-ameghino\/#primaryimage","url":"https:\/\/infoecos.com.ar\/wp-content\/uploads\/2020\/10\/tellechea.jpg","contentUrl":"https:\/\/infoecos.com.ar\/wp-content\/uploads\/2020\/10\/tellechea.jpg","width":1280,"height":720},{"@type":"BreadcrumbList","@id":"https:\/\/infoecos.com.ar\/index.php\/segundo-caso-de-coronavirus-en-el-distrito-de-florentino-ameghino\/#breadcrumb","itemListElement":[{"@type":"ListItem","position":1,"name":"Portada","item":"https:\/\/infoecos.com.ar\/"},{"@type":"ListItem","position":2,"name":"Segundo caso de coronavirus en el distrito de Florentino Ameghino"}]},{"@type":"WebSite","@id":"https:\/\/infoecos.com.ar\/#website","url":"https:\/\/infoecos.com.ar\/","name":"Infoecos","description":"Noticias de trenque lauquen y la zona","publisher":{"@id":"https:\/\/infoecos.com.ar\/#organization"},"alternateName":"Noticias","potentialAction":[{"@type":"SearchAction","target":{"@type":"EntryPoint","urlTemplate":"https:\/\/infoecos.com.ar\/?s={search_term_string}"},"query-input":{"@type":"PropertyValueSpecification","valueRequired":true,"valueName":"search_term_string"}}],"inLanguage":"es"},{"@type":"Organization","@id":"https:\/\/infoecos.com.ar\/#organization","name":"Infoecos","alternateName":"Noticias","url":"https:\/\/infoecos.com.ar\/","logo":{"@type":"ImageObject","inLanguage":"es","@id":"https:\/\/infoecos.com.ar\/#\/schema\/logo\/image\/","url":"https:\/\/infoecos.com.ar\/wp-content\/uploads\/2024\/03\/cropped-logo.png","contentUrl":"https:\/\/infoecos.com.ar\/wp-content\/uploads\/2024\/03\/cropped-logo.png","width":374,"height":90,"caption":"Infoecos"},"image":{"@id":"https:\/\/infoecos.com.ar\/#\/schema\/logo\/image\/"},"sameAs":["https:\/\/www.facebook.com\/profile.php?id=100063200290284","https:\/\/x.com\/infoecos"]},{"@type":"Person","@id":"https:\/\/infoecos.com.ar\/#\/schema\/person\/8f5ace5ce73b4b4aac4b7245aee6f191","name":"Jorge Matheus","url":"https:\/\/infoecos.com.ar\/index.php\/author\/jomatheus\/"}]}},"featured_image_urls":{"full":["https:\/\/infoecos.com.ar\/wp-content\/uploads\/2020\/10\/tellechea.jpg",1280,720,false],"thumbnail":["https:\/\/infoecos.com.ar\/wp-content\/uploads\/2020\/10\/tellechea-150x150.jpg",150,150,true],"medium":["https:\/\/infoecos.com.ar\/wp-content\/uploads\/2020\/10\/tellechea-460x259.jpg",460,259,true],"medium_large":["https:\/\/infoecos.com.ar\/wp-content\/uploads\/2020\/10\/tellechea-768x432.jpg",640,360,true],"large":["https:\/\/infoecos.com.ar\/wp-content\/uploads\/2020\/10\/tellechea-920x518.jpg",640,360,true],"1536x1536":["https:\/\/infoecos.com.ar\/wp-content\/uploads\/2020\/10\/tellechea.jpg",1280,720,false],"2048x2048":["https:\/\/infoecos.com.ar\/wp-content\/uploads\/2020\/10\/tellechea.jpg",1280,720,false],"covernews-slider-full":["https:\/\/infoecos.com.ar\/wp-content\/uploads\/2020\/10\/tellechea.jpg",1115,627,false],"covernews-slider-center":["https:\/\/infoecos.com.ar\/wp-content\/uploads\/2020\/10\/tellechea-936x720.jpg",650,500,true],"covernews-featured":["https:\/\/infoecos.com.ar\/wp-content\/uploads\/2020\/10\/tellechea-1024x576.jpg",1024,576,true],"covernews-medium":["https:\/\/infoecos.com.ar\/wp-content\/uploads\/2020\/10\/tellechea-720x380.jpg",540,285,true],"covernews-medium-square":["https:\/\/infoecos.com.ar\/wp-content\/uploads\/2020\/10\/tellechea-675x450.jpg",375,250,true]},"author_info":{"info":["Jorge Matheus"]},"category_info":"<a href=\"https:\/\/infoecos.com.ar\/index.php\/category\/c2nota5\/\" rel=\"category tag\">C2 N5<\/a>","tag_info":"C2 N5","comment_count":"0","_links":{"self":[{"href":"https:\/\/infoecos.com.ar\/index.php\/wp-json\/wp\/v2\/posts\/69271"}],"collection":[{"href":"https:\/\/infoecos.com.ar\/index.php\/wp-json\/wp\/v2\/posts"}],"about":[{"href":"https:\/\/infoecos.com.ar\/index.php\/wp-json\/wp\/v2\/types\/post"}],"author":[{"embeddable":true,"href":"https:\/\/infoecos.com.ar\/index.php\/wp-json\/wp\/v2\/users\/2"}],"replies":[{"embeddable":true,"href":"https:\/\/infoecos.com.ar\/index.php\/wp-json\/wp\/v2\/comments?post=69271"}],"version-history":[{"count":1,"href":"https:\/\/infoecos.com.ar\/index.php\/wp-json\/wp\/v2\/posts\/69271\/revisions"}],"predecessor-version":[{"id":69273,"href":"https:\/\/infoecos.com.ar\/index.php\/wp-json\/wp\/v2\/posts\/69271\/revisions\/69273"}],"wp:featuredmedia":[{"embeddable":true,"href":"https:\/\/infoecos.com.ar\/index.php\/wp-json\/wp\/v2\/media\/69272"}],"wp:attachment":[{"href":"https:\/\/infoecos.com.ar\/index.php\/wp-json\/wp\/v2\/media?parent=69271"}],"wp:term":[{"taxonomy":"category","embeddable":true,"href":"https:\/\/infoecos.com.ar\/index.php\/wp-json\/wp\/v2\/categories?post=69271"},{"taxonomy":"post_tag","embeddable":true,"href":"https:\/\/infoecos.com.ar\/index.php\/wp-json\/wp\/v2\/tags?post=69271"}],"curies":[{"name":"wp","href":"https:\/\/api.w.org\/{rel}","templated":true}]}}