{"id":69313,"date":"2020-10-10T02:02:12","date_gmt":"2020-10-10T05:02:12","guid":{"rendered":"http:\/\/infoecos.com.ar\/?p=69313"},"modified":"2020-10-12T01:22:06","modified_gmt":"2020-10-12T04:22:06","slug":"por-el-accidente-que-sufrio-un-joven-en-los-carnavales-de-francisco-madero-el-municipio-de-pehuajo-esta-condenado-a-pagar-10-millones-de-pesos-y-la-respuesta-de-zurro-no-se-hizo-esperar","status":"publish","type":"post","link":"https:\/\/infoecos.com.ar\/index.php\/por-el-accidente-que-sufrio-un-joven-en-los-carnavales-de-francisco-madero-el-municipio-de-pehuajo-esta-condenado-a-pagar-10-millones-de-pesos-y-la-respuesta-de-zurro-no-se-hizo-esperar\/","title":{"rendered":"Por el accidente que sufri\u00f3 un joven en Francisco Madero, el municipio de Pehuaj\u00f3 deber\u00eda pagar 10 millones de pesos y la respuesta de Zurro no se hizo esperar"},"content":{"rendered":"\n<p class=\"wp-block-paragraph\">Este jueves se inform\u00f3 que la Municipalidad de Pehuaj\u00f3 deber\u00e1 pagar m\u00e1s de 10 millones de pesos a un joven herido en los carnavales de la localidad de Francisco Madero.<\/p>\n\n\n\n<p class=\"wp-block-paragraph\">El joven en el accidente perdi\u00f3 parte de su cabeza y quedo con serias secuelas f\u00edsicas y mentales. La causa pas\u00f3 por todas las instancias y ahora el fallo qued\u00f3 firme.<\/p>\n\n\n\n<p class=\"wp-block-paragraph\">El representante legal de la familia del entonces menor de edad, Doctor Jorge Moroni, inform\u00f3 que la causa lleg\u00f3 a la Corte, algo muy poco habitual, donde finalmente se determin\u00f3 la responsabilidad del Municipio, que deber\u00e1 resarcir a la v\u00edctima.<\/p>\n\n\n\n<p class=\"wp-block-paragraph\">El Doctor Moroni, en declaraciones period\u00edsticas, lament\u00f3 que desde el Municipio de Pehuaj\u00f3 no se haya optado por acompa\u00f1ar con un subsidio o ayuda econ\u00f3mica permanente a la victima de los hechos, algo que hubiera colaborado en esta situaci\u00f3n y no hubiera representado un gran esfuerzo al Ejecutivo Municipal, que opt\u00f3 por negar su responsabilidad en la autorizaci\u00f3n y organizaci\u00f3n de este evento p\u00fablico, y hasta negar las heridas y consecuencias que sufri\u00f3 el joven, hoy mayor de edad.<\/p>\n\n\n\n<p class=\"wp-block-paragraph\">No tard\u00f3 en llegar la respuesta del intendente municipal del distrito, Pablo Zurro. Lo hizo a trav\u00e9s de su cuenta de Facebook.<\/p>\n\n\n\n<p class=\"wp-block-paragraph\">Dirigi\u00e9ndose a la comunidad se\u00f1al\u00f3, entre otras cosas (hay video), que \u00abquiero comunicarles que defenderemos los recursos municipales hasta las \u00faltimas consecuencias. Conf\u00edo en que la justicia terminar\u00e1 defendiendo los intereses y recursos de todas y todos los pehuajenses\u00bb.<\/p>\n\n\n\n<figure class=\"wp-block-embed-facebook wp-block-embed is-type-video is-provider-facebook\"><div class=\"wp-block-embed__wrapper\">\nhttps:\/\/www.facebook.com\/PabloJavierZurro\/videos\/366762058069131\/\n<\/div><\/figure>\n","protected":false},"excerpt":{"rendered":"<p>\u00abConf\u00edo en que la justicia terminar\u00e1 defendiendo los intereses y recursos de todas y todos los pehuajenses\u00bb, dijo entre otras cosas<\/p>\n","protected":false},"author":2,"featured_media":68939,"comment_status":"closed","ping_status":"open","sticky":false,"template":"","format":"standard","meta":{"footnotes":""},"categories":[1327,197,1328],"tags":[2157],"class_list":["post-69313","post","type-post","status-publish","format-standard","has-post-thumbnail","hentry","category-audio","category-c3nota4","category-video","tag-duras-acusaciones-a-los-abogados-defensores"],"featured_image_urls":{"full":["https:\/\/infoecos.com.ar\/wp-content\/uploads\/2020\/10\/ZURRO.jpg",1280,720,false],"thumbnail":["https:\/\/infoecos.com.ar\/wp-content\/uploads\/2020\/10\/ZURRO-150x150.jpg",150,150,true],"medium":["https:\/\/infoecos.com.ar\/wp-content\/uploads\/2020\/10\/ZURRO-460x259.jpg",460,259,true],"medium_large":["https:\/\/infoecos.com.ar\/wp-content\/uploads\/2020\/10\/ZURRO-768x432.jpg",640,360,true],"large":["https:\/\/infoecos.com.ar\/wp-content\/uploads\/2020\/10\/ZURRO-920x518.jpg",640,360,true],"1536x1536":["https:\/\/infoecos.com.ar\/wp-content\/uploads\/2020\/10\/ZURRO.jpg",1280,720,false],"2048x2048":["https:\/\/infoecos.com.ar\/wp-content\/uploads\/2020\/10\/ZURRO.jpg",1280,720,false],"covernews-slider-full":["https:\/\/infoecos.com.ar\/wp-content\/uploads\/2020\/10\/ZURRO.jpg",1115,627,false],"covernews-slider-center":["https:\/\/infoecos.com.ar\/wp-content\/uploads\/2020\/10\/ZURRO-936x720.jpg",650,500,true],"covernews-featured":["https:\/\/infoecos.com.ar\/wp-content\/uploads\/2020\/10\/ZURRO-1024x576.jpg",1024,576,true],"covernews-medium":["https:\/\/infoecos.com.ar\/wp-content\/uploads\/2020\/10\/ZURRO-720x380.jpg",540,285,true],"covernews-medium-square":["https:\/\/infoecos.com.ar\/wp-content\/uploads\/2020\/10\/ZURRO-675x450.jpg",375,250,true]},"author_info":{"info":["Jorge Matheus"]},"category_info":"<a href=\"https:\/\/infoecos.com.ar\/index.php\/category\/audio\/\" rel=\"category tag\">Audio<\/a> <a href=\"https:\/\/infoecos.com.ar\/index.php\/category\/c3nota4\/\" rel=\"category tag\">C3 N4<\/a> <a href=\"https:\/\/infoecos.com.ar\/index.php\/category\/video\/\" rel=\"category tag\">Video<\/a>","tag_info":"Video","comment_count":"0","_links":{"self":[{"href":"https:\/\/infoecos.com.ar\/index.php\/wp-json\/wp\/v2\/posts\/69313","targetHints":{"allow":["GET"]}}],"collection":[{"href":"https:\/\/infoecos.com.ar\/index.php\/wp-json\/wp\/v2\/posts"}],"about":[{"href":"https:\/\/infoecos.com.ar\/index.php\/wp-json\/wp\/v2\/types\/post"}],"author":[{"embeddable":true,"href":"https:\/\/infoecos.com.ar\/index.php\/wp-json\/wp\/v2\/users\/2"}],"replies":[{"embeddable":true,"href":"https:\/\/infoecos.com.ar\/index.php\/wp-json\/wp\/v2\/comments?post=69313"}],"version-history":[{"count":4,"href":"https:\/\/infoecos.com.ar\/index.php\/wp-json\/wp\/v2\/posts\/69313\/revisions"}],"predecessor-version":[{"id":69385,"href":"https:\/\/infoecos.com.ar\/index.php\/wp-json\/wp\/v2\/posts\/69313\/revisions\/69385"}],"wp:featuredmedia":[{"embeddable":true,"href":"https:\/\/infoecos.com.ar\/index.php\/wp-json\/wp\/v2\/media\/68939"}],"wp:attachment":[{"href":"https:\/\/infoecos.com.ar\/index.php\/wp-json\/wp\/v2\/media?parent=69313"}],"wp:term":[{"taxonomy":"category","embeddable":true,"href":"https:\/\/infoecos.com.ar\/index.php\/wp-json\/wp\/v2\/categories?post=69313"},{"taxonomy":"post_tag","embeddable":true,"href":"https:\/\/infoecos.com.ar\/index.php\/wp-json\/wp\/v2\/tags?post=69313"}],"curies":[{"name":"wp","href":"https:\/\/api.w.org\/{rel}","templated":true}]}}