{"id":69361,"date":"2020-10-11T17:09:23","date_gmt":"2020-10-11T20:09:23","guid":{"rendered":"http:\/\/infoecos.com.ar\/?p=69361"},"modified":"2020-10-11T17:09:27","modified_gmt":"2020-10-11T20:09:27","slug":"campana-de-vacunacion-antirrabica-en-trenque-lauquen-200-mascotas-fueron-vacunadas-el-sabado","status":"publish","type":"post","link":"https:\/\/infoecos.com.ar\/index.php\/campana-de-vacunacion-antirrabica-en-trenque-lauquen-200-mascotas-fueron-vacunadas-el-sabado\/","title":{"rendered":"Campa\u00f1a de Vacunaci\u00f3n Antirr\u00e1bica en Trenque Lauquen: 200 mascotas fueron vacunadas el s\u00e1bado"},"content":{"rendered":"\n<p>En la segunda salida por los barrios en el marco de la Campa\u00f1a de Vacunaci\u00f3n Antirr\u00e1bica, el \u00e1rea de Zoonosis en el Parque Municipal Conrado Villegas, frente al Hogar Marcelo T. Castella, vacun\u00f3 200 mascotas m\u00e1s. 148 perros y 52 gatos. <\/p>\n\n\n\n<div class=\"wp-block-image\"><figure class=\"aligncenter size-medium\"><img loading=\"lazy\" decoding=\"async\" width=\"460\" height=\"441\" src=\"http:\/\/infoecos.com.ar\/wp-content\/uploads\/2020\/10\/Vacunacion-5-460x441.jpeg\" alt=\"\" class=\"wp-image-69362\" srcset=\"https:\/\/infoecos.com.ar\/wp-content\/uploads\/2020\/10\/Vacunacion-5-460x441.jpeg 460w, https:\/\/infoecos.com.ar\/wp-content\/uploads\/2020\/10\/Vacunacion-5-768x736.jpeg 768w, https:\/\/infoecos.com.ar\/wp-content\/uploads\/2020\/10\/Vacunacion-5.jpeg 771w\" sizes=\"(max-width: 460px) 100vw, 460px\" \/><\/figure><\/div>\n\n\n\n<p>Esta cantidad se suma a las 135 mascotas que hab\u00eda vacunado el s\u00e1bado pasado -95 perros y 40 gatos- en el SUM del Barrio Indio Trompa, en el comienzo de la campa\u00f1a itinerante por los barrios, por lo que en s\u00f3lo dos sectores de la ciudad ya fueron vacunadas en forma gratuita 335 mascotas (243 perros y 92 gatos).<\/p>\n\n\n\n<p>Adem\u00e1s, durante la semana, de 7 a 13 y sin turno previo, el Centro de Zoonosis municipal sigue con la vacunaci\u00f3n antirr\u00e1bica en su sede de Urquiza 1155.<\/p>\n\n\n\n<p>La campa\u00f1a itinerante continuar\u00e1 todos los s\u00e1bados de octubre, noviembre y diciembre, siempre de 9 a 12, en distintos sectores de la ciudad.<\/p>\n\n\n\n<p>La vacunaci\u00f3n es gratuita.<\/p>\n","protected":false},"excerpt":{"rendered":"<p>Esta cantidad se suma a las 135 mascotas que hab\u00eda vacunado el s\u00e1bado pasado -95 perros y 40 gatos- en el SUM del Barrio Indio Trompa, en el comienzo de la campa\u00f1a itinerante por los barrios<\/p>\n","protected":false},"author":2,"featured_media":69363,"comment_status":"closed","ping_status":"open","sticky":false,"template":"","format":"standard","meta":{"footnotes":""},"categories":[49],"tags":[2163],"class_list":["post-69361","post","type-post","status-publish","format-standard","has-post-thumbnail","hentry","category-c3nota3","tag-en-el-parque-municipal"],"yoast_head":"<!-- This site is optimized with the Yoast SEO plugin v23.4 - https:\/\/yoast.com\/wordpress\/plugins\/seo\/ -->\n<title>Campa\u00f1a de Vacunaci\u00f3n Antirr\u00e1bica en Trenque Lauquen: 200 mascotas fueron vacunadas el s\u00e1bado - Infoecos<\/title>\n<meta name=\"robots\" content=\"index, follow, max-snippet:-1, max-image-preview:large, max-video-preview:-1\" \/>\n<link rel=\"canonical\" href=\"https:\/\/infoecos.com.ar\/index.php\/campana-de-vacunacion-antirrabica-en-trenque-lauquen-200-mascotas-fueron-vacunadas-el-sabado\/\" \/>\n<meta property=\"og:locale\" content=\"es_ES\" \/>\n<meta property=\"og:type\" content=\"article\" \/>\n<meta property=\"og:title\" content=\"Campa\u00f1a de Vacunaci\u00f3n Antirr\u00e1bica en Trenque Lauquen: 200 mascotas fueron vacunadas el s\u00e1bado - Infoecos\" \/>\n<meta property=\"og:description\" content=\"Esta cantidad se suma a las 135 mascotas que hab\u00eda vacunado el s\u00e1bado pasado -95 perros y 40 gatos- en el SUM del Barrio Indio Trompa, en el comienzo de la campa\u00f1a itinerante por los barrios\" \/>\n<meta property=\"og:url\" content=\"https:\/\/infoecos.com.ar\/index.php\/campana-de-vacunacion-antirrabica-en-trenque-lauquen-200-mascotas-fueron-vacunadas-el-sabado\/\" \/>\n<meta property=\"og:site_name\" content=\"Infoecos\" \/>\n<meta property=\"article:publisher\" content=\"https:\/\/www.facebook.com\/profile.php?id=100063200290284\" \/>\n<meta property=\"article:published_time\" content=\"2020-10-11T20:09:23+00:00\" \/>\n<meta property=\"article:modified_time\" content=\"2020-10-11T20:09:27+00:00\" \/>\n<meta property=\"og:image\" content=\"https:\/\/infoecos.com.ar\/wp-content\/uploads\/2020\/10\/Vacunacion-1.jpeg\" \/>\n\t<meta property=\"og:image:width\" content=\"1040\" \/>\n\t<meta property=\"og:image:height\" content=\"780\" \/>\n\t<meta property=\"og:image:type\" content=\"image\/jpeg\" \/>\n<meta name=\"author\" content=\"Jorge Matheus\" \/>\n<meta name=\"twitter:card\" content=\"summary_large_image\" \/>\n<meta name=\"twitter:creator\" content=\"@infoecos\" \/>\n<meta name=\"twitter:site\" content=\"@infoecos\" \/>\n<meta name=\"twitter:label1\" content=\"Escrito por\" \/>\n\t<meta name=\"twitter:data1\" content=\"Jorge Matheus\" \/>\n\t<meta name=\"twitter:label2\" content=\"Tiempo de lectura\" \/>\n\t<meta name=\"twitter:data2\" content=\"1 minuto\" \/>\n<script type=\"application\/ld+json\" class=\"yoast-schema-graph\">{\"@context\":\"https:\/\/schema.org\",\"@graph\":[{\"@type\":\"Article\",\"@id\":\"https:\/\/infoecos.com.ar\/index.php\/campana-de-vacunacion-antirrabica-en-trenque-lauquen-200-mascotas-fueron-vacunadas-el-sabado\/#article\",\"isPartOf\":{\"@id\":\"https:\/\/infoecos.com.ar\/index.php\/campana-de-vacunacion-antirrabica-en-trenque-lauquen-200-mascotas-fueron-vacunadas-el-sabado\/\"},\"author\":{\"name\":\"Jorge Matheus\",\"@id\":\"https:\/\/infoecos.com.ar\/#\/schema\/person\/8f5ace5ce73b4b4aac4b7245aee6f191\"},\"headline\":\"Campa\u00f1a de Vacunaci\u00f3n Antirr\u00e1bica en Trenque Lauquen: 200 mascotas fueron vacunadas el s\u00e1bado\",\"datePublished\":\"2020-10-11T20:09:23+00:00\",\"dateModified\":\"2020-10-11T20:09:27+00:00\",\"mainEntityOfPage\":{\"@id\":\"https:\/\/infoecos.com.ar\/index.php\/campana-de-vacunacion-antirrabica-en-trenque-lauquen-200-mascotas-fueron-vacunadas-el-sabado\/\"},\"wordCount\":172,\"publisher\":{\"@id\":\"https:\/\/infoecos.com.ar\/#organization\"},\"image\":{\"@id\":\"https:\/\/infoecos.com.ar\/index.php\/campana-de-vacunacion-antirrabica-en-trenque-lauquen-200-mascotas-fueron-vacunadas-el-sabado\/#primaryimage\"},\"thumbnailUrl\":\"https:\/\/infoecos.com.ar\/wp-content\/uploads\/2020\/10\/Vacunacion-1.jpeg\",\"keywords\":[\"EN EL PARQUE MUNICIPAL\"],\"articleSection\":[\"C3 N3\"],\"inLanguage\":\"es\"},{\"@type\":\"WebPage\",\"@id\":\"https:\/\/infoecos.com.ar\/index.php\/campana-de-vacunacion-antirrabica-en-trenque-lauquen-200-mascotas-fueron-vacunadas-el-sabado\/\",\"url\":\"https:\/\/infoecos.com.ar\/index.php\/campana-de-vacunacion-antirrabica-en-trenque-lauquen-200-mascotas-fueron-vacunadas-el-sabado\/\",\"name\":\"Campa\u00f1a de Vacunaci\u00f3n Antirr\u00e1bica en Trenque Lauquen: 200 mascotas fueron vacunadas el s\u00e1bado - Infoecos\",\"isPartOf\":{\"@id\":\"https:\/\/infoecos.com.ar\/#website\"},\"primaryImageOfPage\":{\"@id\":\"https:\/\/infoecos.com.ar\/index.php\/campana-de-vacunacion-antirrabica-en-trenque-lauquen-200-mascotas-fueron-vacunadas-el-sabado\/#primaryimage\"},\"image\":{\"@id\":\"https:\/\/infoecos.com.ar\/index.php\/campana-de-vacunacion-antirrabica-en-trenque-lauquen-200-mascotas-fueron-vacunadas-el-sabado\/#primaryimage\"},\"thumbnailUrl\":\"https:\/\/infoecos.com.ar\/wp-content\/uploads\/2020\/10\/Vacunacion-1.jpeg\",\"datePublished\":\"2020-10-11T20:09:23+00:00\",\"dateModified\":\"2020-10-11T20:09:27+00:00\",\"breadcrumb\":{\"@id\":\"https:\/\/infoecos.com.ar\/index.php\/campana-de-vacunacion-antirrabica-en-trenque-lauquen-200-mascotas-fueron-vacunadas-el-sabado\/#breadcrumb\"},\"inLanguage\":\"es\",\"potentialAction\":[{\"@type\":\"ReadAction\",\"target\":[\"https:\/\/infoecos.com.ar\/index.php\/campana-de-vacunacion-antirrabica-en-trenque-lauquen-200-mascotas-fueron-vacunadas-el-sabado\/\"]}]},{\"@type\":\"ImageObject\",\"inLanguage\":\"es\",\"@id\":\"https:\/\/infoecos.com.ar\/index.php\/campana-de-vacunacion-antirrabica-en-trenque-lauquen-200-mascotas-fueron-vacunadas-el-sabado\/#primaryimage\",\"url\":\"https:\/\/infoecos.com.ar\/wp-content\/uploads\/2020\/10\/Vacunacion-1.jpeg\",\"contentUrl\":\"https:\/\/infoecos.com.ar\/wp-content\/uploads\/2020\/10\/Vacunacion-1.jpeg\",\"width\":1040,\"height\":780},{\"@type\":\"BreadcrumbList\",\"@id\":\"https:\/\/infoecos.com.ar\/index.php\/campana-de-vacunacion-antirrabica-en-trenque-lauquen-200-mascotas-fueron-vacunadas-el-sabado\/#breadcrumb\",\"itemListElement\":[{\"@type\":\"ListItem\",\"position\":1,\"name\":\"Portada\",\"item\":\"https:\/\/infoecos.com.ar\/\"},{\"@type\":\"ListItem\",\"position\":2,\"name\":\"Campa\u00f1a de Vacunaci\u00f3n Antirr\u00e1bica en Trenque Lauquen: 200 mascotas fueron vacunadas el s\u00e1bado\"}]},{\"@type\":\"WebSite\",\"@id\":\"https:\/\/infoecos.com.ar\/#website\",\"url\":\"https:\/\/infoecos.com.ar\/\",\"name\":\"Infoecos\",\"description\":\"Noticias de trenque lauquen y la zona\",\"publisher\":{\"@id\":\"https:\/\/infoecos.com.ar\/#organization\"},\"alternateName\":\"Noticias\",\"potentialAction\":[{\"@type\":\"SearchAction\",\"target\":{\"@type\":\"EntryPoint\",\"urlTemplate\":\"https:\/\/infoecos.com.ar\/?s={search_term_string}\"},\"query-input\":{\"@type\":\"PropertyValueSpecification\",\"valueRequired\":true,\"valueName\":\"search_term_string\"}}],\"inLanguage\":\"es\"},{\"@type\":\"Organization\",\"@id\":\"https:\/\/infoecos.com.ar\/#organization\",\"name\":\"Infoecos\",\"alternateName\":\"Noticias\",\"url\":\"https:\/\/infoecos.com.ar\/\",\"logo\":{\"@type\":\"ImageObject\",\"inLanguage\":\"es\",\"@id\":\"https:\/\/infoecos.com.ar\/#\/schema\/logo\/image\/\",\"url\":\"https:\/\/infoecos.com.ar\/wp-content\/uploads\/2024\/03\/cropped-logo.png\",\"contentUrl\":\"https:\/\/infoecos.com.ar\/wp-content\/uploads\/2024\/03\/cropped-logo.png\",\"width\":374,\"height\":90,\"caption\":\"Infoecos\"},\"image\":{\"@id\":\"https:\/\/infoecos.com.ar\/#\/schema\/logo\/image\/\"},\"sameAs\":[\"https:\/\/www.facebook.com\/profile.php?id=100063200290284\",\"https:\/\/x.com\/infoecos\"]},{\"@type\":\"Person\",\"@id\":\"https:\/\/infoecos.com.ar\/#\/schema\/person\/8f5ace5ce73b4b4aac4b7245aee6f191\",\"name\":\"Jorge Matheus\",\"url\":\"https:\/\/infoecos.com.ar\/index.php\/author\/jomatheus\/\"}]}<\/script>\n<!-- \/ Yoast SEO plugin. -->","yoast_head_json":{"title":"Campa\u00f1a de Vacunaci\u00f3n Antirr\u00e1bica en Trenque Lauquen: 200 mascotas fueron vacunadas el s\u00e1bado - Infoecos","robots":{"index":"index","follow":"follow","max-snippet":"max-snippet:-1","max-image-preview":"max-image-preview:large","max-video-preview":"max-video-preview:-1"},"canonical":"https:\/\/infoecos.com.ar\/index.php\/campana-de-vacunacion-antirrabica-en-trenque-lauquen-200-mascotas-fueron-vacunadas-el-sabado\/","og_locale":"es_ES","og_type":"article","og_title":"Campa\u00f1a de Vacunaci\u00f3n Antirr\u00e1bica en Trenque Lauquen: 200 mascotas fueron vacunadas el s\u00e1bado - Infoecos","og_description":"Esta cantidad se suma a las 135 mascotas que hab\u00eda vacunado el s\u00e1bado pasado -95 perros y 40 gatos- en el SUM del Barrio Indio Trompa, en el comienzo de la campa\u00f1a itinerante por los barrios","og_url":"https:\/\/infoecos.com.ar\/index.php\/campana-de-vacunacion-antirrabica-en-trenque-lauquen-200-mascotas-fueron-vacunadas-el-sabado\/","og_site_name":"Infoecos","article_publisher":"https:\/\/www.facebook.com\/profile.php?id=100063200290284","article_published_time":"2020-10-11T20:09:23+00:00","article_modified_time":"2020-10-11T20:09:27+00:00","og_image":[{"width":1040,"height":780,"url":"https:\/\/infoecos.com.ar\/wp-content\/uploads\/2020\/10\/Vacunacion-1.jpeg","type":"image\/jpeg"}],"author":"Jorge Matheus","twitter_card":"summary_large_image","twitter_creator":"@infoecos","twitter_site":"@infoecos","twitter_misc":{"Escrito por":"Jorge Matheus","Tiempo de lectura":"1 minuto"},"schema":{"@context":"https:\/\/schema.org","@graph":[{"@type":"Article","@id":"https:\/\/infoecos.com.ar\/index.php\/campana-de-vacunacion-antirrabica-en-trenque-lauquen-200-mascotas-fueron-vacunadas-el-sabado\/#article","isPartOf":{"@id":"https:\/\/infoecos.com.ar\/index.php\/campana-de-vacunacion-antirrabica-en-trenque-lauquen-200-mascotas-fueron-vacunadas-el-sabado\/"},"author":{"name":"Jorge Matheus","@id":"https:\/\/infoecos.com.ar\/#\/schema\/person\/8f5ace5ce73b4b4aac4b7245aee6f191"},"headline":"Campa\u00f1a de Vacunaci\u00f3n Antirr\u00e1bica en Trenque Lauquen: 200 mascotas fueron vacunadas el s\u00e1bado","datePublished":"2020-10-11T20:09:23+00:00","dateModified":"2020-10-11T20:09:27+00:00","mainEntityOfPage":{"@id":"https:\/\/infoecos.com.ar\/index.php\/campana-de-vacunacion-antirrabica-en-trenque-lauquen-200-mascotas-fueron-vacunadas-el-sabado\/"},"wordCount":172,"publisher":{"@id":"https:\/\/infoecos.com.ar\/#organization"},"image":{"@id":"https:\/\/infoecos.com.ar\/index.php\/campana-de-vacunacion-antirrabica-en-trenque-lauquen-200-mascotas-fueron-vacunadas-el-sabado\/#primaryimage"},"thumbnailUrl":"https:\/\/infoecos.com.ar\/wp-content\/uploads\/2020\/10\/Vacunacion-1.jpeg","keywords":["EN EL PARQUE MUNICIPAL"],"articleSection":["C3 N3"],"inLanguage":"es"},{"@type":"WebPage","@id":"https:\/\/infoecos.com.ar\/index.php\/campana-de-vacunacion-antirrabica-en-trenque-lauquen-200-mascotas-fueron-vacunadas-el-sabado\/","url":"https:\/\/infoecos.com.ar\/index.php\/campana-de-vacunacion-antirrabica-en-trenque-lauquen-200-mascotas-fueron-vacunadas-el-sabado\/","name":"Campa\u00f1a de Vacunaci\u00f3n Antirr\u00e1bica en Trenque Lauquen: 200 mascotas fueron vacunadas el s\u00e1bado - Infoecos","isPartOf":{"@id":"https:\/\/infoecos.com.ar\/#website"},"primaryImageOfPage":{"@id":"https:\/\/infoecos.com.ar\/index.php\/campana-de-vacunacion-antirrabica-en-trenque-lauquen-200-mascotas-fueron-vacunadas-el-sabado\/#primaryimage"},"image":{"@id":"https:\/\/infoecos.com.ar\/index.php\/campana-de-vacunacion-antirrabica-en-trenque-lauquen-200-mascotas-fueron-vacunadas-el-sabado\/#primaryimage"},"thumbnailUrl":"https:\/\/infoecos.com.ar\/wp-content\/uploads\/2020\/10\/Vacunacion-1.jpeg","datePublished":"2020-10-11T20:09:23+00:00","dateModified":"2020-10-11T20:09:27+00:00","breadcrumb":{"@id":"https:\/\/infoecos.com.ar\/index.php\/campana-de-vacunacion-antirrabica-en-trenque-lauquen-200-mascotas-fueron-vacunadas-el-sabado\/#breadcrumb"},"inLanguage":"es","potentialAction":[{"@type":"ReadAction","target":["https:\/\/infoecos.com.ar\/index.php\/campana-de-vacunacion-antirrabica-en-trenque-lauquen-200-mascotas-fueron-vacunadas-el-sabado\/"]}]},{"@type":"ImageObject","inLanguage":"es","@id":"https:\/\/infoecos.com.ar\/index.php\/campana-de-vacunacion-antirrabica-en-trenque-lauquen-200-mascotas-fueron-vacunadas-el-sabado\/#primaryimage","url":"https:\/\/infoecos.com.ar\/wp-content\/uploads\/2020\/10\/Vacunacion-1.jpeg","contentUrl":"https:\/\/infoecos.com.ar\/wp-content\/uploads\/2020\/10\/Vacunacion-1.jpeg","width":1040,"height":780},{"@type":"BreadcrumbList","@id":"https:\/\/infoecos.com.ar\/index.php\/campana-de-vacunacion-antirrabica-en-trenque-lauquen-200-mascotas-fueron-vacunadas-el-sabado\/#breadcrumb","itemListElement":[{"@type":"ListItem","position":1,"name":"Portada","item":"https:\/\/infoecos.com.ar\/"},{"@type":"ListItem","position":2,"name":"Campa\u00f1a de Vacunaci\u00f3n Antirr\u00e1bica en Trenque Lauquen: 200 mascotas fueron vacunadas el s\u00e1bado"}]},{"@type":"WebSite","@id":"https:\/\/infoecos.com.ar\/#website","url":"https:\/\/infoecos.com.ar\/","name":"Infoecos","description":"Noticias de trenque lauquen y la zona","publisher":{"@id":"https:\/\/infoecos.com.ar\/#organization"},"alternateName":"Noticias","potentialAction":[{"@type":"SearchAction","target":{"@type":"EntryPoint","urlTemplate":"https:\/\/infoecos.com.ar\/?s={search_term_string}"},"query-input":{"@type":"PropertyValueSpecification","valueRequired":true,"valueName":"search_term_string"}}],"inLanguage":"es"},{"@type":"Organization","@id":"https:\/\/infoecos.com.ar\/#organization","name":"Infoecos","alternateName":"Noticias","url":"https:\/\/infoecos.com.ar\/","logo":{"@type":"ImageObject","inLanguage":"es","@id":"https:\/\/infoecos.com.ar\/#\/schema\/logo\/image\/","url":"https:\/\/infoecos.com.ar\/wp-content\/uploads\/2024\/03\/cropped-logo.png","contentUrl":"https:\/\/infoecos.com.ar\/wp-content\/uploads\/2024\/03\/cropped-logo.png","width":374,"height":90,"caption":"Infoecos"},"image":{"@id":"https:\/\/infoecos.com.ar\/#\/schema\/logo\/image\/"},"sameAs":["https:\/\/www.facebook.com\/profile.php?id=100063200290284","https:\/\/x.com\/infoecos"]},{"@type":"Person","@id":"https:\/\/infoecos.com.ar\/#\/schema\/person\/8f5ace5ce73b4b4aac4b7245aee6f191","name":"Jorge Matheus","url":"https:\/\/infoecos.com.ar\/index.php\/author\/jomatheus\/"}]}},"featured_image_urls":{"full":["https:\/\/infoecos.com.ar\/wp-content\/uploads\/2020\/10\/Vacunacion-1.jpeg",1040,780,false],"thumbnail":["https:\/\/infoecos.com.ar\/wp-content\/uploads\/2020\/10\/Vacunacion-1-150x150.jpeg",150,150,true],"medium":["https:\/\/infoecos.com.ar\/wp-content\/uploads\/2020\/10\/Vacunacion-1-460x345.jpeg",460,345,true],"medium_large":["https:\/\/infoecos.com.ar\/wp-content\/uploads\/2020\/10\/Vacunacion-1-768x576.jpeg",640,480,true],"large":["https:\/\/infoecos.com.ar\/wp-content\/uploads\/2020\/10\/Vacunacion-1-920x690.jpeg",640,480,true],"1536x1536":["https:\/\/infoecos.com.ar\/wp-content\/uploads\/2020\/10\/Vacunacion-1.jpeg",1040,780,false],"2048x2048":["https:\/\/infoecos.com.ar\/wp-content\/uploads\/2020\/10\/Vacunacion-1.jpeg",1040,780,false],"covernews-slider-full":["https:\/\/infoecos.com.ar\/wp-content\/uploads\/2020\/10\/Vacunacion-1.jpeg",953,715,false],"covernews-slider-center":["https:\/\/infoecos.com.ar\/wp-content\/uploads\/2020\/10\/Vacunacion-1-936x780.jpeg",600,500,true],"covernews-featured":["https:\/\/infoecos.com.ar\/wp-content\/uploads\/2020\/10\/Vacunacion-1-1024x768.jpeg",1024,768,true],"covernews-medium":["https:\/\/infoecos.com.ar\/wp-content\/uploads\/2020\/10\/Vacunacion-1-720x380.jpeg",540,285,true],"covernews-medium-square":["https:\/\/infoecos.com.ar\/wp-content\/uploads\/2020\/10\/Vacunacion-1-675x450.jpeg",375,250,true]},"author_info":{"info":["Jorge Matheus"]},"category_info":"<a href=\"https:\/\/infoecos.com.ar\/index.php\/category\/c3nota3\/\" rel=\"category tag\">C3 N3<\/a>","tag_info":"C3 N3","comment_count":"0","_links":{"self":[{"href":"https:\/\/infoecos.com.ar\/index.php\/wp-json\/wp\/v2\/posts\/69361"}],"collection":[{"href":"https:\/\/infoecos.com.ar\/index.php\/wp-json\/wp\/v2\/posts"}],"about":[{"href":"https:\/\/infoecos.com.ar\/index.php\/wp-json\/wp\/v2\/types\/post"}],"author":[{"embeddable":true,"href":"https:\/\/infoecos.com.ar\/index.php\/wp-json\/wp\/v2\/users\/2"}],"replies":[{"embeddable":true,"href":"https:\/\/infoecos.com.ar\/index.php\/wp-json\/wp\/v2\/comments?post=69361"}],"version-history":[{"count":1,"href":"https:\/\/infoecos.com.ar\/index.php\/wp-json\/wp\/v2\/posts\/69361\/revisions"}],"predecessor-version":[{"id":69364,"href":"https:\/\/infoecos.com.ar\/index.php\/wp-json\/wp\/v2\/posts\/69361\/revisions\/69364"}],"wp:featuredmedia":[{"embeddable":true,"href":"https:\/\/infoecos.com.ar\/index.php\/wp-json\/wp\/v2\/media\/69363"}],"wp:attachment":[{"href":"https:\/\/infoecos.com.ar\/index.php\/wp-json\/wp\/v2\/media?parent=69361"}],"wp:term":[{"taxonomy":"category","embeddable":true,"href":"https:\/\/infoecos.com.ar\/index.php\/wp-json\/wp\/v2\/categories?post=69361"},{"taxonomy":"post_tag","embeddable":true,"href":"https:\/\/infoecos.com.ar\/index.php\/wp-json\/wp\/v2\/tags?post=69361"}],"curies":[{"name":"wp","href":"https:\/\/api.w.org\/{rel}","templated":true}]}}