{"id":69370,"date":"2020-10-12T00:46:33","date_gmt":"2020-10-12T03:46:33","guid":{"rendered":"http:\/\/infoecos.com.ar\/?p=69370"},"modified":"2020-10-12T00:46:41","modified_gmt":"2020-10-12T03:46:41","slug":"se-levantaron-los-controles-en-los-accesos-a-trenque-lauquen-y-en-la-semana-se-sacarian-los-monticulos-que-impiden-el-ingreso-o-egreso-por-caminos-de-tierra","status":"publish","type":"post","link":"https:\/\/infoecos.com.ar\/index.php\/se-levantaron-los-controles-en-los-accesos-a-trenque-lauquen-y-en-la-semana-se-sacarian-los-monticulos-que-impiden-el-ingreso-o-egreso-por-caminos-de-tierra\/","title":{"rendered":"Se levantaron los controles en los accesos a Trenque Lauquen y en la semana se sacar\u00edan los mont\u00edculos que impiden el ingreso o egreso por caminos de tierra"},"content":{"rendered":"\n<p>Se levantaron los controles en los dos principales accesos de Trenque Lauquen y, en las pr\u00f3ximas horas, se estima que ser\u00e1n erradicados los mont\u00edculos de tierra y piedra que impiden el egreso e ingreso a la ciudad por otras v\u00edas de comunicaci\u00f3n, desde las rutas nacionales y caminos que unen con el interior del distrito.<\/p>\n\n\n\n<div class=\"wp-block-image\"><figure class=\"aligncenter size-medium\"><img decoding=\"async\" src=\"http:\/\/infoecos.com.ar\/wp-content\/uploads\/Arco-de-acceso-2-460x307.jpg\" alt=\"\" class=\"wp-image-45997\"\/><figcaption>Trenque Lauquen &#8211; Arco de acceso<\/figcaption><\/figure><\/div>\n\n\n\n<p>Se vio un intenso movimiento en ambas arterias que dan a las rutas nacionales n\u00fameros 5 y 33, como as\u00ed tambi\u00e9n volvi\u00f3 la costumbre de estacionar a la vera de una de ellas (la primera) con el prop\u00f3sito de compartir un buen momento y observar el movimiento que se registra.<\/p>\n\n\n\n<p>El intendente Fern\u00e1ndez hab\u00eda anticipado que esto iba a ocurrir, aunque no hab\u00eda dado a conocer la fecha exacta de su implementaci\u00f3n. El objetivo, seg\u00fan dijo, es fortalecer el cumplimiento de los protocolos en el interior de la cabecera del distrito, situaci\u00f3n que no le ser\u00e1 f\u00e1cil de sostener, en virtud que colateralmente se comprob\u00f3 que un buen porcentaje de quienes se movilizaban en las diferentes arterias, especialmente caminando, lo hac\u00edan sin barbijo. <\/p>\n\n\n\n<p>La noticia sobre el levantamiento de los controles fue corriendo de \u00abboca en boca\u00bb, con la difusi\u00f3n a trav\u00e9s de las redes sociales o por los distintos medios que tienen espacio en las redes sociales o las pocas emisoras que se dedican a brindar informaci\u00f3n. Repercuti\u00f3, en buen porcentaje, en forma satisfactoria.<\/p>\n\n\n\n<p>El intendente, en la conferencia de prensa donde habl\u00f3 sobre el particular, se\u00f1al\u00f3 que \u00abdepender\u00e1 en gran medida del comportamiento social y el cumplimiento de las normas vigentes, el resultado de esta determinaci\u00f3n\u00bb. La pregunta que se ha formulado un n\u00famero para desde\u00f1able de la sociedad es de que manera se habr\u00e1 de controlar el ingreso de ciudadanos de otros lugares del pa\u00eds, que pueden padecer la enfermedad. Ese control, da la impresi\u00f3n que no podr\u00e1 realizarse. <\/p>\n\n\n\n<p>La semana ha comenzado con esta novedad, la que tambi\u00e9n se produce en otros lugares de la provincia de Buenos Aires. <\/p>\n","protected":false},"excerpt":{"rendered":"<p>El intendente Fern\u00e1ndez hab\u00eda anticipado que esto iba a ocurrir, aunque no hab\u00eda dado a conocer la fecha exacta de su implementaci\u00f3n. El objetivo, seg\u00fan dijo, es fortalecer el cumplimiento de los protocolos en el interior de la cabecera del distrito, situaci\u00f3n que no le ser\u00e1 f\u00e1cil de sostener<\/p>\n","protected":false},"author":2,"featured_media":45997,"comment_status":"closed","ping_status":"open","sticky":false,"template":"","format":"standard","meta":{"footnotes":""},"categories":[1612],"tags":[2165],"class_list":["post-69370","post","type-post","status-publish","format-standard","has-post-thumbnail","hentry","category-noticia-principal","tag-via-libre-con-controles-internos"],"yoast_head":"<!-- This site is optimized with the Yoast SEO plugin v23.4 - https:\/\/yoast.com\/wordpress\/plugins\/seo\/ -->\n<title>Se levantaron los controles en los accesos a Trenque Lauquen y en la semana se sacar\u00edan los mont\u00edculos que impiden el ingreso o egreso por caminos de tierra - Infoecos<\/title>\n<meta name=\"robots\" content=\"index, follow, max-snippet:-1, max-image-preview:large, max-video-preview:-1\" \/>\n<link rel=\"canonical\" href=\"https:\/\/infoecos.com.ar\/index.php\/se-levantaron-los-controles-en-los-accesos-a-trenque-lauquen-y-en-la-semana-se-sacarian-los-monticulos-que-impiden-el-ingreso-o-egreso-por-caminos-de-tierra\/\" \/>\n<meta property=\"og:locale\" content=\"es_ES\" \/>\n<meta property=\"og:type\" content=\"article\" \/>\n<meta property=\"og:title\" content=\"Se levantaron los controles en los accesos a Trenque Lauquen y en la semana se sacar\u00edan los mont\u00edculos que impiden el ingreso o egreso por caminos de tierra - Infoecos\" \/>\n<meta property=\"og:description\" content=\"El intendente Fern\u00e1ndez hab\u00eda anticipado que esto iba a ocurrir, aunque no hab\u00eda dado a conocer la fecha exacta de su implementaci\u00f3n. El objetivo, seg\u00fan dijo, es fortalecer el cumplimiento de los protocolos en el interior de la cabecera del distrito, situaci\u00f3n que no le ser\u00e1 f\u00e1cil de sostener\" \/>\n<meta property=\"og:url\" content=\"https:\/\/infoecos.com.ar\/index.php\/se-levantaron-los-controles-en-los-accesos-a-trenque-lauquen-y-en-la-semana-se-sacarian-los-monticulos-que-impiden-el-ingreso-o-egreso-por-caminos-de-tierra\/\" \/>\n<meta property=\"og:site_name\" content=\"Infoecos\" \/>\n<meta property=\"article:publisher\" content=\"https:\/\/www.facebook.com\/profile.php?id=100063200290284\" \/>\n<meta property=\"article:published_time\" content=\"2020-10-12T03:46:33+00:00\" \/>\n<meta property=\"article:modified_time\" content=\"2020-10-12T03:46:41+00:00\" \/>\n<meta property=\"og:image\" content=\"https:\/\/infoecos.com.ar\/wp-content\/uploads\/Arco-de-acceso-2-e1524020342427.jpg\" \/>\n\t<meta property=\"og:image:width\" content=\"800\" \/>\n\t<meta property=\"og:image:height\" content=\"534\" \/>\n\t<meta property=\"og:image:type\" content=\"image\/jpeg\" \/>\n<meta name=\"author\" content=\"Jorge Matheus\" \/>\n<meta name=\"twitter:card\" content=\"summary_large_image\" \/>\n<meta name=\"twitter:creator\" content=\"@infoecos\" \/>\n<meta name=\"twitter:site\" content=\"@infoecos\" \/>\n<meta name=\"twitter:label1\" content=\"Escrito por\" \/>\n\t<meta name=\"twitter:data1\" content=\"Jorge Matheus\" \/>\n\t<meta name=\"twitter:label2\" content=\"Tiempo de lectura\" \/>\n\t<meta name=\"twitter:data2\" content=\"2 minutos\" \/>\n<script type=\"application\/ld+json\" class=\"yoast-schema-graph\">{\"@context\":\"https:\/\/schema.org\",\"@graph\":[{\"@type\":\"Article\",\"@id\":\"https:\/\/infoecos.com.ar\/index.php\/se-levantaron-los-controles-en-los-accesos-a-trenque-lauquen-y-en-la-semana-se-sacarian-los-monticulos-que-impiden-el-ingreso-o-egreso-por-caminos-de-tierra\/#article\",\"isPartOf\":{\"@id\":\"https:\/\/infoecos.com.ar\/index.php\/se-levantaron-los-controles-en-los-accesos-a-trenque-lauquen-y-en-la-semana-se-sacarian-los-monticulos-que-impiden-el-ingreso-o-egreso-por-caminos-de-tierra\/\"},\"author\":{\"name\":\"Jorge Matheus\",\"@id\":\"https:\/\/infoecos.com.ar\/#\/schema\/person\/8f5ace5ce73b4b4aac4b7245aee6f191\"},\"headline\":\"Se levantaron los controles en los accesos a Trenque Lauquen y en la semana se sacar\u00edan los mont\u00edculos que impiden el ingreso o egreso por caminos de tierra\",\"datePublished\":\"2020-10-12T03:46:33+00:00\",\"dateModified\":\"2020-10-12T03:46:41+00:00\",\"mainEntityOfPage\":{\"@id\":\"https:\/\/infoecos.com.ar\/index.php\/se-levantaron-los-controles-en-los-accesos-a-trenque-lauquen-y-en-la-semana-se-sacarian-los-monticulos-que-impiden-el-ingreso-o-egreso-por-caminos-de-tierra\/\"},\"wordCount\":388,\"publisher\":{\"@id\":\"https:\/\/infoecos.com.ar\/#organization\"},\"image\":{\"@id\":\"https:\/\/infoecos.com.ar\/index.php\/se-levantaron-los-controles-en-los-accesos-a-trenque-lauquen-y-en-la-semana-se-sacarian-los-monticulos-que-impiden-el-ingreso-o-egreso-por-caminos-de-tierra\/#primaryimage\"},\"thumbnailUrl\":\"\",\"keywords\":[\"V\u00cdA LIBRE CON CONTROLES INTERNOS\"],\"articleSection\":[\"Noticia Principal\"],\"inLanguage\":\"es\"},{\"@type\":\"WebPage\",\"@id\":\"https:\/\/infoecos.com.ar\/index.php\/se-levantaron-los-controles-en-los-accesos-a-trenque-lauquen-y-en-la-semana-se-sacarian-los-monticulos-que-impiden-el-ingreso-o-egreso-por-caminos-de-tierra\/\",\"url\":\"https:\/\/infoecos.com.ar\/index.php\/se-levantaron-los-controles-en-los-accesos-a-trenque-lauquen-y-en-la-semana-se-sacarian-los-monticulos-que-impiden-el-ingreso-o-egreso-por-caminos-de-tierra\/\",\"name\":\"Se levantaron los controles en los accesos a Trenque Lauquen y en la semana se sacar\u00edan los mont\u00edculos que impiden el ingreso o egreso por caminos de tierra - Infoecos\",\"isPartOf\":{\"@id\":\"https:\/\/infoecos.com.ar\/#website\"},\"primaryImageOfPage\":{\"@id\":\"https:\/\/infoecos.com.ar\/index.php\/se-levantaron-los-controles-en-los-accesos-a-trenque-lauquen-y-en-la-semana-se-sacarian-los-monticulos-que-impiden-el-ingreso-o-egreso-por-caminos-de-tierra\/#primaryimage\"},\"image\":{\"@id\":\"https:\/\/infoecos.com.ar\/index.php\/se-levantaron-los-controles-en-los-accesos-a-trenque-lauquen-y-en-la-semana-se-sacarian-los-monticulos-que-impiden-el-ingreso-o-egreso-por-caminos-de-tierra\/#primaryimage\"},\"thumbnailUrl\":\"\",\"datePublished\":\"2020-10-12T03:46:33+00:00\",\"dateModified\":\"2020-10-12T03:46:41+00:00\",\"breadcrumb\":{\"@id\":\"https:\/\/infoecos.com.ar\/index.php\/se-levantaron-los-controles-en-los-accesos-a-trenque-lauquen-y-en-la-semana-se-sacarian-los-monticulos-que-impiden-el-ingreso-o-egreso-por-caminos-de-tierra\/#breadcrumb\"},\"inLanguage\":\"es\",\"potentialAction\":[{\"@type\":\"ReadAction\",\"target\":[\"https:\/\/infoecos.com.ar\/index.php\/se-levantaron-los-controles-en-los-accesos-a-trenque-lauquen-y-en-la-semana-se-sacarian-los-monticulos-que-impiden-el-ingreso-o-egreso-por-caminos-de-tierra\/\"]}]},{\"@type\":\"ImageObject\",\"inLanguage\":\"es\",\"@id\":\"https:\/\/infoecos.com.ar\/index.php\/se-levantaron-los-controles-en-los-accesos-a-trenque-lauquen-y-en-la-semana-se-sacarian-los-monticulos-que-impiden-el-ingreso-o-egreso-por-caminos-de-tierra\/#primaryimage\",\"url\":\"\",\"contentUrl\":\"\"},{\"@type\":\"BreadcrumbList\",\"@id\":\"https:\/\/infoecos.com.ar\/index.php\/se-levantaron-los-controles-en-los-accesos-a-trenque-lauquen-y-en-la-semana-se-sacarian-los-monticulos-que-impiden-el-ingreso-o-egreso-por-caminos-de-tierra\/#breadcrumb\",\"itemListElement\":[{\"@type\":\"ListItem\",\"position\":1,\"name\":\"Portada\",\"item\":\"https:\/\/infoecos.com.ar\/\"},{\"@type\":\"ListItem\",\"position\":2,\"name\":\"Se levantaron los controles en los accesos a Trenque Lauquen y en la semana se sacar\u00edan los mont\u00edculos que impiden el ingreso o egreso por caminos de tierra\"}]},{\"@type\":\"WebSite\",\"@id\":\"https:\/\/infoecos.com.ar\/#website\",\"url\":\"https:\/\/infoecos.com.ar\/\",\"name\":\"Infoecos\",\"description\":\"Noticias de trenque lauquen y la zona\",\"publisher\":{\"@id\":\"https:\/\/infoecos.com.ar\/#organization\"},\"alternateName\":\"Noticias\",\"potentialAction\":[{\"@type\":\"SearchAction\",\"target\":{\"@type\":\"EntryPoint\",\"urlTemplate\":\"https:\/\/infoecos.com.ar\/?s={search_term_string}\"},\"query-input\":{\"@type\":\"PropertyValueSpecification\",\"valueRequired\":true,\"valueName\":\"search_term_string\"}}],\"inLanguage\":\"es\"},{\"@type\":\"Organization\",\"@id\":\"https:\/\/infoecos.com.ar\/#organization\",\"name\":\"Infoecos\",\"alternateName\":\"Noticias\",\"url\":\"https:\/\/infoecos.com.ar\/\",\"logo\":{\"@type\":\"ImageObject\",\"inLanguage\":\"es\",\"@id\":\"https:\/\/infoecos.com.ar\/#\/schema\/logo\/image\/\",\"url\":\"https:\/\/infoecos.com.ar\/wp-content\/uploads\/2024\/03\/cropped-logo.png\",\"contentUrl\":\"https:\/\/infoecos.com.ar\/wp-content\/uploads\/2024\/03\/cropped-logo.png\",\"width\":374,\"height\":90,\"caption\":\"Infoecos\"},\"image\":{\"@id\":\"https:\/\/infoecos.com.ar\/#\/schema\/logo\/image\/\"},\"sameAs\":[\"https:\/\/www.facebook.com\/profile.php?id=100063200290284\",\"https:\/\/x.com\/infoecos\"]},{\"@type\":\"Person\",\"@id\":\"https:\/\/infoecos.com.ar\/#\/schema\/person\/8f5ace5ce73b4b4aac4b7245aee6f191\",\"name\":\"Jorge Matheus\",\"url\":\"https:\/\/infoecos.com.ar\/index.php\/author\/jomatheus\/\"}]}<\/script>\n<!-- \/ Yoast SEO plugin. -->","yoast_head_json":{"title":"Se levantaron los controles en los accesos a Trenque Lauquen y en la semana se sacar\u00edan los mont\u00edculos que impiden el ingreso o egreso por caminos de tierra - Infoecos","robots":{"index":"index","follow":"follow","max-snippet":"max-snippet:-1","max-image-preview":"max-image-preview:large","max-video-preview":"max-video-preview:-1"},"canonical":"https:\/\/infoecos.com.ar\/index.php\/se-levantaron-los-controles-en-los-accesos-a-trenque-lauquen-y-en-la-semana-se-sacarian-los-monticulos-que-impiden-el-ingreso-o-egreso-por-caminos-de-tierra\/","og_locale":"es_ES","og_type":"article","og_title":"Se levantaron los controles en los accesos a Trenque Lauquen y en la semana se sacar\u00edan los mont\u00edculos que impiden el ingreso o egreso por caminos de tierra - Infoecos","og_description":"El intendente Fern\u00e1ndez hab\u00eda anticipado que esto iba a ocurrir, aunque no hab\u00eda dado a conocer la fecha exacta de su implementaci\u00f3n. El objetivo, seg\u00fan dijo, es fortalecer el cumplimiento de los protocolos en el interior de la cabecera del distrito, situaci\u00f3n que no le ser\u00e1 f\u00e1cil de sostener","og_url":"https:\/\/infoecos.com.ar\/index.php\/se-levantaron-los-controles-en-los-accesos-a-trenque-lauquen-y-en-la-semana-se-sacarian-los-monticulos-que-impiden-el-ingreso-o-egreso-por-caminos-de-tierra\/","og_site_name":"Infoecos","article_publisher":"https:\/\/www.facebook.com\/profile.php?id=100063200290284","article_published_time":"2020-10-12T03:46:33+00:00","article_modified_time":"2020-10-12T03:46:41+00:00","og_image":[{"width":800,"height":534,"url":"https:\/\/infoecos.com.ar\/wp-content\/uploads\/Arco-de-acceso-2-e1524020342427.jpg","type":"image\/jpeg"}],"author":"Jorge Matheus","twitter_card":"summary_large_image","twitter_creator":"@infoecos","twitter_site":"@infoecos","twitter_misc":{"Escrito por":"Jorge Matheus","Tiempo de lectura":"2 minutos"},"schema":{"@context":"https:\/\/schema.org","@graph":[{"@type":"Article","@id":"https:\/\/infoecos.com.ar\/index.php\/se-levantaron-los-controles-en-los-accesos-a-trenque-lauquen-y-en-la-semana-se-sacarian-los-monticulos-que-impiden-el-ingreso-o-egreso-por-caminos-de-tierra\/#article","isPartOf":{"@id":"https:\/\/infoecos.com.ar\/index.php\/se-levantaron-los-controles-en-los-accesos-a-trenque-lauquen-y-en-la-semana-se-sacarian-los-monticulos-que-impiden-el-ingreso-o-egreso-por-caminos-de-tierra\/"},"author":{"name":"Jorge Matheus","@id":"https:\/\/infoecos.com.ar\/#\/schema\/person\/8f5ace5ce73b4b4aac4b7245aee6f191"},"headline":"Se levantaron los controles en los accesos a Trenque Lauquen y en la semana se sacar\u00edan los mont\u00edculos que impiden el ingreso o egreso por caminos de tierra","datePublished":"2020-10-12T03:46:33+00:00","dateModified":"2020-10-12T03:46:41+00:00","mainEntityOfPage":{"@id":"https:\/\/infoecos.com.ar\/index.php\/se-levantaron-los-controles-en-los-accesos-a-trenque-lauquen-y-en-la-semana-se-sacarian-los-monticulos-que-impiden-el-ingreso-o-egreso-por-caminos-de-tierra\/"},"wordCount":388,"publisher":{"@id":"https:\/\/infoecos.com.ar\/#organization"},"image":{"@id":"https:\/\/infoecos.com.ar\/index.php\/se-levantaron-los-controles-en-los-accesos-a-trenque-lauquen-y-en-la-semana-se-sacarian-los-monticulos-que-impiden-el-ingreso-o-egreso-por-caminos-de-tierra\/#primaryimage"},"thumbnailUrl":"","keywords":["V\u00cdA LIBRE CON CONTROLES INTERNOS"],"articleSection":["Noticia Principal"],"inLanguage":"es"},{"@type":"WebPage","@id":"https:\/\/infoecos.com.ar\/index.php\/se-levantaron-los-controles-en-los-accesos-a-trenque-lauquen-y-en-la-semana-se-sacarian-los-monticulos-que-impiden-el-ingreso-o-egreso-por-caminos-de-tierra\/","url":"https:\/\/infoecos.com.ar\/index.php\/se-levantaron-los-controles-en-los-accesos-a-trenque-lauquen-y-en-la-semana-se-sacarian-los-monticulos-que-impiden-el-ingreso-o-egreso-por-caminos-de-tierra\/","name":"Se levantaron los controles en los accesos a Trenque Lauquen y en la semana se sacar\u00edan los mont\u00edculos que impiden el ingreso o egreso por caminos de tierra - Infoecos","isPartOf":{"@id":"https:\/\/infoecos.com.ar\/#website"},"primaryImageOfPage":{"@id":"https:\/\/infoecos.com.ar\/index.php\/se-levantaron-los-controles-en-los-accesos-a-trenque-lauquen-y-en-la-semana-se-sacarian-los-monticulos-que-impiden-el-ingreso-o-egreso-por-caminos-de-tierra\/#primaryimage"},"image":{"@id":"https:\/\/infoecos.com.ar\/index.php\/se-levantaron-los-controles-en-los-accesos-a-trenque-lauquen-y-en-la-semana-se-sacarian-los-monticulos-que-impiden-el-ingreso-o-egreso-por-caminos-de-tierra\/#primaryimage"},"thumbnailUrl":"","datePublished":"2020-10-12T03:46:33+00:00","dateModified":"2020-10-12T03:46:41+00:00","breadcrumb":{"@id":"https:\/\/infoecos.com.ar\/index.php\/se-levantaron-los-controles-en-los-accesos-a-trenque-lauquen-y-en-la-semana-se-sacarian-los-monticulos-que-impiden-el-ingreso-o-egreso-por-caminos-de-tierra\/#breadcrumb"},"inLanguage":"es","potentialAction":[{"@type":"ReadAction","target":["https:\/\/infoecos.com.ar\/index.php\/se-levantaron-los-controles-en-los-accesos-a-trenque-lauquen-y-en-la-semana-se-sacarian-los-monticulos-que-impiden-el-ingreso-o-egreso-por-caminos-de-tierra\/"]}]},{"@type":"ImageObject","inLanguage":"es","@id":"https:\/\/infoecos.com.ar\/index.php\/se-levantaron-los-controles-en-los-accesos-a-trenque-lauquen-y-en-la-semana-se-sacarian-los-monticulos-que-impiden-el-ingreso-o-egreso-por-caminos-de-tierra\/#primaryimage","url":"","contentUrl":""},{"@type":"BreadcrumbList","@id":"https:\/\/infoecos.com.ar\/index.php\/se-levantaron-los-controles-en-los-accesos-a-trenque-lauquen-y-en-la-semana-se-sacarian-los-monticulos-que-impiden-el-ingreso-o-egreso-por-caminos-de-tierra\/#breadcrumb","itemListElement":[{"@type":"ListItem","position":1,"name":"Portada","item":"https:\/\/infoecos.com.ar\/"},{"@type":"ListItem","position":2,"name":"Se levantaron los controles en los accesos a Trenque Lauquen y en la semana se sacar\u00edan los mont\u00edculos que impiden el ingreso o egreso por caminos de tierra"}]},{"@type":"WebSite","@id":"https:\/\/infoecos.com.ar\/#website","url":"https:\/\/infoecos.com.ar\/","name":"Infoecos","description":"Noticias de trenque lauquen y la zona","publisher":{"@id":"https:\/\/infoecos.com.ar\/#organization"},"alternateName":"Noticias","potentialAction":[{"@type":"SearchAction","target":{"@type":"EntryPoint","urlTemplate":"https:\/\/infoecos.com.ar\/?s={search_term_string}"},"query-input":{"@type":"PropertyValueSpecification","valueRequired":true,"valueName":"search_term_string"}}],"inLanguage":"es"},{"@type":"Organization","@id":"https:\/\/infoecos.com.ar\/#organization","name":"Infoecos","alternateName":"Noticias","url":"https:\/\/infoecos.com.ar\/","logo":{"@type":"ImageObject","inLanguage":"es","@id":"https:\/\/infoecos.com.ar\/#\/schema\/logo\/image\/","url":"https:\/\/infoecos.com.ar\/wp-content\/uploads\/2024\/03\/cropped-logo.png","contentUrl":"https:\/\/infoecos.com.ar\/wp-content\/uploads\/2024\/03\/cropped-logo.png","width":374,"height":90,"caption":"Infoecos"},"image":{"@id":"https:\/\/infoecos.com.ar\/#\/schema\/logo\/image\/"},"sameAs":["https:\/\/www.facebook.com\/profile.php?id=100063200290284","https:\/\/x.com\/infoecos"]},{"@type":"Person","@id":"https:\/\/infoecos.com.ar\/#\/schema\/person\/8f5ace5ce73b4b4aac4b7245aee6f191","name":"Jorge Matheus","url":"https:\/\/infoecos.com.ar\/index.php\/author\/jomatheus\/"}]}},"featured_image_urls":{"full":"","thumbnail":"","medium":"","medium_large":"","large":"","1536x1536":"","2048x2048":"","covernews-slider-full":"","covernews-slider-center":"","covernews-featured":"","covernews-medium":"","covernews-medium-square":""},"author_info":{"info":["Jorge Matheus"]},"category_info":"<a href=\"https:\/\/infoecos.com.ar\/index.php\/category\/noticia-principal\/\" rel=\"category tag\">Noticia Principal<\/a>","tag_info":"Noticia Principal","comment_count":"0","_links":{"self":[{"href":"https:\/\/infoecos.com.ar\/index.php\/wp-json\/wp\/v2\/posts\/69370"}],"collection":[{"href":"https:\/\/infoecos.com.ar\/index.php\/wp-json\/wp\/v2\/posts"}],"about":[{"href":"https:\/\/infoecos.com.ar\/index.php\/wp-json\/wp\/v2\/types\/post"}],"author":[{"embeddable":true,"href":"https:\/\/infoecos.com.ar\/index.php\/wp-json\/wp\/v2\/users\/2"}],"replies":[{"embeddable":true,"href":"https:\/\/infoecos.com.ar\/index.php\/wp-json\/wp\/v2\/comments?post=69370"}],"version-history":[{"count":1,"href":"https:\/\/infoecos.com.ar\/index.php\/wp-json\/wp\/v2\/posts\/69370\/revisions"}],"predecessor-version":[{"id":69371,"href":"https:\/\/infoecos.com.ar\/index.php\/wp-json\/wp\/v2\/posts\/69370\/revisions\/69371"}],"wp:featuredmedia":[{"embeddable":true,"href":"https:\/\/infoecos.com.ar\/index.php\/wp-json\/"}],"wp:attachment":[{"href":"https:\/\/infoecos.com.ar\/index.php\/wp-json\/wp\/v2\/media?parent=69370"}],"wp:term":[{"taxonomy":"category","embeddable":true,"href":"https:\/\/infoecos.com.ar\/index.php\/wp-json\/wp\/v2\/categories?post=69370"},{"taxonomy":"post_tag","embeddable":true,"href":"https:\/\/infoecos.com.ar\/index.php\/wp-json\/wp\/v2\/tags?post=69370"}],"curies":[{"name":"wp","href":"https:\/\/api.w.org\/{rel}","templated":true}]}}