{"id":69463,"date":"2020-10-13T18:15:53","date_gmt":"2020-10-13T21:15:53","guid":{"rendered":"http:\/\/infoecos.com.ar\/?p=69463"},"modified":"2020-10-13T18:16:17","modified_gmt":"2020-10-13T21:16:17","slug":"desde-provincia-estan-preocupados-por-el-aumento-de-casos-en-el-interior","status":"publish","type":"post","link":"https:\/\/infoecos.com.ar\/index.php\/desde-provincia-estan-preocupados-por-el-aumento-de-casos-en-el-interior\/","title":{"rendered":"Desde provincia est\u00e1n preocupados por el aumento de casos en el interior"},"content":{"rendered":"\n<p><em>En el informe presentado este martes en la Gobernaci\u00f3n bonaerense, el Jefe de Gabinete Carlos Bianco, y el Ministro de Salud Daniel Goll\u00e1n, se not\u00f3 preocupaci\u00f3n por el avance del COVID-19 en el interior de la provincia, ya que all\u00ed los casos llegan al 33% del total.\u00a0<\/em><\/p>\n\n\n\n<div class=\"wp-block-image\"><figure class=\"aligncenter size-medium\"><img loading=\"lazy\" decoding=\"async\" width=\"460\" height=\"306\" src=\"http:\/\/infoecos.com.ar\/wp-content\/uploads\/2020\/10\/2020_10_13_CONFERENCIA_SITUACION_EPIDEMIOLOGICA_GBA_8085-460x306.jpg\" alt=\"\" class=\"wp-image-69464\" srcset=\"https:\/\/infoecos.com.ar\/wp-content\/uploads\/2020\/10\/2020_10_13_CONFERENCIA_SITUACION_EPIDEMIOLOGICA_GBA_8085-460x306.jpg 460w, https:\/\/infoecos.com.ar\/wp-content\/uploads\/2020\/10\/2020_10_13_CONFERENCIA_SITUACION_EPIDEMIOLOGICA_GBA_8085-920x612.jpg 920w, https:\/\/infoecos.com.ar\/wp-content\/uploads\/2020\/10\/2020_10_13_CONFERENCIA_SITUACION_EPIDEMIOLOGICA_GBA_8085-768x511.jpg 768w, https:\/\/infoecos.com.ar\/wp-content\/uploads\/2020\/10\/2020_10_13_CONFERENCIA_SITUACION_EPIDEMIOLOGICA_GBA_8085-1536x1020.jpg 1536w, https:\/\/infoecos.com.ar\/wp-content\/uploads\/2020\/10\/2020_10_13_CONFERENCIA_SITUACION_EPIDEMIOLOGICA_GBA_8085-2048x1362.jpg 2048w, https:\/\/infoecos.com.ar\/wp-content\/uploads\/2020\/10\/2020_10_13_CONFERENCIA_SITUACION_EPIDEMIOLOGICA_GBA_8085-1024x681.jpg 1024w, https:\/\/infoecos.com.ar\/wp-content\/uploads\/2020\/10\/2020_10_13_CONFERENCIA_SITUACION_EPIDEMIOLOGICA_GBA_8085-675x450.jpg 675w\" sizes=\"(max-width: 460px) 100vw, 460px\" \/><figcaption>La conferencia fue este martes en el Sal\u00f3n Dorado de la Gobernaci\u00f3n bonaerense<\/figcaption><\/figure><\/div>\n\n\n\n<p><strong>De 470 mil contagios en la provincia, 67 mil fueron en distritos del interior<\/strong>, y se teme por la capacidad de respuesta de los sistemas sanitarios en las localidades m\u00e1s peque\u00f1as, en especial, por la falta de recurso humano. No obstante, Goll\u00e1n se\u00f1al\u00f3 que <strong>se viene registrando un importante descenso de casos en el AMBA<\/strong> (\u00c1rea Metropolitana de Buenos Aires), <strong>donde en promedio hay 15 mil casos semanales menos que hace 5 semanas.<\/strong> Estas dos situaciones llevan al gobierno provincial a desviar el foco de atenci\u00f3n de donde lo ten\u00eda ubicado al principio de la pandemia.&nbsp;<\/p>\n\n\n\n<p><strong>\u201cEl grueso de las acciones a futuro, sin dejar de pensar en el AMBA, se est\u00e1n dise\u00f1ando para dar respuesta desde el sistema sanitario al interior de la Provincia,<\/strong> por su enorme extensi\u00f3n territorial\u201d, explic\u00f3 el jefe de la cartera de Salud, al tiempo que destac\u00f3 el sistema de gesti\u00f3n de camas que se est\u00e1 llevando adelante. El mismo, permite derivar pacientes y no saturar el sistema en ning\u00fan punto del territorio, lo que incrementar\u00eda en hasta un 30% el rendimiento de las unidades disponibles.&nbsp;<\/p>\n\n\n\n<p>En<strong> AMBA, <\/strong>el tiempo de<strong> duplicaci\u00f3n de casos <\/strong>ya se ubica por <strong>encima de los 90 d\u00edas, <\/strong>mientras que se redujo <strong>en el interior, <\/strong>donde<strong> la velocidad de duplicaci\u00f3n es cada 27,8 d\u00edas<\/strong>. Sin embargo, no todas son malas noticias: <strong>en el total provincial<\/strong> <strong>se registraron<\/strong> <strong>la \u00faltima semana en promedio 1200 casos diarios menos <\/strong>que entre el 23 y el 30 de agosto, pasando de 5.845 a 4.643. \u201cNo hemos ganado todav\u00eda la guerra, pero venimos en una situaci\u00f3n que es esperanzadora\u201d, concluy\u00f3 el Ministro Goll\u00e1n.&nbsp;&nbsp;<\/p>\n\n\n\n<div class=\"wp-block-image\"><figure class=\"aligncenter size-medium\"><img loading=\"lazy\" decoding=\"async\" width=\"460\" height=\"306\" src=\"http:\/\/infoecos.com.ar\/wp-content\/uploads\/2020\/10\/2020_10_13_CONFERENCIA_SITUACION_EPIDEMIOLOGICA_GBA_8016-460x306.jpg\" alt=\"\" class=\"wp-image-69465\" srcset=\"https:\/\/infoecos.com.ar\/wp-content\/uploads\/2020\/10\/2020_10_13_CONFERENCIA_SITUACION_EPIDEMIOLOGICA_GBA_8016-460x306.jpg 460w, https:\/\/infoecos.com.ar\/wp-content\/uploads\/2020\/10\/2020_10_13_CONFERENCIA_SITUACION_EPIDEMIOLOGICA_GBA_8016-920x612.jpg 920w, https:\/\/infoecos.com.ar\/wp-content\/uploads\/2020\/10\/2020_10_13_CONFERENCIA_SITUACION_EPIDEMIOLOGICA_GBA_8016-768x511.jpg 768w, https:\/\/infoecos.com.ar\/wp-content\/uploads\/2020\/10\/2020_10_13_CONFERENCIA_SITUACION_EPIDEMIOLOGICA_GBA_8016-1536x1020.jpg 1536w, https:\/\/infoecos.com.ar\/wp-content\/uploads\/2020\/10\/2020_10_13_CONFERENCIA_SITUACION_EPIDEMIOLOGICA_GBA_8016-2048x1362.jpg 2048w, https:\/\/infoecos.com.ar\/wp-content\/uploads\/2020\/10\/2020_10_13_CONFERENCIA_SITUACION_EPIDEMIOLOGICA_GBA_8016-1024x681.jpg 1024w, https:\/\/infoecos.com.ar\/wp-content\/uploads\/2020\/10\/2020_10_13_CONFERENCIA_SITUACION_EPIDEMIOLOGICA_GBA_8016-675x450.jpg 675w\" sizes=\"(max-width: 460px) 100vw, 460px\" \/><figcaption>Ministro Daniel Goll\u00e1n: \u201cNo hemos ganado todav\u00eda la guerra, pero venimos en una situaci\u00f3n que es esperanzadora\u201d<\/figcaption><\/figure><\/div>\n\n\n\n<p>Respecto a las novedades en el manejo de la pandemia en territorio bonaerense, <strong>se anunci\u00f3 un nuevo esquema<\/strong> \u201cgradual, paulatino e intermitente, supeditado a la evoluci\u00f3n de casos <strong>en los distritos que est\u00e1n en fase 3\u201d, que permitir\u00eda mayor flexibilizaci\u00f3n<\/strong> en tanto y en cuanto sigan disminuyendo los casos y no implique riesgos sanitarios ni ocupaci\u00f3n de camas. En ese sentido,<strong> a partir del pr\u00f3ximo lunes 19 de octubre <\/strong>se habilitar\u00e1n las siguientes actividades para algunos distritos que permanecen en fase 3:<\/p>\n\n\n\n<p>&#8211; Personal auxiliar de casas particulares, solamente en los casos en que trabajen en un solo domicilio. Esto regir\u00e1 para el AMBA y luego se podr\u00e1 ampliar a otros distritos que est\u00e9n en fase 3 y no pertenezcan al AMBA.<\/p>\n\n\n\n<p>&#8211; Restaurantes y bares al aire libre, siguiendo los protocolos, el distanciamiento y las pautas de aforo m\u00e1ximo que ya rigen para los distritos en fases 4 y 5.<\/p>\n\n\n\n<p>&#8211; Gimnasios, solamente para la realizaci\u00f3n de actividades al aire libre y siguiendo protocolos y pautas de distanciamiento.<\/p>\n\n\n\n<p>&#8211; Construcci\u00f3n privada, rubro en el que se ampl\u00eda la habilitaci\u00f3n vigente para extenderla a obras que ya se encuentren iniciadas en viviendas multifamiliares (edificios) y parques industriales.<\/p>\n\n\n\n<p>&#8211; Salidas recreativas en grupos de hasta 10 personas al aire libre.<\/p>\n\n\n\n<p>En relaci\u00f3n a la situaci\u00f3n actual del esquema de fases de aislamiento y distanciamiento social, preventivo y obligatorio, Bianco detall\u00f3 que 49 municipios se encuentran en fase 3, 71 en fase 4 y 15 en fase 5.&nbsp;<\/p>\n","protected":false},"excerpt":{"rendered":"<p>En el informe presentado esta ma\u00f1ana en la Gobernaci\u00f3n bonaerense, el Jefe de Gabinete Carlos Bianco, y el Ministro de Salud Daniel Goll\u00e1n, se not\u00f3 preocupaci\u00f3n por el avance del COVID-19 en el interior de la provincia, ya que all\u00ed los casos llegan al 33% del total<\/p>\n","protected":false},"author":3,"featured_media":69464,"comment_status":"closed","ping_status":"open","sticky":false,"template":"","format":"standard","meta":{"footnotes":""},"categories":[1612],"tags":[2183],"class_list":["post-69463","post","type-post","status-publish","format-standard","has-post-thumbnail","hentry","category-noticia-principal","tag-ya-trepan-al-33-del-total"],"yoast_head":"<!-- This site is optimized with the Yoast SEO plugin v23.4 - https:\/\/yoast.com\/wordpress\/plugins\/seo\/ -->\n<title>Desde provincia est\u00e1n preocupados por el aumento de casos en el interior - Infoecos<\/title>\n<meta name=\"robots\" content=\"index, follow, max-snippet:-1, max-image-preview:large, max-video-preview:-1\" \/>\n<link rel=\"canonical\" href=\"https:\/\/infoecos.com.ar\/index.php\/desde-provincia-estan-preocupados-por-el-aumento-de-casos-en-el-interior\/\" \/>\n<meta property=\"og:locale\" content=\"es_ES\" \/>\n<meta property=\"og:type\" content=\"article\" \/>\n<meta property=\"og:title\" content=\"Desde provincia est\u00e1n preocupados por el aumento de casos en el interior - Infoecos\" \/>\n<meta property=\"og:description\" content=\"En el informe presentado esta ma\u00f1ana en la Gobernaci\u00f3n bonaerense, el Jefe de Gabinete Carlos Bianco, y el Ministro de Salud Daniel Goll\u00e1n, se not\u00f3 preocupaci\u00f3n por el avance del COVID-19 en el interior de la provincia, ya que all\u00ed los casos llegan al 33% del total\" \/>\n<meta property=\"og:url\" content=\"https:\/\/infoecos.com.ar\/index.php\/desde-provincia-estan-preocupados-por-el-aumento-de-casos-en-el-interior\/\" \/>\n<meta property=\"og:site_name\" content=\"Infoecos\" \/>\n<meta property=\"article:publisher\" content=\"https:\/\/www.facebook.com\/profile.php?id=100063200290284\" \/>\n<meta property=\"article:published_time\" content=\"2020-10-13T21:15:53+00:00\" \/>\n<meta property=\"article:modified_time\" content=\"2020-10-13T21:16:17+00:00\" \/>\n<meta property=\"og:image\" content=\"https:\/\/infoecos.com.ar\/wp-content\/uploads\/2020\/10\/2020_10_13_CONFERENCIA_SITUACION_EPIDEMIOLOGICA_GBA_8085-scaled.jpg\" \/>\n\t<meta property=\"og:image:width\" content=\"2560\" \/>\n\t<meta property=\"og:image:height\" content=\"1703\" \/>\n\t<meta property=\"og:image:type\" content=\"image\/jpeg\" \/>\n<meta name=\"author\" content=\"Margarita Cisneros\" \/>\n<meta name=\"twitter:card\" content=\"summary_large_image\" \/>\n<meta name=\"twitter:creator\" content=\"@infoecos\" \/>\n<meta name=\"twitter:site\" content=\"@infoecos\" \/>\n<meta name=\"twitter:label1\" content=\"Escrito por\" \/>\n\t<meta name=\"twitter:data1\" content=\"Margarita Cisneros\" \/>\n\t<meta name=\"twitter:label2\" content=\"Tiempo de lectura\" \/>\n\t<meta name=\"twitter:data2\" content=\"3 minutos\" \/>\n<script type=\"application\/ld+json\" class=\"yoast-schema-graph\">{\"@context\":\"https:\/\/schema.org\",\"@graph\":[{\"@type\":\"Article\",\"@id\":\"https:\/\/infoecos.com.ar\/index.php\/desde-provincia-estan-preocupados-por-el-aumento-de-casos-en-el-interior\/#article\",\"isPartOf\":{\"@id\":\"https:\/\/infoecos.com.ar\/index.php\/desde-provincia-estan-preocupados-por-el-aumento-de-casos-en-el-interior\/\"},\"author\":{\"name\":\"Margarita Cisneros\",\"@id\":\"https:\/\/infoecos.com.ar\/#\/schema\/person\/48f2cde645edc65d1d8cf93fa42e0953\"},\"headline\":\"Desde provincia est\u00e1n preocupados por el aumento de casos en el interior\",\"datePublished\":\"2020-10-13T21:15:53+00:00\",\"dateModified\":\"2020-10-13T21:16:17+00:00\",\"mainEntityOfPage\":{\"@id\":\"https:\/\/infoecos.com.ar\/index.php\/desde-provincia-estan-preocupados-por-el-aumento-de-casos-en-el-interior\/\"},\"wordCount\":625,\"publisher\":{\"@id\":\"https:\/\/infoecos.com.ar\/#organization\"},\"image\":{\"@id\":\"https:\/\/infoecos.com.ar\/index.php\/desde-provincia-estan-preocupados-por-el-aumento-de-casos-en-el-interior\/#primaryimage\"},\"thumbnailUrl\":\"https:\/\/infoecos.com.ar\/wp-content\/uploads\/2020\/10\/2020_10_13_CONFERENCIA_SITUACION_EPIDEMIOLOGICA_GBA_8085-scaled.jpg\",\"keywords\":[\"YA TREPAN AL 33% DEL TOTAL\"],\"articleSection\":[\"Noticia Principal\"],\"inLanguage\":\"es\"},{\"@type\":\"WebPage\",\"@id\":\"https:\/\/infoecos.com.ar\/index.php\/desde-provincia-estan-preocupados-por-el-aumento-de-casos-en-el-interior\/\",\"url\":\"https:\/\/infoecos.com.ar\/index.php\/desde-provincia-estan-preocupados-por-el-aumento-de-casos-en-el-interior\/\",\"name\":\"Desde provincia est\u00e1n preocupados por el aumento de casos en el interior - Infoecos\",\"isPartOf\":{\"@id\":\"https:\/\/infoecos.com.ar\/#website\"},\"primaryImageOfPage\":{\"@id\":\"https:\/\/infoecos.com.ar\/index.php\/desde-provincia-estan-preocupados-por-el-aumento-de-casos-en-el-interior\/#primaryimage\"},\"image\":{\"@id\":\"https:\/\/infoecos.com.ar\/index.php\/desde-provincia-estan-preocupados-por-el-aumento-de-casos-en-el-interior\/#primaryimage\"},\"thumbnailUrl\":\"https:\/\/infoecos.com.ar\/wp-content\/uploads\/2020\/10\/2020_10_13_CONFERENCIA_SITUACION_EPIDEMIOLOGICA_GBA_8085-scaled.jpg\",\"datePublished\":\"2020-10-13T21:15:53+00:00\",\"dateModified\":\"2020-10-13T21:16:17+00:00\",\"breadcrumb\":{\"@id\":\"https:\/\/infoecos.com.ar\/index.php\/desde-provincia-estan-preocupados-por-el-aumento-de-casos-en-el-interior\/#breadcrumb\"},\"inLanguage\":\"es\",\"potentialAction\":[{\"@type\":\"ReadAction\",\"target\":[\"https:\/\/infoecos.com.ar\/index.php\/desde-provincia-estan-preocupados-por-el-aumento-de-casos-en-el-interior\/\"]}]},{\"@type\":\"ImageObject\",\"inLanguage\":\"es\",\"@id\":\"https:\/\/infoecos.com.ar\/index.php\/desde-provincia-estan-preocupados-por-el-aumento-de-casos-en-el-interior\/#primaryimage\",\"url\":\"https:\/\/infoecos.com.ar\/wp-content\/uploads\/2020\/10\/2020_10_13_CONFERENCIA_SITUACION_EPIDEMIOLOGICA_GBA_8085-scaled.jpg\",\"contentUrl\":\"https:\/\/infoecos.com.ar\/wp-content\/uploads\/2020\/10\/2020_10_13_CONFERENCIA_SITUACION_EPIDEMIOLOGICA_GBA_8085-scaled.jpg\",\"width\":2560,\"height\":1703,\"caption\":\"2020_10_13 CONFERENCIA DE PRENSA SITUACION EPIDEMIOLOGICA\"},{\"@type\":\"BreadcrumbList\",\"@id\":\"https:\/\/infoecos.com.ar\/index.php\/desde-provincia-estan-preocupados-por-el-aumento-de-casos-en-el-interior\/#breadcrumb\",\"itemListElement\":[{\"@type\":\"ListItem\",\"position\":1,\"name\":\"Portada\",\"item\":\"https:\/\/infoecos.com.ar\/\"},{\"@type\":\"ListItem\",\"position\":2,\"name\":\"Desde provincia est\u00e1n preocupados por el aumento de casos en el interior\"}]},{\"@type\":\"WebSite\",\"@id\":\"https:\/\/infoecos.com.ar\/#website\",\"url\":\"https:\/\/infoecos.com.ar\/\",\"name\":\"Infoecos\",\"description\":\"Noticias de trenque lauquen y la zona\",\"publisher\":{\"@id\":\"https:\/\/infoecos.com.ar\/#organization\"},\"alternateName\":\"Noticias\",\"potentialAction\":[{\"@type\":\"SearchAction\",\"target\":{\"@type\":\"EntryPoint\",\"urlTemplate\":\"https:\/\/infoecos.com.ar\/?s={search_term_string}\"},\"query-input\":{\"@type\":\"PropertyValueSpecification\",\"valueRequired\":true,\"valueName\":\"search_term_string\"}}],\"inLanguage\":\"es\"},{\"@type\":\"Organization\",\"@id\":\"https:\/\/infoecos.com.ar\/#organization\",\"name\":\"Infoecos\",\"alternateName\":\"Noticias\",\"url\":\"https:\/\/infoecos.com.ar\/\",\"logo\":{\"@type\":\"ImageObject\",\"inLanguage\":\"es\",\"@id\":\"https:\/\/infoecos.com.ar\/#\/schema\/logo\/image\/\",\"url\":\"https:\/\/infoecos.com.ar\/wp-content\/uploads\/2024\/03\/cropped-logo.png\",\"contentUrl\":\"https:\/\/infoecos.com.ar\/wp-content\/uploads\/2024\/03\/cropped-logo.png\",\"width\":374,\"height\":90,\"caption\":\"Infoecos\"},\"image\":{\"@id\":\"https:\/\/infoecos.com.ar\/#\/schema\/logo\/image\/\"},\"sameAs\":[\"https:\/\/www.facebook.com\/profile.php?id=100063200290284\",\"https:\/\/x.com\/infoecos\"]},{\"@type\":\"Person\",\"@id\":\"https:\/\/infoecos.com.ar\/#\/schema\/person\/48f2cde645edc65d1d8cf93fa42e0953\",\"name\":\"Margarita Cisneros\",\"url\":\"https:\/\/infoecos.com.ar\/index.php\/author\/mcisneros\/\"}]}<\/script>\n<!-- \/ Yoast SEO plugin. -->","yoast_head_json":{"title":"Desde provincia est\u00e1n preocupados por el aumento de casos en el interior - Infoecos","robots":{"index":"index","follow":"follow","max-snippet":"max-snippet:-1","max-image-preview":"max-image-preview:large","max-video-preview":"max-video-preview:-1"},"canonical":"https:\/\/infoecos.com.ar\/index.php\/desde-provincia-estan-preocupados-por-el-aumento-de-casos-en-el-interior\/","og_locale":"es_ES","og_type":"article","og_title":"Desde provincia est\u00e1n preocupados por el aumento de casos en el interior - Infoecos","og_description":"En el informe presentado esta ma\u00f1ana en la Gobernaci\u00f3n bonaerense, el Jefe de Gabinete Carlos Bianco, y el Ministro de Salud Daniel Goll\u00e1n, se not\u00f3 preocupaci\u00f3n por el avance del COVID-19 en el interior de la provincia, ya que all\u00ed los casos llegan al 33% del total","og_url":"https:\/\/infoecos.com.ar\/index.php\/desde-provincia-estan-preocupados-por-el-aumento-de-casos-en-el-interior\/","og_site_name":"Infoecos","article_publisher":"https:\/\/www.facebook.com\/profile.php?id=100063200290284","article_published_time":"2020-10-13T21:15:53+00:00","article_modified_time":"2020-10-13T21:16:17+00:00","og_image":[{"width":2560,"height":1703,"url":"https:\/\/infoecos.com.ar\/wp-content\/uploads\/2020\/10\/2020_10_13_CONFERENCIA_SITUACION_EPIDEMIOLOGICA_GBA_8085-scaled.jpg","type":"image\/jpeg"}],"author":"Margarita Cisneros","twitter_card":"summary_large_image","twitter_creator":"@infoecos","twitter_site":"@infoecos","twitter_misc":{"Escrito por":"Margarita Cisneros","Tiempo de lectura":"3 minutos"},"schema":{"@context":"https:\/\/schema.org","@graph":[{"@type":"Article","@id":"https:\/\/infoecos.com.ar\/index.php\/desde-provincia-estan-preocupados-por-el-aumento-de-casos-en-el-interior\/#article","isPartOf":{"@id":"https:\/\/infoecos.com.ar\/index.php\/desde-provincia-estan-preocupados-por-el-aumento-de-casos-en-el-interior\/"},"author":{"name":"Margarita Cisneros","@id":"https:\/\/infoecos.com.ar\/#\/schema\/person\/48f2cde645edc65d1d8cf93fa42e0953"},"headline":"Desde provincia est\u00e1n preocupados por el aumento de casos en el interior","datePublished":"2020-10-13T21:15:53+00:00","dateModified":"2020-10-13T21:16:17+00:00","mainEntityOfPage":{"@id":"https:\/\/infoecos.com.ar\/index.php\/desde-provincia-estan-preocupados-por-el-aumento-de-casos-en-el-interior\/"},"wordCount":625,"publisher":{"@id":"https:\/\/infoecos.com.ar\/#organization"},"image":{"@id":"https:\/\/infoecos.com.ar\/index.php\/desde-provincia-estan-preocupados-por-el-aumento-de-casos-en-el-interior\/#primaryimage"},"thumbnailUrl":"https:\/\/infoecos.com.ar\/wp-content\/uploads\/2020\/10\/2020_10_13_CONFERENCIA_SITUACION_EPIDEMIOLOGICA_GBA_8085-scaled.jpg","keywords":["YA TREPAN AL 33% DEL TOTAL"],"articleSection":["Noticia Principal"],"inLanguage":"es"},{"@type":"WebPage","@id":"https:\/\/infoecos.com.ar\/index.php\/desde-provincia-estan-preocupados-por-el-aumento-de-casos-en-el-interior\/","url":"https:\/\/infoecos.com.ar\/index.php\/desde-provincia-estan-preocupados-por-el-aumento-de-casos-en-el-interior\/","name":"Desde provincia est\u00e1n preocupados por el aumento de casos en el interior - Infoecos","isPartOf":{"@id":"https:\/\/infoecos.com.ar\/#website"},"primaryImageOfPage":{"@id":"https:\/\/infoecos.com.ar\/index.php\/desde-provincia-estan-preocupados-por-el-aumento-de-casos-en-el-interior\/#primaryimage"},"image":{"@id":"https:\/\/infoecos.com.ar\/index.php\/desde-provincia-estan-preocupados-por-el-aumento-de-casos-en-el-interior\/#primaryimage"},"thumbnailUrl":"https:\/\/infoecos.com.ar\/wp-content\/uploads\/2020\/10\/2020_10_13_CONFERENCIA_SITUACION_EPIDEMIOLOGICA_GBA_8085-scaled.jpg","datePublished":"2020-10-13T21:15:53+00:00","dateModified":"2020-10-13T21:16:17+00:00","breadcrumb":{"@id":"https:\/\/infoecos.com.ar\/index.php\/desde-provincia-estan-preocupados-por-el-aumento-de-casos-en-el-interior\/#breadcrumb"},"inLanguage":"es","potentialAction":[{"@type":"ReadAction","target":["https:\/\/infoecos.com.ar\/index.php\/desde-provincia-estan-preocupados-por-el-aumento-de-casos-en-el-interior\/"]}]},{"@type":"ImageObject","inLanguage":"es","@id":"https:\/\/infoecos.com.ar\/index.php\/desde-provincia-estan-preocupados-por-el-aumento-de-casos-en-el-interior\/#primaryimage","url":"https:\/\/infoecos.com.ar\/wp-content\/uploads\/2020\/10\/2020_10_13_CONFERENCIA_SITUACION_EPIDEMIOLOGICA_GBA_8085-scaled.jpg","contentUrl":"https:\/\/infoecos.com.ar\/wp-content\/uploads\/2020\/10\/2020_10_13_CONFERENCIA_SITUACION_EPIDEMIOLOGICA_GBA_8085-scaled.jpg","width":2560,"height":1703,"caption":"2020_10_13 CONFERENCIA DE PRENSA SITUACION EPIDEMIOLOGICA"},{"@type":"BreadcrumbList","@id":"https:\/\/infoecos.com.ar\/index.php\/desde-provincia-estan-preocupados-por-el-aumento-de-casos-en-el-interior\/#breadcrumb","itemListElement":[{"@type":"ListItem","position":1,"name":"Portada","item":"https:\/\/infoecos.com.ar\/"},{"@type":"ListItem","position":2,"name":"Desde provincia est\u00e1n preocupados por el aumento de casos en el interior"}]},{"@type":"WebSite","@id":"https:\/\/infoecos.com.ar\/#website","url":"https:\/\/infoecos.com.ar\/","name":"Infoecos","description":"Noticias de trenque lauquen y la zona","publisher":{"@id":"https:\/\/infoecos.com.ar\/#organization"},"alternateName":"Noticias","potentialAction":[{"@type":"SearchAction","target":{"@type":"EntryPoint","urlTemplate":"https:\/\/infoecos.com.ar\/?s={search_term_string}"},"query-input":{"@type":"PropertyValueSpecification","valueRequired":true,"valueName":"search_term_string"}}],"inLanguage":"es"},{"@type":"Organization","@id":"https:\/\/infoecos.com.ar\/#organization","name":"Infoecos","alternateName":"Noticias","url":"https:\/\/infoecos.com.ar\/","logo":{"@type":"ImageObject","inLanguage":"es","@id":"https:\/\/infoecos.com.ar\/#\/schema\/logo\/image\/","url":"https:\/\/infoecos.com.ar\/wp-content\/uploads\/2024\/03\/cropped-logo.png","contentUrl":"https:\/\/infoecos.com.ar\/wp-content\/uploads\/2024\/03\/cropped-logo.png","width":374,"height":90,"caption":"Infoecos"},"image":{"@id":"https:\/\/infoecos.com.ar\/#\/schema\/logo\/image\/"},"sameAs":["https:\/\/www.facebook.com\/profile.php?id=100063200290284","https:\/\/x.com\/infoecos"]},{"@type":"Person","@id":"https:\/\/infoecos.com.ar\/#\/schema\/person\/48f2cde645edc65d1d8cf93fa42e0953","name":"Margarita Cisneros","url":"https:\/\/infoecos.com.ar\/index.php\/author\/mcisneros\/"}]}},"featured_image_urls":{"full":["https:\/\/infoecos.com.ar\/wp-content\/uploads\/2020\/10\/2020_10_13_CONFERENCIA_SITUACION_EPIDEMIOLOGICA_GBA_8085-scaled.jpg",2560,1703,false],"thumbnail":["https:\/\/infoecos.com.ar\/wp-content\/uploads\/2020\/10\/2020_10_13_CONFERENCIA_SITUACION_EPIDEMIOLOGICA_GBA_8085-150x150.jpg",150,150,true],"medium":["https:\/\/infoecos.com.ar\/wp-content\/uploads\/2020\/10\/2020_10_13_CONFERENCIA_SITUACION_EPIDEMIOLOGICA_GBA_8085-460x306.jpg",460,306,true],"medium_large":["https:\/\/infoecos.com.ar\/wp-content\/uploads\/2020\/10\/2020_10_13_CONFERENCIA_SITUACION_EPIDEMIOLOGICA_GBA_8085-768x511.jpg",640,426,true],"large":["https:\/\/infoecos.com.ar\/wp-content\/uploads\/2020\/10\/2020_10_13_CONFERENCIA_SITUACION_EPIDEMIOLOGICA_GBA_8085-920x612.jpg",640,426,true],"1536x1536":["https:\/\/infoecos.com.ar\/wp-content\/uploads\/2020\/10\/2020_10_13_CONFERENCIA_SITUACION_EPIDEMIOLOGICA_GBA_8085-1536x1022.jpg",1536,1022,true],"2048x2048":["https:\/\/infoecos.com.ar\/wp-content\/uploads\/2020\/10\/2020_10_13_CONFERENCIA_SITUACION_EPIDEMIOLOGICA_GBA_8085-2048x1362.jpg",2048,1362,true],"covernews-slider-full":["https:\/\/infoecos.com.ar\/wp-content\/uploads\/2020\/10\/2020_10_13_CONFERENCIA_SITUACION_EPIDEMIOLOGICA_GBA_8085-1536x1020.jpg",1077,715,true],"covernews-slider-center":["https:\/\/infoecos.com.ar\/wp-content\/uploads\/2020\/10\/2020_10_13_CONFERENCIA_SITUACION_EPIDEMIOLOGICA_GBA_8085-936x897.jpg",522,500,true],"covernews-featured":["https:\/\/infoecos.com.ar\/wp-content\/uploads\/2020\/10\/2020_10_13_CONFERENCIA_SITUACION_EPIDEMIOLOGICA_GBA_8085-1024x681.jpg",1024,681,true],"covernews-medium":["https:\/\/infoecos.com.ar\/wp-content\/uploads\/2020\/10\/2020_10_13_CONFERENCIA_SITUACION_EPIDEMIOLOGICA_GBA_8085-720x380.jpg",540,285,true],"covernews-medium-square":["https:\/\/infoecos.com.ar\/wp-content\/uploads\/2020\/10\/2020_10_13_CONFERENCIA_SITUACION_EPIDEMIOLOGICA_GBA_8085-675x450.jpg",375,250,true]},"author_info":{"info":["Margarita Cisneros"]},"category_info":"<a href=\"https:\/\/infoecos.com.ar\/index.php\/category\/noticia-principal\/\" rel=\"category tag\">Noticia Principal<\/a>","tag_info":"Noticia Principal","comment_count":"0","_links":{"self":[{"href":"https:\/\/infoecos.com.ar\/index.php\/wp-json\/wp\/v2\/posts\/69463"}],"collection":[{"href":"https:\/\/infoecos.com.ar\/index.php\/wp-json\/wp\/v2\/posts"}],"about":[{"href":"https:\/\/infoecos.com.ar\/index.php\/wp-json\/wp\/v2\/types\/post"}],"author":[{"embeddable":true,"href":"https:\/\/infoecos.com.ar\/index.php\/wp-json\/wp\/v2\/users\/3"}],"replies":[{"embeddable":true,"href":"https:\/\/infoecos.com.ar\/index.php\/wp-json\/wp\/v2\/comments?post=69463"}],"version-history":[{"count":3,"href":"https:\/\/infoecos.com.ar\/index.php\/wp-json\/wp\/v2\/posts\/69463\/revisions"}],"predecessor-version":[{"id":69469,"href":"https:\/\/infoecos.com.ar\/index.php\/wp-json\/wp\/v2\/posts\/69463\/revisions\/69469"}],"wp:featuredmedia":[{"embeddable":true,"href":"https:\/\/infoecos.com.ar\/index.php\/wp-json\/wp\/v2\/media\/69464"}],"wp:attachment":[{"href":"https:\/\/infoecos.com.ar\/index.php\/wp-json\/wp\/v2\/media?parent=69463"}],"wp:term":[{"taxonomy":"category","embeddable":true,"href":"https:\/\/infoecos.com.ar\/index.php\/wp-json\/wp\/v2\/categories?post=69463"},{"taxonomy":"post_tag","embeddable":true,"href":"https:\/\/infoecos.com.ar\/index.php\/wp-json\/wp\/v2\/tags?post=69463"}],"curies":[{"name":"wp","href":"https:\/\/api.w.org\/{rel}","templated":true}]}}