{"id":69483,"date":"2020-10-14T01:42:12","date_gmt":"2020-10-14T04:42:12","guid":{"rendered":"http:\/\/infoecos.com.ar\/?p=69483"},"modified":"2020-10-16T02:48:09","modified_gmt":"2020-10-16T05:48:09","slug":"kicillof-lanzo-una-escuela-de-economia-para-los-135-distritos-de-la-provincia-de-buenos-aires","status":"publish","type":"post","link":"https:\/\/infoecos.com.ar\/index.php\/kicillof-lanzo-una-escuela-de-economia-para-los-135-distritos-de-la-provincia-de-buenos-aires\/","title":{"rendered":"Kicillof lanz\u00f3 una Escuela de Econom\u00eda para los 135 distritos de la provincia de Buenos Aires"},"content":{"rendered":"\n<p>El Gobernador de la Provincia, Axel Kicillof; junto al ministro de Hacienda y Finanzas, Pablo L\u00f3pez; la ministra de Gobierno, Teresa Garc\u00eda, y la secretaria de Provincias del ministerio del Interior de la Naci\u00f3n, Silvina Batakis, present\u00f3 ayer v\u00eda teleconferencia, ante intendentes y representantes de los 135 municipios, la Escuela de Econom\u00eda y Gesti\u00f3n para el Desarrollo Local. Un campus virtual que formar\u00e1 a funcionarios y funcionarias, y a equipos t\u00e9cnicos de los municipios, con capacitaciones vinculadas a tem\u00e1ticas econ\u00f3micas y an\u00e1lisis estad\u00edsticos y fiscales que fortalezcan la gesti\u00f3n y el desarrollo local de cada municipio.<\/p>\n\n\n\n<div class=\"wp-block-image\"><figure class=\"aligncenter size-medium\"><img loading=\"lazy\" decoding=\"async\" width=\"460\" height=\"307\" src=\"http:\/\/infoecos.com.ar\/wp-content\/uploads\/2020\/10\/2020_10_13_AK_Videoconferencia-Escuela-de-Economia_068-460x307.jpg\" alt=\"\" class=\"wp-image-69484\" srcset=\"https:\/\/infoecos.com.ar\/wp-content\/uploads\/2020\/10\/2020_10_13_AK_Videoconferencia-Escuela-de-Economia_068-460x307.jpg 460w, https:\/\/infoecos.com.ar\/wp-content\/uploads\/2020\/10\/2020_10_13_AK_Videoconferencia-Escuela-de-Economia_068-920x613.jpg 920w, https:\/\/infoecos.com.ar\/wp-content\/uploads\/2020\/10\/2020_10_13_AK_Videoconferencia-Escuela-de-Economia_068-768x512.jpg 768w, https:\/\/infoecos.com.ar\/wp-content\/uploads\/2020\/10\/2020_10_13_AK_Videoconferencia-Escuela-de-Economia_068-1536x1024.jpg 1536w, https:\/\/infoecos.com.ar\/wp-content\/uploads\/2020\/10\/2020_10_13_AK_Videoconferencia-Escuela-de-Economia_068-2048x1365.jpg 2048w, https:\/\/infoecos.com.ar\/wp-content\/uploads\/2020\/10\/2020_10_13_AK_Videoconferencia-Escuela-de-Economia_068-1024x683.jpg 1024w, https:\/\/infoecos.com.ar\/wp-content\/uploads\/2020\/10\/2020_10_13_AK_Videoconferencia-Escuela-de-Economia_068-675x450.jpg 675w\" sizes=\"(max-width: 460px) 100vw, 460px\" \/><figcaption>13 de octubre de 2020. El Gobernador de la provincia de Buenos Aires, Axel Kicillof, participo de la presentaci\u00f3n de la Escuela de Econom\u00eda y Gesti\u00f3n para el Desarrollo Local. Lo acompa\u00f1aron intendentes y ministros\nFoto: Mariano Sanda<\/figcaption><\/figure><\/div>\n\n\n\n<p>El Gobernador destac\u00f3 que \u201cel desaf\u00edo es abordar la gesti\u00f3n municipal desde una perspectiva integral que facilite el crecimiento y permita una mejor calidad de vida para los y las bonaerenses\u201d. \u201cLa Escuela de Econom\u00eda no fue concebida como un espacio estrictamente t\u00e9cnico, proponemos un abordaje de las cuentas p\u00fablicas desde una mirada mucho m\u00e1s amplia, pensando al Estado municipal como una unidad econ\u00f3mica, pol\u00edtica, sanitaria y educativa\u201d, subray\u00f3 Kicillof. \u201cLa participaci\u00f3n de los intendentes es fundamental para modernizar la gesti\u00f3n, generar trabajo y bienestar en la Provincia\u201d, asegur\u00f3. \u201cLa Escuela est\u00e1 abierta para que todos los municipios propongan contenidos y debates que enriquezcan la discusi\u00f3n y la conviertan en una herramienta transformadora\u201d, concluy\u00f3 el Gobernador.<\/p>\n\n\n\n<div class=\"wp-block-image\"><figure class=\"aligncenter size-medium\"><img loading=\"lazy\" decoding=\"async\" width=\"460\" height=\"307\" src=\"http:\/\/infoecos.com.ar\/wp-content\/uploads\/2020\/10\/2020_10_13_AK_Videoconferencia-Escuela-de-Economia_016-460x307.jpg\" alt=\"\" class=\"wp-image-69485\" srcset=\"https:\/\/infoecos.com.ar\/wp-content\/uploads\/2020\/10\/2020_10_13_AK_Videoconferencia-Escuela-de-Economia_016-460x307.jpg 460w, https:\/\/infoecos.com.ar\/wp-content\/uploads\/2020\/10\/2020_10_13_AK_Videoconferencia-Escuela-de-Economia_016-920x613.jpg 920w, https:\/\/infoecos.com.ar\/wp-content\/uploads\/2020\/10\/2020_10_13_AK_Videoconferencia-Escuela-de-Economia_016-768x512.jpg 768w, https:\/\/infoecos.com.ar\/wp-content\/uploads\/2020\/10\/2020_10_13_AK_Videoconferencia-Escuela-de-Economia_016-1536x1024.jpg 1536w, https:\/\/infoecos.com.ar\/wp-content\/uploads\/2020\/10\/2020_10_13_AK_Videoconferencia-Escuela-de-Economia_016-2048x1365.jpg 2048w, https:\/\/infoecos.com.ar\/wp-content\/uploads\/2020\/10\/2020_10_13_AK_Videoconferencia-Escuela-de-Economia_016-1024x683.jpg 1024w, https:\/\/infoecos.com.ar\/wp-content\/uploads\/2020\/10\/2020_10_13_AK_Videoconferencia-Escuela-de-Economia_016-675x450.jpg 675w\" sizes=\"(max-width: 460px) 100vw, 460px\" \/><figcaption>13 de octubre de 2020. El Gobernador de la provincia de Buenos Aires, Axel Kicillof, participo de la presentaci\u00f3n de la Escuela de Econom\u00eda y Gesti\u00f3n para el Desarrollo Local. Lo acompa\u00f1aron intendentes y ministros\nFoto: Mariano Sanda<\/figcaption><\/figure><\/div>\n\n\n\n<p>En ese sentido, L\u00f3pez asegur\u00f3 que: \u201cDesde el inicio de nuestro Gobierno venimos trabajando y colaborando con todos los municipios con el objetivo de fortalecer su gesti\u00f3n. En este sentido, la Escuela de Econom\u00eda y Gesti\u00f3n para el Desarrollo Local, es una iniciativa muy importante que en 2021 contar\u00e1 con m\u00e1s de 100 docentes y 40 cursos nuevos por semestre, capacitando a m\u00e1s de 1600 alumnos en toda la Provincia\u201d. Asimismo, expres\u00f3 que \u201cel objetivo es avanzar hacia una mirada m\u00e1s amplia de capacitaci\u00f3n e implementaci\u00f3n de pol\u00edticas p\u00fablicas que fortalezcan la gesti\u00f3n de los municipios y promuevan el desarrollo local, que es central para alcanzar una provincia potenciada, integrada y que pueda contribuir a la mejora en la calidad de vida de las y los bonaerenses\u201d.<\/p>\n\n\n\n<p>Por su parte, Batakis, asegur\u00f3: \u201cLa Escuela de Econom\u00eda y Gesti\u00f3n para el Desarrollo Local es una iniciativa muy importante porque permite, a trav\u00e9s de la capacitaci\u00f3n, articular acciones entre la Provincia y los municipios y hacer m\u00e1s eficiente la gesti\u00f3n y la implementaci\u00f3n de p\u00fablicas que permitan fomentar el desarrollo local\u201d.<\/p>\n\n\n\n<p>Finalmente, los intendentes de Necochea, Arturo Rojas; de Rauch, Maximiliano Suescun, e Iv\u00e1n Villagr\u00e1n, de Carmen de Areco coincidieron en reconocer la importancia del lanzamiento de la Escuela de Econom\u00eda y Gesti\u00f3n para el Desarrollo Local como un pilar fundamental para la profesionalizaci\u00f3n de los equipos t\u00e9cnicos municipales, para el fortalecimiento de los v\u00ednculos entre municipios y para contar con herramientas que permitan generar pol\u00edticas p\u00fablicas regionales, teniendo en cuenta la diversidad que tiene la provincia de Buenos Aires.<\/p>\n\n\n\n<div class=\"wp-block-image\"><figure class=\"aligncenter size-medium\"><img loading=\"lazy\" decoding=\"async\" width=\"460\" height=\"307\" src=\"http:\/\/infoecos.com.ar\/wp-content\/uploads\/2020\/10\/2020_10_13_AK_Videoconferencia-Escuela-de-Economia_047-460x307.jpg\" alt=\"\" class=\"wp-image-69486\" srcset=\"https:\/\/infoecos.com.ar\/wp-content\/uploads\/2020\/10\/2020_10_13_AK_Videoconferencia-Escuela-de-Economia_047-460x307.jpg 460w, https:\/\/infoecos.com.ar\/wp-content\/uploads\/2020\/10\/2020_10_13_AK_Videoconferencia-Escuela-de-Economia_047-920x613.jpg 920w, https:\/\/infoecos.com.ar\/wp-content\/uploads\/2020\/10\/2020_10_13_AK_Videoconferencia-Escuela-de-Economia_047-768x512.jpg 768w, https:\/\/infoecos.com.ar\/wp-content\/uploads\/2020\/10\/2020_10_13_AK_Videoconferencia-Escuela-de-Economia_047-1536x1024.jpg 1536w, https:\/\/infoecos.com.ar\/wp-content\/uploads\/2020\/10\/2020_10_13_AK_Videoconferencia-Escuela-de-Economia_047-2048x1365.jpg 2048w, https:\/\/infoecos.com.ar\/wp-content\/uploads\/2020\/10\/2020_10_13_AK_Videoconferencia-Escuela-de-Economia_047-1024x683.jpg 1024w, https:\/\/infoecos.com.ar\/wp-content\/uploads\/2020\/10\/2020_10_13_AK_Videoconferencia-Escuela-de-Economia_047-675x450.jpg 675w\" sizes=\"(max-width: 460px) 100vw, 460px\" \/><figcaption>13 de octubre de 2020. El Gobernador de la provincia de Buenos Aires, Axel Kicillof, participo de la presentaci\u00f3n de la Escuela de Econom\u00eda y Gesti\u00f3n para el Desarrollo Local. Lo acompa\u00f1aron intendentes y ministros\nFoto: Mariano Sanda<\/figcaption><\/figure><\/div>\n\n\n\n<p>La Escuela de Econom\u00eda y Desarrollo Local fue creada a trav\u00e9s de la resoluci\u00f3n 519\/20 publicada en el Bolet\u00edn Oficial. Esta iniciativa formaliza y ampl\u00eda la cantidad de capacitaciones que se ven\u00eda desarrollando y tiene como objetivo capacitar a los equipos t\u00e9cnicos de los 135 municipios en tem\u00e1ticas econ\u00f3micas y fiscales que les permitan a los y las trabajadoras municipales alcanzar una mejora permanente en la gesti\u00f3n integral y generar pol\u00edticas p\u00fablicas que mejoren la calidad de vida de los y las bonaerenses. M\u00e1s informaci\u00f3n en&nbsp;<a href=\"http:\/\/www.escuelamunicipal.economia.gba.gob.ar\/\" target=\"_blank\" rel=\"noreferrer noopener\">www.escuelamunicipal.economia.gba.gob.ar<\/a><\/p>\n\n\n\n<p>Tambi\u00e9n participaron de la presentaci\u00f3n el subsecretario de Coordinaci\u00f3n Econ\u00f3mica y Estad\u00edstica del Ministerio de Hacienda y Finanzas, Nicol\u00e1s Todesca; el subsecretario de Empleo P\u00fablico y Gesti\u00f3n de Bienes de la Jefatura de Gabinete de Ministros, Agust\u00edn Robla; y el Director Ejecutivo del Instituto Provincial de Administraci\u00f3n P\u00fablica, Hern\u00e1n Escudero.<\/p>\n\n\n\n<figure class=\"wp-block-audio\"><audio controls src=\"http:\/\/infoecos.com.ar\/wp-content\/uploads\/2020\/10\/13-10-20-LP-AK-Escuela-economia-RADIO.mp3\"><\/audio><\/figure>\n\n\n\n<p><\/p>\n","protected":false},"excerpt":{"rendered":"<p>Junto al ministro de Hacienda y Finanzas, Pablo L\u00f3pez; la ministra de Gobierno, Teresa Garc\u00eda, y la secretaria de Provincias del ministerio del Interior de la Naci\u00f3n, Silvina Batakis<\/p>\n","protected":false},"author":2,"featured_media":69488,"comment_status":"closed","ping_status":"open","sticky":false,"template":"","format":"standard","meta":{"footnotes":""},"categories":[1333],"tags":[1767],"class_list":["post-69483","post","type-post","status-publish","format-standard","has-post-thumbnail","hentry","category-inferior13","tag-politica-y-economia-3"],"yoast_head":"<!-- This site is optimized with the Yoast SEO plugin v23.4 - https:\/\/yoast.com\/wordpress\/plugins\/seo\/ -->\n<title>Kicillof lanz\u00f3 una Escuela de Econom\u00eda para los 135 distritos de la provincia de Buenos Aires - Infoecos<\/title>\n<meta name=\"robots\" content=\"index, follow, max-snippet:-1, max-image-preview:large, max-video-preview:-1\" \/>\n<link rel=\"canonical\" href=\"https:\/\/infoecos.com.ar\/index.php\/kicillof-lanzo-una-escuela-de-economia-para-los-135-distritos-de-la-provincia-de-buenos-aires\/\" \/>\n<meta property=\"og:locale\" content=\"es_ES\" \/>\n<meta property=\"og:type\" content=\"article\" \/>\n<meta property=\"og:title\" content=\"Kicillof lanz\u00f3 una Escuela de Econom\u00eda para los 135 distritos de la provincia de Buenos Aires - Infoecos\" \/>\n<meta property=\"og:description\" content=\"Junto al ministro de Hacienda y Finanzas, Pablo L\u00f3pez; la ministra de Gobierno, Teresa Garc\u00eda, y la secretaria de Provincias del ministerio del Interior de la Naci\u00f3n, Silvina Batakis\" \/>\n<meta property=\"og:url\" content=\"https:\/\/infoecos.com.ar\/index.php\/kicillof-lanzo-una-escuela-de-economia-para-los-135-distritos-de-la-provincia-de-buenos-aires\/\" \/>\n<meta property=\"og:site_name\" content=\"Infoecos\" \/>\n<meta property=\"article:publisher\" content=\"https:\/\/www.facebook.com\/profile.php?id=100063200290284\" \/>\n<meta property=\"article:published_time\" content=\"2020-10-14T04:42:12+00:00\" \/>\n<meta property=\"article:modified_time\" content=\"2020-10-16T05:48:09+00:00\" \/>\n<meta property=\"og:image\" content=\"https:\/\/infoecos.com.ar\/wp-content\/uploads\/2020\/10\/2020_10_13_AK_Videoconferencia-Escuela-de-Economia_108-scaled.jpg\" \/>\n\t<meta property=\"og:image:width\" content=\"2560\" \/>\n\t<meta property=\"og:image:height\" content=\"1707\" \/>\n\t<meta property=\"og:image:type\" content=\"image\/jpeg\" \/>\n<meta name=\"author\" content=\"Jorge Matheus\" \/>\n<meta name=\"twitter:card\" content=\"summary_large_image\" \/>\n<meta name=\"twitter:creator\" content=\"@infoecos\" \/>\n<meta name=\"twitter:site\" content=\"@infoecos\" \/>\n<meta name=\"twitter:label1\" content=\"Escrito por\" \/>\n\t<meta name=\"twitter:data1\" content=\"Jorge Matheus\" \/>\n\t<meta name=\"twitter:label2\" content=\"Tiempo de lectura\" \/>\n\t<meta name=\"twitter:data2\" content=\"4 minutos\" \/>\n<script type=\"application\/ld+json\" class=\"yoast-schema-graph\">{\"@context\":\"https:\/\/schema.org\",\"@graph\":[{\"@type\":\"Article\",\"@id\":\"https:\/\/infoecos.com.ar\/index.php\/kicillof-lanzo-una-escuela-de-economia-para-los-135-distritos-de-la-provincia-de-buenos-aires\/#article\",\"isPartOf\":{\"@id\":\"https:\/\/infoecos.com.ar\/index.php\/kicillof-lanzo-una-escuela-de-economia-para-los-135-distritos-de-la-provincia-de-buenos-aires\/\"},\"author\":{\"name\":\"Jorge Matheus\",\"@id\":\"https:\/\/infoecos.com.ar\/#\/schema\/person\/8f5ace5ce73b4b4aac4b7245aee6f191\"},\"headline\":\"Kicillof lanz\u00f3 una Escuela de Econom\u00eda para los 135 distritos de la provincia de Buenos Aires\",\"datePublished\":\"2020-10-14T04:42:12+00:00\",\"dateModified\":\"2020-10-16T05:48:09+00:00\",\"mainEntityOfPage\":{\"@id\":\"https:\/\/infoecos.com.ar\/index.php\/kicillof-lanzo-una-escuela-de-economia-para-los-135-distritos-de-la-provincia-de-buenos-aires\/\"},\"wordCount\":820,\"publisher\":{\"@id\":\"https:\/\/infoecos.com.ar\/#organization\"},\"image\":{\"@id\":\"https:\/\/infoecos.com.ar\/index.php\/kicillof-lanzo-una-escuela-de-economia-para-los-135-distritos-de-la-provincia-de-buenos-aires\/#primaryimage\"},\"thumbnailUrl\":\"https:\/\/infoecos.com.ar\/wp-content\/uploads\/2020\/10\/2020_10_13_AK_Videoconferencia-Escuela-de-Economia_108-scaled.jpg\",\"keywords\":[\"POL\u00cdTICA Y ECONOM\u00cdA\"],\"articleSection\":[\"Bloque inferior - 13\"],\"inLanguage\":\"es\"},{\"@type\":\"WebPage\",\"@id\":\"https:\/\/infoecos.com.ar\/index.php\/kicillof-lanzo-una-escuela-de-economia-para-los-135-distritos-de-la-provincia-de-buenos-aires\/\",\"url\":\"https:\/\/infoecos.com.ar\/index.php\/kicillof-lanzo-una-escuela-de-economia-para-los-135-distritos-de-la-provincia-de-buenos-aires\/\",\"name\":\"Kicillof lanz\u00f3 una Escuela de Econom\u00eda para los 135 distritos de la provincia de Buenos Aires - Infoecos\",\"isPartOf\":{\"@id\":\"https:\/\/infoecos.com.ar\/#website\"},\"primaryImageOfPage\":{\"@id\":\"https:\/\/infoecos.com.ar\/index.php\/kicillof-lanzo-una-escuela-de-economia-para-los-135-distritos-de-la-provincia-de-buenos-aires\/#primaryimage\"},\"image\":{\"@id\":\"https:\/\/infoecos.com.ar\/index.php\/kicillof-lanzo-una-escuela-de-economia-para-los-135-distritos-de-la-provincia-de-buenos-aires\/#primaryimage\"},\"thumbnailUrl\":\"https:\/\/infoecos.com.ar\/wp-content\/uploads\/2020\/10\/2020_10_13_AK_Videoconferencia-Escuela-de-Economia_108-scaled.jpg\",\"datePublished\":\"2020-10-14T04:42:12+00:00\",\"dateModified\":\"2020-10-16T05:48:09+00:00\",\"breadcrumb\":{\"@id\":\"https:\/\/infoecos.com.ar\/index.php\/kicillof-lanzo-una-escuela-de-economia-para-los-135-distritos-de-la-provincia-de-buenos-aires\/#breadcrumb\"},\"inLanguage\":\"es\",\"potentialAction\":[{\"@type\":\"ReadAction\",\"target\":[\"https:\/\/infoecos.com.ar\/index.php\/kicillof-lanzo-una-escuela-de-economia-para-los-135-distritos-de-la-provincia-de-buenos-aires\/\"]}]},{\"@type\":\"ImageObject\",\"inLanguage\":\"es\",\"@id\":\"https:\/\/infoecos.com.ar\/index.php\/kicillof-lanzo-una-escuela-de-economia-para-los-135-distritos-de-la-provincia-de-buenos-aires\/#primaryimage\",\"url\":\"https:\/\/infoecos.com.ar\/wp-content\/uploads\/2020\/10\/2020_10_13_AK_Videoconferencia-Escuela-de-Economia_108-scaled.jpg\",\"contentUrl\":\"https:\/\/infoecos.com.ar\/wp-content\/uploads\/2020\/10\/2020_10_13_AK_Videoconferencia-Escuela-de-Economia_108-scaled.jpg\",\"width\":2560,\"height\":1707},{\"@type\":\"BreadcrumbList\",\"@id\":\"https:\/\/infoecos.com.ar\/index.php\/kicillof-lanzo-una-escuela-de-economia-para-los-135-distritos-de-la-provincia-de-buenos-aires\/#breadcrumb\",\"itemListElement\":[{\"@type\":\"ListItem\",\"position\":1,\"name\":\"Portada\",\"item\":\"https:\/\/infoecos.com.ar\/\"},{\"@type\":\"ListItem\",\"position\":2,\"name\":\"Kicillof lanz\u00f3 una Escuela de Econom\u00eda para los 135 distritos de la provincia de Buenos Aires\"}]},{\"@type\":\"WebSite\",\"@id\":\"https:\/\/infoecos.com.ar\/#website\",\"url\":\"https:\/\/infoecos.com.ar\/\",\"name\":\"Infoecos\",\"description\":\"Noticias de trenque lauquen y la zona\",\"publisher\":{\"@id\":\"https:\/\/infoecos.com.ar\/#organization\"},\"alternateName\":\"Noticias\",\"potentialAction\":[{\"@type\":\"SearchAction\",\"target\":{\"@type\":\"EntryPoint\",\"urlTemplate\":\"https:\/\/infoecos.com.ar\/?s={search_term_string}\"},\"query-input\":{\"@type\":\"PropertyValueSpecification\",\"valueRequired\":true,\"valueName\":\"search_term_string\"}}],\"inLanguage\":\"es\"},{\"@type\":\"Organization\",\"@id\":\"https:\/\/infoecos.com.ar\/#organization\",\"name\":\"Infoecos\",\"alternateName\":\"Noticias\",\"url\":\"https:\/\/infoecos.com.ar\/\",\"logo\":{\"@type\":\"ImageObject\",\"inLanguage\":\"es\",\"@id\":\"https:\/\/infoecos.com.ar\/#\/schema\/logo\/image\/\",\"url\":\"https:\/\/infoecos.com.ar\/wp-content\/uploads\/2024\/03\/cropped-logo.png\",\"contentUrl\":\"https:\/\/infoecos.com.ar\/wp-content\/uploads\/2024\/03\/cropped-logo.png\",\"width\":374,\"height\":90,\"caption\":\"Infoecos\"},\"image\":{\"@id\":\"https:\/\/infoecos.com.ar\/#\/schema\/logo\/image\/\"},\"sameAs\":[\"https:\/\/www.facebook.com\/profile.php?id=100063200290284\",\"https:\/\/x.com\/infoecos\"]},{\"@type\":\"Person\",\"@id\":\"https:\/\/infoecos.com.ar\/#\/schema\/person\/8f5ace5ce73b4b4aac4b7245aee6f191\",\"name\":\"Jorge Matheus\",\"url\":\"https:\/\/infoecos.com.ar\/index.php\/author\/jomatheus\/\"}]}<\/script>\n<!-- \/ Yoast SEO plugin. -->","yoast_head_json":{"title":"Kicillof lanz\u00f3 una Escuela de Econom\u00eda para los 135 distritos de la provincia de Buenos Aires - Infoecos","robots":{"index":"index","follow":"follow","max-snippet":"max-snippet:-1","max-image-preview":"max-image-preview:large","max-video-preview":"max-video-preview:-1"},"canonical":"https:\/\/infoecos.com.ar\/index.php\/kicillof-lanzo-una-escuela-de-economia-para-los-135-distritos-de-la-provincia-de-buenos-aires\/","og_locale":"es_ES","og_type":"article","og_title":"Kicillof lanz\u00f3 una Escuela de Econom\u00eda para los 135 distritos de la provincia de Buenos Aires - Infoecos","og_description":"Junto al ministro de Hacienda y Finanzas, Pablo L\u00f3pez; la ministra de Gobierno, Teresa Garc\u00eda, y la secretaria de Provincias del ministerio del Interior de la Naci\u00f3n, Silvina Batakis","og_url":"https:\/\/infoecos.com.ar\/index.php\/kicillof-lanzo-una-escuela-de-economia-para-los-135-distritos-de-la-provincia-de-buenos-aires\/","og_site_name":"Infoecos","article_publisher":"https:\/\/www.facebook.com\/profile.php?id=100063200290284","article_published_time":"2020-10-14T04:42:12+00:00","article_modified_time":"2020-10-16T05:48:09+00:00","og_image":[{"width":2560,"height":1707,"url":"https:\/\/infoecos.com.ar\/wp-content\/uploads\/2020\/10\/2020_10_13_AK_Videoconferencia-Escuela-de-Economia_108-scaled.jpg","type":"image\/jpeg"}],"author":"Jorge Matheus","twitter_card":"summary_large_image","twitter_creator":"@infoecos","twitter_site":"@infoecos","twitter_misc":{"Escrito por":"Jorge Matheus","Tiempo de lectura":"4 minutos"},"schema":{"@context":"https:\/\/schema.org","@graph":[{"@type":"Article","@id":"https:\/\/infoecos.com.ar\/index.php\/kicillof-lanzo-una-escuela-de-economia-para-los-135-distritos-de-la-provincia-de-buenos-aires\/#article","isPartOf":{"@id":"https:\/\/infoecos.com.ar\/index.php\/kicillof-lanzo-una-escuela-de-economia-para-los-135-distritos-de-la-provincia-de-buenos-aires\/"},"author":{"name":"Jorge Matheus","@id":"https:\/\/infoecos.com.ar\/#\/schema\/person\/8f5ace5ce73b4b4aac4b7245aee6f191"},"headline":"Kicillof lanz\u00f3 una Escuela de Econom\u00eda para los 135 distritos de la provincia de Buenos Aires","datePublished":"2020-10-14T04:42:12+00:00","dateModified":"2020-10-16T05:48:09+00:00","mainEntityOfPage":{"@id":"https:\/\/infoecos.com.ar\/index.php\/kicillof-lanzo-una-escuela-de-economia-para-los-135-distritos-de-la-provincia-de-buenos-aires\/"},"wordCount":820,"publisher":{"@id":"https:\/\/infoecos.com.ar\/#organization"},"image":{"@id":"https:\/\/infoecos.com.ar\/index.php\/kicillof-lanzo-una-escuela-de-economia-para-los-135-distritos-de-la-provincia-de-buenos-aires\/#primaryimage"},"thumbnailUrl":"https:\/\/infoecos.com.ar\/wp-content\/uploads\/2020\/10\/2020_10_13_AK_Videoconferencia-Escuela-de-Economia_108-scaled.jpg","keywords":["POL\u00cdTICA Y ECONOM\u00cdA"],"articleSection":["Bloque inferior - 13"],"inLanguage":"es"},{"@type":"WebPage","@id":"https:\/\/infoecos.com.ar\/index.php\/kicillof-lanzo-una-escuela-de-economia-para-los-135-distritos-de-la-provincia-de-buenos-aires\/","url":"https:\/\/infoecos.com.ar\/index.php\/kicillof-lanzo-una-escuela-de-economia-para-los-135-distritos-de-la-provincia-de-buenos-aires\/","name":"Kicillof lanz\u00f3 una Escuela de Econom\u00eda para los 135 distritos de la provincia de Buenos Aires - Infoecos","isPartOf":{"@id":"https:\/\/infoecos.com.ar\/#website"},"primaryImageOfPage":{"@id":"https:\/\/infoecos.com.ar\/index.php\/kicillof-lanzo-una-escuela-de-economia-para-los-135-distritos-de-la-provincia-de-buenos-aires\/#primaryimage"},"image":{"@id":"https:\/\/infoecos.com.ar\/index.php\/kicillof-lanzo-una-escuela-de-economia-para-los-135-distritos-de-la-provincia-de-buenos-aires\/#primaryimage"},"thumbnailUrl":"https:\/\/infoecos.com.ar\/wp-content\/uploads\/2020\/10\/2020_10_13_AK_Videoconferencia-Escuela-de-Economia_108-scaled.jpg","datePublished":"2020-10-14T04:42:12+00:00","dateModified":"2020-10-16T05:48:09+00:00","breadcrumb":{"@id":"https:\/\/infoecos.com.ar\/index.php\/kicillof-lanzo-una-escuela-de-economia-para-los-135-distritos-de-la-provincia-de-buenos-aires\/#breadcrumb"},"inLanguage":"es","potentialAction":[{"@type":"ReadAction","target":["https:\/\/infoecos.com.ar\/index.php\/kicillof-lanzo-una-escuela-de-economia-para-los-135-distritos-de-la-provincia-de-buenos-aires\/"]}]},{"@type":"ImageObject","inLanguage":"es","@id":"https:\/\/infoecos.com.ar\/index.php\/kicillof-lanzo-una-escuela-de-economia-para-los-135-distritos-de-la-provincia-de-buenos-aires\/#primaryimage","url":"https:\/\/infoecos.com.ar\/wp-content\/uploads\/2020\/10\/2020_10_13_AK_Videoconferencia-Escuela-de-Economia_108-scaled.jpg","contentUrl":"https:\/\/infoecos.com.ar\/wp-content\/uploads\/2020\/10\/2020_10_13_AK_Videoconferencia-Escuela-de-Economia_108-scaled.jpg","width":2560,"height":1707},{"@type":"BreadcrumbList","@id":"https:\/\/infoecos.com.ar\/index.php\/kicillof-lanzo-una-escuela-de-economia-para-los-135-distritos-de-la-provincia-de-buenos-aires\/#breadcrumb","itemListElement":[{"@type":"ListItem","position":1,"name":"Portada","item":"https:\/\/infoecos.com.ar\/"},{"@type":"ListItem","position":2,"name":"Kicillof lanz\u00f3 una Escuela de Econom\u00eda para los 135 distritos de la provincia de Buenos Aires"}]},{"@type":"WebSite","@id":"https:\/\/infoecos.com.ar\/#website","url":"https:\/\/infoecos.com.ar\/","name":"Infoecos","description":"Noticias de trenque lauquen y la zona","publisher":{"@id":"https:\/\/infoecos.com.ar\/#organization"},"alternateName":"Noticias","potentialAction":[{"@type":"SearchAction","target":{"@type":"EntryPoint","urlTemplate":"https:\/\/infoecos.com.ar\/?s={search_term_string}"},"query-input":{"@type":"PropertyValueSpecification","valueRequired":true,"valueName":"search_term_string"}}],"inLanguage":"es"},{"@type":"Organization","@id":"https:\/\/infoecos.com.ar\/#organization","name":"Infoecos","alternateName":"Noticias","url":"https:\/\/infoecos.com.ar\/","logo":{"@type":"ImageObject","inLanguage":"es","@id":"https:\/\/infoecos.com.ar\/#\/schema\/logo\/image\/","url":"https:\/\/infoecos.com.ar\/wp-content\/uploads\/2024\/03\/cropped-logo.png","contentUrl":"https:\/\/infoecos.com.ar\/wp-content\/uploads\/2024\/03\/cropped-logo.png","width":374,"height":90,"caption":"Infoecos"},"image":{"@id":"https:\/\/infoecos.com.ar\/#\/schema\/logo\/image\/"},"sameAs":["https:\/\/www.facebook.com\/profile.php?id=100063200290284","https:\/\/x.com\/infoecos"]},{"@type":"Person","@id":"https:\/\/infoecos.com.ar\/#\/schema\/person\/8f5ace5ce73b4b4aac4b7245aee6f191","name":"Jorge Matheus","url":"https:\/\/infoecos.com.ar\/index.php\/author\/jomatheus\/"}]}},"featured_image_urls":{"full":["https:\/\/infoecos.com.ar\/wp-content\/uploads\/2020\/10\/2020_10_13_AK_Videoconferencia-Escuela-de-Economia_108-scaled.jpg",2560,1707,false],"thumbnail":["https:\/\/infoecos.com.ar\/wp-content\/uploads\/2020\/10\/2020_10_13_AK_Videoconferencia-Escuela-de-Economia_108-150x150.jpg",150,150,true],"medium":["https:\/\/infoecos.com.ar\/wp-content\/uploads\/2020\/10\/2020_10_13_AK_Videoconferencia-Escuela-de-Economia_108-460x307.jpg",460,307,true],"medium_large":["https:\/\/infoecos.com.ar\/wp-content\/uploads\/2020\/10\/2020_10_13_AK_Videoconferencia-Escuela-de-Economia_108-768x512.jpg",640,427,true],"large":["https:\/\/infoecos.com.ar\/wp-content\/uploads\/2020\/10\/2020_10_13_AK_Videoconferencia-Escuela-de-Economia_108-920x613.jpg",640,426,true],"1536x1536":["https:\/\/infoecos.com.ar\/wp-content\/uploads\/2020\/10\/2020_10_13_AK_Videoconferencia-Escuela-de-Economia_108-1536x1024.jpg",1536,1024,true],"2048x2048":["https:\/\/infoecos.com.ar\/wp-content\/uploads\/2020\/10\/2020_10_13_AK_Videoconferencia-Escuela-de-Economia_108-2048x1365.jpg",2048,1365,true],"covernews-slider-full":["https:\/\/infoecos.com.ar\/wp-content\/uploads\/2020\/10\/2020_10_13_AK_Videoconferencia-Escuela-de-Economia_108-1536x1020.jpg",1077,715,true],"covernews-slider-center":["https:\/\/infoecos.com.ar\/wp-content\/uploads\/2020\/10\/2020_10_13_AK_Videoconferencia-Escuela-de-Economia_108-936x897.jpg",522,500,true],"covernews-featured":["https:\/\/infoecos.com.ar\/wp-content\/uploads\/2020\/10\/2020_10_13_AK_Videoconferencia-Escuela-de-Economia_108-1024x683.jpg",1024,683,true],"covernews-medium":["https:\/\/infoecos.com.ar\/wp-content\/uploads\/2020\/10\/2020_10_13_AK_Videoconferencia-Escuela-de-Economia_108-720x380.jpg",540,285,true],"covernews-medium-square":["https:\/\/infoecos.com.ar\/wp-content\/uploads\/2020\/10\/2020_10_13_AK_Videoconferencia-Escuela-de-Economia_108-675x450.jpg",375,250,true]},"author_info":{"info":["Jorge Matheus"]},"category_info":"<a href=\"https:\/\/infoecos.com.ar\/index.php\/category\/inferior13\/\" rel=\"category tag\">Bloque inferior - 13<\/a>","tag_info":"Bloque inferior - 13","comment_count":"0","_links":{"self":[{"href":"https:\/\/infoecos.com.ar\/index.php\/wp-json\/wp\/v2\/posts\/69483"}],"collection":[{"href":"https:\/\/infoecos.com.ar\/index.php\/wp-json\/wp\/v2\/posts"}],"about":[{"href":"https:\/\/infoecos.com.ar\/index.php\/wp-json\/wp\/v2\/types\/post"}],"author":[{"embeddable":true,"href":"https:\/\/infoecos.com.ar\/index.php\/wp-json\/wp\/v2\/users\/2"}],"replies":[{"embeddable":true,"href":"https:\/\/infoecos.com.ar\/index.php\/wp-json\/wp\/v2\/comments?post=69483"}],"version-history":[{"count":1,"href":"https:\/\/infoecos.com.ar\/index.php\/wp-json\/wp\/v2\/posts\/69483\/revisions"}],"predecessor-version":[{"id":69489,"href":"https:\/\/infoecos.com.ar\/index.php\/wp-json\/wp\/v2\/posts\/69483\/revisions\/69489"}],"wp:featuredmedia":[{"embeddable":true,"href":"https:\/\/infoecos.com.ar\/index.php\/wp-json\/wp\/v2\/media\/69488"}],"wp:attachment":[{"href":"https:\/\/infoecos.com.ar\/index.php\/wp-json\/wp\/v2\/media?parent=69483"}],"wp:term":[{"taxonomy":"category","embeddable":true,"href":"https:\/\/infoecos.com.ar\/index.php\/wp-json\/wp\/v2\/categories?post=69483"},{"taxonomy":"post_tag","embeddable":true,"href":"https:\/\/infoecos.com.ar\/index.php\/wp-json\/wp\/v2\/tags?post=69483"}],"curies":[{"name":"wp","href":"https:\/\/api.w.org\/{rel}","templated":true}]}}