{"id":69520,"date":"2020-10-14T16:08:24","date_gmt":"2020-10-14T19:08:24","guid":{"rendered":"http:\/\/infoecos.com.ar\/?p=69520"},"modified":"2020-10-16T02:45:55","modified_gmt":"2020-10-16T05:45:55","slug":"el-intendente-de-pehuajo-anuncio-enroques-en-su-equipo-de-gobierno-y-la-elevacion-al-concejo-deliberante-de-un-nuevo-organigrama-municipal","status":"publish","type":"post","link":"https:\/\/infoecos.com.ar\/index.php\/el-intendente-de-pehuajo-anuncio-enroques-en-su-equipo-de-gobierno-y-la-elevacion-al-concejo-deliberante-de-un-nuevo-organigrama-municipal\/","title":{"rendered":"El intendente de Pehuaj\u00f3 anunci\u00f3 enroques en su equipo de gobierno y la elevaci\u00f3n al Concejo Deliberante de un nuevo organigrama municipal"},"content":{"rendered":"\n<p>El intendente municipal de Pehuaj\u00f3, Pablo Zurro, en el marco de una conferencia de prensa que brind\u00f3 en horas de la ma\u00f1ana de este mi\u00e9rcoles hizo anuncios relacionados con cambios en el organigrama, como as\u00ed tambi\u00e9n present\u00f3 a la nueva secretaria de Gobierno, Rosa Ron.<\/p>\n\n\n\n<div class=\"wp-block-image\"><figure class=\"aligncenter size-medium\"><img loading=\"lazy\" decoding=\"async\" width=\"460\" height=\"307\" src=\"http:\/\/infoecos.com.ar\/wp-content\/uploads\/2020\/10\/zurropabloconfprensa-460x307.jpg\" alt=\"\" class=\"wp-image-69521\" srcset=\"https:\/\/infoecos.com.ar\/wp-content\/uploads\/2020\/10\/zurropabloconfprensa-460x307.jpg 460w, https:\/\/infoecos.com.ar\/wp-content\/uploads\/2020\/10\/zurropabloconfprensa-920x613.jpg 920w, https:\/\/infoecos.com.ar\/wp-content\/uploads\/2020\/10\/zurropabloconfprensa-768x512.jpg 768w, https:\/\/infoecos.com.ar\/wp-content\/uploads\/2020\/10\/zurropabloconfprensa-1024x682.jpg 1024w, https:\/\/infoecos.com.ar\/wp-content\/uploads\/2020\/10\/zurropabloconfprensa-675x450.jpg 675w, https:\/\/infoecos.com.ar\/wp-content\/uploads\/2020\/10\/zurropabloconfprensa.jpg 1280w\" sizes=\"(max-width: 460px) 100vw, 460px\" \/><\/figure><\/div>\n\n\n\n<p>Ron se desempe\u00f1aba como titular de Desarrollo Humano, cargo que desde ahora ser\u00e1 ocupado por Natalia Abanz, mientras que Eliana Guardo ser\u00e1 la nueva Directora de Pol\u00edticas Sociales. Esta \u00faltima coordinaba el programa Envi\u00f3n.<\/p>\n\n\n\n<p>El Jefe Comunal destac\u00f3 el trabajo de la anterior titular de Gobierno, Cecilia Oroz que pasa a ocupar el cargo de secretaria Municipal de Hacienda. Se\u00f1al\u00f3 Zurro que \u00abha cumplido un rol impecable. Es una de las mejores funcionarios que he tenido\u00bb.<\/p>\n\n\n\n<p>Con relaci\u00f3n al organigrama anunci\u00f3 que se elev\u00f3 al Concejo Deliberante el proyecto para que la Direcci\u00f3n de Personal pase a ser Secretar\u00eda. La elevaci\u00f3n de rango, expuso, es debido a la gran cantidad de empleados y empleados con que cuenta el municipio. Tambi\u00e9n comunic\u00f3 que se propuso que el Hospital Municipal tenga su propia Direcci\u00f3n de Personal. <\/p>\n\n\n\n<p><\/p>\n","protected":false},"excerpt":{"rendered":"<p>Con relaci\u00f3n al organigrama anunci\u00f3 que se elev\u00f3 al Concejo Deliberante el proyecto para que la Direcci\u00f3n de Personal pase a ser Secretar\u00eda<\/p>\n","protected":false},"author":2,"featured_media":69521,"comment_status":"closed","ping_status":"open","sticky":false,"template":"","format":"standard","meta":{"footnotes":""},"categories":[1331],"tags":[2189],"class_list":["post-69520","post","type-post","status-publish","format-standard","has-post-thumbnail","hentry","category-inferior11","tag-cambios-en-importantes-areas-y-elevacion-de-rango"],"yoast_head":"<!-- This site is optimized with the Yoast SEO plugin v23.4 - https:\/\/yoast.com\/wordpress\/plugins\/seo\/ -->\n<title>El intendente de Pehuaj\u00f3 anunci\u00f3 enroques en su equipo de gobierno y la elevaci\u00f3n al Concejo Deliberante de un nuevo organigrama municipal - Infoecos<\/title>\n<meta name=\"robots\" content=\"index, follow, max-snippet:-1, max-image-preview:large, max-video-preview:-1\" \/>\n<link rel=\"canonical\" href=\"https:\/\/infoecos.com.ar\/index.php\/el-intendente-de-pehuajo-anuncio-enroques-en-su-equipo-de-gobierno-y-la-elevacion-al-concejo-deliberante-de-un-nuevo-organigrama-municipal\/\" \/>\n<meta property=\"og:locale\" content=\"es_ES\" \/>\n<meta property=\"og:type\" content=\"article\" \/>\n<meta property=\"og:title\" content=\"El intendente de Pehuaj\u00f3 anunci\u00f3 enroques en su equipo de gobierno y la elevaci\u00f3n al Concejo Deliberante de un nuevo organigrama municipal - Infoecos\" \/>\n<meta property=\"og:description\" content=\"Con relaci\u00f3n al organigrama anunci\u00f3 que se elev\u00f3 al Concejo Deliberante el proyecto para que la Direcci\u00f3n de Personal pase a ser Secretar\u00eda\" \/>\n<meta property=\"og:url\" content=\"https:\/\/infoecos.com.ar\/index.php\/el-intendente-de-pehuajo-anuncio-enroques-en-su-equipo-de-gobierno-y-la-elevacion-al-concejo-deliberante-de-un-nuevo-organigrama-municipal\/\" \/>\n<meta property=\"og:site_name\" content=\"Infoecos\" \/>\n<meta property=\"article:publisher\" content=\"https:\/\/www.facebook.com\/profile.php?id=100063200290284\" \/>\n<meta property=\"article:published_time\" content=\"2020-10-14T19:08:24+00:00\" \/>\n<meta property=\"article:modified_time\" content=\"2020-10-16T05:45:55+00:00\" \/>\n<meta property=\"og:image\" content=\"https:\/\/infoecos.com.ar\/wp-content\/uploads\/2020\/10\/zurropabloconfprensa.jpg\" \/>\n\t<meta property=\"og:image:width\" content=\"1280\" \/>\n\t<meta property=\"og:image:height\" content=\"853\" \/>\n\t<meta property=\"og:image:type\" content=\"image\/jpeg\" \/>\n<meta name=\"author\" content=\"Jorge Matheus\" \/>\n<meta name=\"twitter:card\" content=\"summary_large_image\" \/>\n<meta name=\"twitter:creator\" content=\"@infoecos\" \/>\n<meta name=\"twitter:site\" content=\"@infoecos\" \/>\n<meta name=\"twitter:label1\" content=\"Escrito por\" \/>\n\t<meta name=\"twitter:data1\" content=\"Jorge Matheus\" \/>\n\t<meta name=\"twitter:label2\" content=\"Tiempo de lectura\" \/>\n\t<meta name=\"twitter:data2\" content=\"1 minuto\" \/>\n<script type=\"application\/ld+json\" class=\"yoast-schema-graph\">{\"@context\":\"https:\/\/schema.org\",\"@graph\":[{\"@type\":\"Article\",\"@id\":\"https:\/\/infoecos.com.ar\/index.php\/el-intendente-de-pehuajo-anuncio-enroques-en-su-equipo-de-gobierno-y-la-elevacion-al-concejo-deliberante-de-un-nuevo-organigrama-municipal\/#article\",\"isPartOf\":{\"@id\":\"https:\/\/infoecos.com.ar\/index.php\/el-intendente-de-pehuajo-anuncio-enroques-en-su-equipo-de-gobierno-y-la-elevacion-al-concejo-deliberante-de-un-nuevo-organigrama-municipal\/\"},\"author\":{\"name\":\"Jorge Matheus\",\"@id\":\"https:\/\/infoecos.com.ar\/#\/schema\/person\/8f5ace5ce73b4b4aac4b7245aee6f191\"},\"headline\":\"El intendente de Pehuaj\u00f3 anunci\u00f3 enroques en su equipo de gobierno y la elevaci\u00f3n al Concejo Deliberante de un nuevo organigrama municipal\",\"datePublished\":\"2020-10-14T19:08:24+00:00\",\"dateModified\":\"2020-10-16T05:45:55+00:00\",\"mainEntityOfPage\":{\"@id\":\"https:\/\/infoecos.com.ar\/index.php\/el-intendente-de-pehuajo-anuncio-enroques-en-su-equipo-de-gobierno-y-la-elevacion-al-concejo-deliberante-de-un-nuevo-organigrama-municipal\/\"},\"wordCount\":215,\"publisher\":{\"@id\":\"https:\/\/infoecos.com.ar\/#organization\"},\"image\":{\"@id\":\"https:\/\/infoecos.com.ar\/index.php\/el-intendente-de-pehuajo-anuncio-enroques-en-su-equipo-de-gobierno-y-la-elevacion-al-concejo-deliberante-de-un-nuevo-organigrama-municipal\/#primaryimage\"},\"thumbnailUrl\":\"https:\/\/infoecos.com.ar\/wp-content\/uploads\/2020\/10\/zurropabloconfprensa.jpg\",\"keywords\":[\"cambios en importantes \u00e1reas y elevaci\u00f3n de rango\"],\"articleSection\":[\"Bloque inferior - 11\"],\"inLanguage\":\"es\"},{\"@type\":\"WebPage\",\"@id\":\"https:\/\/infoecos.com.ar\/index.php\/el-intendente-de-pehuajo-anuncio-enroques-en-su-equipo-de-gobierno-y-la-elevacion-al-concejo-deliberante-de-un-nuevo-organigrama-municipal\/\",\"url\":\"https:\/\/infoecos.com.ar\/index.php\/el-intendente-de-pehuajo-anuncio-enroques-en-su-equipo-de-gobierno-y-la-elevacion-al-concejo-deliberante-de-un-nuevo-organigrama-municipal\/\",\"name\":\"El intendente de Pehuaj\u00f3 anunci\u00f3 enroques en su equipo de gobierno y la elevaci\u00f3n al Concejo Deliberante de un nuevo organigrama municipal - Infoecos\",\"isPartOf\":{\"@id\":\"https:\/\/infoecos.com.ar\/#website\"},\"primaryImageOfPage\":{\"@id\":\"https:\/\/infoecos.com.ar\/index.php\/el-intendente-de-pehuajo-anuncio-enroques-en-su-equipo-de-gobierno-y-la-elevacion-al-concejo-deliberante-de-un-nuevo-organigrama-municipal\/#primaryimage\"},\"image\":{\"@id\":\"https:\/\/infoecos.com.ar\/index.php\/el-intendente-de-pehuajo-anuncio-enroques-en-su-equipo-de-gobierno-y-la-elevacion-al-concejo-deliberante-de-un-nuevo-organigrama-municipal\/#primaryimage\"},\"thumbnailUrl\":\"https:\/\/infoecos.com.ar\/wp-content\/uploads\/2020\/10\/zurropabloconfprensa.jpg\",\"datePublished\":\"2020-10-14T19:08:24+00:00\",\"dateModified\":\"2020-10-16T05:45:55+00:00\",\"breadcrumb\":{\"@id\":\"https:\/\/infoecos.com.ar\/index.php\/el-intendente-de-pehuajo-anuncio-enroques-en-su-equipo-de-gobierno-y-la-elevacion-al-concejo-deliberante-de-un-nuevo-organigrama-municipal\/#breadcrumb\"},\"inLanguage\":\"es\",\"potentialAction\":[{\"@type\":\"ReadAction\",\"target\":[\"https:\/\/infoecos.com.ar\/index.php\/el-intendente-de-pehuajo-anuncio-enroques-en-su-equipo-de-gobierno-y-la-elevacion-al-concejo-deliberante-de-un-nuevo-organigrama-municipal\/\"]}]},{\"@type\":\"ImageObject\",\"inLanguage\":\"es\",\"@id\":\"https:\/\/infoecos.com.ar\/index.php\/el-intendente-de-pehuajo-anuncio-enroques-en-su-equipo-de-gobierno-y-la-elevacion-al-concejo-deliberante-de-un-nuevo-organigrama-municipal\/#primaryimage\",\"url\":\"https:\/\/infoecos.com.ar\/wp-content\/uploads\/2020\/10\/zurropabloconfprensa.jpg\",\"contentUrl\":\"https:\/\/infoecos.com.ar\/wp-content\/uploads\/2020\/10\/zurropabloconfprensa.jpg\",\"width\":1280,\"height\":853},{\"@type\":\"BreadcrumbList\",\"@id\":\"https:\/\/infoecos.com.ar\/index.php\/el-intendente-de-pehuajo-anuncio-enroques-en-su-equipo-de-gobierno-y-la-elevacion-al-concejo-deliberante-de-un-nuevo-organigrama-municipal\/#breadcrumb\",\"itemListElement\":[{\"@type\":\"ListItem\",\"position\":1,\"name\":\"Portada\",\"item\":\"https:\/\/infoecos.com.ar\/\"},{\"@type\":\"ListItem\",\"position\":2,\"name\":\"El intendente de Pehuaj\u00f3 anunci\u00f3 enroques en su equipo de gobierno y la elevaci\u00f3n al Concejo Deliberante de un nuevo organigrama municipal\"}]},{\"@type\":\"WebSite\",\"@id\":\"https:\/\/infoecos.com.ar\/#website\",\"url\":\"https:\/\/infoecos.com.ar\/\",\"name\":\"Infoecos\",\"description\":\"Noticias de trenque lauquen y la zona\",\"publisher\":{\"@id\":\"https:\/\/infoecos.com.ar\/#organization\"},\"alternateName\":\"Noticias\",\"potentialAction\":[{\"@type\":\"SearchAction\",\"target\":{\"@type\":\"EntryPoint\",\"urlTemplate\":\"https:\/\/infoecos.com.ar\/?s={search_term_string}\"},\"query-input\":{\"@type\":\"PropertyValueSpecification\",\"valueRequired\":true,\"valueName\":\"search_term_string\"}}],\"inLanguage\":\"es\"},{\"@type\":\"Organization\",\"@id\":\"https:\/\/infoecos.com.ar\/#organization\",\"name\":\"Infoecos\",\"alternateName\":\"Noticias\",\"url\":\"https:\/\/infoecos.com.ar\/\",\"logo\":{\"@type\":\"ImageObject\",\"inLanguage\":\"es\",\"@id\":\"https:\/\/infoecos.com.ar\/#\/schema\/logo\/image\/\",\"url\":\"https:\/\/infoecos.com.ar\/wp-content\/uploads\/2024\/03\/cropped-logo.png\",\"contentUrl\":\"https:\/\/infoecos.com.ar\/wp-content\/uploads\/2024\/03\/cropped-logo.png\",\"width\":374,\"height\":90,\"caption\":\"Infoecos\"},\"image\":{\"@id\":\"https:\/\/infoecos.com.ar\/#\/schema\/logo\/image\/\"},\"sameAs\":[\"https:\/\/www.facebook.com\/profile.php?id=100063200290284\",\"https:\/\/x.com\/infoecos\"]},{\"@type\":\"Person\",\"@id\":\"https:\/\/infoecos.com.ar\/#\/schema\/person\/8f5ace5ce73b4b4aac4b7245aee6f191\",\"name\":\"Jorge Matheus\",\"url\":\"https:\/\/infoecos.com.ar\/index.php\/author\/jomatheus\/\"}]}<\/script>\n<!-- \/ Yoast SEO plugin. -->","yoast_head_json":{"title":"El intendente de Pehuaj\u00f3 anunci\u00f3 enroques en su equipo de gobierno y la elevaci\u00f3n al Concejo Deliberante de un nuevo organigrama municipal - Infoecos","robots":{"index":"index","follow":"follow","max-snippet":"max-snippet:-1","max-image-preview":"max-image-preview:large","max-video-preview":"max-video-preview:-1"},"canonical":"https:\/\/infoecos.com.ar\/index.php\/el-intendente-de-pehuajo-anuncio-enroques-en-su-equipo-de-gobierno-y-la-elevacion-al-concejo-deliberante-de-un-nuevo-organigrama-municipal\/","og_locale":"es_ES","og_type":"article","og_title":"El intendente de Pehuaj\u00f3 anunci\u00f3 enroques en su equipo de gobierno y la elevaci\u00f3n al Concejo Deliberante de un nuevo organigrama municipal - Infoecos","og_description":"Con relaci\u00f3n al organigrama anunci\u00f3 que se elev\u00f3 al Concejo Deliberante el proyecto para que la Direcci\u00f3n de Personal pase a ser Secretar\u00eda","og_url":"https:\/\/infoecos.com.ar\/index.php\/el-intendente-de-pehuajo-anuncio-enroques-en-su-equipo-de-gobierno-y-la-elevacion-al-concejo-deliberante-de-un-nuevo-organigrama-municipal\/","og_site_name":"Infoecos","article_publisher":"https:\/\/www.facebook.com\/profile.php?id=100063200290284","article_published_time":"2020-10-14T19:08:24+00:00","article_modified_time":"2020-10-16T05:45:55+00:00","og_image":[{"width":1280,"height":853,"url":"https:\/\/infoecos.com.ar\/wp-content\/uploads\/2020\/10\/zurropabloconfprensa.jpg","type":"image\/jpeg"}],"author":"Jorge Matheus","twitter_card":"summary_large_image","twitter_creator":"@infoecos","twitter_site":"@infoecos","twitter_misc":{"Escrito por":"Jorge Matheus","Tiempo de lectura":"1 minuto"},"schema":{"@context":"https:\/\/schema.org","@graph":[{"@type":"Article","@id":"https:\/\/infoecos.com.ar\/index.php\/el-intendente-de-pehuajo-anuncio-enroques-en-su-equipo-de-gobierno-y-la-elevacion-al-concejo-deliberante-de-un-nuevo-organigrama-municipal\/#article","isPartOf":{"@id":"https:\/\/infoecos.com.ar\/index.php\/el-intendente-de-pehuajo-anuncio-enroques-en-su-equipo-de-gobierno-y-la-elevacion-al-concejo-deliberante-de-un-nuevo-organigrama-municipal\/"},"author":{"name":"Jorge Matheus","@id":"https:\/\/infoecos.com.ar\/#\/schema\/person\/8f5ace5ce73b4b4aac4b7245aee6f191"},"headline":"El intendente de Pehuaj\u00f3 anunci\u00f3 enroques en su equipo de gobierno y la elevaci\u00f3n al Concejo Deliberante de un nuevo organigrama municipal","datePublished":"2020-10-14T19:08:24+00:00","dateModified":"2020-10-16T05:45:55+00:00","mainEntityOfPage":{"@id":"https:\/\/infoecos.com.ar\/index.php\/el-intendente-de-pehuajo-anuncio-enroques-en-su-equipo-de-gobierno-y-la-elevacion-al-concejo-deliberante-de-un-nuevo-organigrama-municipal\/"},"wordCount":215,"publisher":{"@id":"https:\/\/infoecos.com.ar\/#organization"},"image":{"@id":"https:\/\/infoecos.com.ar\/index.php\/el-intendente-de-pehuajo-anuncio-enroques-en-su-equipo-de-gobierno-y-la-elevacion-al-concejo-deliberante-de-un-nuevo-organigrama-municipal\/#primaryimage"},"thumbnailUrl":"https:\/\/infoecos.com.ar\/wp-content\/uploads\/2020\/10\/zurropabloconfprensa.jpg","keywords":["cambios en importantes \u00e1reas y elevaci\u00f3n de rango"],"articleSection":["Bloque inferior - 11"],"inLanguage":"es"},{"@type":"WebPage","@id":"https:\/\/infoecos.com.ar\/index.php\/el-intendente-de-pehuajo-anuncio-enroques-en-su-equipo-de-gobierno-y-la-elevacion-al-concejo-deliberante-de-un-nuevo-organigrama-municipal\/","url":"https:\/\/infoecos.com.ar\/index.php\/el-intendente-de-pehuajo-anuncio-enroques-en-su-equipo-de-gobierno-y-la-elevacion-al-concejo-deliberante-de-un-nuevo-organigrama-municipal\/","name":"El intendente de Pehuaj\u00f3 anunci\u00f3 enroques en su equipo de gobierno y la elevaci\u00f3n al Concejo Deliberante de un nuevo organigrama municipal - Infoecos","isPartOf":{"@id":"https:\/\/infoecos.com.ar\/#website"},"primaryImageOfPage":{"@id":"https:\/\/infoecos.com.ar\/index.php\/el-intendente-de-pehuajo-anuncio-enroques-en-su-equipo-de-gobierno-y-la-elevacion-al-concejo-deliberante-de-un-nuevo-organigrama-municipal\/#primaryimage"},"image":{"@id":"https:\/\/infoecos.com.ar\/index.php\/el-intendente-de-pehuajo-anuncio-enroques-en-su-equipo-de-gobierno-y-la-elevacion-al-concejo-deliberante-de-un-nuevo-organigrama-municipal\/#primaryimage"},"thumbnailUrl":"https:\/\/infoecos.com.ar\/wp-content\/uploads\/2020\/10\/zurropabloconfprensa.jpg","datePublished":"2020-10-14T19:08:24+00:00","dateModified":"2020-10-16T05:45:55+00:00","breadcrumb":{"@id":"https:\/\/infoecos.com.ar\/index.php\/el-intendente-de-pehuajo-anuncio-enroques-en-su-equipo-de-gobierno-y-la-elevacion-al-concejo-deliberante-de-un-nuevo-organigrama-municipal\/#breadcrumb"},"inLanguage":"es","potentialAction":[{"@type":"ReadAction","target":["https:\/\/infoecos.com.ar\/index.php\/el-intendente-de-pehuajo-anuncio-enroques-en-su-equipo-de-gobierno-y-la-elevacion-al-concejo-deliberante-de-un-nuevo-organigrama-municipal\/"]}]},{"@type":"ImageObject","inLanguage":"es","@id":"https:\/\/infoecos.com.ar\/index.php\/el-intendente-de-pehuajo-anuncio-enroques-en-su-equipo-de-gobierno-y-la-elevacion-al-concejo-deliberante-de-un-nuevo-organigrama-municipal\/#primaryimage","url":"https:\/\/infoecos.com.ar\/wp-content\/uploads\/2020\/10\/zurropabloconfprensa.jpg","contentUrl":"https:\/\/infoecos.com.ar\/wp-content\/uploads\/2020\/10\/zurropabloconfprensa.jpg","width":1280,"height":853},{"@type":"BreadcrumbList","@id":"https:\/\/infoecos.com.ar\/index.php\/el-intendente-de-pehuajo-anuncio-enroques-en-su-equipo-de-gobierno-y-la-elevacion-al-concejo-deliberante-de-un-nuevo-organigrama-municipal\/#breadcrumb","itemListElement":[{"@type":"ListItem","position":1,"name":"Portada","item":"https:\/\/infoecos.com.ar\/"},{"@type":"ListItem","position":2,"name":"El intendente de Pehuaj\u00f3 anunci\u00f3 enroques en su equipo de gobierno y la elevaci\u00f3n al Concejo Deliberante de un nuevo organigrama municipal"}]},{"@type":"WebSite","@id":"https:\/\/infoecos.com.ar\/#website","url":"https:\/\/infoecos.com.ar\/","name":"Infoecos","description":"Noticias de trenque lauquen y la zona","publisher":{"@id":"https:\/\/infoecos.com.ar\/#organization"},"alternateName":"Noticias","potentialAction":[{"@type":"SearchAction","target":{"@type":"EntryPoint","urlTemplate":"https:\/\/infoecos.com.ar\/?s={search_term_string}"},"query-input":{"@type":"PropertyValueSpecification","valueRequired":true,"valueName":"search_term_string"}}],"inLanguage":"es"},{"@type":"Organization","@id":"https:\/\/infoecos.com.ar\/#organization","name":"Infoecos","alternateName":"Noticias","url":"https:\/\/infoecos.com.ar\/","logo":{"@type":"ImageObject","inLanguage":"es","@id":"https:\/\/infoecos.com.ar\/#\/schema\/logo\/image\/","url":"https:\/\/infoecos.com.ar\/wp-content\/uploads\/2024\/03\/cropped-logo.png","contentUrl":"https:\/\/infoecos.com.ar\/wp-content\/uploads\/2024\/03\/cropped-logo.png","width":374,"height":90,"caption":"Infoecos"},"image":{"@id":"https:\/\/infoecos.com.ar\/#\/schema\/logo\/image\/"},"sameAs":["https:\/\/www.facebook.com\/profile.php?id=100063200290284","https:\/\/x.com\/infoecos"]},{"@type":"Person","@id":"https:\/\/infoecos.com.ar\/#\/schema\/person\/8f5ace5ce73b4b4aac4b7245aee6f191","name":"Jorge Matheus","url":"https:\/\/infoecos.com.ar\/index.php\/author\/jomatheus\/"}]}},"featured_image_urls":{"full":["https:\/\/infoecos.com.ar\/wp-content\/uploads\/2020\/10\/zurropabloconfprensa.jpg",1280,853,false],"thumbnail":["https:\/\/infoecos.com.ar\/wp-content\/uploads\/2020\/10\/zurropabloconfprensa-150x150.jpg",150,150,true],"medium":["https:\/\/infoecos.com.ar\/wp-content\/uploads\/2020\/10\/zurropabloconfprensa-460x307.jpg",460,307,true],"medium_large":["https:\/\/infoecos.com.ar\/wp-content\/uploads\/2020\/10\/zurropabloconfprensa-768x512.jpg",640,427,true],"large":["https:\/\/infoecos.com.ar\/wp-content\/uploads\/2020\/10\/zurropabloconfprensa-920x613.jpg",640,426,true],"1536x1536":["https:\/\/infoecos.com.ar\/wp-content\/uploads\/2020\/10\/zurropabloconfprensa.jpg",1280,853,false],"2048x2048":["https:\/\/infoecos.com.ar\/wp-content\/uploads\/2020\/10\/zurropabloconfprensa.jpg",1280,853,false],"covernews-slider-full":["https:\/\/infoecos.com.ar\/wp-content\/uploads\/2020\/10\/zurropabloconfprensa.jpg",1073,715,false],"covernews-slider-center":["https:\/\/infoecos.com.ar\/wp-content\/uploads\/2020\/10\/zurropabloconfprensa-936x853.jpg",549,500,true],"covernews-featured":["https:\/\/infoecos.com.ar\/wp-content\/uploads\/2020\/10\/zurropabloconfprensa-1024x682.jpg",1024,682,true],"covernews-medium":["https:\/\/infoecos.com.ar\/wp-content\/uploads\/2020\/10\/zurropabloconfprensa-720x380.jpg",540,285,true],"covernews-medium-square":["https:\/\/infoecos.com.ar\/wp-content\/uploads\/2020\/10\/zurropabloconfprensa-675x450.jpg",375,250,true]},"author_info":{"info":["Jorge Matheus"]},"category_info":"<a href=\"https:\/\/infoecos.com.ar\/index.php\/category\/inferior11\/\" rel=\"category tag\">Bloque inferior - 11<\/a>","tag_info":"Bloque inferior - 11","comment_count":"0","_links":{"self":[{"href":"https:\/\/infoecos.com.ar\/index.php\/wp-json\/wp\/v2\/posts\/69520"}],"collection":[{"href":"https:\/\/infoecos.com.ar\/index.php\/wp-json\/wp\/v2\/posts"}],"about":[{"href":"https:\/\/infoecos.com.ar\/index.php\/wp-json\/wp\/v2\/types\/post"}],"author":[{"embeddable":true,"href":"https:\/\/infoecos.com.ar\/index.php\/wp-json\/wp\/v2\/users\/2"}],"replies":[{"embeddable":true,"href":"https:\/\/infoecos.com.ar\/index.php\/wp-json\/wp\/v2\/comments?post=69520"}],"version-history":[{"count":1,"href":"https:\/\/infoecos.com.ar\/index.php\/wp-json\/wp\/v2\/posts\/69520\/revisions"}],"predecessor-version":[{"id":69522,"href":"https:\/\/infoecos.com.ar\/index.php\/wp-json\/wp\/v2\/posts\/69520\/revisions\/69522"}],"wp:featuredmedia":[{"embeddable":true,"href":"https:\/\/infoecos.com.ar\/index.php\/wp-json\/wp\/v2\/media\/69521"}],"wp:attachment":[{"href":"https:\/\/infoecos.com.ar\/index.php\/wp-json\/wp\/v2\/media?parent=69520"}],"wp:term":[{"taxonomy":"category","embeddable":true,"href":"https:\/\/infoecos.com.ar\/index.php\/wp-json\/wp\/v2\/categories?post=69520"},{"taxonomy":"post_tag","embeddable":true,"href":"https:\/\/infoecos.com.ar\/index.php\/wp-json\/wp\/v2\/tags?post=69520"}],"curies":[{"name":"wp","href":"https:\/\/api.w.org\/{rel}","templated":true}]}}