{"id":69523,"date":"2020-10-14T16:21:38","date_gmt":"2020-10-14T19:21:38","guid":{"rendered":"http:\/\/infoecos.com.ar\/?p=69523"},"modified":"2020-10-16T02:45:15","modified_gmt":"2020-10-16T05:45:15","slug":"se-realizan-obras-de-alumbrado-en-distintos-sectores-de-la-ciudad-de-trenque-lauquen","status":"publish","type":"post","link":"https:\/\/infoecos.com.ar\/index.php\/se-realizan-obras-de-alumbrado-en-distintos-sectores-de-la-ciudad-de-trenque-lauquen\/","title":{"rendered":"Se realizan obras de alumbrado en distintos sectores de la ciudad de Trenque Lauquen"},"content":{"rendered":"\n<p>El director de Servicios Sanitarios y Alumbrado P\u00fablico de la Municipalidad de Trenque Lauquen, Domingo Lanciano, inform\u00f3 este mi\u00e9rcoles que se avanza con varias obras de alumbrado p\u00fablico en distintos sectores de la ciudad. Algunas se encuentran en plena ejecuci\u00f3n y otras est\u00e1n terminadas a la espera de la conexi\u00f3n del servicio por parte de la Cooperativa de Electricidad de Trenque Lauquen.<\/p>\n\n\n\n<div class=\"wp-block-image\"><figure class=\"aligncenter size-medium\"><img loading=\"lazy\" decoding=\"async\" width=\"460\" height=\"345\" src=\"http:\/\/infoecos.com.ar\/wp-content\/uploads\/2020\/10\/Alumbrado-publico-460x345.jpeg\" alt=\"\" class=\"wp-image-69524\" srcset=\"https:\/\/infoecos.com.ar\/wp-content\/uploads\/2020\/10\/Alumbrado-publico-460x345.jpeg 460w, https:\/\/infoecos.com.ar\/wp-content\/uploads\/2020\/10\/Alumbrado-publico-920x690.jpeg 920w, https:\/\/infoecos.com.ar\/wp-content\/uploads\/2020\/10\/Alumbrado-publico-768x576.jpeg 768w, https:\/\/infoecos.com.ar\/wp-content\/uploads\/2020\/10\/Alumbrado-publico-1024x768.jpeg 1024w, https:\/\/infoecos.com.ar\/wp-content\/uploads\/2020\/10\/Alumbrado-publico.jpeg 1040w\" sizes=\"(max-width: 460px) 100vw, 460px\" \/><figcaption>Trenque Lauquen &#8211; Alumbrado P\u00fablico<\/figcaption><\/figure><\/div>\n\n\n\n<p>Son obras que se llevan adelante a trav\u00e9s del sistema de Contribuci\u00f3n por Mejoras y que se suman a otras realizadas recientemente en la calle Paul Harris, entre Ulrich y Carabelli y en el barrio Don Francisco (Quinta 287), entre otras.<\/p>\n\n\n\n<p>Lanciano&nbsp; inform\u00f3 que se culmin\u00f3 con la colocaci\u00f3n de las luminarias Led en la calle Lisandro de la Torre (Chacra 304) y ahora se espera la conexi\u00f3n por parte de la entidad prestadora de este servicio.<\/p>\n\n\n\n<div class=\"wp-block-image\"><figure class=\"aligncenter size-medium\"><img loading=\"lazy\" decoding=\"async\" width=\"460\" height=\"345\" src=\"http:\/\/infoecos.com.ar\/wp-content\/uploads\/2020\/10\/Alumbrado-publico-2-460x345.jpeg\" alt=\"\" class=\"wp-image-69525\" srcset=\"https:\/\/infoecos.com.ar\/wp-content\/uploads\/2020\/10\/Alumbrado-publico-2-460x345.jpeg 460w, https:\/\/infoecos.com.ar\/wp-content\/uploads\/2020\/10\/Alumbrado-publico-2-920x690.jpeg 920w, https:\/\/infoecos.com.ar\/wp-content\/uploads\/2020\/10\/Alumbrado-publico-2-768x576.jpeg 768w, https:\/\/infoecos.com.ar\/wp-content\/uploads\/2020\/10\/Alumbrado-publico-2-1024x768.jpeg 1024w, https:\/\/infoecos.com.ar\/wp-content\/uploads\/2020\/10\/Alumbrado-publico-2.jpeg 1040w\" sizes=\"(max-width: 460px) 100vw, 460px\" \/><figcaption>Trenque Lauquen &#8211; Alumbrado P\u00fablico<\/figcaption><\/figure><\/div>\n\n\n\n<p>\u201cEst\u00e1 en ejecuci\u00f3n la calle San Mart\u00edn entre Guardia Nacional de Jun\u00edn y Ulrich, se complet\u00f3 la vereda par y ahora vamos a comenzar con las obras en la vereda impar. Nos demoramos un poco porque hay que hacer una limpieza de la vereda que est\u00e1 muy despareja porque en general son terrenos que tienen fondos que dan al acceso principal (Garc\u00eda Salinas), con lo cual est\u00e1n un poco desmejorados\u201d, se\u00f1al\u00f3 Lanciano.<\/p>\n\n\n\n<p>Adem\u00e1s dijo que se est\u00e1 trabajando en dos obras de alumbrado peatonal con la colocaci\u00f3n de los conocidos \u201cchupetines\u201d en las calles Gobernador Irigoyen entre Quintana y S\u00e1enz Pe\u00f1a (vereda impar) y Cuello entre Monferrand y Paredes (vereda par). \u201cEn estos casos ya se colocaron las columnas y el cableado. Est\u00e1n comprados los artefactos y en cuanto los entreguen ser\u00e1n colocados para luego pedir a la Cooperativa la conexi\u00f3n y as\u00ed poner en funcionamiento el alumbrado\u201d, coment\u00f3 Lanciano.<\/p>\n\n\n\n<div class=\"wp-block-image\"><figure class=\"aligncenter size-medium\"><img loading=\"lazy\" decoding=\"async\" width=\"460\" height=\"345\" src=\"http:\/\/infoecos.com.ar\/wp-content\/uploads\/2020\/10\/Alumbrado-publico-3-460x345.jpeg\" alt=\"\" class=\"wp-image-69526\" srcset=\"https:\/\/infoecos.com.ar\/wp-content\/uploads\/2020\/10\/Alumbrado-publico-3-460x345.jpeg 460w, https:\/\/infoecos.com.ar\/wp-content\/uploads\/2020\/10\/Alumbrado-publico-3-920x690.jpeg 920w, https:\/\/infoecos.com.ar\/wp-content\/uploads\/2020\/10\/Alumbrado-publico-3-768x576.jpeg 768w, https:\/\/infoecos.com.ar\/wp-content\/uploads\/2020\/10\/Alumbrado-publico-3-1024x768.jpeg 1024w, https:\/\/infoecos.com.ar\/wp-content\/uploads\/2020\/10\/Alumbrado-publico-3.jpeg 1040w\" sizes=\"(max-width: 460px) 100vw, 460px\" \/><figcaption>Trenque Lauquen &#8211; Alumbrado P\u00fablico<\/figcaption><\/figure><\/div>\n\n\n\n<p>El funcionario dijo tambi\u00e9n que \u201cen estos d\u00edas estamos empezando a colocar luminarias para los barrios de vivienda de C\u00edrculo Cerrado que se van a entregar antes de fin de a\u00f1o y tenemos previsto comenzar con una obra de alumbrado en la prolongaci\u00f3n de Monferrand hacia el sector sur donde la calle cambia de nombre por Elpidio Gonz\u00e1lez, entre la colectora de Ruta Nacional 5 e Intendente Arrast\u00faa donde hay que colocar una buena cantidad de luminarias\u201d.<\/p>\n\n\n\n<div class=\"wp-block-image\"><figure class=\"aligncenter size-medium\"><img loading=\"lazy\" decoding=\"async\" width=\"460\" height=\"345\" src=\"http:\/\/infoecos.com.ar\/wp-content\/uploads\/2020\/10\/Alumbrado-publico-4-460x345.jpeg\" alt=\"\" class=\"wp-image-69527\" srcset=\"https:\/\/infoecos.com.ar\/wp-content\/uploads\/2020\/10\/Alumbrado-publico-4-460x345.jpeg 460w, https:\/\/infoecos.com.ar\/wp-content\/uploads\/2020\/10\/Alumbrado-publico-4-920x690.jpeg 920w, https:\/\/infoecos.com.ar\/wp-content\/uploads\/2020\/10\/Alumbrado-publico-4-768x576.jpeg 768w, https:\/\/infoecos.com.ar\/wp-content\/uploads\/2020\/10\/Alumbrado-publico-4-1024x768.jpeg 1024w, https:\/\/infoecos.com.ar\/wp-content\/uploads\/2020\/10\/Alumbrado-publico-4.jpeg 1040w\" sizes=\"(max-width: 460px) 100vw, 460px\" \/><figcaption>Trenque Lauquen &#8211; Alumbrado P\u00fablico<\/figcaption><\/figure><\/div>\n","protected":false},"excerpt":{"rendered":"<p>Son obras que se llevan adelante a trav\u00e9s del sistema de Contribuci\u00f3n por Mejoras y que se suman a otras realizadas recientemente en la calle Paul Harris, entre Ulrich y Carabelli y en el barrio Don Francisco (Quinta 287), entre otras<\/p>\n","protected":false},"author":2,"featured_media":69525,"comment_status":"closed","ping_status":"open","sticky":false,"template":"","format":"standard","meta":{"footnotes":""},"categories":[1330],"tags":[594],"class_list":["post-69523","post","type-post","status-publish","format-standard","has-post-thumbnail","hentry","category-inferior10","tag-servicios-publicos"],"yoast_head":"<!-- This site is optimized with the Yoast SEO plugin v23.4 - https:\/\/yoast.com\/wordpress\/plugins\/seo\/ -->\n<title>Se realizan obras de alumbrado en distintos sectores de la ciudad de Trenque Lauquen - Infoecos<\/title>\n<meta name=\"robots\" content=\"index, follow, max-snippet:-1, max-image-preview:large, max-video-preview:-1\" \/>\n<link rel=\"canonical\" href=\"https:\/\/infoecos.com.ar\/index.php\/se-realizan-obras-de-alumbrado-en-distintos-sectores-de-la-ciudad-de-trenque-lauquen\/\" \/>\n<meta property=\"og:locale\" content=\"es_ES\" \/>\n<meta property=\"og:type\" content=\"article\" \/>\n<meta property=\"og:title\" content=\"Se realizan obras de alumbrado en distintos sectores de la ciudad de Trenque Lauquen - Infoecos\" \/>\n<meta property=\"og:description\" content=\"Son obras que se llevan adelante a trav\u00e9s del sistema de Contribuci\u00f3n por Mejoras y que se suman a otras realizadas recientemente en la calle Paul Harris, entre Ulrich y Carabelli y en el barrio Don Francisco (Quinta 287), entre otras\" \/>\n<meta property=\"og:url\" content=\"https:\/\/infoecos.com.ar\/index.php\/se-realizan-obras-de-alumbrado-en-distintos-sectores-de-la-ciudad-de-trenque-lauquen\/\" \/>\n<meta property=\"og:site_name\" content=\"Infoecos\" \/>\n<meta property=\"article:publisher\" content=\"https:\/\/www.facebook.com\/profile.php?id=100063200290284\" \/>\n<meta property=\"article:published_time\" content=\"2020-10-14T19:21:38+00:00\" \/>\n<meta property=\"article:modified_time\" content=\"2020-10-16T05:45:15+00:00\" \/>\n<meta property=\"og:image\" content=\"https:\/\/infoecos.com.ar\/wp-content\/uploads\/2020\/10\/Alumbrado-publico-2.jpeg\" \/>\n\t<meta property=\"og:image:width\" content=\"1040\" \/>\n\t<meta property=\"og:image:height\" content=\"780\" \/>\n\t<meta property=\"og:image:type\" content=\"image\/jpeg\" \/>\n<meta name=\"author\" content=\"Jorge Matheus\" \/>\n<meta name=\"twitter:card\" content=\"summary_large_image\" \/>\n<meta name=\"twitter:creator\" content=\"@infoecos\" \/>\n<meta name=\"twitter:site\" content=\"@infoecos\" \/>\n<meta name=\"twitter:label1\" content=\"Escrito por\" \/>\n\t<meta name=\"twitter:data1\" content=\"Jorge Matheus\" \/>\n\t<meta name=\"twitter:label2\" content=\"Tiempo de lectura\" \/>\n\t<meta name=\"twitter:data2\" content=\"2 minutos\" \/>\n<script type=\"application\/ld+json\" class=\"yoast-schema-graph\">{\"@context\":\"https:\/\/schema.org\",\"@graph\":[{\"@type\":\"Article\",\"@id\":\"https:\/\/infoecos.com.ar\/index.php\/se-realizan-obras-de-alumbrado-en-distintos-sectores-de-la-ciudad-de-trenque-lauquen\/#article\",\"isPartOf\":{\"@id\":\"https:\/\/infoecos.com.ar\/index.php\/se-realizan-obras-de-alumbrado-en-distintos-sectores-de-la-ciudad-de-trenque-lauquen\/\"},\"author\":{\"name\":\"Jorge Matheus\",\"@id\":\"https:\/\/infoecos.com.ar\/#\/schema\/person\/8f5ace5ce73b4b4aac4b7245aee6f191\"},\"headline\":\"Se realizan obras de alumbrado en distintos sectores de la ciudad de Trenque Lauquen\",\"datePublished\":\"2020-10-14T19:21:38+00:00\",\"dateModified\":\"2020-10-16T05:45:15+00:00\",\"mainEntityOfPage\":{\"@id\":\"https:\/\/infoecos.com.ar\/index.php\/se-realizan-obras-de-alumbrado-en-distintos-sectores-de-la-ciudad-de-trenque-lauquen\/\"},\"wordCount\":432,\"publisher\":{\"@id\":\"https:\/\/infoecos.com.ar\/#organization\"},\"image\":{\"@id\":\"https:\/\/infoecos.com.ar\/index.php\/se-realizan-obras-de-alumbrado-en-distintos-sectores-de-la-ciudad-de-trenque-lauquen\/#primaryimage\"},\"thumbnailUrl\":\"https:\/\/infoecos.com.ar\/wp-content\/uploads\/2020\/10\/Alumbrado-publico-2.jpeg\",\"keywords\":[\"SERVICIOS P\u00daBLICOS\"],\"articleSection\":[\"Bloque inferior - 10\"],\"inLanguage\":\"es\"},{\"@type\":\"WebPage\",\"@id\":\"https:\/\/infoecos.com.ar\/index.php\/se-realizan-obras-de-alumbrado-en-distintos-sectores-de-la-ciudad-de-trenque-lauquen\/\",\"url\":\"https:\/\/infoecos.com.ar\/index.php\/se-realizan-obras-de-alumbrado-en-distintos-sectores-de-la-ciudad-de-trenque-lauquen\/\",\"name\":\"Se realizan obras de alumbrado en distintos sectores de la ciudad de Trenque Lauquen - Infoecos\",\"isPartOf\":{\"@id\":\"https:\/\/infoecos.com.ar\/#website\"},\"primaryImageOfPage\":{\"@id\":\"https:\/\/infoecos.com.ar\/index.php\/se-realizan-obras-de-alumbrado-en-distintos-sectores-de-la-ciudad-de-trenque-lauquen\/#primaryimage\"},\"image\":{\"@id\":\"https:\/\/infoecos.com.ar\/index.php\/se-realizan-obras-de-alumbrado-en-distintos-sectores-de-la-ciudad-de-trenque-lauquen\/#primaryimage\"},\"thumbnailUrl\":\"https:\/\/infoecos.com.ar\/wp-content\/uploads\/2020\/10\/Alumbrado-publico-2.jpeg\",\"datePublished\":\"2020-10-14T19:21:38+00:00\",\"dateModified\":\"2020-10-16T05:45:15+00:00\",\"breadcrumb\":{\"@id\":\"https:\/\/infoecos.com.ar\/index.php\/se-realizan-obras-de-alumbrado-en-distintos-sectores-de-la-ciudad-de-trenque-lauquen\/#breadcrumb\"},\"inLanguage\":\"es\",\"potentialAction\":[{\"@type\":\"ReadAction\",\"target\":[\"https:\/\/infoecos.com.ar\/index.php\/se-realizan-obras-de-alumbrado-en-distintos-sectores-de-la-ciudad-de-trenque-lauquen\/\"]}]},{\"@type\":\"ImageObject\",\"inLanguage\":\"es\",\"@id\":\"https:\/\/infoecos.com.ar\/index.php\/se-realizan-obras-de-alumbrado-en-distintos-sectores-de-la-ciudad-de-trenque-lauquen\/#primaryimage\",\"url\":\"https:\/\/infoecos.com.ar\/wp-content\/uploads\/2020\/10\/Alumbrado-publico-2.jpeg\",\"contentUrl\":\"https:\/\/infoecos.com.ar\/wp-content\/uploads\/2020\/10\/Alumbrado-publico-2.jpeg\",\"width\":1040,\"height\":780},{\"@type\":\"BreadcrumbList\",\"@id\":\"https:\/\/infoecos.com.ar\/index.php\/se-realizan-obras-de-alumbrado-en-distintos-sectores-de-la-ciudad-de-trenque-lauquen\/#breadcrumb\",\"itemListElement\":[{\"@type\":\"ListItem\",\"position\":1,\"name\":\"Portada\",\"item\":\"https:\/\/infoecos.com.ar\/\"},{\"@type\":\"ListItem\",\"position\":2,\"name\":\"Se realizan obras de alumbrado en distintos sectores de la ciudad de Trenque Lauquen\"}]},{\"@type\":\"WebSite\",\"@id\":\"https:\/\/infoecos.com.ar\/#website\",\"url\":\"https:\/\/infoecos.com.ar\/\",\"name\":\"Infoecos\",\"description\":\"Noticias de trenque lauquen y la zona\",\"publisher\":{\"@id\":\"https:\/\/infoecos.com.ar\/#organization\"},\"alternateName\":\"Noticias\",\"potentialAction\":[{\"@type\":\"SearchAction\",\"target\":{\"@type\":\"EntryPoint\",\"urlTemplate\":\"https:\/\/infoecos.com.ar\/?s={search_term_string}\"},\"query-input\":{\"@type\":\"PropertyValueSpecification\",\"valueRequired\":true,\"valueName\":\"search_term_string\"}}],\"inLanguage\":\"es\"},{\"@type\":\"Organization\",\"@id\":\"https:\/\/infoecos.com.ar\/#organization\",\"name\":\"Infoecos\",\"alternateName\":\"Noticias\",\"url\":\"https:\/\/infoecos.com.ar\/\",\"logo\":{\"@type\":\"ImageObject\",\"inLanguage\":\"es\",\"@id\":\"https:\/\/infoecos.com.ar\/#\/schema\/logo\/image\/\",\"url\":\"https:\/\/infoecos.com.ar\/wp-content\/uploads\/2024\/03\/cropped-logo.png\",\"contentUrl\":\"https:\/\/infoecos.com.ar\/wp-content\/uploads\/2024\/03\/cropped-logo.png\",\"width\":374,\"height\":90,\"caption\":\"Infoecos\"},\"image\":{\"@id\":\"https:\/\/infoecos.com.ar\/#\/schema\/logo\/image\/\"},\"sameAs\":[\"https:\/\/www.facebook.com\/profile.php?id=100063200290284\",\"https:\/\/x.com\/infoecos\"]},{\"@type\":\"Person\",\"@id\":\"https:\/\/infoecos.com.ar\/#\/schema\/person\/8f5ace5ce73b4b4aac4b7245aee6f191\",\"name\":\"Jorge Matheus\",\"url\":\"https:\/\/infoecos.com.ar\/index.php\/author\/jomatheus\/\"}]}<\/script>\n<!-- \/ Yoast SEO plugin. -->","yoast_head_json":{"title":"Se realizan obras de alumbrado en distintos sectores de la ciudad de Trenque Lauquen - Infoecos","robots":{"index":"index","follow":"follow","max-snippet":"max-snippet:-1","max-image-preview":"max-image-preview:large","max-video-preview":"max-video-preview:-1"},"canonical":"https:\/\/infoecos.com.ar\/index.php\/se-realizan-obras-de-alumbrado-en-distintos-sectores-de-la-ciudad-de-trenque-lauquen\/","og_locale":"es_ES","og_type":"article","og_title":"Se realizan obras de alumbrado en distintos sectores de la ciudad de Trenque Lauquen - Infoecos","og_description":"Son obras que se llevan adelante a trav\u00e9s del sistema de Contribuci\u00f3n por Mejoras y que se suman a otras realizadas recientemente en la calle Paul Harris, entre Ulrich y Carabelli y en el barrio Don Francisco (Quinta 287), entre otras","og_url":"https:\/\/infoecos.com.ar\/index.php\/se-realizan-obras-de-alumbrado-en-distintos-sectores-de-la-ciudad-de-trenque-lauquen\/","og_site_name":"Infoecos","article_publisher":"https:\/\/www.facebook.com\/profile.php?id=100063200290284","article_published_time":"2020-10-14T19:21:38+00:00","article_modified_time":"2020-10-16T05:45:15+00:00","og_image":[{"width":1040,"height":780,"url":"https:\/\/infoecos.com.ar\/wp-content\/uploads\/2020\/10\/Alumbrado-publico-2.jpeg","type":"image\/jpeg"}],"author":"Jorge Matheus","twitter_card":"summary_large_image","twitter_creator":"@infoecos","twitter_site":"@infoecos","twitter_misc":{"Escrito por":"Jorge Matheus","Tiempo de lectura":"2 minutos"},"schema":{"@context":"https:\/\/schema.org","@graph":[{"@type":"Article","@id":"https:\/\/infoecos.com.ar\/index.php\/se-realizan-obras-de-alumbrado-en-distintos-sectores-de-la-ciudad-de-trenque-lauquen\/#article","isPartOf":{"@id":"https:\/\/infoecos.com.ar\/index.php\/se-realizan-obras-de-alumbrado-en-distintos-sectores-de-la-ciudad-de-trenque-lauquen\/"},"author":{"name":"Jorge Matheus","@id":"https:\/\/infoecos.com.ar\/#\/schema\/person\/8f5ace5ce73b4b4aac4b7245aee6f191"},"headline":"Se realizan obras de alumbrado en distintos sectores de la ciudad de Trenque Lauquen","datePublished":"2020-10-14T19:21:38+00:00","dateModified":"2020-10-16T05:45:15+00:00","mainEntityOfPage":{"@id":"https:\/\/infoecos.com.ar\/index.php\/se-realizan-obras-de-alumbrado-en-distintos-sectores-de-la-ciudad-de-trenque-lauquen\/"},"wordCount":432,"publisher":{"@id":"https:\/\/infoecos.com.ar\/#organization"},"image":{"@id":"https:\/\/infoecos.com.ar\/index.php\/se-realizan-obras-de-alumbrado-en-distintos-sectores-de-la-ciudad-de-trenque-lauquen\/#primaryimage"},"thumbnailUrl":"https:\/\/infoecos.com.ar\/wp-content\/uploads\/2020\/10\/Alumbrado-publico-2.jpeg","keywords":["SERVICIOS P\u00daBLICOS"],"articleSection":["Bloque inferior - 10"],"inLanguage":"es"},{"@type":"WebPage","@id":"https:\/\/infoecos.com.ar\/index.php\/se-realizan-obras-de-alumbrado-en-distintos-sectores-de-la-ciudad-de-trenque-lauquen\/","url":"https:\/\/infoecos.com.ar\/index.php\/se-realizan-obras-de-alumbrado-en-distintos-sectores-de-la-ciudad-de-trenque-lauquen\/","name":"Se realizan obras de alumbrado en distintos sectores de la ciudad de Trenque Lauquen - Infoecos","isPartOf":{"@id":"https:\/\/infoecos.com.ar\/#website"},"primaryImageOfPage":{"@id":"https:\/\/infoecos.com.ar\/index.php\/se-realizan-obras-de-alumbrado-en-distintos-sectores-de-la-ciudad-de-trenque-lauquen\/#primaryimage"},"image":{"@id":"https:\/\/infoecos.com.ar\/index.php\/se-realizan-obras-de-alumbrado-en-distintos-sectores-de-la-ciudad-de-trenque-lauquen\/#primaryimage"},"thumbnailUrl":"https:\/\/infoecos.com.ar\/wp-content\/uploads\/2020\/10\/Alumbrado-publico-2.jpeg","datePublished":"2020-10-14T19:21:38+00:00","dateModified":"2020-10-16T05:45:15+00:00","breadcrumb":{"@id":"https:\/\/infoecos.com.ar\/index.php\/se-realizan-obras-de-alumbrado-en-distintos-sectores-de-la-ciudad-de-trenque-lauquen\/#breadcrumb"},"inLanguage":"es","potentialAction":[{"@type":"ReadAction","target":["https:\/\/infoecos.com.ar\/index.php\/se-realizan-obras-de-alumbrado-en-distintos-sectores-de-la-ciudad-de-trenque-lauquen\/"]}]},{"@type":"ImageObject","inLanguage":"es","@id":"https:\/\/infoecos.com.ar\/index.php\/se-realizan-obras-de-alumbrado-en-distintos-sectores-de-la-ciudad-de-trenque-lauquen\/#primaryimage","url":"https:\/\/infoecos.com.ar\/wp-content\/uploads\/2020\/10\/Alumbrado-publico-2.jpeg","contentUrl":"https:\/\/infoecos.com.ar\/wp-content\/uploads\/2020\/10\/Alumbrado-publico-2.jpeg","width":1040,"height":780},{"@type":"BreadcrumbList","@id":"https:\/\/infoecos.com.ar\/index.php\/se-realizan-obras-de-alumbrado-en-distintos-sectores-de-la-ciudad-de-trenque-lauquen\/#breadcrumb","itemListElement":[{"@type":"ListItem","position":1,"name":"Portada","item":"https:\/\/infoecos.com.ar\/"},{"@type":"ListItem","position":2,"name":"Se realizan obras de alumbrado en distintos sectores de la ciudad de Trenque Lauquen"}]},{"@type":"WebSite","@id":"https:\/\/infoecos.com.ar\/#website","url":"https:\/\/infoecos.com.ar\/","name":"Infoecos","description":"Noticias de trenque lauquen y la zona","publisher":{"@id":"https:\/\/infoecos.com.ar\/#organization"},"alternateName":"Noticias","potentialAction":[{"@type":"SearchAction","target":{"@type":"EntryPoint","urlTemplate":"https:\/\/infoecos.com.ar\/?s={search_term_string}"},"query-input":{"@type":"PropertyValueSpecification","valueRequired":true,"valueName":"search_term_string"}}],"inLanguage":"es"},{"@type":"Organization","@id":"https:\/\/infoecos.com.ar\/#organization","name":"Infoecos","alternateName":"Noticias","url":"https:\/\/infoecos.com.ar\/","logo":{"@type":"ImageObject","inLanguage":"es","@id":"https:\/\/infoecos.com.ar\/#\/schema\/logo\/image\/","url":"https:\/\/infoecos.com.ar\/wp-content\/uploads\/2024\/03\/cropped-logo.png","contentUrl":"https:\/\/infoecos.com.ar\/wp-content\/uploads\/2024\/03\/cropped-logo.png","width":374,"height":90,"caption":"Infoecos"},"image":{"@id":"https:\/\/infoecos.com.ar\/#\/schema\/logo\/image\/"},"sameAs":["https:\/\/www.facebook.com\/profile.php?id=100063200290284","https:\/\/x.com\/infoecos"]},{"@type":"Person","@id":"https:\/\/infoecos.com.ar\/#\/schema\/person\/8f5ace5ce73b4b4aac4b7245aee6f191","name":"Jorge Matheus","url":"https:\/\/infoecos.com.ar\/index.php\/author\/jomatheus\/"}]}},"featured_image_urls":{"full":["https:\/\/infoecos.com.ar\/wp-content\/uploads\/2020\/10\/Alumbrado-publico-2.jpeg",1040,780,false],"thumbnail":["https:\/\/infoecos.com.ar\/wp-content\/uploads\/2020\/10\/Alumbrado-publico-2-150x150.jpeg",150,150,true],"medium":["https:\/\/infoecos.com.ar\/wp-content\/uploads\/2020\/10\/Alumbrado-publico-2-460x345.jpeg",460,345,true],"medium_large":["https:\/\/infoecos.com.ar\/wp-content\/uploads\/2020\/10\/Alumbrado-publico-2-768x576.jpeg",640,480,true],"large":["https:\/\/infoecos.com.ar\/wp-content\/uploads\/2020\/10\/Alumbrado-publico-2-920x690.jpeg",640,480,true],"1536x1536":["https:\/\/infoecos.com.ar\/wp-content\/uploads\/2020\/10\/Alumbrado-publico-2.jpeg",1040,780,false],"2048x2048":["https:\/\/infoecos.com.ar\/wp-content\/uploads\/2020\/10\/Alumbrado-publico-2.jpeg",1040,780,false],"covernews-slider-full":["https:\/\/infoecos.com.ar\/wp-content\/uploads\/2020\/10\/Alumbrado-publico-2.jpeg",953,715,false],"covernews-slider-center":["https:\/\/infoecos.com.ar\/wp-content\/uploads\/2020\/10\/Alumbrado-publico-2-936x780.jpeg",600,500,true],"covernews-featured":["https:\/\/infoecos.com.ar\/wp-content\/uploads\/2020\/10\/Alumbrado-publico-2-1024x768.jpeg",1024,768,true],"covernews-medium":["https:\/\/infoecos.com.ar\/wp-content\/uploads\/2020\/10\/Alumbrado-publico-2-720x380.jpeg",540,285,true],"covernews-medium-square":["https:\/\/infoecos.com.ar\/wp-content\/uploads\/2020\/10\/Alumbrado-publico-2-675x450.jpeg",375,250,true]},"author_info":{"info":["Jorge Matheus"]},"category_info":"<a href=\"https:\/\/infoecos.com.ar\/index.php\/category\/inferior10\/\" rel=\"category tag\">Bloque inferior - 10<\/a>","tag_info":"Bloque inferior - 10","comment_count":"0","_links":{"self":[{"href":"https:\/\/infoecos.com.ar\/index.php\/wp-json\/wp\/v2\/posts\/69523"}],"collection":[{"href":"https:\/\/infoecos.com.ar\/index.php\/wp-json\/wp\/v2\/posts"}],"about":[{"href":"https:\/\/infoecos.com.ar\/index.php\/wp-json\/wp\/v2\/types\/post"}],"author":[{"embeddable":true,"href":"https:\/\/infoecos.com.ar\/index.php\/wp-json\/wp\/v2\/users\/2"}],"replies":[{"embeddable":true,"href":"https:\/\/infoecos.com.ar\/index.php\/wp-json\/wp\/v2\/comments?post=69523"}],"version-history":[{"count":2,"href":"https:\/\/infoecos.com.ar\/index.php\/wp-json\/wp\/v2\/posts\/69523\/revisions"}],"predecessor-version":[{"id":69563,"href":"https:\/\/infoecos.com.ar\/index.php\/wp-json\/wp\/v2\/posts\/69523\/revisions\/69563"}],"wp:featuredmedia":[{"embeddable":true,"href":"https:\/\/infoecos.com.ar\/index.php\/wp-json\/wp\/v2\/media\/69525"}],"wp:attachment":[{"href":"https:\/\/infoecos.com.ar\/index.php\/wp-json\/wp\/v2\/media?parent=69523"}],"wp:term":[{"taxonomy":"category","embeddable":true,"href":"https:\/\/infoecos.com.ar\/index.php\/wp-json\/wp\/v2\/categories?post=69523"},{"taxonomy":"post_tag","embeddable":true,"href":"https:\/\/infoecos.com.ar\/index.php\/wp-json\/wp\/v2\/tags?post=69523"}],"curies":[{"name":"wp","href":"https:\/\/api.w.org\/{rel}","templated":true}]}}