{"id":69754,"date":"2020-10-19T21:38:14","date_gmt":"2020-10-20T00:38:14","guid":{"rendered":"http:\/\/infoecos.com.ar\/?p=69754"},"modified":"2020-10-19T21:38:22","modified_gmt":"2020-10-20T00:38:22","slug":"comenzo-la-pavimentacion-en-la-autopista-de-la-ruta-nacional-33","status":"publish","type":"post","link":"https:\/\/infoecos.com.ar\/index.php\/comenzo-la-pavimentacion-en-la-autopista-de-la-ruta-nacional-33\/","title":{"rendered":"Comenz\u00f3 la pavimentaci\u00f3n en la autopista de la Ruta Nacional 33"},"content":{"rendered":"\n<p>Seg\u00fan se inform\u00f3 desde Vialidad Nacional, los trabajos comenzaron en la calzada principal izquierda desde el kil\u00f3metro 26. <strong>El proyecto, inicialmente abarca un tramo de 33 km<\/strong>, y prev\u00e9 que mejore las condiciones de viaje de <strong>m\u00e1s de 4500 usuarios diarios.<\/strong><\/p>\n\n\n\n<div class=\"wp-block-image\"><figure class=\"aligncenter size-medium\"><img decoding=\"async\" src=\"http:\/\/infoecos.com.ar\/wp-content\/uploads\/16995963_10208484233492402_522911785373182698_n-460x259.jpg\" alt=\"\" class=\"wp-image-33217\"\/><figcaption>Ruta<\/figcaption><\/figure><\/div>\n\n\n\n<p>El organismo, que depende del Ministerio de Obras P\u00fablicas de la Naci\u00f3n, explic\u00f3 que <strong>esta obra genera m\u00e1s de 100 puestos de trabajo<\/strong>, y adem\u00e1s<strong> \u201cpotenciar\u00e1 el tr\u00e1nsito<\/strong> y la seguridad vial\u201d en el corredor productivo agr\u00edcola m\u00e1s importante del pa\u00eds, facilitando la comunicaci\u00f3n <strong>entre los puertos de Rosario e Ingeniero White, <\/strong>pasando por todas las localidades intermedias.<\/p>\n\n\n\n<p>La autopista, prometida desde hace varias d\u00e9cadas, no s\u00f3lo era una promesa incumplida, sino que adem\u00e1s, el estado de la RN 33 dejaba mucho que desear, con un eterno traspaso de responsabilidades entre el estado nacional y los municipios.<\/p>\n\n\n\n<p>En ese sentido, <strong>Gustavo Trankels<\/strong>, ex intendente de Torquinst y actual Director de la Regi\u00f3n 19 de Vialidad Nacional (con sede en Bah\u00eda Blanca), indic\u00f3 que: \u201cLa priorizaci\u00f3n de la obra p\u00fablica propuesta por el Presidente Alberto Fern\u00e1ndez, est\u00e1 dando sus frutos en nuestra regi\u00f3n\u201d, y exclam\u00f3 que <strong>\u201choy podemos iniciar una nueva e hist\u00f3rica etapa que viene a saldar una deuda de varias d\u00e9cadas\u201d.<\/strong><\/p>\n\n\n\n<p>El proyecto estima la construcci\u00f3n de 103 alcantarillas transversales, 28 laterales y 5 intercambiadores, a distinto nivel, de tipo diamante para el acceso a las calles vecinales y retornos. Asimismo, contin\u00faan las tareas de movimiento de suelos en terrapl\u00e9n y capas especiales, hormigonado de alcantarillas y armado de estribos de puentes (tierra armada con contenci\u00f3n lateral de escamas de hormig\u00f3n) en otros sectores del tramo de 33 kil\u00f3metros.<\/p>\n","protected":false},"excerpt":{"rendered":"<p>Es en el tramo que va desde Bah\u00eda Blanca hacia Torquinst<\/p>\n","protected":false},"author":2,"featured_media":44887,"comment_status":"closed","ping_status":"open","sticky":false,"template":"","format":"standard","meta":{"footnotes":""},"categories":[25],"tags":[1196],"class_list":["post-69754","post","type-post","status-publish","format-standard","has-post-thumbnail","hentry","category-c3nota1","tag-obras-viales"],"yoast_head":"<!-- This site is optimized with the Yoast SEO plugin v23.4 - https:\/\/yoast.com\/wordpress\/plugins\/seo\/ -->\n<title>Comenz\u00f3 la pavimentaci\u00f3n en la autopista de la Ruta Nacional 33 - Infoecos<\/title>\n<meta name=\"robots\" content=\"index, follow, max-snippet:-1, max-image-preview:large, max-video-preview:-1\" \/>\n<link rel=\"canonical\" href=\"https:\/\/infoecos.com.ar\/index.php\/comenzo-la-pavimentacion-en-la-autopista-de-la-ruta-nacional-33\/\" \/>\n<meta property=\"og:locale\" content=\"es_ES\" \/>\n<meta property=\"og:type\" content=\"article\" \/>\n<meta property=\"og:title\" content=\"Comenz\u00f3 la pavimentaci\u00f3n en la autopista de la Ruta Nacional 33 - Infoecos\" \/>\n<meta property=\"og:description\" content=\"Es en el tramo que va desde Bah\u00eda Blanca hacia Torquinst\" \/>\n<meta property=\"og:url\" content=\"https:\/\/infoecos.com.ar\/index.php\/comenzo-la-pavimentacion-en-la-autopista-de-la-ruta-nacional-33\/\" \/>\n<meta property=\"og:site_name\" content=\"Infoecos\" \/>\n<meta property=\"article:publisher\" content=\"https:\/\/www.facebook.com\/profile.php?id=100063200290284\" \/>\n<meta property=\"article:published_time\" content=\"2020-10-20T00:38:14+00:00\" \/>\n<meta property=\"article:modified_time\" content=\"2020-10-20T00:38:22+00:00\" \/>\n<meta property=\"og:image\" content=\"https:\/\/infoecos.com.ar\/wp-content\/uploads\/RUTA-PROVINCIAL-1.jpg\" \/>\n\t<meta property=\"og:image:width\" content=\"870\" \/>\n\t<meta property=\"og:image:height\" content=\"556\" \/>\n\t<meta property=\"og:image:type\" content=\"image\/jpeg\" \/>\n<meta name=\"author\" content=\"Jorge Matheus\" \/>\n<meta name=\"twitter:card\" content=\"summary_large_image\" \/>\n<meta name=\"twitter:creator\" content=\"@infoecos\" \/>\n<meta name=\"twitter:site\" content=\"@infoecos\" \/>\n<meta name=\"twitter:label1\" content=\"Escrito por\" \/>\n\t<meta name=\"twitter:data1\" content=\"Jorge Matheus\" \/>\n\t<meta name=\"twitter:label2\" content=\"Tiempo de lectura\" \/>\n\t<meta name=\"twitter:data2\" content=\"1 minuto\" \/>\n<script type=\"application\/ld+json\" class=\"yoast-schema-graph\">{\"@context\":\"https:\/\/schema.org\",\"@graph\":[{\"@type\":\"Article\",\"@id\":\"https:\/\/infoecos.com.ar\/index.php\/comenzo-la-pavimentacion-en-la-autopista-de-la-ruta-nacional-33\/#article\",\"isPartOf\":{\"@id\":\"https:\/\/infoecos.com.ar\/index.php\/comenzo-la-pavimentacion-en-la-autopista-de-la-ruta-nacional-33\/\"},\"author\":{\"name\":\"Jorge Matheus\",\"@id\":\"https:\/\/infoecos.com.ar\/#\/schema\/person\/8f5ace5ce73b4b4aac4b7245aee6f191\"},\"headline\":\"Comenz\u00f3 la pavimentaci\u00f3n en la autopista de la Ruta Nacional 33\",\"datePublished\":\"2020-10-20T00:38:14+00:00\",\"dateModified\":\"2020-10-20T00:38:22+00:00\",\"mainEntityOfPage\":{\"@id\":\"https:\/\/infoecos.com.ar\/index.php\/comenzo-la-pavimentacion-en-la-autopista-de-la-ruta-nacional-33\/\"},\"wordCount\":302,\"publisher\":{\"@id\":\"https:\/\/infoecos.com.ar\/#organization\"},\"image\":{\"@id\":\"https:\/\/infoecos.com.ar\/index.php\/comenzo-la-pavimentacion-en-la-autopista-de-la-ruta-nacional-33\/#primaryimage\"},\"thumbnailUrl\":\"\",\"keywords\":[\"OBRAS VIALES\"],\"articleSection\":[\"C3 N1\"],\"inLanguage\":\"es\"},{\"@type\":\"WebPage\",\"@id\":\"https:\/\/infoecos.com.ar\/index.php\/comenzo-la-pavimentacion-en-la-autopista-de-la-ruta-nacional-33\/\",\"url\":\"https:\/\/infoecos.com.ar\/index.php\/comenzo-la-pavimentacion-en-la-autopista-de-la-ruta-nacional-33\/\",\"name\":\"Comenz\u00f3 la pavimentaci\u00f3n en la autopista de la Ruta Nacional 33 - Infoecos\",\"isPartOf\":{\"@id\":\"https:\/\/infoecos.com.ar\/#website\"},\"primaryImageOfPage\":{\"@id\":\"https:\/\/infoecos.com.ar\/index.php\/comenzo-la-pavimentacion-en-la-autopista-de-la-ruta-nacional-33\/#primaryimage\"},\"image\":{\"@id\":\"https:\/\/infoecos.com.ar\/index.php\/comenzo-la-pavimentacion-en-la-autopista-de-la-ruta-nacional-33\/#primaryimage\"},\"thumbnailUrl\":\"\",\"datePublished\":\"2020-10-20T00:38:14+00:00\",\"dateModified\":\"2020-10-20T00:38:22+00:00\",\"breadcrumb\":{\"@id\":\"https:\/\/infoecos.com.ar\/index.php\/comenzo-la-pavimentacion-en-la-autopista-de-la-ruta-nacional-33\/#breadcrumb\"},\"inLanguage\":\"es\",\"potentialAction\":[{\"@type\":\"ReadAction\",\"target\":[\"https:\/\/infoecos.com.ar\/index.php\/comenzo-la-pavimentacion-en-la-autopista-de-la-ruta-nacional-33\/\"]}]},{\"@type\":\"ImageObject\",\"inLanguage\":\"es\",\"@id\":\"https:\/\/infoecos.com.ar\/index.php\/comenzo-la-pavimentacion-en-la-autopista-de-la-ruta-nacional-33\/#primaryimage\",\"url\":\"\",\"contentUrl\":\"\"},{\"@type\":\"BreadcrumbList\",\"@id\":\"https:\/\/infoecos.com.ar\/index.php\/comenzo-la-pavimentacion-en-la-autopista-de-la-ruta-nacional-33\/#breadcrumb\",\"itemListElement\":[{\"@type\":\"ListItem\",\"position\":1,\"name\":\"Portada\",\"item\":\"https:\/\/infoecos.com.ar\/\"},{\"@type\":\"ListItem\",\"position\":2,\"name\":\"Comenz\u00f3 la pavimentaci\u00f3n en la autopista de la Ruta Nacional 33\"}]},{\"@type\":\"WebSite\",\"@id\":\"https:\/\/infoecos.com.ar\/#website\",\"url\":\"https:\/\/infoecos.com.ar\/\",\"name\":\"Infoecos\",\"description\":\"Noticias de trenque lauquen y la zona\",\"publisher\":{\"@id\":\"https:\/\/infoecos.com.ar\/#organization\"},\"alternateName\":\"Noticias\",\"potentialAction\":[{\"@type\":\"SearchAction\",\"target\":{\"@type\":\"EntryPoint\",\"urlTemplate\":\"https:\/\/infoecos.com.ar\/?s={search_term_string}\"},\"query-input\":{\"@type\":\"PropertyValueSpecification\",\"valueRequired\":true,\"valueName\":\"search_term_string\"}}],\"inLanguage\":\"es\"},{\"@type\":\"Organization\",\"@id\":\"https:\/\/infoecos.com.ar\/#organization\",\"name\":\"Infoecos\",\"alternateName\":\"Noticias\",\"url\":\"https:\/\/infoecos.com.ar\/\",\"logo\":{\"@type\":\"ImageObject\",\"inLanguage\":\"es\",\"@id\":\"https:\/\/infoecos.com.ar\/#\/schema\/logo\/image\/\",\"url\":\"https:\/\/infoecos.com.ar\/wp-content\/uploads\/2024\/03\/cropped-logo.png\",\"contentUrl\":\"https:\/\/infoecos.com.ar\/wp-content\/uploads\/2024\/03\/cropped-logo.png\",\"width\":374,\"height\":90,\"caption\":\"Infoecos\"},\"image\":{\"@id\":\"https:\/\/infoecos.com.ar\/#\/schema\/logo\/image\/\"},\"sameAs\":[\"https:\/\/www.facebook.com\/profile.php?id=100063200290284\",\"https:\/\/x.com\/infoecos\"]},{\"@type\":\"Person\",\"@id\":\"https:\/\/infoecos.com.ar\/#\/schema\/person\/8f5ace5ce73b4b4aac4b7245aee6f191\",\"name\":\"Jorge Matheus\",\"url\":\"https:\/\/infoecos.com.ar\/index.php\/author\/jomatheus\/\"}]}<\/script>\n<!-- \/ Yoast SEO plugin. -->","yoast_head_json":{"title":"Comenz\u00f3 la pavimentaci\u00f3n en la autopista de la Ruta Nacional 33 - Infoecos","robots":{"index":"index","follow":"follow","max-snippet":"max-snippet:-1","max-image-preview":"max-image-preview:large","max-video-preview":"max-video-preview:-1"},"canonical":"https:\/\/infoecos.com.ar\/index.php\/comenzo-la-pavimentacion-en-la-autopista-de-la-ruta-nacional-33\/","og_locale":"es_ES","og_type":"article","og_title":"Comenz\u00f3 la pavimentaci\u00f3n en la autopista de la Ruta Nacional 33 - Infoecos","og_description":"Es en el tramo que va desde Bah\u00eda Blanca hacia Torquinst","og_url":"https:\/\/infoecos.com.ar\/index.php\/comenzo-la-pavimentacion-en-la-autopista-de-la-ruta-nacional-33\/","og_site_name":"Infoecos","article_publisher":"https:\/\/www.facebook.com\/profile.php?id=100063200290284","article_published_time":"2020-10-20T00:38:14+00:00","article_modified_time":"2020-10-20T00:38:22+00:00","og_image":[{"width":870,"height":556,"url":"https:\/\/infoecos.com.ar\/wp-content\/uploads\/RUTA-PROVINCIAL-1.jpg","type":"image\/jpeg"}],"author":"Jorge Matheus","twitter_card":"summary_large_image","twitter_creator":"@infoecos","twitter_site":"@infoecos","twitter_misc":{"Escrito por":"Jorge Matheus","Tiempo de lectura":"1 minuto"},"schema":{"@context":"https:\/\/schema.org","@graph":[{"@type":"Article","@id":"https:\/\/infoecos.com.ar\/index.php\/comenzo-la-pavimentacion-en-la-autopista-de-la-ruta-nacional-33\/#article","isPartOf":{"@id":"https:\/\/infoecos.com.ar\/index.php\/comenzo-la-pavimentacion-en-la-autopista-de-la-ruta-nacional-33\/"},"author":{"name":"Jorge Matheus","@id":"https:\/\/infoecos.com.ar\/#\/schema\/person\/8f5ace5ce73b4b4aac4b7245aee6f191"},"headline":"Comenz\u00f3 la pavimentaci\u00f3n en la autopista de la Ruta Nacional 33","datePublished":"2020-10-20T00:38:14+00:00","dateModified":"2020-10-20T00:38:22+00:00","mainEntityOfPage":{"@id":"https:\/\/infoecos.com.ar\/index.php\/comenzo-la-pavimentacion-en-la-autopista-de-la-ruta-nacional-33\/"},"wordCount":302,"publisher":{"@id":"https:\/\/infoecos.com.ar\/#organization"},"image":{"@id":"https:\/\/infoecos.com.ar\/index.php\/comenzo-la-pavimentacion-en-la-autopista-de-la-ruta-nacional-33\/#primaryimage"},"thumbnailUrl":"","keywords":["OBRAS VIALES"],"articleSection":["C3 N1"],"inLanguage":"es"},{"@type":"WebPage","@id":"https:\/\/infoecos.com.ar\/index.php\/comenzo-la-pavimentacion-en-la-autopista-de-la-ruta-nacional-33\/","url":"https:\/\/infoecos.com.ar\/index.php\/comenzo-la-pavimentacion-en-la-autopista-de-la-ruta-nacional-33\/","name":"Comenz\u00f3 la pavimentaci\u00f3n en la autopista de la Ruta Nacional 33 - Infoecos","isPartOf":{"@id":"https:\/\/infoecos.com.ar\/#website"},"primaryImageOfPage":{"@id":"https:\/\/infoecos.com.ar\/index.php\/comenzo-la-pavimentacion-en-la-autopista-de-la-ruta-nacional-33\/#primaryimage"},"image":{"@id":"https:\/\/infoecos.com.ar\/index.php\/comenzo-la-pavimentacion-en-la-autopista-de-la-ruta-nacional-33\/#primaryimage"},"thumbnailUrl":"","datePublished":"2020-10-20T00:38:14+00:00","dateModified":"2020-10-20T00:38:22+00:00","breadcrumb":{"@id":"https:\/\/infoecos.com.ar\/index.php\/comenzo-la-pavimentacion-en-la-autopista-de-la-ruta-nacional-33\/#breadcrumb"},"inLanguage":"es","potentialAction":[{"@type":"ReadAction","target":["https:\/\/infoecos.com.ar\/index.php\/comenzo-la-pavimentacion-en-la-autopista-de-la-ruta-nacional-33\/"]}]},{"@type":"ImageObject","inLanguage":"es","@id":"https:\/\/infoecos.com.ar\/index.php\/comenzo-la-pavimentacion-en-la-autopista-de-la-ruta-nacional-33\/#primaryimage","url":"","contentUrl":""},{"@type":"BreadcrumbList","@id":"https:\/\/infoecos.com.ar\/index.php\/comenzo-la-pavimentacion-en-la-autopista-de-la-ruta-nacional-33\/#breadcrumb","itemListElement":[{"@type":"ListItem","position":1,"name":"Portada","item":"https:\/\/infoecos.com.ar\/"},{"@type":"ListItem","position":2,"name":"Comenz\u00f3 la pavimentaci\u00f3n en la autopista de la Ruta Nacional 33"}]},{"@type":"WebSite","@id":"https:\/\/infoecos.com.ar\/#website","url":"https:\/\/infoecos.com.ar\/","name":"Infoecos","description":"Noticias de trenque lauquen y la zona","publisher":{"@id":"https:\/\/infoecos.com.ar\/#organization"},"alternateName":"Noticias","potentialAction":[{"@type":"SearchAction","target":{"@type":"EntryPoint","urlTemplate":"https:\/\/infoecos.com.ar\/?s={search_term_string}"},"query-input":{"@type":"PropertyValueSpecification","valueRequired":true,"valueName":"search_term_string"}}],"inLanguage":"es"},{"@type":"Organization","@id":"https:\/\/infoecos.com.ar\/#organization","name":"Infoecos","alternateName":"Noticias","url":"https:\/\/infoecos.com.ar\/","logo":{"@type":"ImageObject","inLanguage":"es","@id":"https:\/\/infoecos.com.ar\/#\/schema\/logo\/image\/","url":"https:\/\/infoecos.com.ar\/wp-content\/uploads\/2024\/03\/cropped-logo.png","contentUrl":"https:\/\/infoecos.com.ar\/wp-content\/uploads\/2024\/03\/cropped-logo.png","width":374,"height":90,"caption":"Infoecos"},"image":{"@id":"https:\/\/infoecos.com.ar\/#\/schema\/logo\/image\/"},"sameAs":["https:\/\/www.facebook.com\/profile.php?id=100063200290284","https:\/\/x.com\/infoecos"]},{"@type":"Person","@id":"https:\/\/infoecos.com.ar\/#\/schema\/person\/8f5ace5ce73b4b4aac4b7245aee6f191","name":"Jorge Matheus","url":"https:\/\/infoecos.com.ar\/index.php\/author\/jomatheus\/"}]}},"featured_image_urls":{"full":"","thumbnail":"","medium":"","medium_large":"","large":"","1536x1536":"","2048x2048":"","covernews-slider-full":"","covernews-slider-center":"","covernews-featured":"","covernews-medium":"","covernews-medium-square":""},"author_info":{"info":["Jorge Matheus"]},"category_info":"<a href=\"https:\/\/infoecos.com.ar\/index.php\/category\/c3nota1\/\" rel=\"category tag\">C3 N1<\/a>","tag_info":"C3 N1","comment_count":"0","_links":{"self":[{"href":"https:\/\/infoecos.com.ar\/index.php\/wp-json\/wp\/v2\/posts\/69754"}],"collection":[{"href":"https:\/\/infoecos.com.ar\/index.php\/wp-json\/wp\/v2\/posts"}],"about":[{"href":"https:\/\/infoecos.com.ar\/index.php\/wp-json\/wp\/v2\/types\/post"}],"author":[{"embeddable":true,"href":"https:\/\/infoecos.com.ar\/index.php\/wp-json\/wp\/v2\/users\/2"}],"replies":[{"embeddable":true,"href":"https:\/\/infoecos.com.ar\/index.php\/wp-json\/wp\/v2\/comments?post=69754"}],"version-history":[{"count":1,"href":"https:\/\/infoecos.com.ar\/index.php\/wp-json\/wp\/v2\/posts\/69754\/revisions"}],"predecessor-version":[{"id":69755,"href":"https:\/\/infoecos.com.ar\/index.php\/wp-json\/wp\/v2\/posts\/69754\/revisions\/69755"}],"wp:featuredmedia":[{"embeddable":true,"href":"https:\/\/infoecos.com.ar\/index.php\/wp-json\/"}],"wp:attachment":[{"href":"https:\/\/infoecos.com.ar\/index.php\/wp-json\/wp\/v2\/media?parent=69754"}],"wp:term":[{"taxonomy":"category","embeddable":true,"href":"https:\/\/infoecos.com.ar\/index.php\/wp-json\/wp\/v2\/categories?post=69754"},{"taxonomy":"post_tag","embeddable":true,"href":"https:\/\/infoecos.com.ar\/index.php\/wp-json\/wp\/v2\/tags?post=69754"}],"curies":[{"name":"wp","href":"https:\/\/api.w.org\/{rel}","templated":true}]}}