{"id":69758,"date":"2020-10-19T22:06:26","date_gmt":"2020-10-20T01:06:26","guid":{"rendered":"http:\/\/infoecos.com.ar\/?p=69758"},"modified":"2020-10-19T22:07:58","modified_gmt":"2020-10-20T01:07:58","slug":"el-gobierno-de-la-provincia-de-buenos-aires-licito-obras-de-repavimentacion-para-9-de-julio-y-bolivar","status":"publish","type":"post","link":"https:\/\/infoecos.com.ar\/index.php\/el-gobierno-de-la-provincia-de-buenos-aires-licito-obras-de-repavimentacion-para-9-de-julio-y-bolivar\/","title":{"rendered":"El gobierno de la provincia de Buenos Aires licit\u00f3 obras de repavimentaci\u00f3n para 9 de Julio y Bol\u00edvar"},"content":{"rendered":"\n<p>Con la presencia del Jefe de Gabinete del Ministerio de Infraestructura y Servicios P\u00fablicos de la Provincia de Buenos Aires, Diego Men\u00e9ndez; el subsecretario de Obras P\u00fablicas, Ernesto Selzer, y el intendente de Bol\u00edvar, Marcos Pisano, se licitaron tres obras de repavimentaci\u00f3n en Ruta Provincial 65.<\/p>\n\n\n\n<div class=\"wp-block-image\"><figure class=\"aligncenter size-medium\"><img loading=\"lazy\" decoding=\"async\" width=\"460\" height=\"305\" src=\"http:\/\/infoecos.com.ar\/wp-content\/uploads\/2020\/10\/Se-licitaron-importantes-obras-para-la-produccion-y-la-conectividad-460x305.jpg\" alt=\"\" class=\"wp-image-69759\" srcset=\"https:\/\/infoecos.com.ar\/wp-content\/uploads\/2020\/10\/Se-licitaron-importantes-obras-para-la-produccion-y-la-conectividad-460x305.jpg 460w, https:\/\/infoecos.com.ar\/wp-content\/uploads\/2020\/10\/Se-licitaron-importantes-obras-para-la-produccion-y-la-conectividad-920x609.jpg 920w, https:\/\/infoecos.com.ar\/wp-content\/uploads\/2020\/10\/Se-licitaron-importantes-obras-para-la-produccion-y-la-conectividad-768x509.jpg 768w, https:\/\/infoecos.com.ar\/wp-content\/uploads\/2020\/10\/Se-licitaron-importantes-obras-para-la-produccion-y-la-conectividad-1536x1020.jpg 1536w, https:\/\/infoecos.com.ar\/wp-content\/uploads\/2020\/10\/Se-licitaron-importantes-obras-para-la-produccion-y-la-conectividad-2048x1356.jpg 2048w, https:\/\/infoecos.com.ar\/wp-content\/uploads\/2020\/10\/Se-licitaron-importantes-obras-para-la-produccion-y-la-conectividad-1024x678.jpg 1024w\" sizes=\"(max-width: 460px) 100vw, 460px\" \/><\/figure><\/div>\n\n\n\n<p>En este sentido, Men\u00e9ndez expres\u00f3: \u201cContinuamos con el plan de reactivaci\u00f3n de la obra p\u00fablica con este tipo de licitaciones que suponen beneficios muy importantes para la producci\u00f3n, para la conectividad, para la generaci\u00f3n de empleo y \u2013en definitiva- para el crecimiento de la Provincia\u201d.<\/p>\n\n\n\n<p>As\u00ed tambi\u00e9n, hizo lo propio Selzer, quien manifest\u00f3: \u201cEstas intervenciones en Ruta 65, como todas las que tenemos previstas licitar para los distintos corredores de la red en los pr\u00f3ximos meses, implican brindarles mayor seguridad vial a las y los usuarios\u201d.<\/p>\n\n\n\n<p>Por su parte, Pisano agradeci\u00f3 por la convocatoria y manifest\u00f3: \u201cLa traza de esta ruta en particular es crucial porque permite el traslado de la producci\u00f3n primaria que sale de esta zona; por lo tanto, las intervenciones que se realizar\u00e1n permitir\u00e1n optimizar la circulaci\u00f3n de los transportistas\u201d, y agreg\u00f3: \u201cQuiero agradecerle especialmente al Gobernador por acompa\u00f1arnos en esta iniciativa tan importante para los bonaerenses\u201d.<\/p>\n\n\n\n<p>Respecto al acto, \u00e9ste inici\u00f3 con la licitaci\u00f3n de la obra de repavimentaci\u00f3n de calzada y construcci\u00f3n de banquinas pavimentadas en Ruta 65, en el tramo comprendido entre Ruta Nacional 5 (9 de julio) y Ruta Nacional 226 (Bol\u00edvar). Concretamente, los trabajos se realizar\u00e1n sobre una longitud de 27500 metros, entre el acceso a Santos Unzu\u00e9 y el acceso a Villa Sanz. Los trabajos se complementar\u00e1n con tareas de mantenimiento rutinario de alcantarillas transversales y longitudinales existentes, colocaci\u00f3n de barandas de defensa vehicular, construcci\u00f3n de d\u00e1rsenas y refugios rurales para ascenso y descenso de pasajeros del transporte p\u00fablico. Tambi\u00e9n se prev\u00e9 la se\u00f1alizaci\u00f3n horizontal y vertical. Para las intervenciones, que se realizar\u00e1 en jurisdicci\u00f3n de los Partidos de 9 de Julio y Bol\u00edvar, el presupuesto oficial es de $878.492.215,97.<\/p>\n\n\n\n<div class=\"wp-block-image\"><figure class=\"aligncenter size-medium\"><img loading=\"lazy\" decoding=\"async\" width=\"460\" height=\"305\" src=\"http:\/\/infoecos.com.ar\/wp-content\/uploads\/2020\/10\/Autoridades-provinciales-presidieron-el-acto-licitatorio-460x305.jpg\" alt=\"\" class=\"wp-image-69760\" srcset=\"https:\/\/infoecos.com.ar\/wp-content\/uploads\/2020\/10\/Autoridades-provinciales-presidieron-el-acto-licitatorio-460x305.jpg 460w, https:\/\/infoecos.com.ar\/wp-content\/uploads\/2020\/10\/Autoridades-provinciales-presidieron-el-acto-licitatorio-920x609.jpg 920w, https:\/\/infoecos.com.ar\/wp-content\/uploads\/2020\/10\/Autoridades-provinciales-presidieron-el-acto-licitatorio-768x509.jpg 768w, https:\/\/infoecos.com.ar\/wp-content\/uploads\/2020\/10\/Autoridades-provinciales-presidieron-el-acto-licitatorio-1536x1020.jpg 1536w, https:\/\/infoecos.com.ar\/wp-content\/uploads\/2020\/10\/Autoridades-provinciales-presidieron-el-acto-licitatorio-2048x1356.jpg 2048w, https:\/\/infoecos.com.ar\/wp-content\/uploads\/2020\/10\/Autoridades-provinciales-presidieron-el-acto-licitatorio-1024x678.jpg 1024w\" sizes=\"(max-width: 460px) 100vw, 460px\" \/><\/figure><\/div>\n\n\n\n<p>&nbsp;<strong>Se presentaron las siguientes empresas:<\/strong><\/p>\n\n\n\n<p>1) &nbsp; &nbsp; &nbsp; &nbsp; Fontana Nicastro S.A.C.<\/p>\n\n\n\n<p>2) &nbsp; &nbsp; &nbsp; &nbsp; Vialtec S.A.- CyE Construcciones \u2013 Ruta 65 LP 12 UT<\/p>\n\n\n\n<p>3) &nbsp; &nbsp; &nbsp; &nbsp; Constructora Dos Arroyos S.A.<\/p>\n\n\n\n<p>4) &nbsp; &nbsp; &nbsp; &nbsp; Eleprint S.A.<\/p>\n\n\n\n<p>5) &nbsp; &nbsp; &nbsp; &nbsp; Vial Agro S.A.<\/p>\n\n\n\n<p>6) &nbsp; &nbsp; &nbsp; &nbsp; Pose S.A.<\/p>\n\n\n\n<p>7) &nbsp; &nbsp; &nbsp; &nbsp; Burgwardt y Cia S.A.I.C. y A.G<\/p>\n\n\n\n<p>8) &nbsp; &nbsp; &nbsp; &nbsp; ICF. S.A.<\/p>\n\n\n\n<p>9) &nbsp; &nbsp; &nbsp; &nbsp; Construmex S.A.<\/p>\n\n\n\n<p>10) &nbsp; &nbsp; &nbsp; Marcalba S.A.<\/p>\n\n\n\n<p>11) &nbsp; &nbsp; &nbsp; Briales S.A.-Ocsa S.A.-Pelque S.A. UT DVBA<\/p>\n\n\n\n<p>12) &nbsp; &nbsp; &nbsp; Vialmani S.A.<\/p>\n\n\n\n<p>13) &nbsp; &nbsp; &nbsp; Tecnipisos S.A. \u2013Centro Construcciones S.A. \u2013Uni\u00f3n Transitoria \u2013RP65 II A<\/p>\n\n\n\n<p>14) &nbsp; &nbsp; &nbsp; Rovial S.A.<\/p>\n\n\n\n<p>15) &nbsp; &nbsp; &nbsp; Luciano S.A.<\/p>\n\n\n\n<p>16) &nbsp; &nbsp; &nbsp; Concret-Nor S.A.<\/p>\n\n\n\n<p>17) &nbsp; &nbsp; &nbsp; Coarco S.A.<\/p>\n\n\n\n<p>18) &nbsp; &nbsp; &nbsp; Hidraco S.A.-Mar\u00edn Construcciones- Coninsa S.A. UT<\/p>\n\n\n\n<div class=\"wp-block-image\"><figure class=\"aligncenter size-medium\"><img loading=\"lazy\" decoding=\"async\" width=\"460\" height=\"305\" src=\"http:\/\/infoecos.com.ar\/wp-content\/uploads\/2020\/10\/La-Provincia-continua-poniendo-en-marcha-un-plan-de-reactivacion-de-la-obra-publica-460x305.jpg\" alt=\"\" class=\"wp-image-69761\" srcset=\"https:\/\/infoecos.com.ar\/wp-content\/uploads\/2020\/10\/La-Provincia-continua-poniendo-en-marcha-un-plan-de-reactivacion-de-la-obra-publica-460x305.jpg 460w, https:\/\/infoecos.com.ar\/wp-content\/uploads\/2020\/10\/La-Provincia-continua-poniendo-en-marcha-un-plan-de-reactivacion-de-la-obra-publica-920x609.jpg 920w, https:\/\/infoecos.com.ar\/wp-content\/uploads\/2020\/10\/La-Provincia-continua-poniendo-en-marcha-un-plan-de-reactivacion-de-la-obra-publica-768x509.jpg 768w, https:\/\/infoecos.com.ar\/wp-content\/uploads\/2020\/10\/La-Provincia-continua-poniendo-en-marcha-un-plan-de-reactivacion-de-la-obra-publica-1536x1020.jpg 1536w, https:\/\/infoecos.com.ar\/wp-content\/uploads\/2020\/10\/La-Provincia-continua-poniendo-en-marcha-un-plan-de-reactivacion-de-la-obra-publica-2048x1356.jpg 2048w, https:\/\/infoecos.com.ar\/wp-content\/uploads\/2020\/10\/La-Provincia-continua-poniendo-en-marcha-un-plan-de-reactivacion-de-la-obra-publica-1024x678.jpg 1024w\" sizes=\"(max-width: 460px) 100vw, 460px\" \/><\/figure><\/div>\n\n\n\n<p>Por otro lado, se licit\u00f3 la repavimentaci\u00f3n de calzada y construcci\u00f3n de banquinas pavimentadas en Ruta 65, en el tramo comprendido entre Ruta Nacional 5 (9 de julio) y Ruta Nacional 226 (Bol\u00edvar). En este caso, los trabajos se realizar\u00e1n entre el acceso a Villa Sanz y la Ruta Nacional 205, sobre una longitud de 21400 metros, en jurisdicci\u00f3n del Partido de Bol\u00edvar. <\/p>\n\n\n\n<p>Las tareas se complementar\u00e1n con el mantenimiento rutinario de alcantarillas transversales y longitudinales existentes, colocaci\u00f3n de barandas de defensa vehicular, construcci\u00f3n de d\u00e1rsenas y refugios rurales para ascenso y descenso de pasajeros del transporte p\u00fablico.<\/p>\n\n\n\n<p>Se ha previsto la provisi\u00f3n e instalaci\u00f3n del sistema de Iluminaci\u00f3n en la Intersecci\u00f3n con el Acceso a la localidad de Mariano Unzu\u00e9 y en el acceso a la localidad de Villa Sanz. Asimismo se agregar\u00e1n en dichos accesos, sem\u00e1foros titilantes de precauci\u00f3n y alerta. El presupuesto oficial es de $700.200.454,36.<\/p>\n\n\n\n<p><strong>Se presentaron las siguientes empresas:<\/strong><\/p>\n\n\n\n<p>1) &nbsp; &nbsp; &nbsp; &nbsp; Fontana Nicastro S.A.C.<\/p>\n\n\n\n<p>2) &nbsp; &nbsp; &nbsp; &nbsp; CyE Construcciones S.A. \u2013 Vialtec S.A. UT<\/p>\n\n\n\n<p>3) &nbsp; &nbsp; &nbsp; &nbsp; Constructora Dos Arroyos S.A.<\/p>\n\n\n\n<p>4) &nbsp; &nbsp; &nbsp; &nbsp; Eleprint S.A.<\/p>\n\n\n\n<p>5) &nbsp; &nbsp; &nbsp; &nbsp; Vial Agro S.A.<\/p>\n\n\n\n<p>6) &nbsp; &nbsp; &nbsp; &nbsp; Pose S.A.<\/p>\n\n\n\n<p>7) &nbsp; &nbsp; &nbsp; &nbsp; Burgwardt y Cia S.A.<\/p>\n\n\n\n<p>8) &nbsp; &nbsp; &nbsp; &nbsp; ICF S.A.<\/p>\n\n\n\n<p>9) &nbsp; &nbsp; &nbsp; &nbsp; Vialme S.A.<\/p>\n\n\n\n<p>10) &nbsp; &nbsp; &nbsp; Avinco Construcciones S.A. &#8211; Ingeniero Alberto Reano S.A. UT<\/p>\n\n\n\n<p>11) &nbsp; &nbsp; &nbsp; Construmex S.A.<\/p>\n\n\n\n<p>12) &nbsp; &nbsp; &nbsp; Macalba S.A.<\/p>\n\n\n\n<p>13) &nbsp; &nbsp; &nbsp; Briales S.A. \u2013 Ocsa S.A.-Pelque S.A. UT<\/p>\n\n\n\n<p>14) &nbsp; &nbsp; &nbsp; Vialmani S.A.<\/p>\n\n\n\n<p>15) &nbsp; &nbsp; &nbsp; Tecnipisos S.A.-Centro Construcciones S.A. UT<\/p>\n\n\n\n<p>16) &nbsp; &nbsp; &nbsp; Rovial S.A.<\/p>\n\n\n\n<p>17) &nbsp; &nbsp; &nbsp; Luciano S.A.<\/p>\n\n\n\n<p>18) &nbsp; &nbsp; &nbsp; Concret Nor S.A.<\/p>\n\n\n\n<p>19) &nbsp; &nbsp; &nbsp; Coarco S.A.<\/p>\n\n\n\n<p>20) &nbsp; &nbsp; &nbsp; Hidraco S.A.-Marin Construcciones S.A. \u2013 Coninsa S.A. UT<\/p>\n\n\n\n<div class=\"wp-block-image\"><figure class=\"aligncenter size-medium\"><img loading=\"lazy\" decoding=\"async\" width=\"460\" height=\"325\" src=\"http:\/\/infoecos.com.ar\/wp-content\/uploads\/2020\/10\/Placa-Ruta-65-Sec-II-A-460x325.jpeg\" alt=\"\" class=\"wp-image-69762\" srcset=\"https:\/\/infoecos.com.ar\/wp-content\/uploads\/2020\/10\/Placa-Ruta-65-Sec-II-A-460x325.jpeg 460w, https:\/\/infoecos.com.ar\/wp-content\/uploads\/2020\/10\/Placa-Ruta-65-Sec-II-A-920x650.jpeg 920w, https:\/\/infoecos.com.ar\/wp-content\/uploads\/2020\/10\/Placa-Ruta-65-Sec-II-A-768x542.jpeg 768w, https:\/\/infoecos.com.ar\/wp-content\/uploads\/2020\/10\/Placa-Ruta-65-Sec-II-A-1024x723.jpeg 1024w, https:\/\/infoecos.com.ar\/wp-content\/uploads\/2020\/10\/Placa-Ruta-65-Sec-II-A.jpeg 1280w\" sizes=\"(max-width: 460px) 100vw, 460px\" \/><\/figure><\/div>\n\n\n\n<p>Por \u00faltimo, se realiz\u00f3 la licitaci\u00f3n de la repavimentaci\u00f3n y construcci\u00f3n de banquinas pavimentadas en Ruta Provincial 65, en el tramo comprendido entre la Ruta Nacional 205 y la Ruta Nacional 226, sobre una longitud de 12.125 metros, en jurisdicci\u00f3n del Partido de Bol\u00edvar. La obra, a su vez, se complementar\u00e1 con el reemplazo de la intersecci\u00f3n existente por una de tipo canalizada. A su vez, prev\u00e9 el mantenimiento rutinario de todas las obras de arte existentes y la construcci\u00f3n de alcantarillas transversales en la nueva intersecci\u00f3n en el acceso a Bol\u00edvar.<\/p>\n\n\n\n<p>La obra se completar\u00e1 con la colocaci\u00f3n de baranda para defensa vehicular y se construir\u00e1n d\u00e1rsenas y refugios rurales para ascenso y descenso de pasajeros del transporte p\u00fablico. Tambi\u00e9n se previ\u00f3 la colocaci\u00f3n de se\u00f1alizaci\u00f3n horizontal y vertical y la provisi\u00f3n e instalaci\u00f3n de nuevos sistemas de iluminaci\u00f3n en las Intersecciones con el Acceso a Bol\u00edvar por el Aer\u00f3dromo y la readecuaci\u00f3n total de la iluminaci\u00f3n en el Acceso a la Ciudad de Bol\u00edvar, en la nueva intersecci\u00f3n canalizada.<\/p>\n\n\n\n<p>Asimismo se agregar\u00e1n en dichos accesos, sem\u00e1foros titilantes de precauci\u00f3n y alerta, en las cantidades establecidas en los c\u00f3mputos m\u00e9tricos.<\/p>\n\n\n\n<p>Tambi\u00e9n se prev\u00e9 la readecuaci\u00f3n del sistema de iluminaci\u00f3n existente en la intersecci\u00f3n con la R.N. 226. Para dicha obra, el presupuesto oficial es de $527.604.928,48.<\/p>\n\n\n\n<div class=\"wp-block-image\"><figure class=\"aligncenter size-medium\"><img loading=\"lazy\" decoding=\"async\" width=\"460\" height=\"325\" src=\"http:\/\/infoecos.com.ar\/wp-content\/uploads\/2020\/10\/Placa-Ruta-65-Seccion-II-B-460x325.jpeg\" alt=\"\" class=\"wp-image-69763\" srcset=\"https:\/\/infoecos.com.ar\/wp-content\/uploads\/2020\/10\/Placa-Ruta-65-Seccion-II-B-460x325.jpeg 460w, https:\/\/infoecos.com.ar\/wp-content\/uploads\/2020\/10\/Placa-Ruta-65-Seccion-II-B-920x650.jpeg 920w, https:\/\/infoecos.com.ar\/wp-content\/uploads\/2020\/10\/Placa-Ruta-65-Seccion-II-B-768x542.jpeg 768w, https:\/\/infoecos.com.ar\/wp-content\/uploads\/2020\/10\/Placa-Ruta-65-Seccion-II-B-1024x723.jpeg 1024w, https:\/\/infoecos.com.ar\/wp-content\/uploads\/2020\/10\/Placa-Ruta-65-Seccion-II-B.jpeg 1280w\" sizes=\"(max-width: 460px) 100vw, 460px\" \/><\/figure><\/div>\n\n\n\n<p><strong>Se presentaron las siguientes empresas:<\/strong><\/p>\n\n\n\n<p>1) &nbsp; &nbsp; &nbsp; &nbsp; Fontana Nicastro S.A.C.<\/p>\n\n\n\n<p>2) &nbsp; &nbsp; &nbsp; &nbsp; C Y E Construcciones S.A.-Vialtec S.A. UT<\/p>\n\n\n\n<p>3) &nbsp; &nbsp; &nbsp; &nbsp; Constructora Dos Arroyos S.A.<\/p>\n\n\n\n<p>4) &nbsp; &nbsp; &nbsp; &nbsp; Eleprint S.A.<\/p>\n\n\n\n<p>5) &nbsp; &nbsp; &nbsp; &nbsp; Vial Agro S.A.<\/p>\n\n\n\n<p>6) &nbsp; &nbsp; &nbsp; &nbsp; Pose S.A.<\/p>\n\n\n\n<p>7) &nbsp; &nbsp; &nbsp; &nbsp; Burgwardt y S.A.I.C Y AG.<\/p>\n\n\n\n<p>8) &nbsp; &nbsp; &nbsp; &nbsp; Kavos S.A.<\/p>\n\n\n\n<p>9) &nbsp; &nbsp; &nbsp; &nbsp; Vialme S.A.<\/p>\n\n\n\n<p>10) &nbsp; &nbsp; &nbsp; Sepeyco S.R.L.-Beton Vial S.A. UT<\/p>\n\n\n\n<p>11) &nbsp; &nbsp; &nbsp; Avinco Construcciones S.A-Ingeniero Alberto Reano S.A. UT<\/p>\n\n\n\n<p>12) &nbsp; &nbsp; &nbsp; Construmex S.A.<\/p>\n\n\n\n<p>13) &nbsp; &nbsp; &nbsp; Marcalba S.A.<\/p>\n\n\n\n<p>14) &nbsp; &nbsp; &nbsp; Plantel S.A.<\/p>\n\n\n\n<p>15) &nbsp; &nbsp; &nbsp; Vialmani S.A.<\/p>\n\n\n\n<p>16) &nbsp; &nbsp; &nbsp; Tecnipisos S.A. \u2013 Centro Construcciones S.A. UT<\/p>\n\n\n\n<p>17) &nbsp; &nbsp; &nbsp; Rovial S.A.<\/p>\n\n\n\n<p>18) &nbsp; &nbsp; &nbsp; Luciano S.A.<\/p>\n\n\n\n<p>19) &nbsp; &nbsp; &nbsp; Concret Nor S.A.<\/p>\n\n\n\n<p>20) &nbsp; &nbsp; &nbsp; Coarco S.A.<\/p>\n\n\n\n<p>21) &nbsp; &nbsp; &nbsp; Hidraco S.A. \u2013 Marin Construcciones S.A.-Coninsa S.A. UT<\/p>\n\n\n\n<p>22) &nbsp; &nbsp; &nbsp; Briales S.A. \u2013 Ocsa S.A.- Pelque S.A.<\/p>\n\n\n\n<div class=\"wp-block-image\"><figure class=\"aligncenter size-medium\"><img loading=\"lazy\" decoding=\"async\" width=\"460\" height=\"325\" src=\"http:\/\/infoecos.com.ar\/wp-content\/uploads\/2020\/10\/Placa-Ruta-65-Sec-III-460x325.jpeg\" alt=\"\" class=\"wp-image-69764\" srcset=\"https:\/\/infoecos.com.ar\/wp-content\/uploads\/2020\/10\/Placa-Ruta-65-Sec-III-460x325.jpeg 460w, https:\/\/infoecos.com.ar\/wp-content\/uploads\/2020\/10\/Placa-Ruta-65-Sec-III-920x650.jpeg 920w, https:\/\/infoecos.com.ar\/wp-content\/uploads\/2020\/10\/Placa-Ruta-65-Sec-III-768x542.jpeg 768w, https:\/\/infoecos.com.ar\/wp-content\/uploads\/2020\/10\/Placa-Ruta-65-Sec-III-1024x723.jpeg 1024w, https:\/\/infoecos.com.ar\/wp-content\/uploads\/2020\/10\/Placa-Ruta-65-Sec-III.jpeg 1280w\" sizes=\"(max-width: 460px) 100vw, 460px\" \/><\/figure><\/div>\n\n\n\n<p>El acto consisti\u00f3 en la recepci\u00f3n de las ofertas y en la apertura del sobre N\u00b0 1. Una vez evaluados los antecedentes y garant\u00edas de cada empresa, se proceder\u00e1 a la apertura p\u00fablica del sobre N\u00b0 2, que contiene la oferta econ\u00f3mica respectiva.<\/p>\n\n\n\n<p>Cabe destacar que tambi\u00e9n participaron del acto la Gerenta de Administraci\u00f3n de la Direcci\u00f3n de Vialidad, Alejandra Golner; el Gerente T\u00e9cnico de la Repartici\u00f3n; Pablo Morano; y representantes de empresas oferentes.<\/p>\n","protected":false},"excerpt":{"rendered":"<p>Se licitaron tres obras de repavimentaci\u00f3n en Ruta Provincial 65<\/p>\n","protected":false},"author":2,"featured_media":69761,"comment_status":"closed","ping_status":"open","sticky":false,"template":"","format":"standard","meta":{"footnotes":""},"categories":[46],"tags":[1055],"class_list":["post-69758","post","type-post","status-publish","format-standard","has-post-thumbnail","hentry","category-c2nota2","tag-rutas"],"yoast_head":"<!-- This site is optimized with the Yoast SEO plugin v23.4 - https:\/\/yoast.com\/wordpress\/plugins\/seo\/ -->\n<title>El gobierno de la provincia de Buenos Aires licit\u00f3 obras de repavimentaci\u00f3n para 9 de Julio y Bol\u00edvar - Infoecos<\/title>\n<meta name=\"robots\" content=\"index, follow, max-snippet:-1, max-image-preview:large, max-video-preview:-1\" \/>\n<link rel=\"canonical\" href=\"https:\/\/infoecos.com.ar\/index.php\/el-gobierno-de-la-provincia-de-buenos-aires-licito-obras-de-repavimentacion-para-9-de-julio-y-bolivar\/\" \/>\n<meta property=\"og:locale\" content=\"es_ES\" \/>\n<meta property=\"og:type\" content=\"article\" \/>\n<meta property=\"og:title\" content=\"El gobierno de la provincia de Buenos Aires licit\u00f3 obras de repavimentaci\u00f3n para 9 de Julio y Bol\u00edvar - Infoecos\" \/>\n<meta property=\"og:description\" content=\"Se licitaron tres obras de repavimentaci\u00f3n en Ruta Provincial 65\" \/>\n<meta property=\"og:url\" content=\"https:\/\/infoecos.com.ar\/index.php\/el-gobierno-de-la-provincia-de-buenos-aires-licito-obras-de-repavimentacion-para-9-de-julio-y-bolivar\/\" \/>\n<meta property=\"og:site_name\" content=\"Infoecos\" \/>\n<meta property=\"article:publisher\" content=\"https:\/\/www.facebook.com\/profile.php?id=100063200290284\" \/>\n<meta property=\"article:published_time\" content=\"2020-10-20T01:06:26+00:00\" \/>\n<meta property=\"article:modified_time\" content=\"2020-10-20T01:07:58+00:00\" \/>\n<meta property=\"og:image\" content=\"https:\/\/infoecos.com.ar\/wp-content\/uploads\/2020\/10\/La-Provincia-continua-poniendo-en-marcha-un-plan-de-reactivacion-de-la-obra-publica-scaled.jpg\" \/>\n\t<meta property=\"og:image:width\" content=\"2560\" \/>\n\t<meta property=\"og:image:height\" content=\"1696\" \/>\n\t<meta property=\"og:image:type\" content=\"image\/jpeg\" \/>\n<meta name=\"author\" content=\"Jorge Matheus\" \/>\n<meta name=\"twitter:card\" content=\"summary_large_image\" \/>\n<meta name=\"twitter:creator\" content=\"@infoecos\" \/>\n<meta name=\"twitter:site\" content=\"@infoecos\" \/>\n<meta name=\"twitter:label1\" content=\"Escrito por\" \/>\n\t<meta name=\"twitter:data1\" content=\"Jorge Matheus\" \/>\n\t<meta name=\"twitter:label2\" content=\"Tiempo de lectura\" \/>\n\t<meta name=\"twitter:data2\" content=\"7 minutos\" \/>\n<script type=\"application\/ld+json\" class=\"yoast-schema-graph\">{\"@context\":\"https:\/\/schema.org\",\"@graph\":[{\"@type\":\"Article\",\"@id\":\"https:\/\/infoecos.com.ar\/index.php\/el-gobierno-de-la-provincia-de-buenos-aires-licito-obras-de-repavimentacion-para-9-de-julio-y-bolivar\/#article\",\"isPartOf\":{\"@id\":\"https:\/\/infoecos.com.ar\/index.php\/el-gobierno-de-la-provincia-de-buenos-aires-licito-obras-de-repavimentacion-para-9-de-julio-y-bolivar\/\"},\"author\":{\"name\":\"Jorge Matheus\",\"@id\":\"https:\/\/infoecos.com.ar\/#\/schema\/person\/8f5ace5ce73b4b4aac4b7245aee6f191\"},\"headline\":\"El gobierno de la provincia de Buenos Aires licit\u00f3 obras de repavimentaci\u00f3n para 9 de Julio y Bol\u00edvar\",\"datePublished\":\"2020-10-20T01:06:26+00:00\",\"dateModified\":\"2020-10-20T01:07:58+00:00\",\"mainEntityOfPage\":{\"@id\":\"https:\/\/infoecos.com.ar\/index.php\/el-gobierno-de-la-provincia-de-buenos-aires-licito-obras-de-repavimentacion-para-9-de-julio-y-bolivar\/\"},\"wordCount\":1392,\"publisher\":{\"@id\":\"https:\/\/infoecos.com.ar\/#organization\"},\"image\":{\"@id\":\"https:\/\/infoecos.com.ar\/index.php\/el-gobierno-de-la-provincia-de-buenos-aires-licito-obras-de-repavimentacion-para-9-de-julio-y-bolivar\/#primaryimage\"},\"thumbnailUrl\":\"https:\/\/infoecos.com.ar\/wp-content\/uploads\/2020\/10\/La-Provincia-continua-poniendo-en-marcha-un-plan-de-reactivacion-de-la-obra-publica-scaled.jpg\",\"keywords\":[\"RUTAS\"],\"articleSection\":[\"C2 N2\"],\"inLanguage\":\"es\"},{\"@type\":\"WebPage\",\"@id\":\"https:\/\/infoecos.com.ar\/index.php\/el-gobierno-de-la-provincia-de-buenos-aires-licito-obras-de-repavimentacion-para-9-de-julio-y-bolivar\/\",\"url\":\"https:\/\/infoecos.com.ar\/index.php\/el-gobierno-de-la-provincia-de-buenos-aires-licito-obras-de-repavimentacion-para-9-de-julio-y-bolivar\/\",\"name\":\"El gobierno de la provincia de Buenos Aires licit\u00f3 obras de repavimentaci\u00f3n para 9 de Julio y Bol\u00edvar - Infoecos\",\"isPartOf\":{\"@id\":\"https:\/\/infoecos.com.ar\/#website\"},\"primaryImageOfPage\":{\"@id\":\"https:\/\/infoecos.com.ar\/index.php\/el-gobierno-de-la-provincia-de-buenos-aires-licito-obras-de-repavimentacion-para-9-de-julio-y-bolivar\/#primaryimage\"},\"image\":{\"@id\":\"https:\/\/infoecos.com.ar\/index.php\/el-gobierno-de-la-provincia-de-buenos-aires-licito-obras-de-repavimentacion-para-9-de-julio-y-bolivar\/#primaryimage\"},\"thumbnailUrl\":\"https:\/\/infoecos.com.ar\/wp-content\/uploads\/2020\/10\/La-Provincia-continua-poniendo-en-marcha-un-plan-de-reactivacion-de-la-obra-publica-scaled.jpg\",\"datePublished\":\"2020-10-20T01:06:26+00:00\",\"dateModified\":\"2020-10-20T01:07:58+00:00\",\"breadcrumb\":{\"@id\":\"https:\/\/infoecos.com.ar\/index.php\/el-gobierno-de-la-provincia-de-buenos-aires-licito-obras-de-repavimentacion-para-9-de-julio-y-bolivar\/#breadcrumb\"},\"inLanguage\":\"es\",\"potentialAction\":[{\"@type\":\"ReadAction\",\"target\":[\"https:\/\/infoecos.com.ar\/index.php\/el-gobierno-de-la-provincia-de-buenos-aires-licito-obras-de-repavimentacion-para-9-de-julio-y-bolivar\/\"]}]},{\"@type\":\"ImageObject\",\"inLanguage\":\"es\",\"@id\":\"https:\/\/infoecos.com.ar\/index.php\/el-gobierno-de-la-provincia-de-buenos-aires-licito-obras-de-repavimentacion-para-9-de-julio-y-bolivar\/#primaryimage\",\"url\":\"https:\/\/infoecos.com.ar\/wp-content\/uploads\/2020\/10\/La-Provincia-continua-poniendo-en-marcha-un-plan-de-reactivacion-de-la-obra-publica-scaled.jpg\",\"contentUrl\":\"https:\/\/infoecos.com.ar\/wp-content\/uploads\/2020\/10\/La-Provincia-continua-poniendo-en-marcha-un-plan-de-reactivacion-de-la-obra-publica-scaled.jpg\",\"width\":2560,\"height\":1696},{\"@type\":\"BreadcrumbList\",\"@id\":\"https:\/\/infoecos.com.ar\/index.php\/el-gobierno-de-la-provincia-de-buenos-aires-licito-obras-de-repavimentacion-para-9-de-julio-y-bolivar\/#breadcrumb\",\"itemListElement\":[{\"@type\":\"ListItem\",\"position\":1,\"name\":\"Portada\",\"item\":\"https:\/\/infoecos.com.ar\/\"},{\"@type\":\"ListItem\",\"position\":2,\"name\":\"El gobierno de la provincia de Buenos Aires licit\u00f3 obras de repavimentaci\u00f3n para 9 de Julio y Bol\u00edvar\"}]},{\"@type\":\"WebSite\",\"@id\":\"https:\/\/infoecos.com.ar\/#website\",\"url\":\"https:\/\/infoecos.com.ar\/\",\"name\":\"Infoecos\",\"description\":\"Noticias de trenque lauquen y la zona\",\"publisher\":{\"@id\":\"https:\/\/infoecos.com.ar\/#organization\"},\"alternateName\":\"Noticias\",\"potentialAction\":[{\"@type\":\"SearchAction\",\"target\":{\"@type\":\"EntryPoint\",\"urlTemplate\":\"https:\/\/infoecos.com.ar\/?s={search_term_string}\"},\"query-input\":{\"@type\":\"PropertyValueSpecification\",\"valueRequired\":true,\"valueName\":\"search_term_string\"}}],\"inLanguage\":\"es\"},{\"@type\":\"Organization\",\"@id\":\"https:\/\/infoecos.com.ar\/#organization\",\"name\":\"Infoecos\",\"alternateName\":\"Noticias\",\"url\":\"https:\/\/infoecos.com.ar\/\",\"logo\":{\"@type\":\"ImageObject\",\"inLanguage\":\"es\",\"@id\":\"https:\/\/infoecos.com.ar\/#\/schema\/logo\/image\/\",\"url\":\"https:\/\/infoecos.com.ar\/wp-content\/uploads\/2024\/03\/cropped-logo.png\",\"contentUrl\":\"https:\/\/infoecos.com.ar\/wp-content\/uploads\/2024\/03\/cropped-logo.png\",\"width\":374,\"height\":90,\"caption\":\"Infoecos\"},\"image\":{\"@id\":\"https:\/\/infoecos.com.ar\/#\/schema\/logo\/image\/\"},\"sameAs\":[\"https:\/\/www.facebook.com\/profile.php?id=100063200290284\",\"https:\/\/x.com\/infoecos\"]},{\"@type\":\"Person\",\"@id\":\"https:\/\/infoecos.com.ar\/#\/schema\/person\/8f5ace5ce73b4b4aac4b7245aee6f191\",\"name\":\"Jorge Matheus\",\"url\":\"https:\/\/infoecos.com.ar\/index.php\/author\/jomatheus\/\"}]}<\/script>\n<!-- \/ Yoast SEO plugin. -->","yoast_head_json":{"title":"El gobierno de la provincia de Buenos Aires licit\u00f3 obras de repavimentaci\u00f3n para 9 de Julio y Bol\u00edvar - Infoecos","robots":{"index":"index","follow":"follow","max-snippet":"max-snippet:-1","max-image-preview":"max-image-preview:large","max-video-preview":"max-video-preview:-1"},"canonical":"https:\/\/infoecos.com.ar\/index.php\/el-gobierno-de-la-provincia-de-buenos-aires-licito-obras-de-repavimentacion-para-9-de-julio-y-bolivar\/","og_locale":"es_ES","og_type":"article","og_title":"El gobierno de la provincia de Buenos Aires licit\u00f3 obras de repavimentaci\u00f3n para 9 de Julio y Bol\u00edvar - Infoecos","og_description":"Se licitaron tres obras de repavimentaci\u00f3n en Ruta Provincial 65","og_url":"https:\/\/infoecos.com.ar\/index.php\/el-gobierno-de-la-provincia-de-buenos-aires-licito-obras-de-repavimentacion-para-9-de-julio-y-bolivar\/","og_site_name":"Infoecos","article_publisher":"https:\/\/www.facebook.com\/profile.php?id=100063200290284","article_published_time":"2020-10-20T01:06:26+00:00","article_modified_time":"2020-10-20T01:07:58+00:00","og_image":[{"width":2560,"height":1696,"url":"https:\/\/infoecos.com.ar\/wp-content\/uploads\/2020\/10\/La-Provincia-continua-poniendo-en-marcha-un-plan-de-reactivacion-de-la-obra-publica-scaled.jpg","type":"image\/jpeg"}],"author":"Jorge Matheus","twitter_card":"summary_large_image","twitter_creator":"@infoecos","twitter_site":"@infoecos","twitter_misc":{"Escrito por":"Jorge Matheus","Tiempo de lectura":"7 minutos"},"schema":{"@context":"https:\/\/schema.org","@graph":[{"@type":"Article","@id":"https:\/\/infoecos.com.ar\/index.php\/el-gobierno-de-la-provincia-de-buenos-aires-licito-obras-de-repavimentacion-para-9-de-julio-y-bolivar\/#article","isPartOf":{"@id":"https:\/\/infoecos.com.ar\/index.php\/el-gobierno-de-la-provincia-de-buenos-aires-licito-obras-de-repavimentacion-para-9-de-julio-y-bolivar\/"},"author":{"name":"Jorge Matheus","@id":"https:\/\/infoecos.com.ar\/#\/schema\/person\/8f5ace5ce73b4b4aac4b7245aee6f191"},"headline":"El gobierno de la provincia de Buenos Aires licit\u00f3 obras de repavimentaci\u00f3n para 9 de Julio y Bol\u00edvar","datePublished":"2020-10-20T01:06:26+00:00","dateModified":"2020-10-20T01:07:58+00:00","mainEntityOfPage":{"@id":"https:\/\/infoecos.com.ar\/index.php\/el-gobierno-de-la-provincia-de-buenos-aires-licito-obras-de-repavimentacion-para-9-de-julio-y-bolivar\/"},"wordCount":1392,"publisher":{"@id":"https:\/\/infoecos.com.ar\/#organization"},"image":{"@id":"https:\/\/infoecos.com.ar\/index.php\/el-gobierno-de-la-provincia-de-buenos-aires-licito-obras-de-repavimentacion-para-9-de-julio-y-bolivar\/#primaryimage"},"thumbnailUrl":"https:\/\/infoecos.com.ar\/wp-content\/uploads\/2020\/10\/La-Provincia-continua-poniendo-en-marcha-un-plan-de-reactivacion-de-la-obra-publica-scaled.jpg","keywords":["RUTAS"],"articleSection":["C2 N2"],"inLanguage":"es"},{"@type":"WebPage","@id":"https:\/\/infoecos.com.ar\/index.php\/el-gobierno-de-la-provincia-de-buenos-aires-licito-obras-de-repavimentacion-para-9-de-julio-y-bolivar\/","url":"https:\/\/infoecos.com.ar\/index.php\/el-gobierno-de-la-provincia-de-buenos-aires-licito-obras-de-repavimentacion-para-9-de-julio-y-bolivar\/","name":"El gobierno de la provincia de Buenos Aires licit\u00f3 obras de repavimentaci\u00f3n para 9 de Julio y Bol\u00edvar - Infoecos","isPartOf":{"@id":"https:\/\/infoecos.com.ar\/#website"},"primaryImageOfPage":{"@id":"https:\/\/infoecos.com.ar\/index.php\/el-gobierno-de-la-provincia-de-buenos-aires-licito-obras-de-repavimentacion-para-9-de-julio-y-bolivar\/#primaryimage"},"image":{"@id":"https:\/\/infoecos.com.ar\/index.php\/el-gobierno-de-la-provincia-de-buenos-aires-licito-obras-de-repavimentacion-para-9-de-julio-y-bolivar\/#primaryimage"},"thumbnailUrl":"https:\/\/infoecos.com.ar\/wp-content\/uploads\/2020\/10\/La-Provincia-continua-poniendo-en-marcha-un-plan-de-reactivacion-de-la-obra-publica-scaled.jpg","datePublished":"2020-10-20T01:06:26+00:00","dateModified":"2020-10-20T01:07:58+00:00","breadcrumb":{"@id":"https:\/\/infoecos.com.ar\/index.php\/el-gobierno-de-la-provincia-de-buenos-aires-licito-obras-de-repavimentacion-para-9-de-julio-y-bolivar\/#breadcrumb"},"inLanguage":"es","potentialAction":[{"@type":"ReadAction","target":["https:\/\/infoecos.com.ar\/index.php\/el-gobierno-de-la-provincia-de-buenos-aires-licito-obras-de-repavimentacion-para-9-de-julio-y-bolivar\/"]}]},{"@type":"ImageObject","inLanguage":"es","@id":"https:\/\/infoecos.com.ar\/index.php\/el-gobierno-de-la-provincia-de-buenos-aires-licito-obras-de-repavimentacion-para-9-de-julio-y-bolivar\/#primaryimage","url":"https:\/\/infoecos.com.ar\/wp-content\/uploads\/2020\/10\/La-Provincia-continua-poniendo-en-marcha-un-plan-de-reactivacion-de-la-obra-publica-scaled.jpg","contentUrl":"https:\/\/infoecos.com.ar\/wp-content\/uploads\/2020\/10\/La-Provincia-continua-poniendo-en-marcha-un-plan-de-reactivacion-de-la-obra-publica-scaled.jpg","width":2560,"height":1696},{"@type":"BreadcrumbList","@id":"https:\/\/infoecos.com.ar\/index.php\/el-gobierno-de-la-provincia-de-buenos-aires-licito-obras-de-repavimentacion-para-9-de-julio-y-bolivar\/#breadcrumb","itemListElement":[{"@type":"ListItem","position":1,"name":"Portada","item":"https:\/\/infoecos.com.ar\/"},{"@type":"ListItem","position":2,"name":"El gobierno de la provincia de Buenos Aires licit\u00f3 obras de repavimentaci\u00f3n para 9 de Julio y Bol\u00edvar"}]},{"@type":"WebSite","@id":"https:\/\/infoecos.com.ar\/#website","url":"https:\/\/infoecos.com.ar\/","name":"Infoecos","description":"Noticias de trenque lauquen y la zona","publisher":{"@id":"https:\/\/infoecos.com.ar\/#organization"},"alternateName":"Noticias","potentialAction":[{"@type":"SearchAction","target":{"@type":"EntryPoint","urlTemplate":"https:\/\/infoecos.com.ar\/?s={search_term_string}"},"query-input":{"@type":"PropertyValueSpecification","valueRequired":true,"valueName":"search_term_string"}}],"inLanguage":"es"},{"@type":"Organization","@id":"https:\/\/infoecos.com.ar\/#organization","name":"Infoecos","alternateName":"Noticias","url":"https:\/\/infoecos.com.ar\/","logo":{"@type":"ImageObject","inLanguage":"es","@id":"https:\/\/infoecos.com.ar\/#\/schema\/logo\/image\/","url":"https:\/\/infoecos.com.ar\/wp-content\/uploads\/2024\/03\/cropped-logo.png","contentUrl":"https:\/\/infoecos.com.ar\/wp-content\/uploads\/2024\/03\/cropped-logo.png","width":374,"height":90,"caption":"Infoecos"},"image":{"@id":"https:\/\/infoecos.com.ar\/#\/schema\/logo\/image\/"},"sameAs":["https:\/\/www.facebook.com\/profile.php?id=100063200290284","https:\/\/x.com\/infoecos"]},{"@type":"Person","@id":"https:\/\/infoecos.com.ar\/#\/schema\/person\/8f5ace5ce73b4b4aac4b7245aee6f191","name":"Jorge Matheus","url":"https:\/\/infoecos.com.ar\/index.php\/author\/jomatheus\/"}]}},"featured_image_urls":{"full":["https:\/\/infoecos.com.ar\/wp-content\/uploads\/2020\/10\/La-Provincia-continua-poniendo-en-marcha-un-plan-de-reactivacion-de-la-obra-publica-scaled.jpg",2560,1696,false],"thumbnail":["https:\/\/infoecos.com.ar\/wp-content\/uploads\/2020\/10\/La-Provincia-continua-poniendo-en-marcha-un-plan-de-reactivacion-de-la-obra-publica-150x150.jpg",150,150,true],"medium":["https:\/\/infoecos.com.ar\/wp-content\/uploads\/2020\/10\/La-Provincia-continua-poniendo-en-marcha-un-plan-de-reactivacion-de-la-obra-publica-460x305.jpg",460,305,true],"medium_large":["https:\/\/infoecos.com.ar\/wp-content\/uploads\/2020\/10\/La-Provincia-continua-poniendo-en-marcha-un-plan-de-reactivacion-de-la-obra-publica-768x509.jpg",640,424,true],"large":["https:\/\/infoecos.com.ar\/wp-content\/uploads\/2020\/10\/La-Provincia-continua-poniendo-en-marcha-un-plan-de-reactivacion-de-la-obra-publica-920x609.jpg",640,424,true],"1536x1536":["https:\/\/infoecos.com.ar\/wp-content\/uploads\/2020\/10\/La-Provincia-continua-poniendo-en-marcha-un-plan-de-reactivacion-de-la-obra-publica-1536x1017.jpg",1536,1017,true],"2048x2048":["https:\/\/infoecos.com.ar\/wp-content\/uploads\/2020\/10\/La-Provincia-continua-poniendo-en-marcha-un-plan-de-reactivacion-de-la-obra-publica-2048x1356.jpg",2048,1356,true],"covernews-slider-full":["https:\/\/infoecos.com.ar\/wp-content\/uploads\/2020\/10\/La-Provincia-continua-poniendo-en-marcha-un-plan-de-reactivacion-de-la-obra-publica-1536x1020.jpg",1077,715,true],"covernews-slider-center":["https:\/\/infoecos.com.ar\/wp-content\/uploads\/2020\/10\/La-Provincia-continua-poniendo-en-marcha-un-plan-de-reactivacion-de-la-obra-publica-936x897.jpg",522,500,true],"covernews-featured":["https:\/\/infoecos.com.ar\/wp-content\/uploads\/2020\/10\/La-Provincia-continua-poniendo-en-marcha-un-plan-de-reactivacion-de-la-obra-publica-1024x678.jpg",1024,678,true],"covernews-medium":["https:\/\/infoecos.com.ar\/wp-content\/uploads\/2020\/10\/La-Provincia-continua-poniendo-en-marcha-un-plan-de-reactivacion-de-la-obra-publica-720x380.jpg",540,285,true],"covernews-medium-square":["https:\/\/infoecos.com.ar\/wp-content\/uploads\/2020\/10\/La-Provincia-continua-poniendo-en-marcha-un-plan-de-reactivacion-de-la-obra-publica-675x450.jpg",375,250,true]},"author_info":{"info":["Jorge Matheus"]},"category_info":"<a href=\"https:\/\/infoecos.com.ar\/index.php\/category\/c2nota2\/\" rel=\"category tag\">C2 N2<\/a>","tag_info":"C2 N2","comment_count":"0","_links":{"self":[{"href":"https:\/\/infoecos.com.ar\/index.php\/wp-json\/wp\/v2\/posts\/69758"}],"collection":[{"href":"https:\/\/infoecos.com.ar\/index.php\/wp-json\/wp\/v2\/posts"}],"about":[{"href":"https:\/\/infoecos.com.ar\/index.php\/wp-json\/wp\/v2\/types\/post"}],"author":[{"embeddable":true,"href":"https:\/\/infoecos.com.ar\/index.php\/wp-json\/wp\/v2\/users\/2"}],"replies":[{"embeddable":true,"href":"https:\/\/infoecos.com.ar\/index.php\/wp-json\/wp\/v2\/comments?post=69758"}],"version-history":[{"count":2,"href":"https:\/\/infoecos.com.ar\/index.php\/wp-json\/wp\/v2\/posts\/69758\/revisions"}],"predecessor-version":[{"id":69766,"href":"https:\/\/infoecos.com.ar\/index.php\/wp-json\/wp\/v2\/posts\/69758\/revisions\/69766"}],"wp:featuredmedia":[{"embeddable":true,"href":"https:\/\/infoecos.com.ar\/index.php\/wp-json\/wp\/v2\/media\/69761"}],"wp:attachment":[{"href":"https:\/\/infoecos.com.ar\/index.php\/wp-json\/wp\/v2\/media?parent=69758"}],"wp:term":[{"taxonomy":"category","embeddable":true,"href":"https:\/\/infoecos.com.ar\/index.php\/wp-json\/wp\/v2\/categories?post=69758"},{"taxonomy":"post_tag","embeddable":true,"href":"https:\/\/infoecos.com.ar\/index.php\/wp-json\/wp\/v2\/tags?post=69758"}],"curies":[{"name":"wp","href":"https:\/\/api.w.org\/{rel}","templated":true}]}}