{"id":69797,"date":"2020-10-20T15:43:05","date_gmt":"2020-10-20T18:43:05","guid":{"rendered":"http:\/\/infoecos.com.ar\/?p=69797"},"modified":"2020-10-20T15:43:13","modified_gmt":"2020-10-20T18:43:13","slug":"el-abogado-del-ex-intendente-de-lincoln-jorge-fernandez-dijo-que-este-podria-ser-sobreseido-analizandose-la-inexistencia-de-delito","status":"publish","type":"post","link":"https:\/\/infoecos.com.ar\/index.php\/el-abogado-del-ex-intendente-de-lincoln-jorge-fernandez-dijo-que-este-podria-ser-sobreseido-analizandose-la-inexistencia-de-delito\/","title":{"rendered":"El abogado del ex intendente de Lincoln, Jorge Fern\u00e1ndez, dijo que \u00e9ste podr\u00eda ser sobrese\u00eddo, analiz\u00e1ndose la inexistencia de delito"},"content":{"rendered":"\n<p>El abogado Humberto Pastor, defensor del ex intendente de Lincoln, Jorge Fern\u00e1ndez que estuvo detenido por una causa de corrupci\u00f3n y lavado de dinero, distribuy\u00f3 un escrito a los medios donde expone que su defendido se encuentra a punto de ser sobrese\u00eddo, mientras que la justicia analiza la posibilidad de una inexistencia de delito.<\/p>\n\n\n\n<div class=\"wp-block-image\"><figure class=\"aligncenter size-medium\"><img decoding=\"async\" src=\"http:\/\/infoecos.com.ar\/wp-content\/uploads\/20150527155912_lincoln-460x252.jpg\" alt=\"Fern\u00e1ndez, Jorge - ex Intendente de Lincoln\" class=\"wp-image-18588\"\/><figcaption>Fern\u00e1ndez, Jorge &#8211; ex Intendente de Lincoln<\/figcaption><\/figure><\/div>\n\n\n\n<p>Pastor, inform\u00f3 que: \u00aben la causa federal N\u00ba 21405\/2019 caratulada <strong>IMPUTADO: FERNANDEZ, JORGE ABEL s\/ AVERIGUACION DE DELITO<\/strong>, en tr\u00e1mite el Juzgado Federal de Jun\u00edn, a cargo del Dr. H\u00e9ctor Pedro Plou, con intervenci\u00f3n de la Fiscal\u00eda Federal de Jun\u00edn, a cargo del Dr. Eduardo Varas, ante pedido expreso del se\u00f1or Agente Fiscal, el 9\/9\/2020, el se\u00f1or Juez dispuso el archivo de las actuaciones por inexistencia de delito\u201d.<\/p>\n\n\n\n<p>El letrado record\u00f3 que \u201cse trata de una denuncia que radic\u00f3 el Fiscal Javier Ochoaizpuro, en la convicci\u00f3n de que en la causa por enriquecimiento il\u00edcito que \u00e9l lleva adelante por denuncia de Serenal y otros, se podr\u00eda haber consumado un delito de acci\u00f3n p\u00fablica de competencia federal (evasi\u00f3n impositiva o lavado de activos)\u201d. En este sentido menciona al actual intendente municipal del distrito, Salvador Serenal, se\u00f1alando que \u00e9ste se  \u00ab<strong>se hab\u00eda presentado como querellante y fue tenido por tal por el Dr. Plou, quedando desvinculado de la investigaci\u00f3n porque, ante apelaci\u00f3n de la defensa, la Excelent\u00edsima C\u00e1mara le revoc\u00f3 el rol de querellante\u201d.<\/strong><\/p>\n\n\n\n<p>Bajo el t\u00edtulo <strong>\u201cLa denuncia, cual \u201ccr\u00f3nica de una muerte anunciada\u201d, lleg\u00f3 al \u00fanico puerto posible que es la inexistencia de delito alguno\u201d<\/strong>, Pastor puntualiza que \u201ceso se sab\u00eda de antemano porque la presunci\u00f3n de lavado de activos o evasi\u00f3n era un absoluto desprop\u00f3sito porque el Fiscal denunciante y el Intendente sab\u00edan perfectamente que se trat\u00f3 de una rectificaci\u00f3n legal de un acta de una declaraci\u00f3n patrimonial ante la AFIP que realiz\u00f3 el Contador Bernardo Baccello y que lo hizo como favor personal por haber sido el mejor amigo de Juan Cruz Fern\u00e1ndez (hijo del ex Intendente). O sea, su tarea consisti\u00f3 en adecuar una declaraci\u00f3n patrimonial para subsanar un error del profesional que lo precedi\u00f3 y pagar m\u00e1s impuestos, no para evadir, ni por montos que nada tienen que ver con el enriquecimiento il\u00edcito denunciado por Serenal\u00bb. El actual Jefe Comunal de Juntos por el Cambio, hab\u00eda afirmado en su denuncia que \u00abFern\u00e1ndez se hizo millonario despojando a los linque\u00f1os de fondos municipales\u201d.<\/p>\n\n\n\n<p>El abogado defensor de Fern\u00e1ndez sostiene en el escrito que lleg\u00f3 a nuestra redacci\u00f3n que \u201csiempre en tren de denostarlo (a Fern\u00e1ndez) se ech\u00f3 mano a grabaciones de conversaciones telef\u00f3nicas con su Contador que, am\u00e9n de violarse el secreto profesional,<strong>\u00a0fueron groseramente tergiversadas para incriminarlos.<\/strong>\u00a0Ello as\u00ed por la sencilla raz\u00f3n de que cualquiera que se arrimara al ex Intendente, aunque sea profesionalmente, ser\u00e1 coautor o c\u00f3mplice de alg\u00fan delito\u201d.<\/p>\n\n\n\n<p>Pastor considera que \u00abEl hecho es escandaloso. Como todo lo que se ha tejido en derredor de Fern\u00e1ndez aunque, poco a poco, se va esclareciendo\u00bb.<\/p>\n\n\n\n<p>El abogado explic\u00f3 que \u201csi no existe delito ni hay medidas de prueba pendientes de producci\u00f3n la \u00fanica alternativa es el cierre definitivo de la causa mediante sobreseimiento. El archivo ser\u00eda un contrasentido porque no se sabe qu\u00e9 se esperar\u00eda aparezca ni por qu\u00e9 habr\u00eda que esperar\u201d.<\/p>\n","protected":false},"excerpt":{"rendered":"<p>El abogado Humberto Pastor, defensor del ex intendente de Lincoln, Jorge Fern\u00e1ndez que estuvo detenido&#8230;<\/p>\n","protected":false},"author":2,"featured_media":18588,"comment_status":"closed","ping_status":"open","sticky":false,"template":"","format":"standard","meta":{"footnotes":""},"categories":[1612],"tags":[2243],"class_list":["post-69797","post","type-post","status-publish","format-standard","has-post-thumbnail","hentry","category-noticia-principal","tag-que-dira-serenal-actual-intendente-por-jxc"],"yoast_head":"<!-- This site is optimized with the Yoast SEO plugin v23.4 - https:\/\/yoast.com\/wordpress\/plugins\/seo\/ -->\n<title>El abogado del ex intendente de Lincoln, Jorge Fern\u00e1ndez, dijo que \u00e9ste podr\u00eda ser sobrese\u00eddo, analiz\u00e1ndose la inexistencia de delito - Infoecos<\/title>\n<meta name=\"robots\" content=\"index, follow, max-snippet:-1, max-image-preview:large, max-video-preview:-1\" \/>\n<link rel=\"canonical\" href=\"https:\/\/infoecos.com.ar\/index.php\/el-abogado-del-ex-intendente-de-lincoln-jorge-fernandez-dijo-que-este-podria-ser-sobreseido-analizandose-la-inexistencia-de-delito\/\" \/>\n<meta property=\"og:locale\" content=\"es_ES\" \/>\n<meta property=\"og:type\" content=\"article\" \/>\n<meta property=\"og:title\" content=\"El abogado del ex intendente de Lincoln, Jorge Fern\u00e1ndez, dijo que \u00e9ste podr\u00eda ser sobrese\u00eddo, analiz\u00e1ndose la inexistencia de delito - Infoecos\" \/>\n<meta property=\"og:description\" content=\"El abogado Humberto Pastor, defensor del ex intendente de Lincoln, Jorge Fern\u00e1ndez que estuvo detenido...\" \/>\n<meta property=\"og:url\" content=\"https:\/\/infoecos.com.ar\/index.php\/el-abogado-del-ex-intendente-de-lincoln-jorge-fernandez-dijo-que-este-podria-ser-sobreseido-analizandose-la-inexistencia-de-delito\/\" \/>\n<meta property=\"og:site_name\" content=\"Infoecos\" \/>\n<meta property=\"article:publisher\" content=\"https:\/\/www.facebook.com\/profile.php?id=100063200290284\" \/>\n<meta property=\"article:published_time\" content=\"2020-10-20T18:43:05+00:00\" \/>\n<meta property=\"article:modified_time\" content=\"2020-10-20T18:43:13+00:00\" \/>\n<meta property=\"og:image\" content=\"https:\/\/infoecos.com.ar\/wp-content\/uploads\/20150527155912_lincoln.jpg\" \/>\n\t<meta property=\"og:image:width\" content=\"620\" \/>\n\t<meta property=\"og:image:height\" content=\"340\" \/>\n\t<meta property=\"og:image:type\" content=\"image\/jpeg\" \/>\n<meta name=\"author\" content=\"Jorge Matheus\" \/>\n<meta name=\"twitter:card\" content=\"summary_large_image\" \/>\n<meta name=\"twitter:creator\" content=\"@infoecos\" \/>\n<meta name=\"twitter:site\" content=\"@infoecos\" \/>\n<meta name=\"twitter:label1\" content=\"Escrito por\" \/>\n\t<meta name=\"twitter:data1\" content=\"Jorge Matheus\" \/>\n\t<meta name=\"twitter:label2\" content=\"Tiempo de lectura\" \/>\n\t<meta name=\"twitter:data2\" content=\"3 minutos\" \/>\n<script type=\"application\/ld+json\" class=\"yoast-schema-graph\">{\"@context\":\"https:\/\/schema.org\",\"@graph\":[{\"@type\":\"Article\",\"@id\":\"https:\/\/infoecos.com.ar\/index.php\/el-abogado-del-ex-intendente-de-lincoln-jorge-fernandez-dijo-que-este-podria-ser-sobreseido-analizandose-la-inexistencia-de-delito\/#article\",\"isPartOf\":{\"@id\":\"https:\/\/infoecos.com.ar\/index.php\/el-abogado-del-ex-intendente-de-lincoln-jorge-fernandez-dijo-que-este-podria-ser-sobreseido-analizandose-la-inexistencia-de-delito\/\"},\"author\":{\"name\":\"Jorge Matheus\",\"@id\":\"https:\/\/infoecos.com.ar\/#\/schema\/person\/8f5ace5ce73b4b4aac4b7245aee6f191\"},\"headline\":\"El abogado del ex intendente de Lincoln, Jorge Fern\u00e1ndez, dijo que \u00e9ste podr\u00eda ser sobrese\u00eddo, analiz\u00e1ndose la inexistencia de delito\",\"datePublished\":\"2020-10-20T18:43:05+00:00\",\"dateModified\":\"2020-10-20T18:43:13+00:00\",\"mainEntityOfPage\":{\"@id\":\"https:\/\/infoecos.com.ar\/index.php\/el-abogado-del-ex-intendente-de-lincoln-jorge-fernandez-dijo-que-este-podria-ser-sobreseido-analizandose-la-inexistencia-de-delito\/\"},\"wordCount\":614,\"publisher\":{\"@id\":\"https:\/\/infoecos.com.ar\/#organization\"},\"image\":{\"@id\":\"https:\/\/infoecos.com.ar\/index.php\/el-abogado-del-ex-intendente-de-lincoln-jorge-fernandez-dijo-que-este-podria-ser-sobreseido-analizandose-la-inexistencia-de-delito\/#primaryimage\"},\"thumbnailUrl\":\"\",\"keywords\":[\"QUE DIR\u00c1 SERENAL ACTUAL INTENDENTE POR JXC\"],\"articleSection\":[\"Noticia Principal\"],\"inLanguage\":\"es\"},{\"@type\":\"WebPage\",\"@id\":\"https:\/\/infoecos.com.ar\/index.php\/el-abogado-del-ex-intendente-de-lincoln-jorge-fernandez-dijo-que-este-podria-ser-sobreseido-analizandose-la-inexistencia-de-delito\/\",\"url\":\"https:\/\/infoecos.com.ar\/index.php\/el-abogado-del-ex-intendente-de-lincoln-jorge-fernandez-dijo-que-este-podria-ser-sobreseido-analizandose-la-inexistencia-de-delito\/\",\"name\":\"El abogado del ex intendente de Lincoln, Jorge Fern\u00e1ndez, dijo que \u00e9ste podr\u00eda ser sobrese\u00eddo, analiz\u00e1ndose la inexistencia de delito - Infoecos\",\"isPartOf\":{\"@id\":\"https:\/\/infoecos.com.ar\/#website\"},\"primaryImageOfPage\":{\"@id\":\"https:\/\/infoecos.com.ar\/index.php\/el-abogado-del-ex-intendente-de-lincoln-jorge-fernandez-dijo-que-este-podria-ser-sobreseido-analizandose-la-inexistencia-de-delito\/#primaryimage\"},\"image\":{\"@id\":\"https:\/\/infoecos.com.ar\/index.php\/el-abogado-del-ex-intendente-de-lincoln-jorge-fernandez-dijo-que-este-podria-ser-sobreseido-analizandose-la-inexistencia-de-delito\/#primaryimage\"},\"thumbnailUrl\":\"\",\"datePublished\":\"2020-10-20T18:43:05+00:00\",\"dateModified\":\"2020-10-20T18:43:13+00:00\",\"breadcrumb\":{\"@id\":\"https:\/\/infoecos.com.ar\/index.php\/el-abogado-del-ex-intendente-de-lincoln-jorge-fernandez-dijo-que-este-podria-ser-sobreseido-analizandose-la-inexistencia-de-delito\/#breadcrumb\"},\"inLanguage\":\"es\",\"potentialAction\":[{\"@type\":\"ReadAction\",\"target\":[\"https:\/\/infoecos.com.ar\/index.php\/el-abogado-del-ex-intendente-de-lincoln-jorge-fernandez-dijo-que-este-podria-ser-sobreseido-analizandose-la-inexistencia-de-delito\/\"]}]},{\"@type\":\"ImageObject\",\"inLanguage\":\"es\",\"@id\":\"https:\/\/infoecos.com.ar\/index.php\/el-abogado-del-ex-intendente-de-lincoln-jorge-fernandez-dijo-que-este-podria-ser-sobreseido-analizandose-la-inexistencia-de-delito\/#primaryimage\",\"url\":\"\",\"contentUrl\":\"\"},{\"@type\":\"BreadcrumbList\",\"@id\":\"https:\/\/infoecos.com.ar\/index.php\/el-abogado-del-ex-intendente-de-lincoln-jorge-fernandez-dijo-que-este-podria-ser-sobreseido-analizandose-la-inexistencia-de-delito\/#breadcrumb\",\"itemListElement\":[{\"@type\":\"ListItem\",\"position\":1,\"name\":\"Portada\",\"item\":\"https:\/\/infoecos.com.ar\/\"},{\"@type\":\"ListItem\",\"position\":2,\"name\":\"El abogado del ex intendente de Lincoln, Jorge Fern\u00e1ndez, dijo que \u00e9ste podr\u00eda ser sobrese\u00eddo, analiz\u00e1ndose la inexistencia de delito\"}]},{\"@type\":\"WebSite\",\"@id\":\"https:\/\/infoecos.com.ar\/#website\",\"url\":\"https:\/\/infoecos.com.ar\/\",\"name\":\"Infoecos\",\"description\":\"Noticias de trenque lauquen y la zona\",\"publisher\":{\"@id\":\"https:\/\/infoecos.com.ar\/#organization\"},\"alternateName\":\"Noticias\",\"potentialAction\":[{\"@type\":\"SearchAction\",\"target\":{\"@type\":\"EntryPoint\",\"urlTemplate\":\"https:\/\/infoecos.com.ar\/?s={search_term_string}\"},\"query-input\":{\"@type\":\"PropertyValueSpecification\",\"valueRequired\":true,\"valueName\":\"search_term_string\"}}],\"inLanguage\":\"es\"},{\"@type\":\"Organization\",\"@id\":\"https:\/\/infoecos.com.ar\/#organization\",\"name\":\"Infoecos\",\"alternateName\":\"Noticias\",\"url\":\"https:\/\/infoecos.com.ar\/\",\"logo\":{\"@type\":\"ImageObject\",\"inLanguage\":\"es\",\"@id\":\"https:\/\/infoecos.com.ar\/#\/schema\/logo\/image\/\",\"url\":\"https:\/\/infoecos.com.ar\/wp-content\/uploads\/2024\/03\/cropped-logo.png\",\"contentUrl\":\"https:\/\/infoecos.com.ar\/wp-content\/uploads\/2024\/03\/cropped-logo.png\",\"width\":374,\"height\":90,\"caption\":\"Infoecos\"},\"image\":{\"@id\":\"https:\/\/infoecos.com.ar\/#\/schema\/logo\/image\/\"},\"sameAs\":[\"https:\/\/www.facebook.com\/profile.php?id=100063200290284\",\"https:\/\/x.com\/infoecos\"]},{\"@type\":\"Person\",\"@id\":\"https:\/\/infoecos.com.ar\/#\/schema\/person\/8f5ace5ce73b4b4aac4b7245aee6f191\",\"name\":\"Jorge Matheus\",\"url\":\"https:\/\/infoecos.com.ar\/index.php\/author\/jomatheus\/\"}]}<\/script>\n<!-- \/ Yoast SEO plugin. -->","yoast_head_json":{"title":"El abogado del ex intendente de Lincoln, Jorge Fern\u00e1ndez, dijo que \u00e9ste podr\u00eda ser sobrese\u00eddo, analiz\u00e1ndose la inexistencia de delito - Infoecos","robots":{"index":"index","follow":"follow","max-snippet":"max-snippet:-1","max-image-preview":"max-image-preview:large","max-video-preview":"max-video-preview:-1"},"canonical":"https:\/\/infoecos.com.ar\/index.php\/el-abogado-del-ex-intendente-de-lincoln-jorge-fernandez-dijo-que-este-podria-ser-sobreseido-analizandose-la-inexistencia-de-delito\/","og_locale":"es_ES","og_type":"article","og_title":"El abogado del ex intendente de Lincoln, Jorge Fern\u00e1ndez, dijo que \u00e9ste podr\u00eda ser sobrese\u00eddo, analiz\u00e1ndose la inexistencia de delito - Infoecos","og_description":"El abogado Humberto Pastor, defensor del ex intendente de Lincoln, Jorge Fern\u00e1ndez que estuvo detenido...","og_url":"https:\/\/infoecos.com.ar\/index.php\/el-abogado-del-ex-intendente-de-lincoln-jorge-fernandez-dijo-que-este-podria-ser-sobreseido-analizandose-la-inexistencia-de-delito\/","og_site_name":"Infoecos","article_publisher":"https:\/\/www.facebook.com\/profile.php?id=100063200290284","article_published_time":"2020-10-20T18:43:05+00:00","article_modified_time":"2020-10-20T18:43:13+00:00","og_image":[{"width":620,"height":340,"url":"https:\/\/infoecos.com.ar\/wp-content\/uploads\/20150527155912_lincoln.jpg","type":"image\/jpeg"}],"author":"Jorge Matheus","twitter_card":"summary_large_image","twitter_creator":"@infoecos","twitter_site":"@infoecos","twitter_misc":{"Escrito por":"Jorge Matheus","Tiempo de lectura":"3 minutos"},"schema":{"@context":"https:\/\/schema.org","@graph":[{"@type":"Article","@id":"https:\/\/infoecos.com.ar\/index.php\/el-abogado-del-ex-intendente-de-lincoln-jorge-fernandez-dijo-que-este-podria-ser-sobreseido-analizandose-la-inexistencia-de-delito\/#article","isPartOf":{"@id":"https:\/\/infoecos.com.ar\/index.php\/el-abogado-del-ex-intendente-de-lincoln-jorge-fernandez-dijo-que-este-podria-ser-sobreseido-analizandose-la-inexistencia-de-delito\/"},"author":{"name":"Jorge Matheus","@id":"https:\/\/infoecos.com.ar\/#\/schema\/person\/8f5ace5ce73b4b4aac4b7245aee6f191"},"headline":"El abogado del ex intendente de Lincoln, Jorge Fern\u00e1ndez, dijo que \u00e9ste podr\u00eda ser sobrese\u00eddo, analiz\u00e1ndose la inexistencia de delito","datePublished":"2020-10-20T18:43:05+00:00","dateModified":"2020-10-20T18:43:13+00:00","mainEntityOfPage":{"@id":"https:\/\/infoecos.com.ar\/index.php\/el-abogado-del-ex-intendente-de-lincoln-jorge-fernandez-dijo-que-este-podria-ser-sobreseido-analizandose-la-inexistencia-de-delito\/"},"wordCount":614,"publisher":{"@id":"https:\/\/infoecos.com.ar\/#organization"},"image":{"@id":"https:\/\/infoecos.com.ar\/index.php\/el-abogado-del-ex-intendente-de-lincoln-jorge-fernandez-dijo-que-este-podria-ser-sobreseido-analizandose-la-inexistencia-de-delito\/#primaryimage"},"thumbnailUrl":"","keywords":["QUE DIR\u00c1 SERENAL ACTUAL INTENDENTE POR JXC"],"articleSection":["Noticia Principal"],"inLanguage":"es"},{"@type":"WebPage","@id":"https:\/\/infoecos.com.ar\/index.php\/el-abogado-del-ex-intendente-de-lincoln-jorge-fernandez-dijo-que-este-podria-ser-sobreseido-analizandose-la-inexistencia-de-delito\/","url":"https:\/\/infoecos.com.ar\/index.php\/el-abogado-del-ex-intendente-de-lincoln-jorge-fernandez-dijo-que-este-podria-ser-sobreseido-analizandose-la-inexistencia-de-delito\/","name":"El abogado del ex intendente de Lincoln, Jorge Fern\u00e1ndez, dijo que \u00e9ste podr\u00eda ser sobrese\u00eddo, analiz\u00e1ndose la inexistencia de delito - Infoecos","isPartOf":{"@id":"https:\/\/infoecos.com.ar\/#website"},"primaryImageOfPage":{"@id":"https:\/\/infoecos.com.ar\/index.php\/el-abogado-del-ex-intendente-de-lincoln-jorge-fernandez-dijo-que-este-podria-ser-sobreseido-analizandose-la-inexistencia-de-delito\/#primaryimage"},"image":{"@id":"https:\/\/infoecos.com.ar\/index.php\/el-abogado-del-ex-intendente-de-lincoln-jorge-fernandez-dijo-que-este-podria-ser-sobreseido-analizandose-la-inexistencia-de-delito\/#primaryimage"},"thumbnailUrl":"","datePublished":"2020-10-20T18:43:05+00:00","dateModified":"2020-10-20T18:43:13+00:00","breadcrumb":{"@id":"https:\/\/infoecos.com.ar\/index.php\/el-abogado-del-ex-intendente-de-lincoln-jorge-fernandez-dijo-que-este-podria-ser-sobreseido-analizandose-la-inexistencia-de-delito\/#breadcrumb"},"inLanguage":"es","potentialAction":[{"@type":"ReadAction","target":["https:\/\/infoecos.com.ar\/index.php\/el-abogado-del-ex-intendente-de-lincoln-jorge-fernandez-dijo-que-este-podria-ser-sobreseido-analizandose-la-inexistencia-de-delito\/"]}]},{"@type":"ImageObject","inLanguage":"es","@id":"https:\/\/infoecos.com.ar\/index.php\/el-abogado-del-ex-intendente-de-lincoln-jorge-fernandez-dijo-que-este-podria-ser-sobreseido-analizandose-la-inexistencia-de-delito\/#primaryimage","url":"","contentUrl":""},{"@type":"BreadcrumbList","@id":"https:\/\/infoecos.com.ar\/index.php\/el-abogado-del-ex-intendente-de-lincoln-jorge-fernandez-dijo-que-este-podria-ser-sobreseido-analizandose-la-inexistencia-de-delito\/#breadcrumb","itemListElement":[{"@type":"ListItem","position":1,"name":"Portada","item":"https:\/\/infoecos.com.ar\/"},{"@type":"ListItem","position":2,"name":"El abogado del ex intendente de Lincoln, Jorge Fern\u00e1ndez, dijo que \u00e9ste podr\u00eda ser sobrese\u00eddo, analiz\u00e1ndose la inexistencia de delito"}]},{"@type":"WebSite","@id":"https:\/\/infoecos.com.ar\/#website","url":"https:\/\/infoecos.com.ar\/","name":"Infoecos","description":"Noticias de trenque lauquen y la zona","publisher":{"@id":"https:\/\/infoecos.com.ar\/#organization"},"alternateName":"Noticias","potentialAction":[{"@type":"SearchAction","target":{"@type":"EntryPoint","urlTemplate":"https:\/\/infoecos.com.ar\/?s={search_term_string}"},"query-input":{"@type":"PropertyValueSpecification","valueRequired":true,"valueName":"search_term_string"}}],"inLanguage":"es"},{"@type":"Organization","@id":"https:\/\/infoecos.com.ar\/#organization","name":"Infoecos","alternateName":"Noticias","url":"https:\/\/infoecos.com.ar\/","logo":{"@type":"ImageObject","inLanguage":"es","@id":"https:\/\/infoecos.com.ar\/#\/schema\/logo\/image\/","url":"https:\/\/infoecos.com.ar\/wp-content\/uploads\/2024\/03\/cropped-logo.png","contentUrl":"https:\/\/infoecos.com.ar\/wp-content\/uploads\/2024\/03\/cropped-logo.png","width":374,"height":90,"caption":"Infoecos"},"image":{"@id":"https:\/\/infoecos.com.ar\/#\/schema\/logo\/image\/"},"sameAs":["https:\/\/www.facebook.com\/profile.php?id=100063200290284","https:\/\/x.com\/infoecos"]},{"@type":"Person","@id":"https:\/\/infoecos.com.ar\/#\/schema\/person\/8f5ace5ce73b4b4aac4b7245aee6f191","name":"Jorge Matheus","url":"https:\/\/infoecos.com.ar\/index.php\/author\/jomatheus\/"}]}},"featured_image_urls":{"full":"","thumbnail":"","medium":"","medium_large":"","large":"","1536x1536":"","2048x2048":"","covernews-slider-full":"","covernews-slider-center":"","covernews-featured":"","covernews-medium":"","covernews-medium-square":""},"author_info":{"info":["Jorge Matheus"]},"category_info":"<a href=\"https:\/\/infoecos.com.ar\/index.php\/category\/noticia-principal\/\" rel=\"category tag\">Noticia Principal<\/a>","tag_info":"Noticia Principal","comment_count":"0","_links":{"self":[{"href":"https:\/\/infoecos.com.ar\/index.php\/wp-json\/wp\/v2\/posts\/69797"}],"collection":[{"href":"https:\/\/infoecos.com.ar\/index.php\/wp-json\/wp\/v2\/posts"}],"about":[{"href":"https:\/\/infoecos.com.ar\/index.php\/wp-json\/wp\/v2\/types\/post"}],"author":[{"embeddable":true,"href":"https:\/\/infoecos.com.ar\/index.php\/wp-json\/wp\/v2\/users\/2"}],"replies":[{"embeddable":true,"href":"https:\/\/infoecos.com.ar\/index.php\/wp-json\/wp\/v2\/comments?post=69797"}],"version-history":[{"count":1,"href":"https:\/\/infoecos.com.ar\/index.php\/wp-json\/wp\/v2\/posts\/69797\/revisions"}],"predecessor-version":[{"id":69798,"href":"https:\/\/infoecos.com.ar\/index.php\/wp-json\/wp\/v2\/posts\/69797\/revisions\/69798"}],"wp:featuredmedia":[{"embeddable":true,"href":"https:\/\/infoecos.com.ar\/index.php\/wp-json\/"}],"wp:attachment":[{"href":"https:\/\/infoecos.com.ar\/index.php\/wp-json\/wp\/v2\/media?parent=69797"}],"wp:term":[{"taxonomy":"category","embeddable":true,"href":"https:\/\/infoecos.com.ar\/index.php\/wp-json\/wp\/v2\/categories?post=69797"},{"taxonomy":"post_tag","embeddable":true,"href":"https:\/\/infoecos.com.ar\/index.php\/wp-json\/wp\/v2\/tags?post=69797"}],"curies":[{"name":"wp","href":"https:\/\/api.w.org\/{rel}","templated":true}]}}