{"id":69819,"date":"2020-10-21T17:17:26","date_gmt":"2020-10-21T20:17:26","guid":{"rendered":"http:\/\/infoecos.com.ar\/?p=69819"},"modified":"2020-10-21T17:21:40","modified_gmt":"2020-10-21T20:21:40","slug":"desde-el-lunes-26-podran-ingresar-a-monte-hermoso-300-autos-por-dia","status":"publish","type":"post","link":"https:\/\/infoecos.com.ar\/index.php\/desde-el-lunes-26-podran-ingresar-a-monte-hermoso-300-autos-por-dia\/","title":{"rendered":"Desde el lunes 26 podr\u00e1n ingresar a Monte Hermoso 300 autos por d\u00eda"},"content":{"rendered":"\n<p>El Concejo Deliberante de Monte Hermoso dispuso aprobar una nueva flexibilizaci\u00f3n del protocolo de acceso para propietarios sin residencia fija. Desde el lunes 26 pr\u00f3ximo podr\u00e1n ingresar hasta 300 autos por d\u00eda, con uno o dos propietarios a bordo, sin importar en que fase se encuentre el distrito del que provengan.\u00a0<\/p>\n\n\n\n<div class=\"wp-block-image\"><figure class=\"aligncenter size-medium\"><img loading=\"lazy\" decoding=\"async\" width=\"460\" height=\"258\" src=\"http:\/\/infoecos.com.ar\/wp-content\/uploads\/montehermoso-460x258.jpg\" alt=\"\" class=\"wp-image-62115\" srcset=\"https:\/\/infoecos.com.ar\/wp-content\/uploads\/montehermoso-460x258.jpg 460w, https:\/\/infoecos.com.ar\/wp-content\/uploads\/montehermoso-768x430.jpg 768w, https:\/\/infoecos.com.ar\/wp-content\/uploads\/montehermoso.jpg 880w\" sizes=\"(max-width: 460px) 100vw, 460px\" \/><\/figure><\/div>\n\n\n\n<p>La sesi\u00f3n ser\u00e1 este mi\u00e9rcoles, a las 10, aunque ya se desarroll\u00f3 una reuni\u00f3n entre concejales del oficialismo y la oposici\u00f3n en la que se consensuaron estos cambios.\u00a0<\/p>\n\n\n\n<p>Hasta el domingo se permitir\u00e1 el acceso de 200 veh\u00edculos por d\u00eda, por un lapso de 24 horas y tras presentar el certificado \u00fanico de circulaci\u00f3n nacional m\u00e1s la constancia escrita del permiso municipal (que se debe tramitar por tel\u00e9fono). Esta medida es s\u00f3lo para propietarios que vivan en distritos en fase 4 o 5.\u00a0<\/p>\n","protected":false},"excerpt":{"rendered":"<p>El Concejo Deliberante de Monte Hermoso dispuso aprobar una nueva flexibilizaci\u00f3n del protocolo de acceso para propietarios sin residencia fija<\/p>\n","protected":false},"author":2,"featured_media":59139,"comment_status":"closed","ping_status":"open","sticky":false,"template":"","format":"standard","meta":{"footnotes":""},"categories":[47],"tags":[2244],"class_list":["post-69819","post","type-post","status-publish","format-standard","has-post-thumbnail","hentry","category-c3nota2","tag-atenuan-las-restricciones"],"yoast_head":"<!-- This site is optimized with the Yoast SEO plugin v23.4 - https:\/\/yoast.com\/wordpress\/plugins\/seo\/ -->\n<title>Desde el lunes 26 podr\u00e1n ingresar a Monte Hermoso 300 autos por d\u00eda - Infoecos<\/title>\n<meta name=\"robots\" content=\"index, follow, max-snippet:-1, max-image-preview:large, max-video-preview:-1\" \/>\n<link rel=\"canonical\" href=\"https:\/\/infoecos.com.ar\/index.php\/desde-el-lunes-26-podran-ingresar-a-monte-hermoso-300-autos-por-dia\/\" \/>\n<meta property=\"og:locale\" content=\"es_ES\" \/>\n<meta property=\"og:type\" content=\"article\" \/>\n<meta property=\"og:title\" content=\"Desde el lunes 26 podr\u00e1n ingresar a Monte Hermoso 300 autos por d\u00eda - Infoecos\" \/>\n<meta property=\"og:description\" content=\"El Concejo Deliberante de Monte Hermoso dispuso aprobar una nueva flexibilizaci\u00f3n del protocolo de acceso para propietarios sin residencia fija\" \/>\n<meta property=\"og:url\" content=\"https:\/\/infoecos.com.ar\/index.php\/desde-el-lunes-26-podran-ingresar-a-monte-hermoso-300-autos-por-dia\/\" \/>\n<meta property=\"og:site_name\" content=\"Infoecos\" \/>\n<meta property=\"article:publisher\" content=\"https:\/\/www.facebook.com\/profile.php?id=100063200290284\" \/>\n<meta property=\"article:published_time\" content=\"2020-10-21T20:17:26+00:00\" \/>\n<meta property=\"article:modified_time\" content=\"2020-10-21T20:21:40+00:00\" \/>\n<meta property=\"og:image\" content=\"https:\/\/infoecos.com.ar\/wp-content\/uploads\/strevafjadpjx0l9nedn.jpg\" \/>\n\t<meta property=\"og:image:width\" content=\"644\" \/>\n\t<meta property=\"og:image:height\" content=\"360\" \/>\n\t<meta property=\"og:image:type\" content=\"image\/jpeg\" \/>\n<meta name=\"author\" content=\"Jorge Matheus\" \/>\n<meta name=\"twitter:card\" content=\"summary_large_image\" \/>\n<meta name=\"twitter:creator\" content=\"@infoecos\" \/>\n<meta name=\"twitter:site\" content=\"@infoecos\" \/>\n<meta name=\"twitter:label1\" content=\"Escrito por\" \/>\n\t<meta name=\"twitter:data1\" content=\"Jorge Matheus\" \/>\n\t<meta name=\"twitter:label2\" content=\"Tiempo de lectura\" \/>\n\t<meta name=\"twitter:data2\" content=\"1 minuto\" \/>\n<script type=\"application\/ld+json\" class=\"yoast-schema-graph\">{\"@context\":\"https:\/\/schema.org\",\"@graph\":[{\"@type\":\"Article\",\"@id\":\"https:\/\/infoecos.com.ar\/index.php\/desde-el-lunes-26-podran-ingresar-a-monte-hermoso-300-autos-por-dia\/#article\",\"isPartOf\":{\"@id\":\"https:\/\/infoecos.com.ar\/index.php\/desde-el-lunes-26-podran-ingresar-a-monte-hermoso-300-autos-por-dia\/\"},\"author\":{\"name\":\"Jorge Matheus\",\"@id\":\"https:\/\/infoecos.com.ar\/#\/schema\/person\/8f5ace5ce73b4b4aac4b7245aee6f191\"},\"headline\":\"Desde el lunes 26 podr\u00e1n ingresar a Monte Hermoso 300 autos por d\u00eda\",\"datePublished\":\"2020-10-21T20:17:26+00:00\",\"dateModified\":\"2020-10-21T20:21:40+00:00\",\"mainEntityOfPage\":{\"@id\":\"https:\/\/infoecos.com.ar\/index.php\/desde-el-lunes-26-podran-ingresar-a-monte-hermoso-300-autos-por-dia\/\"},\"wordCount\":154,\"publisher\":{\"@id\":\"https:\/\/infoecos.com.ar\/#organization\"},\"image\":{\"@id\":\"https:\/\/infoecos.com.ar\/index.php\/desde-el-lunes-26-podran-ingresar-a-monte-hermoso-300-autos-por-dia\/#primaryimage\"},\"thumbnailUrl\":\"https:\/\/infoecos.com.ar\/wp-content\/uploads\/strevafjadpjx0l9nedn.jpg\",\"keywords\":[\"ATEN\u00daAN LAS RESTRICCIONES\"],\"articleSection\":[\"C3 N2\"],\"inLanguage\":\"es\"},{\"@type\":\"WebPage\",\"@id\":\"https:\/\/infoecos.com.ar\/index.php\/desde-el-lunes-26-podran-ingresar-a-monte-hermoso-300-autos-por-dia\/\",\"url\":\"https:\/\/infoecos.com.ar\/index.php\/desde-el-lunes-26-podran-ingresar-a-monte-hermoso-300-autos-por-dia\/\",\"name\":\"Desde el lunes 26 podr\u00e1n ingresar a Monte Hermoso 300 autos por d\u00eda - Infoecos\",\"isPartOf\":{\"@id\":\"https:\/\/infoecos.com.ar\/#website\"},\"primaryImageOfPage\":{\"@id\":\"https:\/\/infoecos.com.ar\/index.php\/desde-el-lunes-26-podran-ingresar-a-monte-hermoso-300-autos-por-dia\/#primaryimage\"},\"image\":{\"@id\":\"https:\/\/infoecos.com.ar\/index.php\/desde-el-lunes-26-podran-ingresar-a-monte-hermoso-300-autos-por-dia\/#primaryimage\"},\"thumbnailUrl\":\"https:\/\/infoecos.com.ar\/wp-content\/uploads\/strevafjadpjx0l9nedn.jpg\",\"datePublished\":\"2020-10-21T20:17:26+00:00\",\"dateModified\":\"2020-10-21T20:21:40+00:00\",\"breadcrumb\":{\"@id\":\"https:\/\/infoecos.com.ar\/index.php\/desde-el-lunes-26-podran-ingresar-a-monte-hermoso-300-autos-por-dia\/#breadcrumb\"},\"inLanguage\":\"es\",\"potentialAction\":[{\"@type\":\"ReadAction\",\"target\":[\"https:\/\/infoecos.com.ar\/index.php\/desde-el-lunes-26-podran-ingresar-a-monte-hermoso-300-autos-por-dia\/\"]}]},{\"@type\":\"ImageObject\",\"inLanguage\":\"es\",\"@id\":\"https:\/\/infoecos.com.ar\/index.php\/desde-el-lunes-26-podran-ingresar-a-monte-hermoso-300-autos-por-dia\/#primaryimage\",\"url\":\"https:\/\/infoecos.com.ar\/wp-content\/uploads\/strevafjadpjx0l9nedn.jpg\",\"contentUrl\":\"https:\/\/infoecos.com.ar\/wp-content\/uploads\/strevafjadpjx0l9nedn.jpg\",\"width\":644,\"height\":360,\"caption\":\"Monte Hermoso - Acceso (archivo)\"},{\"@type\":\"BreadcrumbList\",\"@id\":\"https:\/\/infoecos.com.ar\/index.php\/desde-el-lunes-26-podran-ingresar-a-monte-hermoso-300-autos-por-dia\/#breadcrumb\",\"itemListElement\":[{\"@type\":\"ListItem\",\"position\":1,\"name\":\"Portada\",\"item\":\"https:\/\/infoecos.com.ar\/\"},{\"@type\":\"ListItem\",\"position\":2,\"name\":\"Desde el lunes 26 podr\u00e1n ingresar a Monte Hermoso 300 autos por d\u00eda\"}]},{\"@type\":\"WebSite\",\"@id\":\"https:\/\/infoecos.com.ar\/#website\",\"url\":\"https:\/\/infoecos.com.ar\/\",\"name\":\"Infoecos\",\"description\":\"Noticias de trenque lauquen y la zona\",\"publisher\":{\"@id\":\"https:\/\/infoecos.com.ar\/#organization\"},\"alternateName\":\"Noticias\",\"potentialAction\":[{\"@type\":\"SearchAction\",\"target\":{\"@type\":\"EntryPoint\",\"urlTemplate\":\"https:\/\/infoecos.com.ar\/?s={search_term_string}\"},\"query-input\":{\"@type\":\"PropertyValueSpecification\",\"valueRequired\":true,\"valueName\":\"search_term_string\"}}],\"inLanguage\":\"es\"},{\"@type\":\"Organization\",\"@id\":\"https:\/\/infoecos.com.ar\/#organization\",\"name\":\"Infoecos\",\"alternateName\":\"Noticias\",\"url\":\"https:\/\/infoecos.com.ar\/\",\"logo\":{\"@type\":\"ImageObject\",\"inLanguage\":\"es\",\"@id\":\"https:\/\/infoecos.com.ar\/#\/schema\/logo\/image\/\",\"url\":\"https:\/\/infoecos.com.ar\/wp-content\/uploads\/2024\/03\/cropped-logo.png\",\"contentUrl\":\"https:\/\/infoecos.com.ar\/wp-content\/uploads\/2024\/03\/cropped-logo.png\",\"width\":374,\"height\":90,\"caption\":\"Infoecos\"},\"image\":{\"@id\":\"https:\/\/infoecos.com.ar\/#\/schema\/logo\/image\/\"},\"sameAs\":[\"https:\/\/www.facebook.com\/profile.php?id=100063200290284\",\"https:\/\/x.com\/infoecos\"]},{\"@type\":\"Person\",\"@id\":\"https:\/\/infoecos.com.ar\/#\/schema\/person\/8f5ace5ce73b4b4aac4b7245aee6f191\",\"name\":\"Jorge Matheus\",\"url\":\"https:\/\/infoecos.com.ar\/index.php\/author\/jomatheus\/\"}]}<\/script>\n<!-- \/ Yoast SEO plugin. -->","yoast_head_json":{"title":"Desde el lunes 26 podr\u00e1n ingresar a Monte Hermoso 300 autos por d\u00eda - Infoecos","robots":{"index":"index","follow":"follow","max-snippet":"max-snippet:-1","max-image-preview":"max-image-preview:large","max-video-preview":"max-video-preview:-1"},"canonical":"https:\/\/infoecos.com.ar\/index.php\/desde-el-lunes-26-podran-ingresar-a-monte-hermoso-300-autos-por-dia\/","og_locale":"es_ES","og_type":"article","og_title":"Desde el lunes 26 podr\u00e1n ingresar a Monte Hermoso 300 autos por d\u00eda - Infoecos","og_description":"El Concejo Deliberante de Monte Hermoso dispuso aprobar una nueva flexibilizaci\u00f3n del protocolo de acceso para propietarios sin residencia fija","og_url":"https:\/\/infoecos.com.ar\/index.php\/desde-el-lunes-26-podran-ingresar-a-monte-hermoso-300-autos-por-dia\/","og_site_name":"Infoecos","article_publisher":"https:\/\/www.facebook.com\/profile.php?id=100063200290284","article_published_time":"2020-10-21T20:17:26+00:00","article_modified_time":"2020-10-21T20:21:40+00:00","og_image":[{"width":644,"height":360,"url":"https:\/\/infoecos.com.ar\/wp-content\/uploads\/strevafjadpjx0l9nedn.jpg","type":"image\/jpeg"}],"author":"Jorge Matheus","twitter_card":"summary_large_image","twitter_creator":"@infoecos","twitter_site":"@infoecos","twitter_misc":{"Escrito por":"Jorge Matheus","Tiempo de lectura":"1 minuto"},"schema":{"@context":"https:\/\/schema.org","@graph":[{"@type":"Article","@id":"https:\/\/infoecos.com.ar\/index.php\/desde-el-lunes-26-podran-ingresar-a-monte-hermoso-300-autos-por-dia\/#article","isPartOf":{"@id":"https:\/\/infoecos.com.ar\/index.php\/desde-el-lunes-26-podran-ingresar-a-monte-hermoso-300-autos-por-dia\/"},"author":{"name":"Jorge Matheus","@id":"https:\/\/infoecos.com.ar\/#\/schema\/person\/8f5ace5ce73b4b4aac4b7245aee6f191"},"headline":"Desde el lunes 26 podr\u00e1n ingresar a Monte Hermoso 300 autos por d\u00eda","datePublished":"2020-10-21T20:17:26+00:00","dateModified":"2020-10-21T20:21:40+00:00","mainEntityOfPage":{"@id":"https:\/\/infoecos.com.ar\/index.php\/desde-el-lunes-26-podran-ingresar-a-monte-hermoso-300-autos-por-dia\/"},"wordCount":154,"publisher":{"@id":"https:\/\/infoecos.com.ar\/#organization"},"image":{"@id":"https:\/\/infoecos.com.ar\/index.php\/desde-el-lunes-26-podran-ingresar-a-monte-hermoso-300-autos-por-dia\/#primaryimage"},"thumbnailUrl":"https:\/\/infoecos.com.ar\/wp-content\/uploads\/strevafjadpjx0l9nedn.jpg","keywords":["ATEN\u00daAN LAS RESTRICCIONES"],"articleSection":["C3 N2"],"inLanguage":"es"},{"@type":"WebPage","@id":"https:\/\/infoecos.com.ar\/index.php\/desde-el-lunes-26-podran-ingresar-a-monte-hermoso-300-autos-por-dia\/","url":"https:\/\/infoecos.com.ar\/index.php\/desde-el-lunes-26-podran-ingresar-a-monte-hermoso-300-autos-por-dia\/","name":"Desde el lunes 26 podr\u00e1n ingresar a Monte Hermoso 300 autos por d\u00eda - Infoecos","isPartOf":{"@id":"https:\/\/infoecos.com.ar\/#website"},"primaryImageOfPage":{"@id":"https:\/\/infoecos.com.ar\/index.php\/desde-el-lunes-26-podran-ingresar-a-monte-hermoso-300-autos-por-dia\/#primaryimage"},"image":{"@id":"https:\/\/infoecos.com.ar\/index.php\/desde-el-lunes-26-podran-ingresar-a-monte-hermoso-300-autos-por-dia\/#primaryimage"},"thumbnailUrl":"https:\/\/infoecos.com.ar\/wp-content\/uploads\/strevafjadpjx0l9nedn.jpg","datePublished":"2020-10-21T20:17:26+00:00","dateModified":"2020-10-21T20:21:40+00:00","breadcrumb":{"@id":"https:\/\/infoecos.com.ar\/index.php\/desde-el-lunes-26-podran-ingresar-a-monte-hermoso-300-autos-por-dia\/#breadcrumb"},"inLanguage":"es","potentialAction":[{"@type":"ReadAction","target":["https:\/\/infoecos.com.ar\/index.php\/desde-el-lunes-26-podran-ingresar-a-monte-hermoso-300-autos-por-dia\/"]}]},{"@type":"ImageObject","inLanguage":"es","@id":"https:\/\/infoecos.com.ar\/index.php\/desde-el-lunes-26-podran-ingresar-a-monte-hermoso-300-autos-por-dia\/#primaryimage","url":"https:\/\/infoecos.com.ar\/wp-content\/uploads\/strevafjadpjx0l9nedn.jpg","contentUrl":"https:\/\/infoecos.com.ar\/wp-content\/uploads\/strevafjadpjx0l9nedn.jpg","width":644,"height":360,"caption":"Monte Hermoso - Acceso (archivo)"},{"@type":"BreadcrumbList","@id":"https:\/\/infoecos.com.ar\/index.php\/desde-el-lunes-26-podran-ingresar-a-monte-hermoso-300-autos-por-dia\/#breadcrumb","itemListElement":[{"@type":"ListItem","position":1,"name":"Portada","item":"https:\/\/infoecos.com.ar\/"},{"@type":"ListItem","position":2,"name":"Desde el lunes 26 podr\u00e1n ingresar a Monte Hermoso 300 autos por d\u00eda"}]},{"@type":"WebSite","@id":"https:\/\/infoecos.com.ar\/#website","url":"https:\/\/infoecos.com.ar\/","name":"Infoecos","description":"Noticias de trenque lauquen y la zona","publisher":{"@id":"https:\/\/infoecos.com.ar\/#organization"},"alternateName":"Noticias","potentialAction":[{"@type":"SearchAction","target":{"@type":"EntryPoint","urlTemplate":"https:\/\/infoecos.com.ar\/?s={search_term_string}"},"query-input":{"@type":"PropertyValueSpecification","valueRequired":true,"valueName":"search_term_string"}}],"inLanguage":"es"},{"@type":"Organization","@id":"https:\/\/infoecos.com.ar\/#organization","name":"Infoecos","alternateName":"Noticias","url":"https:\/\/infoecos.com.ar\/","logo":{"@type":"ImageObject","inLanguage":"es","@id":"https:\/\/infoecos.com.ar\/#\/schema\/logo\/image\/","url":"https:\/\/infoecos.com.ar\/wp-content\/uploads\/2024\/03\/cropped-logo.png","contentUrl":"https:\/\/infoecos.com.ar\/wp-content\/uploads\/2024\/03\/cropped-logo.png","width":374,"height":90,"caption":"Infoecos"},"image":{"@id":"https:\/\/infoecos.com.ar\/#\/schema\/logo\/image\/"},"sameAs":["https:\/\/www.facebook.com\/profile.php?id=100063200290284","https:\/\/x.com\/infoecos"]},{"@type":"Person","@id":"https:\/\/infoecos.com.ar\/#\/schema\/person\/8f5ace5ce73b4b4aac4b7245aee6f191","name":"Jorge Matheus","url":"https:\/\/infoecos.com.ar\/index.php\/author\/jomatheus\/"}]}},"featured_image_urls":{"full":["https:\/\/infoecos.com.ar\/wp-content\/uploads\/strevafjadpjx0l9nedn.jpg",644,360,false],"thumbnail":["https:\/\/infoecos.com.ar\/wp-content\/uploads\/strevafjadpjx0l9nedn-150x150.jpg",150,150,true],"medium":["https:\/\/infoecos.com.ar\/wp-content\/uploads\/strevafjadpjx0l9nedn-460x257.jpg",460,257,true],"medium_large":["https:\/\/infoecos.com.ar\/wp-content\/uploads\/strevafjadpjx0l9nedn.jpg",640,358,false],"large":["https:\/\/infoecos.com.ar\/wp-content\/uploads\/strevafjadpjx0l9nedn.jpg",640,358,false],"1536x1536":["https:\/\/infoecos.com.ar\/wp-content\/uploads\/strevafjadpjx0l9nedn.jpg",644,360,false],"2048x2048":["https:\/\/infoecos.com.ar\/wp-content\/uploads\/strevafjadpjx0l9nedn.jpg",644,360,false],"covernews-slider-full":["https:\/\/infoecos.com.ar\/wp-content\/uploads\/strevafjadpjx0l9nedn.jpg",644,360,false],"covernews-slider-center":["https:\/\/infoecos.com.ar\/wp-content\/uploads\/strevafjadpjx0l9nedn.jpg",644,360,false],"covernews-featured":["https:\/\/infoecos.com.ar\/wp-content\/uploads\/strevafjadpjx0l9nedn.jpg",644,360,false],"covernews-medium":["https:\/\/infoecos.com.ar\/wp-content\/uploads\/strevafjadpjx0l9nedn.jpg",540,302,false],"covernews-medium-square":["https:\/\/infoecos.com.ar\/wp-content\/uploads\/strevafjadpjx0l9nedn.jpg",400,224,false]},"author_info":{"info":["Jorge Matheus"]},"category_info":"<a href=\"https:\/\/infoecos.com.ar\/index.php\/category\/c3nota2\/\" rel=\"category tag\">C3 N2<\/a>","tag_info":"C3 N2","comment_count":"0","_links":{"self":[{"href":"https:\/\/infoecos.com.ar\/index.php\/wp-json\/wp\/v2\/posts\/69819"}],"collection":[{"href":"https:\/\/infoecos.com.ar\/index.php\/wp-json\/wp\/v2\/posts"}],"about":[{"href":"https:\/\/infoecos.com.ar\/index.php\/wp-json\/wp\/v2\/types\/post"}],"author":[{"embeddable":true,"href":"https:\/\/infoecos.com.ar\/index.php\/wp-json\/wp\/v2\/users\/2"}],"replies":[{"embeddable":true,"href":"https:\/\/infoecos.com.ar\/index.php\/wp-json\/wp\/v2\/comments?post=69819"}],"version-history":[{"count":2,"href":"https:\/\/infoecos.com.ar\/index.php\/wp-json\/wp\/v2\/posts\/69819\/revisions"}],"predecessor-version":[{"id":69821,"href":"https:\/\/infoecos.com.ar\/index.php\/wp-json\/wp\/v2\/posts\/69819\/revisions\/69821"}],"wp:featuredmedia":[{"embeddable":true,"href":"https:\/\/infoecos.com.ar\/index.php\/wp-json\/wp\/v2\/media\/59139"}],"wp:attachment":[{"href":"https:\/\/infoecos.com.ar\/index.php\/wp-json\/wp\/v2\/media?parent=69819"}],"wp:term":[{"taxonomy":"category","embeddable":true,"href":"https:\/\/infoecos.com.ar\/index.php\/wp-json\/wp\/v2\/categories?post=69819"},{"taxonomy":"post_tag","embeddable":true,"href":"https:\/\/infoecos.com.ar\/index.php\/wp-json\/wp\/v2\/tags?post=69819"}],"curies":[{"name":"wp","href":"https:\/\/api.w.org\/{rel}","templated":true}]}}