{"id":69911,"date":"2020-10-22T17:04:47","date_gmt":"2020-10-22T20:04:47","guid":{"rendered":"http:\/\/infoecos.com.ar\/?p=69911"},"modified":"2020-10-22T17:09:04","modified_gmt":"2020-10-22T20:09:04","slug":"todos-los-estudiantes-de-la-provincia-de-buenos-aires-pasan-al-siguiente-nivel-de-manera-directa","status":"publish","type":"post","link":"https:\/\/infoecos.com.ar\/index.php\/todos-los-estudiantes-de-la-provincia-de-buenos-aires-pasan-al-siguiente-nivel-de-manera-directa\/","title":{"rendered":"Todos los estudiantes de la provincia de Buenos Aires pasan al siguiente nivel de manera directa"},"content":{"rendered":"\n<p>Los lineamientos de la Provincia establecen que los ciclos lectivos 2020-2021 ser\u00e1n considerados una \u201cunidad pedag\u00f3gica y curricular\u201d. Esto significa que los contenidos previstos para este a\u00f1o se articulan con la planificaci\u00f3n del a\u00f1o pr\u00f3ximo.<\/p>\n\n\n\n<div class=\"wp-block-image\"><figure class=\"aligncenter size-medium\"><img decoding=\"async\" src=\"http:\/\/infoecos.com.ar\/wp-content\/uploads\/historia01_0-460x184.jpg\" alt=\"\" class=\"wp-image-47809\"\/><figcaption>Direcci\u00f3n General de Escuelas de Buenos Aires<\/figcaption><\/figure><\/div>\n\n\n\n<p>En todos los a\u00f1os de escolaridad obligatoria se calificar\u00e1 con una valoraci\u00f3n conceptual, salvo en el \u00faltimo a\u00f1o de la escolaridad secundaria, en el que se utilizar\u00e1n las escalas num\u00e9ricas habituales del nivel.<\/p>\n\n\n\n<p>Las y los&nbsp;estudiantes que se encuentran en el \u00faltimo a\u00f1o de secundaria ser\u00e1n calificados con la escala num\u00e9rica habitual. Hasta abril de 2021 contar\u00e1n con distintas instancias para intensificar la ense\u00f1anza y, si las trayectorias educativas se han interrumpido, podr\u00e1n realizar un Trayecto Curricular de Finalizaci\u00f3n del Nivel Secundario 2020.&nbsp;<\/p>\n\n\n\n<p>Las ni\u00f1as y los ni\u00f1os que est\u00e1n en sala de 5 a\u00f1os del nivel Inicial promocionar\u00e1n de manera directa al primer a\u00f1o del nivel primario.&nbsp;<\/p>\n\n\n\n<p>Quienes finalizan la educaci\u00f3n primaria, dependiendo del tipo de trayectoria educativa que se ha podido realizar durante la pandemia, concluir\u00e1n este nivel educativo en el mes de diciembre de 2020, en marzo o a lo largo del a\u00f1o pr\u00f3ximo, tras haber participado de las instancias de promoci\u00f3n acompa\u00f1ada. En cualquiera de estos casos, deber\u00e1n inscribirse en la escuela secundaria, ya que la vacante est\u00e1 garantizada.<\/p>\n\n\n\n<p>Por ultimo, quienes finalizan el secundario, adem\u00e1s de las instancias de ense\u00f1anza y evaluaci\u00f3n ya mencionadas, contar\u00e1n con acciones de acompa\u00f1amiento a ingresantes en las instituciones de nivel superior, universitarias o de formaci\u00f3n docente o t\u00e9cnica. En el caso particular de la Educaci\u00f3n T\u00e9cnica y Agraria, el trayecto de finalizaci\u00f3n 2020 se concentrar\u00e1 en los n\u00facleos ligados al desempe\u00f1o profesional que habilita cada t\u00edtulo.<\/p>\n\n\n\n<p><strong>Fuente: codigobaires.com.ar<\/strong><\/p>\n","protected":false},"excerpt":{"rendered":"<p>Esta medida busca garantizar el acceso, la permanencia y el egreso del estudiantado ante el contexto de la pandemia por el Covid-19<\/p>\n","protected":false},"author":2,"featured_media":47809,"comment_status":"closed","ping_status":"open","sticky":false,"template":"","format":"standard","meta":{"footnotes":""},"categories":[46],"tags":[2252],"class_list":["post-69911","post","type-post","status-publish","format-standard","has-post-thumbnail","hentry","category-c2nota2","tag-lineamientos-para-los-ciclos-2020-2021"],"yoast_head":"<!-- This site is optimized with the Yoast SEO plugin v23.4 - https:\/\/yoast.com\/wordpress\/plugins\/seo\/ -->\n<title>Todos los estudiantes de la provincia de Buenos Aires pasan al siguiente nivel de manera directa - Infoecos<\/title>\n<meta name=\"robots\" content=\"index, follow, max-snippet:-1, max-image-preview:large, max-video-preview:-1\" \/>\n<link rel=\"canonical\" href=\"https:\/\/infoecos.com.ar\/index.php\/todos-los-estudiantes-de-la-provincia-de-buenos-aires-pasan-al-siguiente-nivel-de-manera-directa\/\" \/>\n<meta property=\"og:locale\" content=\"es_ES\" \/>\n<meta property=\"og:type\" content=\"article\" \/>\n<meta property=\"og:title\" content=\"Todos los estudiantes de la provincia de Buenos Aires pasan al siguiente nivel de manera directa - Infoecos\" \/>\n<meta property=\"og:description\" content=\"Esta medida busca garantizar el acceso, la permanencia y el egreso del estudiantado ante el contexto de la pandemia por el Covid-19\" \/>\n<meta property=\"og:url\" content=\"https:\/\/infoecos.com.ar\/index.php\/todos-los-estudiantes-de-la-provincia-de-buenos-aires-pasan-al-siguiente-nivel-de-manera-directa\/\" \/>\n<meta property=\"og:site_name\" content=\"Infoecos\" \/>\n<meta property=\"article:publisher\" content=\"https:\/\/www.facebook.com\/profile.php?id=100063200290284\" \/>\n<meta property=\"article:published_time\" content=\"2020-10-22T20:04:47+00:00\" \/>\n<meta property=\"article:modified_time\" content=\"2020-10-22T20:09:04+00:00\" \/>\n<meta property=\"og:image\" content=\"https:\/\/infoecos.com.ar\/wp-content\/uploads\/historia01_0.jpg\" \/>\n\t<meta property=\"og:image:width\" content=\"1500\" \/>\n\t<meta property=\"og:image:height\" content=\"600\" \/>\n\t<meta property=\"og:image:type\" content=\"image\/jpeg\" \/>\n<meta name=\"author\" content=\"Jorge Matheus\" \/>\n<meta name=\"twitter:card\" content=\"summary_large_image\" \/>\n<meta name=\"twitter:creator\" content=\"@infoecos\" \/>\n<meta name=\"twitter:site\" content=\"@infoecos\" \/>\n<meta name=\"twitter:label1\" content=\"Escrito por\" \/>\n\t<meta name=\"twitter:data1\" content=\"Jorge Matheus\" \/>\n\t<meta name=\"twitter:label2\" content=\"Tiempo de lectura\" \/>\n\t<meta name=\"twitter:data2\" content=\"2 minutos\" \/>\n<script type=\"application\/ld+json\" class=\"yoast-schema-graph\">{\"@context\":\"https:\/\/schema.org\",\"@graph\":[{\"@type\":\"Article\",\"@id\":\"https:\/\/infoecos.com.ar\/index.php\/todos-los-estudiantes-de-la-provincia-de-buenos-aires-pasan-al-siguiente-nivel-de-manera-directa\/#article\",\"isPartOf\":{\"@id\":\"https:\/\/infoecos.com.ar\/index.php\/todos-los-estudiantes-de-la-provincia-de-buenos-aires-pasan-al-siguiente-nivel-de-manera-directa\/\"},\"author\":{\"name\":\"Jorge Matheus\",\"@id\":\"https:\/\/infoecos.com.ar\/#\/schema\/person\/8f5ace5ce73b4b4aac4b7245aee6f191\"},\"headline\":\"Todos los estudiantes de la provincia de Buenos Aires pasan al siguiente nivel de manera directa\",\"datePublished\":\"2020-10-22T20:04:47+00:00\",\"dateModified\":\"2020-10-22T20:09:04+00:00\",\"mainEntityOfPage\":{\"@id\":\"https:\/\/infoecos.com.ar\/index.php\/todos-los-estudiantes-de-la-provincia-de-buenos-aires-pasan-al-siguiente-nivel-de-manera-directa\/\"},\"wordCount\":343,\"publisher\":{\"@id\":\"https:\/\/infoecos.com.ar\/#organization\"},\"image\":{\"@id\":\"https:\/\/infoecos.com.ar\/index.php\/todos-los-estudiantes-de-la-provincia-de-buenos-aires-pasan-al-siguiente-nivel-de-manera-directa\/#primaryimage\"},\"thumbnailUrl\":\"\",\"keywords\":[\"Lineamientos para los ciclos 2020-2021\"],\"articleSection\":[\"C2 N2\"],\"inLanguage\":\"es\"},{\"@type\":\"WebPage\",\"@id\":\"https:\/\/infoecos.com.ar\/index.php\/todos-los-estudiantes-de-la-provincia-de-buenos-aires-pasan-al-siguiente-nivel-de-manera-directa\/\",\"url\":\"https:\/\/infoecos.com.ar\/index.php\/todos-los-estudiantes-de-la-provincia-de-buenos-aires-pasan-al-siguiente-nivel-de-manera-directa\/\",\"name\":\"Todos los estudiantes de la provincia de Buenos Aires pasan al siguiente nivel de manera directa - Infoecos\",\"isPartOf\":{\"@id\":\"https:\/\/infoecos.com.ar\/#website\"},\"primaryImageOfPage\":{\"@id\":\"https:\/\/infoecos.com.ar\/index.php\/todos-los-estudiantes-de-la-provincia-de-buenos-aires-pasan-al-siguiente-nivel-de-manera-directa\/#primaryimage\"},\"image\":{\"@id\":\"https:\/\/infoecos.com.ar\/index.php\/todos-los-estudiantes-de-la-provincia-de-buenos-aires-pasan-al-siguiente-nivel-de-manera-directa\/#primaryimage\"},\"thumbnailUrl\":\"\",\"datePublished\":\"2020-10-22T20:04:47+00:00\",\"dateModified\":\"2020-10-22T20:09:04+00:00\",\"breadcrumb\":{\"@id\":\"https:\/\/infoecos.com.ar\/index.php\/todos-los-estudiantes-de-la-provincia-de-buenos-aires-pasan-al-siguiente-nivel-de-manera-directa\/#breadcrumb\"},\"inLanguage\":\"es\",\"potentialAction\":[{\"@type\":\"ReadAction\",\"target\":[\"https:\/\/infoecos.com.ar\/index.php\/todos-los-estudiantes-de-la-provincia-de-buenos-aires-pasan-al-siguiente-nivel-de-manera-directa\/\"]}]},{\"@type\":\"ImageObject\",\"inLanguage\":\"es\",\"@id\":\"https:\/\/infoecos.com.ar\/index.php\/todos-los-estudiantes-de-la-provincia-de-buenos-aires-pasan-al-siguiente-nivel-de-manera-directa\/#primaryimage\",\"url\":\"\",\"contentUrl\":\"\"},{\"@type\":\"BreadcrumbList\",\"@id\":\"https:\/\/infoecos.com.ar\/index.php\/todos-los-estudiantes-de-la-provincia-de-buenos-aires-pasan-al-siguiente-nivel-de-manera-directa\/#breadcrumb\",\"itemListElement\":[{\"@type\":\"ListItem\",\"position\":1,\"name\":\"Portada\",\"item\":\"https:\/\/infoecos.com.ar\/\"},{\"@type\":\"ListItem\",\"position\":2,\"name\":\"Todos los estudiantes de la provincia de Buenos Aires pasan al siguiente nivel de manera directa\"}]},{\"@type\":\"WebSite\",\"@id\":\"https:\/\/infoecos.com.ar\/#website\",\"url\":\"https:\/\/infoecos.com.ar\/\",\"name\":\"Infoecos\",\"description\":\"Noticias de trenque lauquen y la zona\",\"publisher\":{\"@id\":\"https:\/\/infoecos.com.ar\/#organization\"},\"alternateName\":\"Noticias\",\"potentialAction\":[{\"@type\":\"SearchAction\",\"target\":{\"@type\":\"EntryPoint\",\"urlTemplate\":\"https:\/\/infoecos.com.ar\/?s={search_term_string}\"},\"query-input\":{\"@type\":\"PropertyValueSpecification\",\"valueRequired\":true,\"valueName\":\"search_term_string\"}}],\"inLanguage\":\"es\"},{\"@type\":\"Organization\",\"@id\":\"https:\/\/infoecos.com.ar\/#organization\",\"name\":\"Infoecos\",\"alternateName\":\"Noticias\",\"url\":\"https:\/\/infoecos.com.ar\/\",\"logo\":{\"@type\":\"ImageObject\",\"inLanguage\":\"es\",\"@id\":\"https:\/\/infoecos.com.ar\/#\/schema\/logo\/image\/\",\"url\":\"https:\/\/infoecos.com.ar\/wp-content\/uploads\/2024\/03\/cropped-logo.png\",\"contentUrl\":\"https:\/\/infoecos.com.ar\/wp-content\/uploads\/2024\/03\/cropped-logo.png\",\"width\":374,\"height\":90,\"caption\":\"Infoecos\"},\"image\":{\"@id\":\"https:\/\/infoecos.com.ar\/#\/schema\/logo\/image\/\"},\"sameAs\":[\"https:\/\/www.facebook.com\/profile.php?id=100063200290284\",\"https:\/\/x.com\/infoecos\"]},{\"@type\":\"Person\",\"@id\":\"https:\/\/infoecos.com.ar\/#\/schema\/person\/8f5ace5ce73b4b4aac4b7245aee6f191\",\"name\":\"Jorge Matheus\",\"url\":\"https:\/\/infoecos.com.ar\/index.php\/author\/jomatheus\/\"}]}<\/script>\n<!-- \/ Yoast SEO plugin. -->","yoast_head_json":{"title":"Todos los estudiantes de la provincia de Buenos Aires pasan al siguiente nivel de manera directa - Infoecos","robots":{"index":"index","follow":"follow","max-snippet":"max-snippet:-1","max-image-preview":"max-image-preview:large","max-video-preview":"max-video-preview:-1"},"canonical":"https:\/\/infoecos.com.ar\/index.php\/todos-los-estudiantes-de-la-provincia-de-buenos-aires-pasan-al-siguiente-nivel-de-manera-directa\/","og_locale":"es_ES","og_type":"article","og_title":"Todos los estudiantes de la provincia de Buenos Aires pasan al siguiente nivel de manera directa - Infoecos","og_description":"Esta medida busca garantizar el acceso, la permanencia y el egreso del estudiantado ante el contexto de la pandemia por el Covid-19","og_url":"https:\/\/infoecos.com.ar\/index.php\/todos-los-estudiantes-de-la-provincia-de-buenos-aires-pasan-al-siguiente-nivel-de-manera-directa\/","og_site_name":"Infoecos","article_publisher":"https:\/\/www.facebook.com\/profile.php?id=100063200290284","article_published_time":"2020-10-22T20:04:47+00:00","article_modified_time":"2020-10-22T20:09:04+00:00","og_image":[{"width":1500,"height":600,"url":"https:\/\/infoecos.com.ar\/wp-content\/uploads\/historia01_0.jpg","type":"image\/jpeg"}],"author":"Jorge Matheus","twitter_card":"summary_large_image","twitter_creator":"@infoecos","twitter_site":"@infoecos","twitter_misc":{"Escrito por":"Jorge Matheus","Tiempo de lectura":"2 minutos"},"schema":{"@context":"https:\/\/schema.org","@graph":[{"@type":"Article","@id":"https:\/\/infoecos.com.ar\/index.php\/todos-los-estudiantes-de-la-provincia-de-buenos-aires-pasan-al-siguiente-nivel-de-manera-directa\/#article","isPartOf":{"@id":"https:\/\/infoecos.com.ar\/index.php\/todos-los-estudiantes-de-la-provincia-de-buenos-aires-pasan-al-siguiente-nivel-de-manera-directa\/"},"author":{"name":"Jorge Matheus","@id":"https:\/\/infoecos.com.ar\/#\/schema\/person\/8f5ace5ce73b4b4aac4b7245aee6f191"},"headline":"Todos los estudiantes de la provincia de Buenos Aires pasan al siguiente nivel de manera directa","datePublished":"2020-10-22T20:04:47+00:00","dateModified":"2020-10-22T20:09:04+00:00","mainEntityOfPage":{"@id":"https:\/\/infoecos.com.ar\/index.php\/todos-los-estudiantes-de-la-provincia-de-buenos-aires-pasan-al-siguiente-nivel-de-manera-directa\/"},"wordCount":343,"publisher":{"@id":"https:\/\/infoecos.com.ar\/#organization"},"image":{"@id":"https:\/\/infoecos.com.ar\/index.php\/todos-los-estudiantes-de-la-provincia-de-buenos-aires-pasan-al-siguiente-nivel-de-manera-directa\/#primaryimage"},"thumbnailUrl":"","keywords":["Lineamientos para los ciclos 2020-2021"],"articleSection":["C2 N2"],"inLanguage":"es"},{"@type":"WebPage","@id":"https:\/\/infoecos.com.ar\/index.php\/todos-los-estudiantes-de-la-provincia-de-buenos-aires-pasan-al-siguiente-nivel-de-manera-directa\/","url":"https:\/\/infoecos.com.ar\/index.php\/todos-los-estudiantes-de-la-provincia-de-buenos-aires-pasan-al-siguiente-nivel-de-manera-directa\/","name":"Todos los estudiantes de la provincia de Buenos Aires pasan al siguiente nivel de manera directa - Infoecos","isPartOf":{"@id":"https:\/\/infoecos.com.ar\/#website"},"primaryImageOfPage":{"@id":"https:\/\/infoecos.com.ar\/index.php\/todos-los-estudiantes-de-la-provincia-de-buenos-aires-pasan-al-siguiente-nivel-de-manera-directa\/#primaryimage"},"image":{"@id":"https:\/\/infoecos.com.ar\/index.php\/todos-los-estudiantes-de-la-provincia-de-buenos-aires-pasan-al-siguiente-nivel-de-manera-directa\/#primaryimage"},"thumbnailUrl":"","datePublished":"2020-10-22T20:04:47+00:00","dateModified":"2020-10-22T20:09:04+00:00","breadcrumb":{"@id":"https:\/\/infoecos.com.ar\/index.php\/todos-los-estudiantes-de-la-provincia-de-buenos-aires-pasan-al-siguiente-nivel-de-manera-directa\/#breadcrumb"},"inLanguage":"es","potentialAction":[{"@type":"ReadAction","target":["https:\/\/infoecos.com.ar\/index.php\/todos-los-estudiantes-de-la-provincia-de-buenos-aires-pasan-al-siguiente-nivel-de-manera-directa\/"]}]},{"@type":"ImageObject","inLanguage":"es","@id":"https:\/\/infoecos.com.ar\/index.php\/todos-los-estudiantes-de-la-provincia-de-buenos-aires-pasan-al-siguiente-nivel-de-manera-directa\/#primaryimage","url":"","contentUrl":""},{"@type":"BreadcrumbList","@id":"https:\/\/infoecos.com.ar\/index.php\/todos-los-estudiantes-de-la-provincia-de-buenos-aires-pasan-al-siguiente-nivel-de-manera-directa\/#breadcrumb","itemListElement":[{"@type":"ListItem","position":1,"name":"Portada","item":"https:\/\/infoecos.com.ar\/"},{"@type":"ListItem","position":2,"name":"Todos los estudiantes de la provincia de Buenos Aires pasan al siguiente nivel de manera directa"}]},{"@type":"WebSite","@id":"https:\/\/infoecos.com.ar\/#website","url":"https:\/\/infoecos.com.ar\/","name":"Infoecos","description":"Noticias de trenque lauquen y la zona","publisher":{"@id":"https:\/\/infoecos.com.ar\/#organization"},"alternateName":"Noticias","potentialAction":[{"@type":"SearchAction","target":{"@type":"EntryPoint","urlTemplate":"https:\/\/infoecos.com.ar\/?s={search_term_string}"},"query-input":{"@type":"PropertyValueSpecification","valueRequired":true,"valueName":"search_term_string"}}],"inLanguage":"es"},{"@type":"Organization","@id":"https:\/\/infoecos.com.ar\/#organization","name":"Infoecos","alternateName":"Noticias","url":"https:\/\/infoecos.com.ar\/","logo":{"@type":"ImageObject","inLanguage":"es","@id":"https:\/\/infoecos.com.ar\/#\/schema\/logo\/image\/","url":"https:\/\/infoecos.com.ar\/wp-content\/uploads\/2024\/03\/cropped-logo.png","contentUrl":"https:\/\/infoecos.com.ar\/wp-content\/uploads\/2024\/03\/cropped-logo.png","width":374,"height":90,"caption":"Infoecos"},"image":{"@id":"https:\/\/infoecos.com.ar\/#\/schema\/logo\/image\/"},"sameAs":["https:\/\/www.facebook.com\/profile.php?id=100063200290284","https:\/\/x.com\/infoecos"]},{"@type":"Person","@id":"https:\/\/infoecos.com.ar\/#\/schema\/person\/8f5ace5ce73b4b4aac4b7245aee6f191","name":"Jorge Matheus","url":"https:\/\/infoecos.com.ar\/index.php\/author\/jomatheus\/"}]}},"featured_image_urls":{"full":"","thumbnail":"","medium":"","medium_large":"","large":"","1536x1536":"","2048x2048":"","covernews-slider-full":"","covernews-slider-center":"","covernews-featured":"","covernews-medium":"","covernews-medium-square":""},"author_info":{"info":["Jorge Matheus"]},"category_info":"<a href=\"https:\/\/infoecos.com.ar\/index.php\/category\/c2nota2\/\" rel=\"category tag\">C2 N2<\/a>","tag_info":"C2 N2","comment_count":"0","_links":{"self":[{"href":"https:\/\/infoecos.com.ar\/index.php\/wp-json\/wp\/v2\/posts\/69911"}],"collection":[{"href":"https:\/\/infoecos.com.ar\/index.php\/wp-json\/wp\/v2\/posts"}],"about":[{"href":"https:\/\/infoecos.com.ar\/index.php\/wp-json\/wp\/v2\/types\/post"}],"author":[{"embeddable":true,"href":"https:\/\/infoecos.com.ar\/index.php\/wp-json\/wp\/v2\/users\/2"}],"replies":[{"embeddable":true,"href":"https:\/\/infoecos.com.ar\/index.php\/wp-json\/wp\/v2\/comments?post=69911"}],"version-history":[{"count":2,"href":"https:\/\/infoecos.com.ar\/index.php\/wp-json\/wp\/v2\/posts\/69911\/revisions"}],"predecessor-version":[{"id":69913,"href":"https:\/\/infoecos.com.ar\/index.php\/wp-json\/wp\/v2\/posts\/69911\/revisions\/69913"}],"wp:featuredmedia":[{"embeddable":true,"href":"https:\/\/infoecos.com.ar\/index.php\/wp-json\/"}],"wp:attachment":[{"href":"https:\/\/infoecos.com.ar\/index.php\/wp-json\/wp\/v2\/media?parent=69911"}],"wp:term":[{"taxonomy":"category","embeddable":true,"href":"https:\/\/infoecos.com.ar\/index.php\/wp-json\/wp\/v2\/categories?post=69911"},{"taxonomy":"post_tag","embeddable":true,"href":"https:\/\/infoecos.com.ar\/index.php\/wp-json\/wp\/v2\/tags?post=69911"}],"curies":[{"name":"wp","href":"https:\/\/api.w.org\/{rel}","templated":true}]}}