{"id":70085,"date":"2020-10-28T12:33:46","date_gmt":"2020-10-28T15:33:46","guid":{"rendered":"http:\/\/infoecos.com.ar\/?p=70085"},"modified":"2020-10-28T12:33:51","modified_gmt":"2020-10-28T15:33:51","slug":"la-cooperativa-de-electricidad-suspende-por-ahora-las-entrevistas-e-inscripcion-para-las-becas-universitarias","status":"publish","type":"post","link":"https:\/\/infoecos.com.ar\/index.php\/la-cooperativa-de-electricidad-suspende-por-ahora-las-entrevistas-e-inscripcion-para-las-becas-universitarias\/","title":{"rendered":"La Cooperativa de Electricidad, suspende por ahora, las entrevistas e inscripci\u00f3n para las becas universitarias"},"content":{"rendered":"\n<p>La Cooperativa de Electricidad de Trenque Lauquen inform\u00f3 a sus asociados que\u00a0<strong>han quedado diferidas, hasta nuevo aviso, las entrevistas e inscripci\u00f3n<\/strong>\u00a0de los aspirantes a una beca universitaria para el a\u00f1o 2021. La decisi\u00f3n de la entidad es a ra\u00edz de la incertidumbre que genera el actual marco de pandemia en el normal inicio y desarrollo del pr\u00f3ximo ciclo acad\u00e9mico.<\/p>\n\n\n\n<div class=\"wp-block-image\"><figure class=\"aligncenter size-large\"><img loading=\"lazy\" decoding=\"async\" width=\"316\" height=\"159\" src=\"http:\/\/infoecos.com.ar\/wp-content\/uploads\/2020\/10\/cooptl.jpg\" alt=\"\" class=\"wp-image-70086\"\/><\/figure><\/div>\n\n\n\n<p>En un parte de prensa entregado a los medios y publicado en la p\u00e1gina web cooptl.com.ar, se agrega que \u00aben caso de una mejora, a futuro, de la situaci\u00f3n sanitaria que derive en una mayor flexibilizaci\u00f3n en el desarrollo de las actividades universitarias en todo el pa\u00eds, se informar\u00e1n las fechas y modalidad de inscripci\u00f3n a los estudiantes que aspiran por primera vez al beneficio becario que otorga anualmente esta instituci\u00f3n\u00bb.<\/p>\n","protected":false},"excerpt":{"rendered":"<p>La decisi\u00f3n de la entidad es a ra\u00edz de la incertidumbre que genera el actual marco de pandemia en el normal inicio y desarrollo del pr\u00f3ximo ciclo acad\u00e9mico<\/p>\n","protected":false},"author":2,"featured_media":70086,"comment_status":"closed","ping_status":"open","sticky":false,"template":"","format":"standard","meta":{"footnotes":""},"categories":[1614],"tags":[1857],"class_list":["post-70085","post","type-post","status-publish","format-standard","has-post-thumbnail","hentry","category-c2nota7","tag-cooperativismo-y-educacion"],"yoast_head":"<!-- This site is optimized with the Yoast SEO plugin v23.4 - https:\/\/yoast.com\/wordpress\/plugins\/seo\/ -->\n<title>La Cooperativa de Electricidad, suspende por ahora, las entrevistas e inscripci\u00f3n para las becas universitarias - Infoecos<\/title>\n<meta name=\"robots\" content=\"index, follow, max-snippet:-1, max-image-preview:large, max-video-preview:-1\" \/>\n<link rel=\"canonical\" href=\"https:\/\/infoecos.com.ar\/index.php\/la-cooperativa-de-electricidad-suspende-por-ahora-las-entrevistas-e-inscripcion-para-las-becas-universitarias\/\" \/>\n<meta property=\"og:locale\" content=\"es_ES\" \/>\n<meta property=\"og:type\" content=\"article\" \/>\n<meta property=\"og:title\" content=\"La Cooperativa de Electricidad, suspende por ahora, las entrevistas e inscripci\u00f3n para las becas universitarias - Infoecos\" \/>\n<meta property=\"og:description\" content=\"La decisi\u00f3n de la entidad es a ra\u00edz de la incertidumbre que genera el actual marco de pandemia en el normal inicio y desarrollo del pr\u00f3ximo ciclo acad\u00e9mico\" \/>\n<meta property=\"og:url\" content=\"https:\/\/infoecos.com.ar\/index.php\/la-cooperativa-de-electricidad-suspende-por-ahora-las-entrevistas-e-inscripcion-para-las-becas-universitarias\/\" \/>\n<meta property=\"og:site_name\" content=\"Infoecos\" \/>\n<meta property=\"article:publisher\" content=\"https:\/\/www.facebook.com\/profile.php?id=100063200290284\" \/>\n<meta property=\"article:published_time\" content=\"2020-10-28T15:33:46+00:00\" \/>\n<meta property=\"article:modified_time\" content=\"2020-10-28T15:33:51+00:00\" \/>\n<meta property=\"og:image\" content=\"https:\/\/infoecos.com.ar\/wp-content\/uploads\/2020\/10\/cooptl.jpg\" \/>\n\t<meta property=\"og:image:width\" content=\"316\" \/>\n\t<meta property=\"og:image:height\" content=\"159\" \/>\n\t<meta property=\"og:image:type\" content=\"image\/jpeg\" \/>\n<meta name=\"author\" content=\"Jorge Matheus\" \/>\n<meta name=\"twitter:card\" content=\"summary_large_image\" \/>\n<meta name=\"twitter:creator\" content=\"@infoecos\" \/>\n<meta name=\"twitter:site\" content=\"@infoecos\" \/>\n<meta name=\"twitter:label1\" content=\"Escrito por\" \/>\n\t<meta name=\"twitter:data1\" content=\"Jorge Matheus\" \/>\n\t<meta name=\"twitter:label2\" content=\"Tiempo de lectura\" \/>\n\t<meta name=\"twitter:data2\" content=\"1 minuto\" \/>\n<script type=\"application\/ld+json\" class=\"yoast-schema-graph\">{\"@context\":\"https:\/\/schema.org\",\"@graph\":[{\"@type\":\"Article\",\"@id\":\"https:\/\/infoecos.com.ar\/index.php\/la-cooperativa-de-electricidad-suspende-por-ahora-las-entrevistas-e-inscripcion-para-las-becas-universitarias\/#article\",\"isPartOf\":{\"@id\":\"https:\/\/infoecos.com.ar\/index.php\/la-cooperativa-de-electricidad-suspende-por-ahora-las-entrevistas-e-inscripcion-para-las-becas-universitarias\/\"},\"author\":{\"name\":\"Jorge Matheus\",\"@id\":\"https:\/\/infoecos.com.ar\/#\/schema\/person\/8f5ace5ce73b4b4aac4b7245aee6f191\"},\"headline\":\"La Cooperativa de Electricidad, suspende por ahora, las entrevistas e inscripci\u00f3n para las becas universitarias\",\"datePublished\":\"2020-10-28T15:33:46+00:00\",\"dateModified\":\"2020-10-28T15:33:51+00:00\",\"mainEntityOfPage\":{\"@id\":\"https:\/\/infoecos.com.ar\/index.php\/la-cooperativa-de-electricidad-suspende-por-ahora-las-entrevistas-e-inscripcion-para-las-becas-universitarias\/\"},\"wordCount\":162,\"publisher\":{\"@id\":\"https:\/\/infoecos.com.ar\/#organization\"},\"image\":{\"@id\":\"https:\/\/infoecos.com.ar\/index.php\/la-cooperativa-de-electricidad-suspende-por-ahora-las-entrevistas-e-inscripcion-para-las-becas-universitarias\/#primaryimage\"},\"thumbnailUrl\":\"https:\/\/infoecos.com.ar\/wp-content\/uploads\/2020\/10\/cooptl.jpg\",\"keywords\":[\"COOPERATIVISMO Y EDUCACI\u00d3N\"],\"articleSection\":[\"C2 N7\"],\"inLanguage\":\"es\"},{\"@type\":\"WebPage\",\"@id\":\"https:\/\/infoecos.com.ar\/index.php\/la-cooperativa-de-electricidad-suspende-por-ahora-las-entrevistas-e-inscripcion-para-las-becas-universitarias\/\",\"url\":\"https:\/\/infoecos.com.ar\/index.php\/la-cooperativa-de-electricidad-suspende-por-ahora-las-entrevistas-e-inscripcion-para-las-becas-universitarias\/\",\"name\":\"La Cooperativa de Electricidad, suspende por ahora, las entrevistas e inscripci\u00f3n para las becas universitarias - Infoecos\",\"isPartOf\":{\"@id\":\"https:\/\/infoecos.com.ar\/#website\"},\"primaryImageOfPage\":{\"@id\":\"https:\/\/infoecos.com.ar\/index.php\/la-cooperativa-de-electricidad-suspende-por-ahora-las-entrevistas-e-inscripcion-para-las-becas-universitarias\/#primaryimage\"},\"image\":{\"@id\":\"https:\/\/infoecos.com.ar\/index.php\/la-cooperativa-de-electricidad-suspende-por-ahora-las-entrevistas-e-inscripcion-para-las-becas-universitarias\/#primaryimage\"},\"thumbnailUrl\":\"https:\/\/infoecos.com.ar\/wp-content\/uploads\/2020\/10\/cooptl.jpg\",\"datePublished\":\"2020-10-28T15:33:46+00:00\",\"dateModified\":\"2020-10-28T15:33:51+00:00\",\"breadcrumb\":{\"@id\":\"https:\/\/infoecos.com.ar\/index.php\/la-cooperativa-de-electricidad-suspende-por-ahora-las-entrevistas-e-inscripcion-para-las-becas-universitarias\/#breadcrumb\"},\"inLanguage\":\"es\",\"potentialAction\":[{\"@type\":\"ReadAction\",\"target\":[\"https:\/\/infoecos.com.ar\/index.php\/la-cooperativa-de-electricidad-suspende-por-ahora-las-entrevistas-e-inscripcion-para-las-becas-universitarias\/\"]}]},{\"@type\":\"ImageObject\",\"inLanguage\":\"es\",\"@id\":\"https:\/\/infoecos.com.ar\/index.php\/la-cooperativa-de-electricidad-suspende-por-ahora-las-entrevistas-e-inscripcion-para-las-becas-universitarias\/#primaryimage\",\"url\":\"https:\/\/infoecos.com.ar\/wp-content\/uploads\/2020\/10\/cooptl.jpg\",\"contentUrl\":\"https:\/\/infoecos.com.ar\/wp-content\/uploads\/2020\/10\/cooptl.jpg\",\"width\":316,\"height\":159},{\"@type\":\"BreadcrumbList\",\"@id\":\"https:\/\/infoecos.com.ar\/index.php\/la-cooperativa-de-electricidad-suspende-por-ahora-las-entrevistas-e-inscripcion-para-las-becas-universitarias\/#breadcrumb\",\"itemListElement\":[{\"@type\":\"ListItem\",\"position\":1,\"name\":\"Portada\",\"item\":\"https:\/\/infoecos.com.ar\/\"},{\"@type\":\"ListItem\",\"position\":2,\"name\":\"La Cooperativa de Electricidad, suspende por ahora, las entrevistas e inscripci\u00f3n para las becas universitarias\"}]},{\"@type\":\"WebSite\",\"@id\":\"https:\/\/infoecos.com.ar\/#website\",\"url\":\"https:\/\/infoecos.com.ar\/\",\"name\":\"Infoecos\",\"description\":\"Noticias de trenque lauquen y la zona\",\"publisher\":{\"@id\":\"https:\/\/infoecos.com.ar\/#organization\"},\"alternateName\":\"Noticias\",\"potentialAction\":[{\"@type\":\"SearchAction\",\"target\":{\"@type\":\"EntryPoint\",\"urlTemplate\":\"https:\/\/infoecos.com.ar\/?s={search_term_string}\"},\"query-input\":{\"@type\":\"PropertyValueSpecification\",\"valueRequired\":true,\"valueName\":\"search_term_string\"}}],\"inLanguage\":\"es\"},{\"@type\":\"Organization\",\"@id\":\"https:\/\/infoecos.com.ar\/#organization\",\"name\":\"Infoecos\",\"alternateName\":\"Noticias\",\"url\":\"https:\/\/infoecos.com.ar\/\",\"logo\":{\"@type\":\"ImageObject\",\"inLanguage\":\"es\",\"@id\":\"https:\/\/infoecos.com.ar\/#\/schema\/logo\/image\/\",\"url\":\"https:\/\/infoecos.com.ar\/wp-content\/uploads\/2024\/03\/cropped-logo.png\",\"contentUrl\":\"https:\/\/infoecos.com.ar\/wp-content\/uploads\/2024\/03\/cropped-logo.png\",\"width\":374,\"height\":90,\"caption\":\"Infoecos\"},\"image\":{\"@id\":\"https:\/\/infoecos.com.ar\/#\/schema\/logo\/image\/\"},\"sameAs\":[\"https:\/\/www.facebook.com\/profile.php?id=100063200290284\",\"https:\/\/x.com\/infoecos\"]},{\"@type\":\"Person\",\"@id\":\"https:\/\/infoecos.com.ar\/#\/schema\/person\/8f5ace5ce73b4b4aac4b7245aee6f191\",\"name\":\"Jorge Matheus\",\"url\":\"https:\/\/infoecos.com.ar\/index.php\/author\/jomatheus\/\"}]}<\/script>\n<!-- \/ Yoast SEO plugin. -->","yoast_head_json":{"title":"La Cooperativa de Electricidad, suspende por ahora, las entrevistas e inscripci\u00f3n para las becas universitarias - Infoecos","robots":{"index":"index","follow":"follow","max-snippet":"max-snippet:-1","max-image-preview":"max-image-preview:large","max-video-preview":"max-video-preview:-1"},"canonical":"https:\/\/infoecos.com.ar\/index.php\/la-cooperativa-de-electricidad-suspende-por-ahora-las-entrevistas-e-inscripcion-para-las-becas-universitarias\/","og_locale":"es_ES","og_type":"article","og_title":"La Cooperativa de Electricidad, suspende por ahora, las entrevistas e inscripci\u00f3n para las becas universitarias - Infoecos","og_description":"La decisi\u00f3n de la entidad es a ra\u00edz de la incertidumbre que genera el actual marco de pandemia en el normal inicio y desarrollo del pr\u00f3ximo ciclo acad\u00e9mico","og_url":"https:\/\/infoecos.com.ar\/index.php\/la-cooperativa-de-electricidad-suspende-por-ahora-las-entrevistas-e-inscripcion-para-las-becas-universitarias\/","og_site_name":"Infoecos","article_publisher":"https:\/\/www.facebook.com\/profile.php?id=100063200290284","article_published_time":"2020-10-28T15:33:46+00:00","article_modified_time":"2020-10-28T15:33:51+00:00","og_image":[{"width":316,"height":159,"url":"https:\/\/infoecos.com.ar\/wp-content\/uploads\/2020\/10\/cooptl.jpg","type":"image\/jpeg"}],"author":"Jorge Matheus","twitter_card":"summary_large_image","twitter_creator":"@infoecos","twitter_site":"@infoecos","twitter_misc":{"Escrito por":"Jorge Matheus","Tiempo de lectura":"1 minuto"},"schema":{"@context":"https:\/\/schema.org","@graph":[{"@type":"Article","@id":"https:\/\/infoecos.com.ar\/index.php\/la-cooperativa-de-electricidad-suspende-por-ahora-las-entrevistas-e-inscripcion-para-las-becas-universitarias\/#article","isPartOf":{"@id":"https:\/\/infoecos.com.ar\/index.php\/la-cooperativa-de-electricidad-suspende-por-ahora-las-entrevistas-e-inscripcion-para-las-becas-universitarias\/"},"author":{"name":"Jorge Matheus","@id":"https:\/\/infoecos.com.ar\/#\/schema\/person\/8f5ace5ce73b4b4aac4b7245aee6f191"},"headline":"La Cooperativa de Electricidad, suspende por ahora, las entrevistas e inscripci\u00f3n para las becas universitarias","datePublished":"2020-10-28T15:33:46+00:00","dateModified":"2020-10-28T15:33:51+00:00","mainEntityOfPage":{"@id":"https:\/\/infoecos.com.ar\/index.php\/la-cooperativa-de-electricidad-suspende-por-ahora-las-entrevistas-e-inscripcion-para-las-becas-universitarias\/"},"wordCount":162,"publisher":{"@id":"https:\/\/infoecos.com.ar\/#organization"},"image":{"@id":"https:\/\/infoecos.com.ar\/index.php\/la-cooperativa-de-electricidad-suspende-por-ahora-las-entrevistas-e-inscripcion-para-las-becas-universitarias\/#primaryimage"},"thumbnailUrl":"https:\/\/infoecos.com.ar\/wp-content\/uploads\/2020\/10\/cooptl.jpg","keywords":["COOPERATIVISMO Y EDUCACI\u00d3N"],"articleSection":["C2 N7"],"inLanguage":"es"},{"@type":"WebPage","@id":"https:\/\/infoecos.com.ar\/index.php\/la-cooperativa-de-electricidad-suspende-por-ahora-las-entrevistas-e-inscripcion-para-las-becas-universitarias\/","url":"https:\/\/infoecos.com.ar\/index.php\/la-cooperativa-de-electricidad-suspende-por-ahora-las-entrevistas-e-inscripcion-para-las-becas-universitarias\/","name":"La Cooperativa de Electricidad, suspende por ahora, las entrevistas e inscripci\u00f3n para las becas universitarias - Infoecos","isPartOf":{"@id":"https:\/\/infoecos.com.ar\/#website"},"primaryImageOfPage":{"@id":"https:\/\/infoecos.com.ar\/index.php\/la-cooperativa-de-electricidad-suspende-por-ahora-las-entrevistas-e-inscripcion-para-las-becas-universitarias\/#primaryimage"},"image":{"@id":"https:\/\/infoecos.com.ar\/index.php\/la-cooperativa-de-electricidad-suspende-por-ahora-las-entrevistas-e-inscripcion-para-las-becas-universitarias\/#primaryimage"},"thumbnailUrl":"https:\/\/infoecos.com.ar\/wp-content\/uploads\/2020\/10\/cooptl.jpg","datePublished":"2020-10-28T15:33:46+00:00","dateModified":"2020-10-28T15:33:51+00:00","breadcrumb":{"@id":"https:\/\/infoecos.com.ar\/index.php\/la-cooperativa-de-electricidad-suspende-por-ahora-las-entrevistas-e-inscripcion-para-las-becas-universitarias\/#breadcrumb"},"inLanguage":"es","potentialAction":[{"@type":"ReadAction","target":["https:\/\/infoecos.com.ar\/index.php\/la-cooperativa-de-electricidad-suspende-por-ahora-las-entrevistas-e-inscripcion-para-las-becas-universitarias\/"]}]},{"@type":"ImageObject","inLanguage":"es","@id":"https:\/\/infoecos.com.ar\/index.php\/la-cooperativa-de-electricidad-suspende-por-ahora-las-entrevistas-e-inscripcion-para-las-becas-universitarias\/#primaryimage","url":"https:\/\/infoecos.com.ar\/wp-content\/uploads\/2020\/10\/cooptl.jpg","contentUrl":"https:\/\/infoecos.com.ar\/wp-content\/uploads\/2020\/10\/cooptl.jpg","width":316,"height":159},{"@type":"BreadcrumbList","@id":"https:\/\/infoecos.com.ar\/index.php\/la-cooperativa-de-electricidad-suspende-por-ahora-las-entrevistas-e-inscripcion-para-las-becas-universitarias\/#breadcrumb","itemListElement":[{"@type":"ListItem","position":1,"name":"Portada","item":"https:\/\/infoecos.com.ar\/"},{"@type":"ListItem","position":2,"name":"La Cooperativa de Electricidad, suspende por ahora, las entrevistas e inscripci\u00f3n para las becas universitarias"}]},{"@type":"WebSite","@id":"https:\/\/infoecos.com.ar\/#website","url":"https:\/\/infoecos.com.ar\/","name":"Infoecos","description":"Noticias de trenque lauquen y la zona","publisher":{"@id":"https:\/\/infoecos.com.ar\/#organization"},"alternateName":"Noticias","potentialAction":[{"@type":"SearchAction","target":{"@type":"EntryPoint","urlTemplate":"https:\/\/infoecos.com.ar\/?s={search_term_string}"},"query-input":{"@type":"PropertyValueSpecification","valueRequired":true,"valueName":"search_term_string"}}],"inLanguage":"es"},{"@type":"Organization","@id":"https:\/\/infoecos.com.ar\/#organization","name":"Infoecos","alternateName":"Noticias","url":"https:\/\/infoecos.com.ar\/","logo":{"@type":"ImageObject","inLanguage":"es","@id":"https:\/\/infoecos.com.ar\/#\/schema\/logo\/image\/","url":"https:\/\/infoecos.com.ar\/wp-content\/uploads\/2024\/03\/cropped-logo.png","contentUrl":"https:\/\/infoecos.com.ar\/wp-content\/uploads\/2024\/03\/cropped-logo.png","width":374,"height":90,"caption":"Infoecos"},"image":{"@id":"https:\/\/infoecos.com.ar\/#\/schema\/logo\/image\/"},"sameAs":["https:\/\/www.facebook.com\/profile.php?id=100063200290284","https:\/\/x.com\/infoecos"]},{"@type":"Person","@id":"https:\/\/infoecos.com.ar\/#\/schema\/person\/8f5ace5ce73b4b4aac4b7245aee6f191","name":"Jorge Matheus","url":"https:\/\/infoecos.com.ar\/index.php\/author\/jomatheus\/"}]}},"featured_image_urls":{"full":["https:\/\/infoecos.com.ar\/wp-content\/uploads\/2020\/10\/cooptl.jpg",316,159,false],"thumbnail":["https:\/\/infoecos.com.ar\/wp-content\/uploads\/2020\/10\/cooptl-150x150.jpg",150,150,true],"medium":["https:\/\/infoecos.com.ar\/wp-content\/uploads\/2020\/10\/cooptl.jpg",316,159,false],"medium_large":["https:\/\/infoecos.com.ar\/wp-content\/uploads\/2020\/10\/cooptl.jpg",316,159,false],"large":["https:\/\/infoecos.com.ar\/wp-content\/uploads\/2020\/10\/cooptl.jpg",316,159,false],"1536x1536":["https:\/\/infoecos.com.ar\/wp-content\/uploads\/2020\/10\/cooptl.jpg",316,159,false],"2048x2048":["https:\/\/infoecos.com.ar\/wp-content\/uploads\/2020\/10\/cooptl.jpg",316,159,false],"covernews-slider-full":["https:\/\/infoecos.com.ar\/wp-content\/uploads\/2020\/10\/cooptl.jpg",316,159,false],"covernews-slider-center":["https:\/\/infoecos.com.ar\/wp-content\/uploads\/2020\/10\/cooptl.jpg",316,159,false],"covernews-featured":["https:\/\/infoecos.com.ar\/wp-content\/uploads\/2020\/10\/cooptl.jpg",316,159,false],"covernews-medium":["https:\/\/infoecos.com.ar\/wp-content\/uploads\/2020\/10\/cooptl.jpg",316,159,false],"covernews-medium-square":["https:\/\/infoecos.com.ar\/wp-content\/uploads\/2020\/10\/cooptl.jpg",316,159,false]},"author_info":{"info":["Jorge Matheus"]},"category_info":"<a href=\"https:\/\/infoecos.com.ar\/index.php\/category\/c2nota7\/\" rel=\"category tag\">C2 N7<\/a>","tag_info":"C2 N7","comment_count":"0","_links":{"self":[{"href":"https:\/\/infoecos.com.ar\/index.php\/wp-json\/wp\/v2\/posts\/70085"}],"collection":[{"href":"https:\/\/infoecos.com.ar\/index.php\/wp-json\/wp\/v2\/posts"}],"about":[{"href":"https:\/\/infoecos.com.ar\/index.php\/wp-json\/wp\/v2\/types\/post"}],"author":[{"embeddable":true,"href":"https:\/\/infoecos.com.ar\/index.php\/wp-json\/wp\/v2\/users\/2"}],"replies":[{"embeddable":true,"href":"https:\/\/infoecos.com.ar\/index.php\/wp-json\/wp\/v2\/comments?post=70085"}],"version-history":[{"count":1,"href":"https:\/\/infoecos.com.ar\/index.php\/wp-json\/wp\/v2\/posts\/70085\/revisions"}],"predecessor-version":[{"id":70087,"href":"https:\/\/infoecos.com.ar\/index.php\/wp-json\/wp\/v2\/posts\/70085\/revisions\/70087"}],"wp:featuredmedia":[{"embeddable":true,"href":"https:\/\/infoecos.com.ar\/index.php\/wp-json\/wp\/v2\/media\/70086"}],"wp:attachment":[{"href":"https:\/\/infoecos.com.ar\/index.php\/wp-json\/wp\/v2\/media?parent=70085"}],"wp:term":[{"taxonomy":"category","embeddable":true,"href":"https:\/\/infoecos.com.ar\/index.php\/wp-json\/wp\/v2\/categories?post=70085"},{"taxonomy":"post_tag","embeddable":true,"href":"https:\/\/infoecos.com.ar\/index.php\/wp-json\/wp\/v2\/tags?post=70085"}],"curies":[{"name":"wp","href":"https:\/\/api.w.org\/{rel}","templated":true}]}}