{"id":70129,"date":"2020-10-29T15:29:24","date_gmt":"2020-10-29T18:29:24","guid":{"rendered":"http:\/\/infoecos.com.ar\/?p=70129"},"modified":"2020-10-29T15:29:28","modified_gmt":"2020-10-29T18:29:28","slug":"la-cooperativa-obrera-de-bahia-blanca-esta-celebrando-sus-100-anos-este-jueves-se-inauguraron-nuevas-inversiones","status":"publish","type":"post","link":"https:\/\/infoecos.com.ar\/index.php\/la-cooperativa-obrera-de-bahia-blanca-esta-celebrando-sus-100-anos-este-jueves-se-inauguraron-nuevas-inversiones\/","title":{"rendered":"La Cooperativa Obrera de Bah\u00eda Blanca est\u00e1 celebrando sus 100 a\u00f1os: este jueves se inauguraron nuevas inversiones"},"content":{"rendered":"\n<p>Est\u00e1 cumpliendo 100 a\u00f1os la Cooperativa Obrera de Bah\u00eda Blanca. En la ma\u00f1ana de este jueves se realizaron los actos centrales que contaron con la presencia del gobernador de la provincia de Buenos Aires, Axel Kicillof. <\/p>\n\n\n\n<div class=\"wp-block-image\"><figure class=\"aligncenter size-medium\"><img loading=\"lazy\" decoding=\"async\" width=\"460\" height=\"259\" src=\"http:\/\/infoecos.com.ar\/wp-content\/uploads\/2020\/10\/lacoopebb1-460x259.jpg\" alt=\"\" class=\"wp-image-70130\" srcset=\"https:\/\/infoecos.com.ar\/wp-content\/uploads\/2020\/10\/lacoopebb1-460x259.jpg 460w, https:\/\/infoecos.com.ar\/wp-content\/uploads\/2020\/10\/lacoopebb1-920x518.jpg 920w, https:\/\/infoecos.com.ar\/wp-content\/uploads\/2020\/10\/lacoopebb1-768x432.jpg 768w, https:\/\/infoecos.com.ar\/wp-content\/uploads\/2020\/10\/lacoopebb1-1024x576.jpg 1024w, https:\/\/infoecos.com.ar\/wp-content\/uploads\/2020\/10\/lacoopebb1.jpg 1280w\" sizes=\"(max-width: 460px) 100vw, 460px\" \/><\/figure><\/div>\n\n\n\n<p>En el transcurso del acto se procedi\u00f3 a la inauguraci\u00f3n en el Centro Log\u00edstico ubicado en el acceso a Puertos, de dos nuevas obras: el Centro de Distribuci\u00f3n de Productos Refrigerados y Fraccionamiento de Quesos y Fiambres, y el Centro de Distribuci\u00f3n de La Coope en Casa (comercio electr\u00f3nico).<\/p>\n\n\n\n<p>La inversi\u00f3n realizada por la relevante cooperativa requiri\u00f3 una inversi\u00f3n de 7 de millones de d\u00f3lares.<\/p>\n\n\n\n<p>En el Centro de Distribuci\u00f3n y Fraccionamiento de Refrigerados trabajar\u00e1n inicialmente unas 50 personas \u2014seg\u00fan informaron\u2014 y se hizo hincapi\u00e9 en el hecho de acceder a ambientes climatizados desde el mismo momento en que se cruza la primera puerta.<\/p>\n\n\n\n<div class=\"wp-block-image\"><figure class=\"aligncenter size-medium\"><img loading=\"lazy\" decoding=\"async\" width=\"460\" height=\"259\" src=\"http:\/\/infoecos.com.ar\/wp-content\/uploads\/2020\/10\/lacoopebb-460x259.jpeg\" alt=\"\" class=\"wp-image-70131\" srcset=\"https:\/\/infoecos.com.ar\/wp-content\/uploads\/2020\/10\/lacoopebb-460x259.jpeg 460w, https:\/\/infoecos.com.ar\/wp-content\/uploads\/2020\/10\/lacoopebb-920x518.jpeg 920w, https:\/\/infoecos.com.ar\/wp-content\/uploads\/2020\/10\/lacoopebb-768x432.jpeg 768w, https:\/\/infoecos.com.ar\/wp-content\/uploads\/2020\/10\/lacoopebb-1024x576.jpeg 1024w, https:\/\/infoecos.com.ar\/wp-content\/uploads\/2020\/10\/lacoopebb.jpeg 1280w\" sizes=\"(max-width: 460px) 100vw, 460px\" \/><\/figure><\/div>\n\n\n\n<p>Mientras que el Centro de Distribuci\u00f3n de La Coope en Casa es la primera planta log\u00edstica espec\u00edfica de comercio electr\u00f3nico del sur argentino, con destino a los consumidores de Bah\u00eda Blanca y su zona de influencia.<\/p>\n\n\n\n<p>\u00abEl propio festejo habla por s\u00ed solo, cien a\u00f1os no duran tantas cosas y que una empresa no solo haya subsistido los vaivenes de la historia nacional y mundial, sino que se haya expandido de esta forma extraordinaria y ejemplar, habla de una empresa que hizo las cosas bien\u00bb, dijo el gobernador Kicillof al hablar en la oportunidad.<\/p>\n\n\n\n<div class=\"wp-block-image\"><figure class=\"aligncenter size-medium\"><img loading=\"lazy\" decoding=\"async\" width=\"460\" height=\"259\" src=\"http:\/\/infoecos.com.ar\/wp-content\/uploads\/2020\/10\/kicillofenlacoope-460x259.jpg\" alt=\"\" class=\"wp-image-70132\" srcset=\"https:\/\/infoecos.com.ar\/wp-content\/uploads\/2020\/10\/kicillofenlacoope-460x259.jpg 460w, https:\/\/infoecos.com.ar\/wp-content\/uploads\/2020\/10\/kicillofenlacoope-920x518.jpg 920w, https:\/\/infoecos.com.ar\/wp-content\/uploads\/2020\/10\/kicillofenlacoope-768x432.jpg 768w, https:\/\/infoecos.com.ar\/wp-content\/uploads\/2020\/10\/kicillofenlacoope-1024x576.jpg 1024w, https:\/\/infoecos.com.ar\/wp-content\/uploads\/2020\/10\/kicillofenlacoope.jpg 1280w\" sizes=\"(max-width: 460px) 100vw, 460px\" \/><\/figure><\/div>\n\n\n\n<figure class=\"wp-block-embed-youtube wp-block-embed is-type-video is-provider-youtube wp-embed-aspect-16-9 wp-has-aspect-ratio\"><div class=\"wp-block-embed__wrapper\">\n<iframe loading=\"lazy\" title=\"Acto por el 100\u00b0 Aniversario de la Cooperativa Obrera\" width=\"640\" height=\"360\" src=\"https:\/\/www.youtube.com\/embed\/cc53QkZMUIY?feature=oembed\" frameborder=\"0\" allow=\"accelerometer; autoplay; clipboard-write; encrypted-media; gyroscope; picture-in-picture; web-share\" referrerpolicy=\"strict-origin-when-cross-origin\" allowfullscreen><\/iframe>\n<\/div><\/figure>\n","protected":false},"excerpt":{"rendered":"<p>Los actos centrales contaron con la presencia del gobernador de la provincia de Buenos Aires, Axel Kicillof<\/p>\n","protected":false},"author":2,"featured_media":70132,"comment_status":"closed","ping_status":"open","sticky":false,"template":"","format":"standard","meta":{"footnotes":""},"categories":[47],"tags":[2286],"class_list":["post-70129","post","type-post","status-publish","format-standard","has-post-thumbnail","hentry","category-c3nota2","tag-cooperativismo-que-sigue-fortaleciendose"],"yoast_head":"<!-- This site is optimized with the Yoast SEO plugin v23.4 - https:\/\/yoast.com\/wordpress\/plugins\/seo\/ -->\n<title>La Cooperativa Obrera de Bah\u00eda Blanca est\u00e1 celebrando sus 100 a\u00f1os: este jueves se inauguraron nuevas inversiones - Infoecos<\/title>\n<meta name=\"robots\" content=\"index, follow, max-snippet:-1, max-image-preview:large, max-video-preview:-1\" \/>\n<link rel=\"canonical\" href=\"https:\/\/infoecos.com.ar\/index.php\/la-cooperativa-obrera-de-bahia-blanca-esta-celebrando-sus-100-anos-este-jueves-se-inauguraron-nuevas-inversiones\/\" \/>\n<meta property=\"og:locale\" content=\"es_ES\" \/>\n<meta property=\"og:type\" content=\"article\" \/>\n<meta property=\"og:title\" content=\"La Cooperativa Obrera de Bah\u00eda Blanca est\u00e1 celebrando sus 100 a\u00f1os: este jueves se inauguraron nuevas inversiones - Infoecos\" \/>\n<meta property=\"og:description\" content=\"Los actos centrales contaron con la presencia del gobernador de la provincia de Buenos Aires, Axel Kicillof\" \/>\n<meta property=\"og:url\" content=\"https:\/\/infoecos.com.ar\/index.php\/la-cooperativa-obrera-de-bahia-blanca-esta-celebrando-sus-100-anos-este-jueves-se-inauguraron-nuevas-inversiones\/\" \/>\n<meta property=\"og:site_name\" content=\"Infoecos\" \/>\n<meta property=\"article:publisher\" content=\"https:\/\/www.facebook.com\/profile.php?id=100063200290284\" \/>\n<meta property=\"article:published_time\" content=\"2020-10-29T18:29:24+00:00\" \/>\n<meta property=\"article:modified_time\" content=\"2020-10-29T18:29:28+00:00\" \/>\n<meta property=\"og:image\" content=\"https:\/\/infoecos.com.ar\/wp-content\/uploads\/2020\/10\/kicillofenlacoope.jpg\" \/>\n\t<meta property=\"og:image:width\" content=\"1280\" \/>\n\t<meta property=\"og:image:height\" content=\"720\" \/>\n\t<meta property=\"og:image:type\" content=\"image\/jpeg\" \/>\n<meta name=\"author\" content=\"Jorge Matheus\" \/>\n<meta name=\"twitter:card\" content=\"summary_large_image\" \/>\n<meta name=\"twitter:creator\" content=\"@infoecos\" \/>\n<meta name=\"twitter:site\" content=\"@infoecos\" \/>\n<meta name=\"twitter:label1\" content=\"Escrito por\" \/>\n\t<meta name=\"twitter:data1\" content=\"Jorge Matheus\" \/>\n\t<meta name=\"twitter:label2\" content=\"Tiempo de lectura\" \/>\n\t<meta name=\"twitter:data2\" content=\"1 minuto\" \/>\n<script type=\"application\/ld+json\" class=\"yoast-schema-graph\">{\"@context\":\"https:\/\/schema.org\",\"@graph\":[{\"@type\":\"Article\",\"@id\":\"https:\/\/infoecos.com.ar\/index.php\/la-cooperativa-obrera-de-bahia-blanca-esta-celebrando-sus-100-anos-este-jueves-se-inauguraron-nuevas-inversiones\/#article\",\"isPartOf\":{\"@id\":\"https:\/\/infoecos.com.ar\/index.php\/la-cooperativa-obrera-de-bahia-blanca-esta-celebrando-sus-100-anos-este-jueves-se-inauguraron-nuevas-inversiones\/\"},\"author\":{\"name\":\"Jorge Matheus\",\"@id\":\"https:\/\/infoecos.com.ar\/#\/schema\/person\/8f5ace5ce73b4b4aac4b7245aee6f191\"},\"headline\":\"La Cooperativa Obrera de Bah\u00eda Blanca est\u00e1 celebrando sus 100 a\u00f1os: este jueves se inauguraron nuevas inversiones\",\"datePublished\":\"2020-10-29T18:29:24+00:00\",\"dateModified\":\"2020-10-29T18:29:28+00:00\",\"mainEntityOfPage\":{\"@id\":\"https:\/\/infoecos.com.ar\/index.php\/la-cooperativa-obrera-de-bahia-blanca-esta-celebrando-sus-100-anos-este-jueves-se-inauguraron-nuevas-inversiones\/\"},\"wordCount\":281,\"publisher\":{\"@id\":\"https:\/\/infoecos.com.ar\/#organization\"},\"image\":{\"@id\":\"https:\/\/infoecos.com.ar\/index.php\/la-cooperativa-obrera-de-bahia-blanca-esta-celebrando-sus-100-anos-este-jueves-se-inauguraron-nuevas-inversiones\/#primaryimage\"},\"thumbnailUrl\":\"https:\/\/infoecos.com.ar\/wp-content\/uploads\/2020\/10\/kicillofenlacoope.jpg\",\"keywords\":[\"COOPERATIVISMO QUE SIGUE FORTALECI\u00c9NDOSE\"],\"articleSection\":[\"C3 N2\"],\"inLanguage\":\"es\"},{\"@type\":\"WebPage\",\"@id\":\"https:\/\/infoecos.com.ar\/index.php\/la-cooperativa-obrera-de-bahia-blanca-esta-celebrando-sus-100-anos-este-jueves-se-inauguraron-nuevas-inversiones\/\",\"url\":\"https:\/\/infoecos.com.ar\/index.php\/la-cooperativa-obrera-de-bahia-blanca-esta-celebrando-sus-100-anos-este-jueves-se-inauguraron-nuevas-inversiones\/\",\"name\":\"La Cooperativa Obrera de Bah\u00eda Blanca est\u00e1 celebrando sus 100 a\u00f1os: este jueves se inauguraron nuevas inversiones - Infoecos\",\"isPartOf\":{\"@id\":\"https:\/\/infoecos.com.ar\/#website\"},\"primaryImageOfPage\":{\"@id\":\"https:\/\/infoecos.com.ar\/index.php\/la-cooperativa-obrera-de-bahia-blanca-esta-celebrando-sus-100-anos-este-jueves-se-inauguraron-nuevas-inversiones\/#primaryimage\"},\"image\":{\"@id\":\"https:\/\/infoecos.com.ar\/index.php\/la-cooperativa-obrera-de-bahia-blanca-esta-celebrando-sus-100-anos-este-jueves-se-inauguraron-nuevas-inversiones\/#primaryimage\"},\"thumbnailUrl\":\"https:\/\/infoecos.com.ar\/wp-content\/uploads\/2020\/10\/kicillofenlacoope.jpg\",\"datePublished\":\"2020-10-29T18:29:24+00:00\",\"dateModified\":\"2020-10-29T18:29:28+00:00\",\"breadcrumb\":{\"@id\":\"https:\/\/infoecos.com.ar\/index.php\/la-cooperativa-obrera-de-bahia-blanca-esta-celebrando-sus-100-anos-este-jueves-se-inauguraron-nuevas-inversiones\/#breadcrumb\"},\"inLanguage\":\"es\",\"potentialAction\":[{\"@type\":\"ReadAction\",\"target\":[\"https:\/\/infoecos.com.ar\/index.php\/la-cooperativa-obrera-de-bahia-blanca-esta-celebrando-sus-100-anos-este-jueves-se-inauguraron-nuevas-inversiones\/\"]}]},{\"@type\":\"ImageObject\",\"inLanguage\":\"es\",\"@id\":\"https:\/\/infoecos.com.ar\/index.php\/la-cooperativa-obrera-de-bahia-blanca-esta-celebrando-sus-100-anos-este-jueves-se-inauguraron-nuevas-inversiones\/#primaryimage\",\"url\":\"https:\/\/infoecos.com.ar\/wp-content\/uploads\/2020\/10\/kicillofenlacoope.jpg\",\"contentUrl\":\"https:\/\/infoecos.com.ar\/wp-content\/uploads\/2020\/10\/kicillofenlacoope.jpg\",\"width\":1280,\"height\":720},{\"@type\":\"BreadcrumbList\",\"@id\":\"https:\/\/infoecos.com.ar\/index.php\/la-cooperativa-obrera-de-bahia-blanca-esta-celebrando-sus-100-anos-este-jueves-se-inauguraron-nuevas-inversiones\/#breadcrumb\",\"itemListElement\":[{\"@type\":\"ListItem\",\"position\":1,\"name\":\"Portada\",\"item\":\"https:\/\/infoecos.com.ar\/\"},{\"@type\":\"ListItem\",\"position\":2,\"name\":\"La Cooperativa Obrera de Bah\u00eda Blanca est\u00e1 celebrando sus 100 a\u00f1os: este jueves se inauguraron nuevas inversiones\"}]},{\"@type\":\"WebSite\",\"@id\":\"https:\/\/infoecos.com.ar\/#website\",\"url\":\"https:\/\/infoecos.com.ar\/\",\"name\":\"Infoecos\",\"description\":\"Noticias de trenque lauquen y la zona\",\"publisher\":{\"@id\":\"https:\/\/infoecos.com.ar\/#organization\"},\"alternateName\":\"Noticias\",\"potentialAction\":[{\"@type\":\"SearchAction\",\"target\":{\"@type\":\"EntryPoint\",\"urlTemplate\":\"https:\/\/infoecos.com.ar\/?s={search_term_string}\"},\"query-input\":{\"@type\":\"PropertyValueSpecification\",\"valueRequired\":true,\"valueName\":\"search_term_string\"}}],\"inLanguage\":\"es\"},{\"@type\":\"Organization\",\"@id\":\"https:\/\/infoecos.com.ar\/#organization\",\"name\":\"Infoecos\",\"alternateName\":\"Noticias\",\"url\":\"https:\/\/infoecos.com.ar\/\",\"logo\":{\"@type\":\"ImageObject\",\"inLanguage\":\"es\",\"@id\":\"https:\/\/infoecos.com.ar\/#\/schema\/logo\/image\/\",\"url\":\"https:\/\/infoecos.com.ar\/wp-content\/uploads\/2024\/03\/cropped-logo.png\",\"contentUrl\":\"https:\/\/infoecos.com.ar\/wp-content\/uploads\/2024\/03\/cropped-logo.png\",\"width\":374,\"height\":90,\"caption\":\"Infoecos\"},\"image\":{\"@id\":\"https:\/\/infoecos.com.ar\/#\/schema\/logo\/image\/\"},\"sameAs\":[\"https:\/\/www.facebook.com\/profile.php?id=100063200290284\",\"https:\/\/x.com\/infoecos\"]},{\"@type\":\"Person\",\"@id\":\"https:\/\/infoecos.com.ar\/#\/schema\/person\/8f5ace5ce73b4b4aac4b7245aee6f191\",\"name\":\"Jorge Matheus\",\"url\":\"https:\/\/infoecos.com.ar\/index.php\/author\/jomatheus\/\"}]}<\/script>\n<!-- \/ Yoast SEO plugin. -->","yoast_head_json":{"title":"La Cooperativa Obrera de Bah\u00eda Blanca est\u00e1 celebrando sus 100 a\u00f1os: este jueves se inauguraron nuevas inversiones - Infoecos","robots":{"index":"index","follow":"follow","max-snippet":"max-snippet:-1","max-image-preview":"max-image-preview:large","max-video-preview":"max-video-preview:-1"},"canonical":"https:\/\/infoecos.com.ar\/index.php\/la-cooperativa-obrera-de-bahia-blanca-esta-celebrando-sus-100-anos-este-jueves-se-inauguraron-nuevas-inversiones\/","og_locale":"es_ES","og_type":"article","og_title":"La Cooperativa Obrera de Bah\u00eda Blanca est\u00e1 celebrando sus 100 a\u00f1os: este jueves se inauguraron nuevas inversiones - Infoecos","og_description":"Los actos centrales contaron con la presencia del gobernador de la provincia de Buenos Aires, Axel Kicillof","og_url":"https:\/\/infoecos.com.ar\/index.php\/la-cooperativa-obrera-de-bahia-blanca-esta-celebrando-sus-100-anos-este-jueves-se-inauguraron-nuevas-inversiones\/","og_site_name":"Infoecos","article_publisher":"https:\/\/www.facebook.com\/profile.php?id=100063200290284","article_published_time":"2020-10-29T18:29:24+00:00","article_modified_time":"2020-10-29T18:29:28+00:00","og_image":[{"width":1280,"height":720,"url":"https:\/\/infoecos.com.ar\/wp-content\/uploads\/2020\/10\/kicillofenlacoope.jpg","type":"image\/jpeg"}],"author":"Jorge Matheus","twitter_card":"summary_large_image","twitter_creator":"@infoecos","twitter_site":"@infoecos","twitter_misc":{"Escrito por":"Jorge Matheus","Tiempo de lectura":"1 minuto"},"schema":{"@context":"https:\/\/schema.org","@graph":[{"@type":"Article","@id":"https:\/\/infoecos.com.ar\/index.php\/la-cooperativa-obrera-de-bahia-blanca-esta-celebrando-sus-100-anos-este-jueves-se-inauguraron-nuevas-inversiones\/#article","isPartOf":{"@id":"https:\/\/infoecos.com.ar\/index.php\/la-cooperativa-obrera-de-bahia-blanca-esta-celebrando-sus-100-anos-este-jueves-se-inauguraron-nuevas-inversiones\/"},"author":{"name":"Jorge Matheus","@id":"https:\/\/infoecos.com.ar\/#\/schema\/person\/8f5ace5ce73b4b4aac4b7245aee6f191"},"headline":"La Cooperativa Obrera de Bah\u00eda Blanca est\u00e1 celebrando sus 100 a\u00f1os: este jueves se inauguraron nuevas inversiones","datePublished":"2020-10-29T18:29:24+00:00","dateModified":"2020-10-29T18:29:28+00:00","mainEntityOfPage":{"@id":"https:\/\/infoecos.com.ar\/index.php\/la-cooperativa-obrera-de-bahia-blanca-esta-celebrando-sus-100-anos-este-jueves-se-inauguraron-nuevas-inversiones\/"},"wordCount":281,"publisher":{"@id":"https:\/\/infoecos.com.ar\/#organization"},"image":{"@id":"https:\/\/infoecos.com.ar\/index.php\/la-cooperativa-obrera-de-bahia-blanca-esta-celebrando-sus-100-anos-este-jueves-se-inauguraron-nuevas-inversiones\/#primaryimage"},"thumbnailUrl":"https:\/\/infoecos.com.ar\/wp-content\/uploads\/2020\/10\/kicillofenlacoope.jpg","keywords":["COOPERATIVISMO QUE SIGUE FORTALECI\u00c9NDOSE"],"articleSection":["C3 N2"],"inLanguage":"es"},{"@type":"WebPage","@id":"https:\/\/infoecos.com.ar\/index.php\/la-cooperativa-obrera-de-bahia-blanca-esta-celebrando-sus-100-anos-este-jueves-se-inauguraron-nuevas-inversiones\/","url":"https:\/\/infoecos.com.ar\/index.php\/la-cooperativa-obrera-de-bahia-blanca-esta-celebrando-sus-100-anos-este-jueves-se-inauguraron-nuevas-inversiones\/","name":"La Cooperativa Obrera de Bah\u00eda Blanca est\u00e1 celebrando sus 100 a\u00f1os: este jueves se inauguraron nuevas inversiones - Infoecos","isPartOf":{"@id":"https:\/\/infoecos.com.ar\/#website"},"primaryImageOfPage":{"@id":"https:\/\/infoecos.com.ar\/index.php\/la-cooperativa-obrera-de-bahia-blanca-esta-celebrando-sus-100-anos-este-jueves-se-inauguraron-nuevas-inversiones\/#primaryimage"},"image":{"@id":"https:\/\/infoecos.com.ar\/index.php\/la-cooperativa-obrera-de-bahia-blanca-esta-celebrando-sus-100-anos-este-jueves-se-inauguraron-nuevas-inversiones\/#primaryimage"},"thumbnailUrl":"https:\/\/infoecos.com.ar\/wp-content\/uploads\/2020\/10\/kicillofenlacoope.jpg","datePublished":"2020-10-29T18:29:24+00:00","dateModified":"2020-10-29T18:29:28+00:00","breadcrumb":{"@id":"https:\/\/infoecos.com.ar\/index.php\/la-cooperativa-obrera-de-bahia-blanca-esta-celebrando-sus-100-anos-este-jueves-se-inauguraron-nuevas-inversiones\/#breadcrumb"},"inLanguage":"es","potentialAction":[{"@type":"ReadAction","target":["https:\/\/infoecos.com.ar\/index.php\/la-cooperativa-obrera-de-bahia-blanca-esta-celebrando-sus-100-anos-este-jueves-se-inauguraron-nuevas-inversiones\/"]}]},{"@type":"ImageObject","inLanguage":"es","@id":"https:\/\/infoecos.com.ar\/index.php\/la-cooperativa-obrera-de-bahia-blanca-esta-celebrando-sus-100-anos-este-jueves-se-inauguraron-nuevas-inversiones\/#primaryimage","url":"https:\/\/infoecos.com.ar\/wp-content\/uploads\/2020\/10\/kicillofenlacoope.jpg","contentUrl":"https:\/\/infoecos.com.ar\/wp-content\/uploads\/2020\/10\/kicillofenlacoope.jpg","width":1280,"height":720},{"@type":"BreadcrumbList","@id":"https:\/\/infoecos.com.ar\/index.php\/la-cooperativa-obrera-de-bahia-blanca-esta-celebrando-sus-100-anos-este-jueves-se-inauguraron-nuevas-inversiones\/#breadcrumb","itemListElement":[{"@type":"ListItem","position":1,"name":"Portada","item":"https:\/\/infoecos.com.ar\/"},{"@type":"ListItem","position":2,"name":"La Cooperativa Obrera de Bah\u00eda Blanca est\u00e1 celebrando sus 100 a\u00f1os: este jueves se inauguraron nuevas inversiones"}]},{"@type":"WebSite","@id":"https:\/\/infoecos.com.ar\/#website","url":"https:\/\/infoecos.com.ar\/","name":"Infoecos","description":"Noticias de trenque lauquen y la zona","publisher":{"@id":"https:\/\/infoecos.com.ar\/#organization"},"alternateName":"Noticias","potentialAction":[{"@type":"SearchAction","target":{"@type":"EntryPoint","urlTemplate":"https:\/\/infoecos.com.ar\/?s={search_term_string}"},"query-input":{"@type":"PropertyValueSpecification","valueRequired":true,"valueName":"search_term_string"}}],"inLanguage":"es"},{"@type":"Organization","@id":"https:\/\/infoecos.com.ar\/#organization","name":"Infoecos","alternateName":"Noticias","url":"https:\/\/infoecos.com.ar\/","logo":{"@type":"ImageObject","inLanguage":"es","@id":"https:\/\/infoecos.com.ar\/#\/schema\/logo\/image\/","url":"https:\/\/infoecos.com.ar\/wp-content\/uploads\/2024\/03\/cropped-logo.png","contentUrl":"https:\/\/infoecos.com.ar\/wp-content\/uploads\/2024\/03\/cropped-logo.png","width":374,"height":90,"caption":"Infoecos"},"image":{"@id":"https:\/\/infoecos.com.ar\/#\/schema\/logo\/image\/"},"sameAs":["https:\/\/www.facebook.com\/profile.php?id=100063200290284","https:\/\/x.com\/infoecos"]},{"@type":"Person","@id":"https:\/\/infoecos.com.ar\/#\/schema\/person\/8f5ace5ce73b4b4aac4b7245aee6f191","name":"Jorge Matheus","url":"https:\/\/infoecos.com.ar\/index.php\/author\/jomatheus\/"}]}},"featured_image_urls":{"full":["https:\/\/infoecos.com.ar\/wp-content\/uploads\/2020\/10\/kicillofenlacoope.jpg",1280,720,false],"thumbnail":["https:\/\/infoecos.com.ar\/wp-content\/uploads\/2020\/10\/kicillofenlacoope-150x150.jpg",150,150,true],"medium":["https:\/\/infoecos.com.ar\/wp-content\/uploads\/2020\/10\/kicillofenlacoope-460x259.jpg",460,259,true],"medium_large":["https:\/\/infoecos.com.ar\/wp-content\/uploads\/2020\/10\/kicillofenlacoope-768x432.jpg",640,360,true],"large":["https:\/\/infoecos.com.ar\/wp-content\/uploads\/2020\/10\/kicillofenlacoope-920x518.jpg",640,360,true],"1536x1536":["https:\/\/infoecos.com.ar\/wp-content\/uploads\/2020\/10\/kicillofenlacoope.jpg",1280,720,false],"2048x2048":["https:\/\/infoecos.com.ar\/wp-content\/uploads\/2020\/10\/kicillofenlacoope.jpg",1280,720,false],"covernews-slider-full":["https:\/\/infoecos.com.ar\/wp-content\/uploads\/2020\/10\/kicillofenlacoope.jpg",1115,627,false],"covernews-slider-center":["https:\/\/infoecos.com.ar\/wp-content\/uploads\/2020\/10\/kicillofenlacoope-936x720.jpg",650,500,true],"covernews-featured":["https:\/\/infoecos.com.ar\/wp-content\/uploads\/2020\/10\/kicillofenlacoope-1024x576.jpg",1024,576,true],"covernews-medium":["https:\/\/infoecos.com.ar\/wp-content\/uploads\/2020\/10\/kicillofenlacoope-720x380.jpg",540,285,true],"covernews-medium-square":["https:\/\/infoecos.com.ar\/wp-content\/uploads\/2020\/10\/kicillofenlacoope-675x450.jpg",375,250,true]},"author_info":{"info":["Jorge Matheus"]},"category_info":"<a href=\"https:\/\/infoecos.com.ar\/index.php\/category\/c3nota2\/\" rel=\"category tag\">C3 N2<\/a>","tag_info":"C3 N2","comment_count":"0","_links":{"self":[{"href":"https:\/\/infoecos.com.ar\/index.php\/wp-json\/wp\/v2\/posts\/70129"}],"collection":[{"href":"https:\/\/infoecos.com.ar\/index.php\/wp-json\/wp\/v2\/posts"}],"about":[{"href":"https:\/\/infoecos.com.ar\/index.php\/wp-json\/wp\/v2\/types\/post"}],"author":[{"embeddable":true,"href":"https:\/\/infoecos.com.ar\/index.php\/wp-json\/wp\/v2\/users\/2"}],"replies":[{"embeddable":true,"href":"https:\/\/infoecos.com.ar\/index.php\/wp-json\/wp\/v2\/comments?post=70129"}],"version-history":[{"count":1,"href":"https:\/\/infoecos.com.ar\/index.php\/wp-json\/wp\/v2\/posts\/70129\/revisions"}],"predecessor-version":[{"id":70133,"href":"https:\/\/infoecos.com.ar\/index.php\/wp-json\/wp\/v2\/posts\/70129\/revisions\/70133"}],"wp:featuredmedia":[{"embeddable":true,"href":"https:\/\/infoecos.com.ar\/index.php\/wp-json\/wp\/v2\/media\/70132"}],"wp:attachment":[{"href":"https:\/\/infoecos.com.ar\/index.php\/wp-json\/wp\/v2\/media?parent=70129"}],"wp:term":[{"taxonomy":"category","embeddable":true,"href":"https:\/\/infoecos.com.ar\/index.php\/wp-json\/wp\/v2\/categories?post=70129"},{"taxonomy":"post_tag","embeddable":true,"href":"https:\/\/infoecos.com.ar\/index.php\/wp-json\/wp\/v2\/tags?post=70129"}],"curies":[{"name":"wp","href":"https:\/\/api.w.org\/{rel}","templated":true}]}}