{"id":70214,"date":"2020-11-02T17:06:32","date_gmt":"2020-11-02T20:06:32","guid":{"rendered":"http:\/\/infoecos.com.ar\/?p=70214"},"modified":"2020-11-04T20:02:02","modified_gmt":"2020-11-04T23:02:02","slug":"plan-piloto-del-servicio-penitenciario-bonaerense-para-que-los-detenidos-vuelvan-a-recibir-visitas","status":"publish","type":"post","link":"https:\/\/infoecos.com.ar\/index.php\/plan-piloto-del-servicio-penitenciario-bonaerense-para-que-los-detenidos-vuelvan-a-recibir-visitas\/","title":{"rendered":"Plan Piloto del Servicio Penitenciario Bonaerense para que los detenidos vuelvan a recibir visitas"},"content":{"rendered":"\n<p>Tras una reuni\u00f3n encabezada por el ministro de Justicia, Julio Alak, con autoridades sanitarias de la provincia y el jefe del Servicio Penitenciario Bonarense (SPB), Xavier Areses, se aprob\u00f3 el protocolo sanitario que deber\u00e1 ponerse en marcha para que los detenidos vuelvan a recibir visitar a partir del 14 de noviembre y se acord\u00f3 poner en marcha una prueba piloto que comenzar\u00e1 el pr\u00f3ximo s\u00e1bado en todas las unidades y alca\u00eddias bonaerenses.<\/p>\n\n\n\n<div class=\"wp-block-image\"><figure class=\"aligncenter size-medium\"><img loading=\"lazy\" decoding=\"async\" width=\"460\" height=\"260\" src=\"http:\/\/infoecos.com.ar\/wp-content\/uploads\/2020\/11\/El1PfFyXYAIV2Nh-460x260.jpg\" alt=\"\" class=\"wp-image-70215\" srcset=\"https:\/\/infoecos.com.ar\/wp-content\/uploads\/2020\/11\/El1PfFyXYAIV2Nh-460x260.jpg 460w, https:\/\/infoecos.com.ar\/wp-content\/uploads\/2020\/11\/El1PfFyXYAIV2Nh.jpg 680w\" sizes=\"(max-width: 460px) 100vw, 460px\" \/><\/figure><\/div>\n\n\n\n<p>Desde el SPB destacaron que la medida fue el resultado de la articulaci\u00f3n con los veinte municipios donde funcionan los 63 establecimientos penitenciarios bonaerenses y adelantaron que el protocolo contempla aspectos vinculados con la frecuencia, cupos, medidas sanitarias y dem\u00e1s precauciones para preservar la salud publica durante la visita de familiares de los internos.<\/p>\n\n\n\n<p>El acuerdo permitir\u00e1 el reingreso de visitas luego de siete meses de suspensi\u00f3n debido a la pandemia de COVID-19, y tras las protestas del pasado fin de semana en una veintena de c\u00e1rceles de la provincia en las que los detenidos realizaron manifestaciones en los techos, y hasta prendieron fuego en los patios para visibilizar el reclamo, que r\u00e1pidamente fue articulado por las autoridades.<\/p>\n\n\n\n<p>El ministro se reuni\u00f3 este lunes con la subsecretaria de Gesti\u00f3n de la Informaci\u00f3n, Educaci\u00f3n Permanente y Fiscalizaci\u00f3n del ministerio de Salud de la Provincia, Leticia Ceriani, y con la directora provincial de Salud Comunitaria, Noelia L\u00f3pez. con el objetivo de trabajar conjuntamente un protocolo de visitas de familiares a personas privadas de la libertad, que finalmente fue autorizado y ser\u00e1 puesto en marcha a modo de prueba el pr\u00f3ximo s\u00e1bado.<\/p>\n\n\n\n<p>De esta manera el organismo que tiene a cargo Areses, pondr\u00e1 a punto las medidas de seguridad sanitarias acordadas con el Ministerio de Salud P\u00fablica de la Provincia para retomar las visitas en el marco de la continuidad de las medidas de aislamiento por el COVID-19.<\/p>\n","protected":false},"excerpt":{"rendered":"<p>Comenzar\u00e1 el pr\u00f3ximo s\u00e1bado en todas las unidades y alcaldias bonaerenses<\/p>\n","protected":false},"author":2,"featured_media":70215,"comment_status":"closed","ping_status":"open","sticky":false,"template":"","format":"standard","meta":{"footnotes":""},"categories":[1326],"tags":[2307],"class_list":["post-70214","post","type-post","status-publish","format-standard","has-post-thumbnail","hentry","category-c2nota6","tag-en-carceles-y-alcaldias"],"yoast_head":"<!-- This site is optimized with the Yoast SEO plugin v23.4 - https:\/\/yoast.com\/wordpress\/plugins\/seo\/ -->\n<title>Plan Piloto del Servicio Penitenciario Bonaerense para que los detenidos vuelvan a recibir visitas - Infoecos<\/title>\n<meta name=\"robots\" content=\"index, follow, max-snippet:-1, max-image-preview:large, max-video-preview:-1\" \/>\n<link rel=\"canonical\" href=\"https:\/\/infoecos.com.ar\/index.php\/plan-piloto-del-servicio-penitenciario-bonaerense-para-que-los-detenidos-vuelvan-a-recibir-visitas\/\" \/>\n<meta property=\"og:locale\" content=\"es_ES\" \/>\n<meta property=\"og:type\" content=\"article\" \/>\n<meta property=\"og:title\" content=\"Plan Piloto del Servicio Penitenciario Bonaerense para que los detenidos vuelvan a recibir visitas - Infoecos\" \/>\n<meta property=\"og:description\" content=\"Comenzar\u00e1 el pr\u00f3ximo s\u00e1bado en todas las unidades y alcaldias bonaerenses\" \/>\n<meta property=\"og:url\" content=\"https:\/\/infoecos.com.ar\/index.php\/plan-piloto-del-servicio-penitenciario-bonaerense-para-que-los-detenidos-vuelvan-a-recibir-visitas\/\" \/>\n<meta property=\"og:site_name\" content=\"Infoecos\" \/>\n<meta property=\"article:publisher\" content=\"https:\/\/www.facebook.com\/profile.php?id=100063200290284\" \/>\n<meta property=\"article:published_time\" content=\"2020-11-02T20:06:32+00:00\" \/>\n<meta property=\"article:modified_time\" content=\"2020-11-04T23:02:02+00:00\" \/>\n<meta property=\"og:image\" content=\"https:\/\/infoecos.com.ar\/wp-content\/uploads\/2020\/11\/El1PfFyXYAIV2Nh.jpg\" \/>\n\t<meta property=\"og:image:width\" content=\"680\" \/>\n\t<meta property=\"og:image:height\" content=\"385\" \/>\n\t<meta property=\"og:image:type\" content=\"image\/jpeg\" \/>\n<meta name=\"author\" content=\"Jorge Matheus\" \/>\n<meta name=\"twitter:card\" content=\"summary_large_image\" \/>\n<meta name=\"twitter:creator\" content=\"@infoecos\" \/>\n<meta name=\"twitter:site\" content=\"@infoecos\" \/>\n<meta name=\"twitter:label1\" content=\"Escrito por\" \/>\n\t<meta name=\"twitter:data1\" content=\"Jorge Matheus\" \/>\n\t<meta name=\"twitter:label2\" content=\"Tiempo de lectura\" \/>\n\t<meta name=\"twitter:data2\" content=\"2 minutos\" \/>\n<script type=\"application\/ld+json\" class=\"yoast-schema-graph\">{\"@context\":\"https:\/\/schema.org\",\"@graph\":[{\"@type\":\"Article\",\"@id\":\"https:\/\/infoecos.com.ar\/index.php\/plan-piloto-del-servicio-penitenciario-bonaerense-para-que-los-detenidos-vuelvan-a-recibir-visitas\/#article\",\"isPartOf\":{\"@id\":\"https:\/\/infoecos.com.ar\/index.php\/plan-piloto-del-servicio-penitenciario-bonaerense-para-que-los-detenidos-vuelvan-a-recibir-visitas\/\"},\"author\":{\"name\":\"Jorge Matheus\",\"@id\":\"https:\/\/infoecos.com.ar\/#\/schema\/person\/8f5ace5ce73b4b4aac4b7245aee6f191\"},\"headline\":\"Plan Piloto del Servicio Penitenciario Bonaerense para que los detenidos vuelvan a recibir visitas\",\"datePublished\":\"2020-11-02T20:06:32+00:00\",\"dateModified\":\"2020-11-04T23:02:02+00:00\",\"mainEntityOfPage\":{\"@id\":\"https:\/\/infoecos.com.ar\/index.php\/plan-piloto-del-servicio-penitenciario-bonaerense-para-que-los-detenidos-vuelvan-a-recibir-visitas\/\"},\"wordCount\":336,\"publisher\":{\"@id\":\"https:\/\/infoecos.com.ar\/#organization\"},\"image\":{\"@id\":\"https:\/\/infoecos.com.ar\/index.php\/plan-piloto-del-servicio-penitenciario-bonaerense-para-que-los-detenidos-vuelvan-a-recibir-visitas\/#primaryimage\"},\"thumbnailUrl\":\"https:\/\/infoecos.com.ar\/wp-content\/uploads\/2020\/11\/El1PfFyXYAIV2Nh.jpg\",\"keywords\":[\"EN C\u00c1RCELES Y ALCALD\u00cdAS\"],\"articleSection\":[\"C2 N6\"],\"inLanguage\":\"es\"},{\"@type\":\"WebPage\",\"@id\":\"https:\/\/infoecos.com.ar\/index.php\/plan-piloto-del-servicio-penitenciario-bonaerense-para-que-los-detenidos-vuelvan-a-recibir-visitas\/\",\"url\":\"https:\/\/infoecos.com.ar\/index.php\/plan-piloto-del-servicio-penitenciario-bonaerense-para-que-los-detenidos-vuelvan-a-recibir-visitas\/\",\"name\":\"Plan Piloto del Servicio Penitenciario Bonaerense para que los detenidos vuelvan a recibir visitas - Infoecos\",\"isPartOf\":{\"@id\":\"https:\/\/infoecos.com.ar\/#website\"},\"primaryImageOfPage\":{\"@id\":\"https:\/\/infoecos.com.ar\/index.php\/plan-piloto-del-servicio-penitenciario-bonaerense-para-que-los-detenidos-vuelvan-a-recibir-visitas\/#primaryimage\"},\"image\":{\"@id\":\"https:\/\/infoecos.com.ar\/index.php\/plan-piloto-del-servicio-penitenciario-bonaerense-para-que-los-detenidos-vuelvan-a-recibir-visitas\/#primaryimage\"},\"thumbnailUrl\":\"https:\/\/infoecos.com.ar\/wp-content\/uploads\/2020\/11\/El1PfFyXYAIV2Nh.jpg\",\"datePublished\":\"2020-11-02T20:06:32+00:00\",\"dateModified\":\"2020-11-04T23:02:02+00:00\",\"breadcrumb\":{\"@id\":\"https:\/\/infoecos.com.ar\/index.php\/plan-piloto-del-servicio-penitenciario-bonaerense-para-que-los-detenidos-vuelvan-a-recibir-visitas\/#breadcrumb\"},\"inLanguage\":\"es\",\"potentialAction\":[{\"@type\":\"ReadAction\",\"target\":[\"https:\/\/infoecos.com.ar\/index.php\/plan-piloto-del-servicio-penitenciario-bonaerense-para-que-los-detenidos-vuelvan-a-recibir-visitas\/\"]}]},{\"@type\":\"ImageObject\",\"inLanguage\":\"es\",\"@id\":\"https:\/\/infoecos.com.ar\/index.php\/plan-piloto-del-servicio-penitenciario-bonaerense-para-que-los-detenidos-vuelvan-a-recibir-visitas\/#primaryimage\",\"url\":\"https:\/\/infoecos.com.ar\/wp-content\/uploads\/2020\/11\/El1PfFyXYAIV2Nh.jpg\",\"contentUrl\":\"https:\/\/infoecos.com.ar\/wp-content\/uploads\/2020\/11\/El1PfFyXYAIV2Nh.jpg\",\"width\":680,\"height\":385},{\"@type\":\"BreadcrumbList\",\"@id\":\"https:\/\/infoecos.com.ar\/index.php\/plan-piloto-del-servicio-penitenciario-bonaerense-para-que-los-detenidos-vuelvan-a-recibir-visitas\/#breadcrumb\",\"itemListElement\":[{\"@type\":\"ListItem\",\"position\":1,\"name\":\"Portada\",\"item\":\"https:\/\/infoecos.com.ar\/\"},{\"@type\":\"ListItem\",\"position\":2,\"name\":\"Plan Piloto del Servicio Penitenciario Bonaerense para que los detenidos vuelvan a recibir visitas\"}]},{\"@type\":\"WebSite\",\"@id\":\"https:\/\/infoecos.com.ar\/#website\",\"url\":\"https:\/\/infoecos.com.ar\/\",\"name\":\"Infoecos\",\"description\":\"Noticias de trenque lauquen y la zona\",\"publisher\":{\"@id\":\"https:\/\/infoecos.com.ar\/#organization\"},\"alternateName\":\"Noticias\",\"potentialAction\":[{\"@type\":\"SearchAction\",\"target\":{\"@type\":\"EntryPoint\",\"urlTemplate\":\"https:\/\/infoecos.com.ar\/?s={search_term_string}\"},\"query-input\":{\"@type\":\"PropertyValueSpecification\",\"valueRequired\":true,\"valueName\":\"search_term_string\"}}],\"inLanguage\":\"es\"},{\"@type\":\"Organization\",\"@id\":\"https:\/\/infoecos.com.ar\/#organization\",\"name\":\"Infoecos\",\"alternateName\":\"Noticias\",\"url\":\"https:\/\/infoecos.com.ar\/\",\"logo\":{\"@type\":\"ImageObject\",\"inLanguage\":\"es\",\"@id\":\"https:\/\/infoecos.com.ar\/#\/schema\/logo\/image\/\",\"url\":\"https:\/\/infoecos.com.ar\/wp-content\/uploads\/2024\/03\/cropped-logo.png\",\"contentUrl\":\"https:\/\/infoecos.com.ar\/wp-content\/uploads\/2024\/03\/cropped-logo.png\",\"width\":374,\"height\":90,\"caption\":\"Infoecos\"},\"image\":{\"@id\":\"https:\/\/infoecos.com.ar\/#\/schema\/logo\/image\/\"},\"sameAs\":[\"https:\/\/www.facebook.com\/profile.php?id=100063200290284\",\"https:\/\/x.com\/infoecos\"]},{\"@type\":\"Person\",\"@id\":\"https:\/\/infoecos.com.ar\/#\/schema\/person\/8f5ace5ce73b4b4aac4b7245aee6f191\",\"name\":\"Jorge Matheus\",\"url\":\"https:\/\/infoecos.com.ar\/index.php\/author\/jomatheus\/\"}]}<\/script>\n<!-- \/ Yoast SEO plugin. -->","yoast_head_json":{"title":"Plan Piloto del Servicio Penitenciario Bonaerense para que los detenidos vuelvan a recibir visitas - Infoecos","robots":{"index":"index","follow":"follow","max-snippet":"max-snippet:-1","max-image-preview":"max-image-preview:large","max-video-preview":"max-video-preview:-1"},"canonical":"https:\/\/infoecos.com.ar\/index.php\/plan-piloto-del-servicio-penitenciario-bonaerense-para-que-los-detenidos-vuelvan-a-recibir-visitas\/","og_locale":"es_ES","og_type":"article","og_title":"Plan Piloto del Servicio Penitenciario Bonaerense para que los detenidos vuelvan a recibir visitas - Infoecos","og_description":"Comenzar\u00e1 el pr\u00f3ximo s\u00e1bado en todas las unidades y alcaldias bonaerenses","og_url":"https:\/\/infoecos.com.ar\/index.php\/plan-piloto-del-servicio-penitenciario-bonaerense-para-que-los-detenidos-vuelvan-a-recibir-visitas\/","og_site_name":"Infoecos","article_publisher":"https:\/\/www.facebook.com\/profile.php?id=100063200290284","article_published_time":"2020-11-02T20:06:32+00:00","article_modified_time":"2020-11-04T23:02:02+00:00","og_image":[{"width":680,"height":385,"url":"https:\/\/infoecos.com.ar\/wp-content\/uploads\/2020\/11\/El1PfFyXYAIV2Nh.jpg","type":"image\/jpeg"}],"author":"Jorge Matheus","twitter_card":"summary_large_image","twitter_creator":"@infoecos","twitter_site":"@infoecos","twitter_misc":{"Escrito por":"Jorge Matheus","Tiempo de lectura":"2 minutos"},"schema":{"@context":"https:\/\/schema.org","@graph":[{"@type":"Article","@id":"https:\/\/infoecos.com.ar\/index.php\/plan-piloto-del-servicio-penitenciario-bonaerense-para-que-los-detenidos-vuelvan-a-recibir-visitas\/#article","isPartOf":{"@id":"https:\/\/infoecos.com.ar\/index.php\/plan-piloto-del-servicio-penitenciario-bonaerense-para-que-los-detenidos-vuelvan-a-recibir-visitas\/"},"author":{"name":"Jorge Matheus","@id":"https:\/\/infoecos.com.ar\/#\/schema\/person\/8f5ace5ce73b4b4aac4b7245aee6f191"},"headline":"Plan Piloto del Servicio Penitenciario Bonaerense para que los detenidos vuelvan a recibir visitas","datePublished":"2020-11-02T20:06:32+00:00","dateModified":"2020-11-04T23:02:02+00:00","mainEntityOfPage":{"@id":"https:\/\/infoecos.com.ar\/index.php\/plan-piloto-del-servicio-penitenciario-bonaerense-para-que-los-detenidos-vuelvan-a-recibir-visitas\/"},"wordCount":336,"publisher":{"@id":"https:\/\/infoecos.com.ar\/#organization"},"image":{"@id":"https:\/\/infoecos.com.ar\/index.php\/plan-piloto-del-servicio-penitenciario-bonaerense-para-que-los-detenidos-vuelvan-a-recibir-visitas\/#primaryimage"},"thumbnailUrl":"https:\/\/infoecos.com.ar\/wp-content\/uploads\/2020\/11\/El1PfFyXYAIV2Nh.jpg","keywords":["EN C\u00c1RCELES Y ALCALD\u00cdAS"],"articleSection":["C2 N6"],"inLanguage":"es"},{"@type":"WebPage","@id":"https:\/\/infoecos.com.ar\/index.php\/plan-piloto-del-servicio-penitenciario-bonaerense-para-que-los-detenidos-vuelvan-a-recibir-visitas\/","url":"https:\/\/infoecos.com.ar\/index.php\/plan-piloto-del-servicio-penitenciario-bonaerense-para-que-los-detenidos-vuelvan-a-recibir-visitas\/","name":"Plan Piloto del Servicio Penitenciario Bonaerense para que los detenidos vuelvan a recibir visitas - Infoecos","isPartOf":{"@id":"https:\/\/infoecos.com.ar\/#website"},"primaryImageOfPage":{"@id":"https:\/\/infoecos.com.ar\/index.php\/plan-piloto-del-servicio-penitenciario-bonaerense-para-que-los-detenidos-vuelvan-a-recibir-visitas\/#primaryimage"},"image":{"@id":"https:\/\/infoecos.com.ar\/index.php\/plan-piloto-del-servicio-penitenciario-bonaerense-para-que-los-detenidos-vuelvan-a-recibir-visitas\/#primaryimage"},"thumbnailUrl":"https:\/\/infoecos.com.ar\/wp-content\/uploads\/2020\/11\/El1PfFyXYAIV2Nh.jpg","datePublished":"2020-11-02T20:06:32+00:00","dateModified":"2020-11-04T23:02:02+00:00","breadcrumb":{"@id":"https:\/\/infoecos.com.ar\/index.php\/plan-piloto-del-servicio-penitenciario-bonaerense-para-que-los-detenidos-vuelvan-a-recibir-visitas\/#breadcrumb"},"inLanguage":"es","potentialAction":[{"@type":"ReadAction","target":["https:\/\/infoecos.com.ar\/index.php\/plan-piloto-del-servicio-penitenciario-bonaerense-para-que-los-detenidos-vuelvan-a-recibir-visitas\/"]}]},{"@type":"ImageObject","inLanguage":"es","@id":"https:\/\/infoecos.com.ar\/index.php\/plan-piloto-del-servicio-penitenciario-bonaerense-para-que-los-detenidos-vuelvan-a-recibir-visitas\/#primaryimage","url":"https:\/\/infoecos.com.ar\/wp-content\/uploads\/2020\/11\/El1PfFyXYAIV2Nh.jpg","contentUrl":"https:\/\/infoecos.com.ar\/wp-content\/uploads\/2020\/11\/El1PfFyXYAIV2Nh.jpg","width":680,"height":385},{"@type":"BreadcrumbList","@id":"https:\/\/infoecos.com.ar\/index.php\/plan-piloto-del-servicio-penitenciario-bonaerense-para-que-los-detenidos-vuelvan-a-recibir-visitas\/#breadcrumb","itemListElement":[{"@type":"ListItem","position":1,"name":"Portada","item":"https:\/\/infoecos.com.ar\/"},{"@type":"ListItem","position":2,"name":"Plan Piloto del Servicio Penitenciario Bonaerense para que los detenidos vuelvan a recibir visitas"}]},{"@type":"WebSite","@id":"https:\/\/infoecos.com.ar\/#website","url":"https:\/\/infoecos.com.ar\/","name":"Infoecos","description":"Noticias de trenque lauquen y la zona","publisher":{"@id":"https:\/\/infoecos.com.ar\/#organization"},"alternateName":"Noticias","potentialAction":[{"@type":"SearchAction","target":{"@type":"EntryPoint","urlTemplate":"https:\/\/infoecos.com.ar\/?s={search_term_string}"},"query-input":{"@type":"PropertyValueSpecification","valueRequired":true,"valueName":"search_term_string"}}],"inLanguage":"es"},{"@type":"Organization","@id":"https:\/\/infoecos.com.ar\/#organization","name":"Infoecos","alternateName":"Noticias","url":"https:\/\/infoecos.com.ar\/","logo":{"@type":"ImageObject","inLanguage":"es","@id":"https:\/\/infoecos.com.ar\/#\/schema\/logo\/image\/","url":"https:\/\/infoecos.com.ar\/wp-content\/uploads\/2024\/03\/cropped-logo.png","contentUrl":"https:\/\/infoecos.com.ar\/wp-content\/uploads\/2024\/03\/cropped-logo.png","width":374,"height":90,"caption":"Infoecos"},"image":{"@id":"https:\/\/infoecos.com.ar\/#\/schema\/logo\/image\/"},"sameAs":["https:\/\/www.facebook.com\/profile.php?id=100063200290284","https:\/\/x.com\/infoecos"]},{"@type":"Person","@id":"https:\/\/infoecos.com.ar\/#\/schema\/person\/8f5ace5ce73b4b4aac4b7245aee6f191","name":"Jorge Matheus","url":"https:\/\/infoecos.com.ar\/index.php\/author\/jomatheus\/"}]}},"featured_image_urls":{"full":["https:\/\/infoecos.com.ar\/wp-content\/uploads\/2020\/11\/El1PfFyXYAIV2Nh.jpg",680,385,false],"thumbnail":["https:\/\/infoecos.com.ar\/wp-content\/uploads\/2020\/11\/El1PfFyXYAIV2Nh-150x150.jpg",150,150,true],"medium":["https:\/\/infoecos.com.ar\/wp-content\/uploads\/2020\/11\/El1PfFyXYAIV2Nh-460x260.jpg",460,260,true],"medium_large":["https:\/\/infoecos.com.ar\/wp-content\/uploads\/2020\/11\/El1PfFyXYAIV2Nh.jpg",640,362,false],"large":["https:\/\/infoecos.com.ar\/wp-content\/uploads\/2020\/11\/El1PfFyXYAIV2Nh.jpg",640,362,false],"1536x1536":["https:\/\/infoecos.com.ar\/wp-content\/uploads\/2020\/11\/El1PfFyXYAIV2Nh.jpg",680,385,false],"2048x2048":["https:\/\/infoecos.com.ar\/wp-content\/uploads\/2020\/11\/El1PfFyXYAIV2Nh.jpg",680,385,false],"covernews-slider-full":["https:\/\/infoecos.com.ar\/wp-content\/uploads\/2020\/11\/El1PfFyXYAIV2Nh.jpg",680,385,false],"covernews-slider-center":["https:\/\/infoecos.com.ar\/wp-content\/uploads\/2020\/11\/El1PfFyXYAIV2Nh.jpg",680,385,false],"covernews-featured":["https:\/\/infoecos.com.ar\/wp-content\/uploads\/2020\/11\/El1PfFyXYAIV2Nh.jpg",680,385,false],"covernews-medium":["https:\/\/infoecos.com.ar\/wp-content\/uploads\/2020\/11\/El1PfFyXYAIV2Nh-680x380.jpg",540,302,true],"covernews-medium-square":["https:\/\/infoecos.com.ar\/wp-content\/uploads\/2020\/11\/El1PfFyXYAIV2Nh-675x385.jpg",400,228,true]},"author_info":{"info":["Jorge Matheus"]},"category_info":"<a href=\"https:\/\/infoecos.com.ar\/index.php\/category\/c2nota6\/\" rel=\"category tag\">C2 N6<\/a>","tag_info":"C2 N6","comment_count":"0","_links":{"self":[{"href":"https:\/\/infoecos.com.ar\/index.php\/wp-json\/wp\/v2\/posts\/70214"}],"collection":[{"href":"https:\/\/infoecos.com.ar\/index.php\/wp-json\/wp\/v2\/posts"}],"about":[{"href":"https:\/\/infoecos.com.ar\/index.php\/wp-json\/wp\/v2\/types\/post"}],"author":[{"embeddable":true,"href":"https:\/\/infoecos.com.ar\/index.php\/wp-json\/wp\/v2\/users\/2"}],"replies":[{"embeddable":true,"href":"https:\/\/infoecos.com.ar\/index.php\/wp-json\/wp\/v2\/comments?post=70214"}],"version-history":[{"count":2,"href":"https:\/\/infoecos.com.ar\/index.php\/wp-json\/wp\/v2\/posts\/70214\/revisions"}],"predecessor-version":[{"id":70217,"href":"https:\/\/infoecos.com.ar\/index.php\/wp-json\/wp\/v2\/posts\/70214\/revisions\/70217"}],"wp:featuredmedia":[{"embeddable":true,"href":"https:\/\/infoecos.com.ar\/index.php\/wp-json\/wp\/v2\/media\/70215"}],"wp:attachment":[{"href":"https:\/\/infoecos.com.ar\/index.php\/wp-json\/wp\/v2\/media?parent=70214"}],"wp:term":[{"taxonomy":"category","embeddable":true,"href":"https:\/\/infoecos.com.ar\/index.php\/wp-json\/wp\/v2\/categories?post=70214"},{"taxonomy":"post_tag","embeddable":true,"href":"https:\/\/infoecos.com.ar\/index.php\/wp-json\/wp\/v2\/tags?post=70214"}],"curies":[{"name":"wp","href":"https:\/\/api.w.org\/{rel}","templated":true}]}}