{"id":70249,"date":"2020-11-03T14:41:12","date_gmt":"2020-11-03T17:41:12","guid":{"rendered":"http:\/\/infoecos.com.ar\/?p=70249"},"modified":"2020-11-04T19:58:50","modified_gmt":"2020-11-04T22:58:50","slug":"tres-lomas-pellegrini-rivadavia-adolfo-alsina-carlos-tejedor-guamini-entre-otros-distritos-en-fase-5","status":"publish","type":"post","link":"https:\/\/infoecos.com.ar\/index.php\/tres-lomas-pellegrini-rivadavia-adolfo-alsina-carlos-tejedor-guamini-entre-otros-distritos-en-fase-5\/","title":{"rendered":"Tres Lomas, Pellegrini, Rivadavia, Adolfo Alsina, Carlos Tejedor, Guamin\u00ed, entre otros distritos en Fase 5"},"content":{"rendered":"\n<p class=\"wp-block-paragraph\">En el contexto de actualizaci\u00f3n de la situaci\u00f3n epidemiol\u00f3gica en la provincia de Buenos Aires, las autoridades dieron a conocer las fases en las que est\u00e1n los distintos distritos. 14 en la 5, 76 en la 4 y 45 en la 3. <\/p>\n\n\n\n<div class=\"wp-block-image\"><figure class=\"aligncenter size-medium\"><img loading=\"lazy\" decoding=\"async\" width=\"460\" height=\"460\" src=\"http:\/\/infoecos.com.ar\/wp-content\/uploads\/2020\/09\/regionsanitaria-460x460.jpg\" alt=\"\" class=\"wp-image-68238\" srcset=\"https:\/\/infoecos.com.ar\/wp-content\/uploads\/2020\/09\/regionsanitaria-460x460.jpg 460w, https:\/\/infoecos.com.ar\/wp-content\/uploads\/2020\/09\/regionsanitaria-150x150.jpg 150w, https:\/\/infoecos.com.ar\/wp-content\/uploads\/2020\/09\/regionsanitaria.jpg 720w\" sizes=\"auto, (max-width: 460px) 100vw, 460px\" \/><\/figure><\/div>\n\n\n\n<p class=\"wp-block-paragraph\"><strong>Fase 3:<\/strong><\/p>\n\n\n\n<p class=\"wp-block-paragraph\">Almirante Brown, Avellaneda, Bah\u00eda Blanca, Balcarce, Berazategui, Berisso, Castelli, Ensenada, Escobar, Esteban Echeverr\u00eda, Ezeiza, Florencio Varela, General Las Heras, General Pueyrred\u00f3n, General Rodr\u00edguez, General San Mart\u00edn, Hurlingham, Ituzaing\u00f3, Jos\u00e9 C. Paz, La Matanza, La Plata, Lan\u00fas, Laprida, Lomas de Zamora, Luj\u00e1n, Malvinas Argentinas, Marcos Paz, Merlo, Moreno, Mor\u00f3n, Pila, Pilar, Presidente Per\u00f3n, Quilmes, Roque P\u00e9rez, San Cayetano, San Fernando, San Isidro, San Miguel, San Nicol\u00e1s, San Vicente, Tandil, Tigre, Tres de Febrero y Vicente L\u00f3pez.<\/p>\n\n\n\n<p class=\"wp-block-paragraph\"><strong>Fase 4:<\/strong><\/p>\n\n\n\n<p class=\"wp-block-paragraph\">25 de Mayo, 9 de Julio, Adolfo Gonz\u00e1lez Chaves, Alberti, Arrecifes, Ayacucho, Azul, Baradero, Benito Ju\u00e1rez, Bol\u00edvar, Bragado, Brandsen, Campana, Ca\u00f1uelas, Capit\u00e1n Sarmiento, Carlos Casares, Carmen de Areco, Chacabuco, Chascom\u00fas, Chivilcoy, Col\u00f3n, Coronel Rosales, Coronel Pringles, Coronel Su\u00e1rez, Dolores, Exaltaci\u00f3n de la Cruz, Florentino Ameghino, General Alvarado, General Alvear, General Arenales, General Belgrano, General Guido, General Juan Madariaga, General La Madrid, General Paz, General Pinto, General Viamonte, General Villegas, Hip\u00f3lito Yrigoyen, Jun\u00edn, La Costa, Las Flores, Leandro N. Alem, Lezama, Lincoln, Lober\u00eda, Lobos, Magdalena, Maip\u00fa, Mar Chiquita, Mercedes, Monte, Navarro, Necochea, Olavarr\u00eda, Patagones, Pehuaj\u00f3, Pergamino, Pinamar, Punta Indio, Ramallo, Rojas, Saavedra, Salto, Saladillo, Salliquel\u00f3, San Andr\u00e9s de Giles, San Antonio de Areco, San Pedro, Tapalqu\u00e9, Tordillo, Tornquist, Trenque Lauquen, Tres Arroyos, Villa Gesell, Villarino y Z\u00e1rate.<\/p>\n\n\n\n<p class=\"wp-block-paragraph\"><strong>Fase 5: <\/strong><\/p>\n\n\n\n<p class=\"wp-block-paragraph\">Adolfo Alsina, Carlos Tejedor, Coronel Dorrego, Daireaux, General Lavalle, Guamin\u00ed, Lezama, Monte Hermoso, Pellegrini, Pu\u00e1n, Rauch, Rivadavia, Suipacha y Tres Lomas.<\/p>\n","protected":false},"excerpt":{"rendered":"<p>Trenque Lauquen, Pehuaj\u00f3, Salliquel\u00f3, Ameghino, Pinto, 9 de Julio en Fase 4<\/p>\n","protected":false},"author":2,"featured_media":68238,"comment_status":"closed","ping_status":"open","sticky":false,"template":"","format":"standard","meta":{"footnotes":""},"categories":[198],"tags":[1974],"class_list":["post-70249","post","type-post","status-publish","format-standard","has-post-thumbnail","hentry","category-c1nota5","tag-distrito-por-distrito"],"featured_image_urls":{"full":["https:\/\/infoecos.com.ar\/wp-content\/uploads\/2020\/09\/regionsanitaria.jpg",720,720,false],"thumbnail":["https:\/\/infoecos.com.ar\/wp-content\/uploads\/2020\/09\/regionsanitaria-150x150.jpg",150,150,true],"medium":["https:\/\/infoecos.com.ar\/wp-content\/uploads\/2020\/09\/regionsanitaria-460x460.jpg",460,460,true],"medium_large":["https:\/\/infoecos.com.ar\/wp-content\/uploads\/2020\/09\/regionsanitaria.jpg",640,640,false],"large":["https:\/\/infoecos.com.ar\/wp-content\/uploads\/2020\/09\/regionsanitaria.jpg",640,640,false],"1536x1536":["https:\/\/infoecos.com.ar\/wp-content\/uploads\/2020\/09\/regionsanitaria.jpg",720,720,false],"2048x2048":["https:\/\/infoecos.com.ar\/wp-content\/uploads\/2020\/09\/regionsanitaria.jpg",720,720,false],"covernews-slider-full":["https:\/\/infoecos.com.ar\/wp-content\/uploads\/2020\/09\/regionsanitaria.jpg",715,715,false],"covernews-slider-center":["https:\/\/infoecos.com.ar\/wp-content\/uploads\/2020\/09\/regionsanitaria.jpg",500,500,false],"covernews-featured":["https:\/\/infoecos.com.ar\/wp-content\/uploads\/2020\/09\/regionsanitaria.jpg",720,720,false],"covernews-medium":["https:\/\/infoecos.com.ar\/wp-content\/uploads\/2020\/09\/regionsanitaria-720x380.jpg",540,285,true],"covernews-medium-square":["https:\/\/infoecos.com.ar\/wp-content\/uploads\/2020\/09\/regionsanitaria-675x450.jpg",375,250,true]},"author_info":{"info":["Jorge Matheus"]},"category_info":"<a href=\"https:\/\/infoecos.com.ar\/index.php\/category\/c1nota5\/\" rel=\"category tag\">C1 nota 5<\/a>","tag_info":"C1 nota 5","comment_count":"0","_links":{"self":[{"href":"https:\/\/infoecos.com.ar\/index.php\/wp-json\/wp\/v2\/posts\/70249","targetHints":{"allow":["GET"]}}],"collection":[{"href":"https:\/\/infoecos.com.ar\/index.php\/wp-json\/wp\/v2\/posts"}],"about":[{"href":"https:\/\/infoecos.com.ar\/index.php\/wp-json\/wp\/v2\/types\/post"}],"author":[{"embeddable":true,"href":"https:\/\/infoecos.com.ar\/index.php\/wp-json\/wp\/v2\/users\/2"}],"replies":[{"embeddable":true,"href":"https:\/\/infoecos.com.ar\/index.php\/wp-json\/wp\/v2\/comments?post=70249"}],"version-history":[{"count":1,"href":"https:\/\/infoecos.com.ar\/index.php\/wp-json\/wp\/v2\/posts\/70249\/revisions"}],"predecessor-version":[{"id":70250,"href":"https:\/\/infoecos.com.ar\/index.php\/wp-json\/wp\/v2\/posts\/70249\/revisions\/70250"}],"wp:featuredmedia":[{"embeddable":true,"href":"https:\/\/infoecos.com.ar\/index.php\/wp-json\/wp\/v2\/media\/68238"}],"wp:attachment":[{"href":"https:\/\/infoecos.com.ar\/index.php\/wp-json\/wp\/v2\/media?parent=70249"}],"wp:term":[{"taxonomy":"category","embeddable":true,"href":"https:\/\/infoecos.com.ar\/index.php\/wp-json\/wp\/v2\/categories?post=70249"},{"taxonomy":"post_tag","embeddable":true,"href":"https:\/\/infoecos.com.ar\/index.php\/wp-json\/wp\/v2\/tags?post=70249"}],"curies":[{"name":"wp","href":"https:\/\/api.w.org\/{rel}","templated":true}]}}