{"id":70257,"date":"2020-11-03T15:21:24","date_gmt":"2020-11-03T18:21:24","guid":{"rendered":"http:\/\/infoecos.com.ar\/?p=70257"},"modified":"2020-11-04T19:52:53","modified_gmt":"2020-11-04T22:52:53","slug":"los-concejales-estevez-y-larrosa-piden-eximicion-del-estacionamiento-medido-para-entidades-de-bien-publico","status":"publish","type":"post","link":"https:\/\/infoecos.com.ar\/index.php\/los-concejales-estevez-y-larrosa-piden-eximicion-del-estacionamiento-medido-para-entidades-de-bien-publico\/","title":{"rendered":"Los concejales Est\u00e9vez y Larrosa piden eximici\u00f3n del estacionamiento medido para entidades de bien p\u00fablico"},"content":{"rendered":"\n<p>El concejal Pablo Larrosa, del Frente de Todos Trenque Lauquen, hizo publico este martes un proyecto de ordenanza presentado conjuntamente con su par, M\u00f3nica Est\u00e9vez, para el tratamiento en la Comisi\u00f3n de Hacienda del Concejo Deliberante. Es con el objetivo se exima del derecho de ocupaci\u00f3n de espacio p\u00fablico a aquellas entidades que tengan cajones de estacionamiento reservado frente a sus sedes y que se considere para los que hubieran abonado el derecho, una reimputacion a deudas de mayor antig\u00fcedad o para periodos futuros.<\/p>\n\n\n\n<div class=\"wp-block-image\"><figure class=\"aligncenter size-medium\"><img decoding=\"async\" src=\"http:\/\/infoecos.com.ar\/wp-content\/uploads\/03e8f000-f22f-411d-be4b-6dd99332df91-460x258.jpg\" alt=\"\" class=\"wp-image-47370\"\/><figcaption>Est\u00e9vez M\u00f3nica y Larrosa, Pablo (Frente para Todos)<\/figcaption><\/figure><\/div>\n\n\n\n<p>En los considerandos se expone que \u00abnuestro distrito cuenta con varias fundaciones, asociaciones civiles o simples asociaciones que colaboran con el inter\u00e9s general y el bien com\u00fan desarrollando un important\u00edsimo trabajo de car\u00e1cter social y comunitario. Muchas de estas Entidades, para facilitar el desarrollo de su trabajo, hab\u00edan requerido autorizaci\u00f3n de estacionamiento reservado para el ascenso y descenso de personas, generalmente adultos mayores, enfermos o con diferentes discapacidad. La Ordenanza Impositiva del distrito, determina el pago de un Derecho de ocupaci\u00f3n del Espacio p\u00fablico para aquellos usuarios que requieran reservar estacionamiento en sus frentes\u00bb.<\/p>\n\n\n\n<p>M\u00e1s adelante y teniendo en cuenta la situaci\u00f3n sanitaria, los ediles se\u00f1alan que \u00abaun en el marco de pandemia, estas entidades siguen colaborando con las familias, pero sin embargo, han tenido que modificar sus actividades. Algunas de ellas inclusive no reciben personas teniendo en cuenta la propagaci\u00f3n del virus Covid19, sino que le acercan los alimentos u otras necesidades que requieran a sus viviendas particulares. La situaci\u00f3n econ\u00f3mica afecta sensiblemente la posibilidad de aporte de sus asociados\u00bb. Puntualizan que \u00abesta realidad exige que el Estado Municipal haga los mayores esfuerzos para facilitar el trabajo de las entidades\u00bb.<\/p>\n\n\n\n<p><\/p>\n","protected":false},"excerpt":{"rendered":"<p>Puntualizan mencionando la pandemia \u00abesta realidad exige que el Estado Municipal haga los mayores esfuerzos para facilitar el trabajo de las entidades\u00bb<\/p>\n","protected":false},"author":2,"featured_media":47370,"comment_status":"closed","ping_status":"open","sticky":false,"template":"","format":"standard","meta":{"footnotes":""},"categories":[50],"tags":[2313],"class_list":["post-70257","post","type-post","status-publish","format-standard","has-post-thumbnail","hentry","category-c1nota4","tag-de-interes-comunitario"],"yoast_head":"<!-- This site is optimized with the Yoast SEO plugin v23.4 - https:\/\/yoast.com\/wordpress\/plugins\/seo\/ -->\n<title>Los concejales Est\u00e9vez y Larrosa piden eximici\u00f3n del estacionamiento medido para entidades de bien p\u00fablico - Infoecos<\/title>\n<meta name=\"robots\" content=\"index, follow, max-snippet:-1, max-image-preview:large, max-video-preview:-1\" \/>\n<link rel=\"canonical\" href=\"https:\/\/infoecos.com.ar\/index.php\/los-concejales-estevez-y-larrosa-piden-eximicion-del-estacionamiento-medido-para-entidades-de-bien-publico\/\" \/>\n<meta property=\"og:locale\" content=\"es_ES\" \/>\n<meta property=\"og:type\" content=\"article\" \/>\n<meta property=\"og:title\" content=\"Los concejales Est\u00e9vez y Larrosa piden eximici\u00f3n del estacionamiento medido para entidades de bien p\u00fablico - Infoecos\" \/>\n<meta property=\"og:description\" content=\"Puntualizan mencionando la pandemia &quot;esta realidad exige que el Estado Municipal haga los mayores esfuerzos para facilitar el trabajo de las entidades&quot;\" \/>\n<meta property=\"og:url\" content=\"https:\/\/infoecos.com.ar\/index.php\/los-concejales-estevez-y-larrosa-piden-eximicion-del-estacionamiento-medido-para-entidades-de-bien-publico\/\" \/>\n<meta property=\"og:site_name\" content=\"Infoecos\" \/>\n<meta property=\"article:publisher\" content=\"https:\/\/www.facebook.com\/profile.php?id=100063200290284\" \/>\n<meta property=\"article:published_time\" content=\"2020-11-03T18:21:24+00:00\" \/>\n<meta property=\"article:modified_time\" content=\"2020-11-04T22:52:53+00:00\" \/>\n<meta property=\"og:image\" content=\"https:\/\/infoecos.com.ar\/wp-content\/uploads\/03e8f000-f22f-411d-be4b-6dd99332df91.jpg\" \/>\n\t<meta property=\"og:image:width\" content=\"1280\" \/>\n\t<meta property=\"og:image:height\" content=\"719\" \/>\n\t<meta property=\"og:image:type\" content=\"image\/jpeg\" \/>\n<meta name=\"author\" content=\"Jorge Matheus\" \/>\n<meta name=\"twitter:card\" content=\"summary_large_image\" \/>\n<meta name=\"twitter:creator\" content=\"@infoecos\" \/>\n<meta name=\"twitter:site\" content=\"@infoecos\" \/>\n<meta name=\"twitter:label1\" content=\"Escrito por\" \/>\n\t<meta name=\"twitter:data1\" content=\"Jorge Matheus\" \/>\n\t<meta name=\"twitter:label2\" content=\"Tiempo de lectura\" \/>\n\t<meta name=\"twitter:data2\" content=\"2 minutos\" \/>\n<script type=\"application\/ld+json\" class=\"yoast-schema-graph\">{\"@context\":\"https:\/\/schema.org\",\"@graph\":[{\"@type\":\"Article\",\"@id\":\"https:\/\/infoecos.com.ar\/index.php\/los-concejales-estevez-y-larrosa-piden-eximicion-del-estacionamiento-medido-para-entidades-de-bien-publico\/#article\",\"isPartOf\":{\"@id\":\"https:\/\/infoecos.com.ar\/index.php\/los-concejales-estevez-y-larrosa-piden-eximicion-del-estacionamiento-medido-para-entidades-de-bien-publico\/\"},\"author\":{\"name\":\"Jorge Matheus\",\"@id\":\"https:\/\/infoecos.com.ar\/#\/schema\/person\/8f5ace5ce73b4b4aac4b7245aee6f191\"},\"headline\":\"Los concejales Est\u00e9vez y Larrosa piden eximici\u00f3n del estacionamiento medido para entidades de bien p\u00fablico\",\"datePublished\":\"2020-11-03T18:21:24+00:00\",\"dateModified\":\"2020-11-04T22:52:53+00:00\",\"mainEntityOfPage\":{\"@id\":\"https:\/\/infoecos.com.ar\/index.php\/los-concejales-estevez-y-larrosa-piden-eximicion-del-estacionamiento-medido-para-entidades-de-bien-publico\/\"},\"wordCount\":323,\"publisher\":{\"@id\":\"https:\/\/infoecos.com.ar\/#organization\"},\"image\":{\"@id\":\"https:\/\/infoecos.com.ar\/index.php\/los-concejales-estevez-y-larrosa-piden-eximicion-del-estacionamiento-medido-para-entidades-de-bien-publico\/#primaryimage\"},\"thumbnailUrl\":\"\",\"keywords\":[\"DE INTER\u00c9S COMUNITARIO\"],\"articleSection\":[\"C1 N4\"],\"inLanguage\":\"es\"},{\"@type\":\"WebPage\",\"@id\":\"https:\/\/infoecos.com.ar\/index.php\/los-concejales-estevez-y-larrosa-piden-eximicion-del-estacionamiento-medido-para-entidades-de-bien-publico\/\",\"url\":\"https:\/\/infoecos.com.ar\/index.php\/los-concejales-estevez-y-larrosa-piden-eximicion-del-estacionamiento-medido-para-entidades-de-bien-publico\/\",\"name\":\"Los concejales Est\u00e9vez y Larrosa piden eximici\u00f3n del estacionamiento medido para entidades de bien p\u00fablico - Infoecos\",\"isPartOf\":{\"@id\":\"https:\/\/infoecos.com.ar\/#website\"},\"primaryImageOfPage\":{\"@id\":\"https:\/\/infoecos.com.ar\/index.php\/los-concejales-estevez-y-larrosa-piden-eximicion-del-estacionamiento-medido-para-entidades-de-bien-publico\/#primaryimage\"},\"image\":{\"@id\":\"https:\/\/infoecos.com.ar\/index.php\/los-concejales-estevez-y-larrosa-piden-eximicion-del-estacionamiento-medido-para-entidades-de-bien-publico\/#primaryimage\"},\"thumbnailUrl\":\"\",\"datePublished\":\"2020-11-03T18:21:24+00:00\",\"dateModified\":\"2020-11-04T22:52:53+00:00\",\"breadcrumb\":{\"@id\":\"https:\/\/infoecos.com.ar\/index.php\/los-concejales-estevez-y-larrosa-piden-eximicion-del-estacionamiento-medido-para-entidades-de-bien-publico\/#breadcrumb\"},\"inLanguage\":\"es\",\"potentialAction\":[{\"@type\":\"ReadAction\",\"target\":[\"https:\/\/infoecos.com.ar\/index.php\/los-concejales-estevez-y-larrosa-piden-eximicion-del-estacionamiento-medido-para-entidades-de-bien-publico\/\"]}]},{\"@type\":\"ImageObject\",\"inLanguage\":\"es\",\"@id\":\"https:\/\/infoecos.com.ar\/index.php\/los-concejales-estevez-y-larrosa-piden-eximicion-del-estacionamiento-medido-para-entidades-de-bien-publico\/#primaryimage\",\"url\":\"\",\"contentUrl\":\"\"},{\"@type\":\"BreadcrumbList\",\"@id\":\"https:\/\/infoecos.com.ar\/index.php\/los-concejales-estevez-y-larrosa-piden-eximicion-del-estacionamiento-medido-para-entidades-de-bien-publico\/#breadcrumb\",\"itemListElement\":[{\"@type\":\"ListItem\",\"position\":1,\"name\":\"Portada\",\"item\":\"https:\/\/infoecos.com.ar\/\"},{\"@type\":\"ListItem\",\"position\":2,\"name\":\"Los concejales Est\u00e9vez y Larrosa piden eximici\u00f3n del estacionamiento medido para entidades de bien p\u00fablico\"}]},{\"@type\":\"WebSite\",\"@id\":\"https:\/\/infoecos.com.ar\/#website\",\"url\":\"https:\/\/infoecos.com.ar\/\",\"name\":\"Infoecos\",\"description\":\"Noticias de trenque lauquen y la zona\",\"publisher\":{\"@id\":\"https:\/\/infoecos.com.ar\/#organization\"},\"alternateName\":\"Noticias\",\"potentialAction\":[{\"@type\":\"SearchAction\",\"target\":{\"@type\":\"EntryPoint\",\"urlTemplate\":\"https:\/\/infoecos.com.ar\/?s={search_term_string}\"},\"query-input\":{\"@type\":\"PropertyValueSpecification\",\"valueRequired\":true,\"valueName\":\"search_term_string\"}}],\"inLanguage\":\"es\"},{\"@type\":\"Organization\",\"@id\":\"https:\/\/infoecos.com.ar\/#organization\",\"name\":\"Infoecos\",\"alternateName\":\"Noticias\",\"url\":\"https:\/\/infoecos.com.ar\/\",\"logo\":{\"@type\":\"ImageObject\",\"inLanguage\":\"es\",\"@id\":\"https:\/\/infoecos.com.ar\/#\/schema\/logo\/image\/\",\"url\":\"https:\/\/infoecos.com.ar\/wp-content\/uploads\/2024\/03\/cropped-logo.png\",\"contentUrl\":\"https:\/\/infoecos.com.ar\/wp-content\/uploads\/2024\/03\/cropped-logo.png\",\"width\":374,\"height\":90,\"caption\":\"Infoecos\"},\"image\":{\"@id\":\"https:\/\/infoecos.com.ar\/#\/schema\/logo\/image\/\"},\"sameAs\":[\"https:\/\/www.facebook.com\/profile.php?id=100063200290284\",\"https:\/\/x.com\/infoecos\"]},{\"@type\":\"Person\",\"@id\":\"https:\/\/infoecos.com.ar\/#\/schema\/person\/8f5ace5ce73b4b4aac4b7245aee6f191\",\"name\":\"Jorge Matheus\",\"url\":\"https:\/\/infoecos.com.ar\/index.php\/author\/jomatheus\/\"}]}<\/script>\n<!-- \/ Yoast SEO plugin. -->","yoast_head_json":{"title":"Los concejales Est\u00e9vez y Larrosa piden eximici\u00f3n del estacionamiento medido para entidades de bien p\u00fablico - Infoecos","robots":{"index":"index","follow":"follow","max-snippet":"max-snippet:-1","max-image-preview":"max-image-preview:large","max-video-preview":"max-video-preview:-1"},"canonical":"https:\/\/infoecos.com.ar\/index.php\/los-concejales-estevez-y-larrosa-piden-eximicion-del-estacionamiento-medido-para-entidades-de-bien-publico\/","og_locale":"es_ES","og_type":"article","og_title":"Los concejales Est\u00e9vez y Larrosa piden eximici\u00f3n del estacionamiento medido para entidades de bien p\u00fablico - Infoecos","og_description":"Puntualizan mencionando la pandemia \"esta realidad exige que el Estado Municipal haga los mayores esfuerzos para facilitar el trabajo de las entidades\"","og_url":"https:\/\/infoecos.com.ar\/index.php\/los-concejales-estevez-y-larrosa-piden-eximicion-del-estacionamiento-medido-para-entidades-de-bien-publico\/","og_site_name":"Infoecos","article_publisher":"https:\/\/www.facebook.com\/profile.php?id=100063200290284","article_published_time":"2020-11-03T18:21:24+00:00","article_modified_time":"2020-11-04T22:52:53+00:00","og_image":[{"width":1280,"height":719,"url":"https:\/\/infoecos.com.ar\/wp-content\/uploads\/03e8f000-f22f-411d-be4b-6dd99332df91.jpg","type":"image\/jpeg"}],"author":"Jorge Matheus","twitter_card":"summary_large_image","twitter_creator":"@infoecos","twitter_site":"@infoecos","twitter_misc":{"Escrito por":"Jorge Matheus","Tiempo de lectura":"2 minutos"},"schema":{"@context":"https:\/\/schema.org","@graph":[{"@type":"Article","@id":"https:\/\/infoecos.com.ar\/index.php\/los-concejales-estevez-y-larrosa-piden-eximicion-del-estacionamiento-medido-para-entidades-de-bien-publico\/#article","isPartOf":{"@id":"https:\/\/infoecos.com.ar\/index.php\/los-concejales-estevez-y-larrosa-piden-eximicion-del-estacionamiento-medido-para-entidades-de-bien-publico\/"},"author":{"name":"Jorge Matheus","@id":"https:\/\/infoecos.com.ar\/#\/schema\/person\/8f5ace5ce73b4b4aac4b7245aee6f191"},"headline":"Los concejales Est\u00e9vez y Larrosa piden eximici\u00f3n del estacionamiento medido para entidades de bien p\u00fablico","datePublished":"2020-11-03T18:21:24+00:00","dateModified":"2020-11-04T22:52:53+00:00","mainEntityOfPage":{"@id":"https:\/\/infoecos.com.ar\/index.php\/los-concejales-estevez-y-larrosa-piden-eximicion-del-estacionamiento-medido-para-entidades-de-bien-publico\/"},"wordCount":323,"publisher":{"@id":"https:\/\/infoecos.com.ar\/#organization"},"image":{"@id":"https:\/\/infoecos.com.ar\/index.php\/los-concejales-estevez-y-larrosa-piden-eximicion-del-estacionamiento-medido-para-entidades-de-bien-publico\/#primaryimage"},"thumbnailUrl":"","keywords":["DE INTER\u00c9S COMUNITARIO"],"articleSection":["C1 N4"],"inLanguage":"es"},{"@type":"WebPage","@id":"https:\/\/infoecos.com.ar\/index.php\/los-concejales-estevez-y-larrosa-piden-eximicion-del-estacionamiento-medido-para-entidades-de-bien-publico\/","url":"https:\/\/infoecos.com.ar\/index.php\/los-concejales-estevez-y-larrosa-piden-eximicion-del-estacionamiento-medido-para-entidades-de-bien-publico\/","name":"Los concejales Est\u00e9vez y Larrosa piden eximici\u00f3n del estacionamiento medido para entidades de bien p\u00fablico - Infoecos","isPartOf":{"@id":"https:\/\/infoecos.com.ar\/#website"},"primaryImageOfPage":{"@id":"https:\/\/infoecos.com.ar\/index.php\/los-concejales-estevez-y-larrosa-piden-eximicion-del-estacionamiento-medido-para-entidades-de-bien-publico\/#primaryimage"},"image":{"@id":"https:\/\/infoecos.com.ar\/index.php\/los-concejales-estevez-y-larrosa-piden-eximicion-del-estacionamiento-medido-para-entidades-de-bien-publico\/#primaryimage"},"thumbnailUrl":"","datePublished":"2020-11-03T18:21:24+00:00","dateModified":"2020-11-04T22:52:53+00:00","breadcrumb":{"@id":"https:\/\/infoecos.com.ar\/index.php\/los-concejales-estevez-y-larrosa-piden-eximicion-del-estacionamiento-medido-para-entidades-de-bien-publico\/#breadcrumb"},"inLanguage":"es","potentialAction":[{"@type":"ReadAction","target":["https:\/\/infoecos.com.ar\/index.php\/los-concejales-estevez-y-larrosa-piden-eximicion-del-estacionamiento-medido-para-entidades-de-bien-publico\/"]}]},{"@type":"ImageObject","inLanguage":"es","@id":"https:\/\/infoecos.com.ar\/index.php\/los-concejales-estevez-y-larrosa-piden-eximicion-del-estacionamiento-medido-para-entidades-de-bien-publico\/#primaryimage","url":"","contentUrl":""},{"@type":"BreadcrumbList","@id":"https:\/\/infoecos.com.ar\/index.php\/los-concejales-estevez-y-larrosa-piden-eximicion-del-estacionamiento-medido-para-entidades-de-bien-publico\/#breadcrumb","itemListElement":[{"@type":"ListItem","position":1,"name":"Portada","item":"https:\/\/infoecos.com.ar\/"},{"@type":"ListItem","position":2,"name":"Los concejales Est\u00e9vez y Larrosa piden eximici\u00f3n del estacionamiento medido para entidades de bien p\u00fablico"}]},{"@type":"WebSite","@id":"https:\/\/infoecos.com.ar\/#website","url":"https:\/\/infoecos.com.ar\/","name":"Infoecos","description":"Noticias de trenque lauquen y la zona","publisher":{"@id":"https:\/\/infoecos.com.ar\/#organization"},"alternateName":"Noticias","potentialAction":[{"@type":"SearchAction","target":{"@type":"EntryPoint","urlTemplate":"https:\/\/infoecos.com.ar\/?s={search_term_string}"},"query-input":{"@type":"PropertyValueSpecification","valueRequired":true,"valueName":"search_term_string"}}],"inLanguage":"es"},{"@type":"Organization","@id":"https:\/\/infoecos.com.ar\/#organization","name":"Infoecos","alternateName":"Noticias","url":"https:\/\/infoecos.com.ar\/","logo":{"@type":"ImageObject","inLanguage":"es","@id":"https:\/\/infoecos.com.ar\/#\/schema\/logo\/image\/","url":"https:\/\/infoecos.com.ar\/wp-content\/uploads\/2024\/03\/cropped-logo.png","contentUrl":"https:\/\/infoecos.com.ar\/wp-content\/uploads\/2024\/03\/cropped-logo.png","width":374,"height":90,"caption":"Infoecos"},"image":{"@id":"https:\/\/infoecos.com.ar\/#\/schema\/logo\/image\/"},"sameAs":["https:\/\/www.facebook.com\/profile.php?id=100063200290284","https:\/\/x.com\/infoecos"]},{"@type":"Person","@id":"https:\/\/infoecos.com.ar\/#\/schema\/person\/8f5ace5ce73b4b4aac4b7245aee6f191","name":"Jorge Matheus","url":"https:\/\/infoecos.com.ar\/index.php\/author\/jomatheus\/"}]}},"featured_image_urls":{"full":"","thumbnail":"","medium":"","medium_large":"","large":"","1536x1536":"","2048x2048":"","covernews-slider-full":"","covernews-slider-center":"","covernews-featured":"","covernews-medium":"","covernews-medium-square":""},"author_info":{"info":["Jorge Matheus"]},"category_info":"<a href=\"https:\/\/infoecos.com.ar\/index.php\/category\/c1nota4\/\" rel=\"category tag\">C1 N4<\/a>","tag_info":"C1 N4","comment_count":"0","_links":{"self":[{"href":"https:\/\/infoecos.com.ar\/index.php\/wp-json\/wp\/v2\/posts\/70257"}],"collection":[{"href":"https:\/\/infoecos.com.ar\/index.php\/wp-json\/wp\/v2\/posts"}],"about":[{"href":"https:\/\/infoecos.com.ar\/index.php\/wp-json\/wp\/v2\/types\/post"}],"author":[{"embeddable":true,"href":"https:\/\/infoecos.com.ar\/index.php\/wp-json\/wp\/v2\/users\/2"}],"replies":[{"embeddable":true,"href":"https:\/\/infoecos.com.ar\/index.php\/wp-json\/wp\/v2\/comments?post=70257"}],"version-history":[{"count":1,"href":"https:\/\/infoecos.com.ar\/index.php\/wp-json\/wp\/v2\/posts\/70257\/revisions"}],"predecessor-version":[{"id":70258,"href":"https:\/\/infoecos.com.ar\/index.php\/wp-json\/wp\/v2\/posts\/70257\/revisions\/70258"}],"wp:featuredmedia":[{"embeddable":true,"href":"https:\/\/infoecos.com.ar\/index.php\/wp-json\/"}],"wp:attachment":[{"href":"https:\/\/infoecos.com.ar\/index.php\/wp-json\/wp\/v2\/media?parent=70257"}],"wp:term":[{"taxonomy":"category","embeddable":true,"href":"https:\/\/infoecos.com.ar\/index.php\/wp-json\/wp\/v2\/categories?post=70257"},{"taxonomy":"post_tag","embeddable":true,"href":"https:\/\/infoecos.com.ar\/index.php\/wp-json\/wp\/v2\/tags?post=70257"}],"curies":[{"name":"wp","href":"https:\/\/api.w.org\/{rel}","templated":true}]}}