{"id":70295,"date":"2020-11-04T18:09:50","date_gmt":"2020-11-04T21:09:50","guid":{"rendered":"http:\/\/infoecos.com.ar\/?p=70295"},"modified":"2020-11-04T18:10:11","modified_gmt":"2020-11-04T21:10:11","slug":"la-ley-que-prohibe-la-re-reeleccion-de-los-intendentes-en-la-provincia-de-buenos-aires-podria-caerse","status":"publish","type":"post","link":"https:\/\/infoecos.com.ar\/index.php\/la-ley-que-prohibe-la-re-reeleccion-de-los-intendentes-en-la-provincia-de-buenos-aires-podria-caerse\/","title":{"rendered":"La ley que proh\u00edbe la re-reelecci\u00f3n de los intendentes en la provincia de Buenos Aires podr\u00eda caerse"},"content":{"rendered":"\n<p>No son pocos los dirigentes pol\u00edticos que dan por sentado que la Ley prohibiendo la re-reelecci\u00f3n de los intendentes y legisladores en la provincia de Buenos Aires, por m\u00e1s de dos per\u00edodos, habr\u00e1 de caerse.<\/p>\n\n\n\n<div class=\"wp-block-image\"><figure class=\"aligncenter size-medium\"><img decoding=\"async\" src=\"http:\/\/infoecos.com.ar\/wp-content\/uploads\/59989c70cc08b-460x259.jpg\" alt=\"\" class=\"wp-image-43250\"\/><figcaption>Urnas<\/figcaption><\/figure><\/div>\n\n\n\n<p>El mensaje del presidente Alberto Fern\u00e1ndez a 22 mandatarios comunales, este martes, cuando se\u00f1al\u00f3 que \u00absi hay funcionarios que por una cuesti\u00f3n de cercan\u00eda son controlados, son los intendentes\u00bb, aviv\u00f3 la cuesti\u00f3n que en su momento cont\u00f3 con el aval de la mayor\u00eda de los partidos o movimientos del territorio bonaerense. El primer mandatario tambi\u00e9n dijo que \u00abnosotros no podemos ir en contra de la voluntad popular\u00bb.<\/p>\n\n\n\n<p>M\u00e1s all\u00e1 de los \u00abdimes y diretes\u00bb la Ley que est\u00e1 vigente no cuenta con respaldo suficiente, en la actualidad. A\u00fan se limitan a espacios reducidos para se\u00f1alarlo, pero un alto porcentaje de Jefes Comunales y legisladores provinciales est\u00e1n en desacuerdo con la misma. La misma se sancion\u00f3 en el 2016 por iniciativa del Frente Renovador y cont\u00f3, especialmente, con el cerrado respaldo de Juntos por el Cambio que gobernaba Buenos Aires.<\/p>\n\n\n\n<p>Los medios y analistas que vienen siguiendo este tema puntualmente coinciden en se\u00f1alar que el gobernador Kicillof no habr\u00e1 de hablar sobre el particular. Se mantendr\u00e1 prescindente.<\/p>\n\n\n\n<p>Entre los mandatarios comunales de esta regi\u00f3n que de mantenerse la Ley no podr\u00edan volver a presentarse, entre otros, est\u00e1n <strong>Miguel Fern\u00e1ndez de Trenque Lauquen, Pablo Zurro de Pehuaj\u00f3, Guillermo Pacheco de Pellegrini, Eduardo Campana de General Villegas, Javier Reynoso de Rivadavia, Calixto Tellechea de Florentino Ameghino, Salvador Serenal de Lincoln, Guillermo Britos de Chivilcoy, Vicente Gatica de Bragado, Pablo Petrecca de Jun\u00edn, Franco Flexas de General Viamonte, Mariano Barroso de 9 de Julio<\/strong>. <\/p>\n\n\n\n<p>En total, en la provincia de Buenos Aires no podr\u00e1n volver a aspirar para un nuevo mandato, 92 Jefes Comunales.<\/p>\n\n\n\n<p><\/p>\n\n\n\n<p><\/p>\n\n\n\n<p><\/p>\n\n\n\n<p><\/p>\n","protected":false},"excerpt":{"rendered":"<p>M\u00e1s all\u00e1 de los \u00abdimes y diretes\u00bb la Ley que est\u00e1 vigente no cuenta con respaldo suficiente, en la actualidad<\/p>\n","protected":false},"author":2,"featured_media":43250,"comment_status":"closed","ping_status":"open","sticky":false,"template":"","format":"standard","meta":{"footnotes":""},"categories":[29],"tags":[2318],"class_list":["post-70295","post","type-post","status-publish","format-standard","has-post-thumbnail","hentry","category-c2nota1","tag-marcha-atras"],"yoast_head":"<!-- This site is optimized with the Yoast SEO plugin v23.4 - https:\/\/yoast.com\/wordpress\/plugins\/seo\/ -->\n<title>La ley que proh\u00edbe la re-reelecci\u00f3n de los intendentes en la provincia de Buenos Aires podr\u00eda caerse - Infoecos<\/title>\n<meta name=\"robots\" content=\"index, follow, max-snippet:-1, max-image-preview:large, max-video-preview:-1\" \/>\n<link rel=\"canonical\" href=\"https:\/\/infoecos.com.ar\/index.php\/la-ley-que-prohibe-la-re-reeleccion-de-los-intendentes-en-la-provincia-de-buenos-aires-podria-caerse\/\" \/>\n<meta property=\"og:locale\" content=\"es_ES\" \/>\n<meta property=\"og:type\" content=\"article\" \/>\n<meta property=\"og:title\" content=\"La ley que proh\u00edbe la re-reelecci\u00f3n de los intendentes en la provincia de Buenos Aires podr\u00eda caerse - Infoecos\" \/>\n<meta property=\"og:description\" content=\"M\u00e1s all\u00e1 de los &quot;dimes y diretes&quot; la Ley que est\u00e1 vigente no cuenta con respaldo suficiente, en la actualidad\" \/>\n<meta property=\"og:url\" content=\"https:\/\/infoecos.com.ar\/index.php\/la-ley-que-prohibe-la-re-reeleccion-de-los-intendentes-en-la-provincia-de-buenos-aires-podria-caerse\/\" \/>\n<meta property=\"og:site_name\" content=\"Infoecos\" \/>\n<meta property=\"article:publisher\" content=\"https:\/\/www.facebook.com\/profile.php?id=100063200290284\" \/>\n<meta property=\"article:published_time\" content=\"2020-11-04T21:09:50+00:00\" \/>\n<meta property=\"article:modified_time\" content=\"2020-11-04T21:10:11+00:00\" \/>\n<meta property=\"og:image\" content=\"https:\/\/infoecos.com.ar\/wp-content\/uploads\/59989c70cc08b.jpg\" \/>\n\t<meta property=\"og:image:width\" content=\"1280\" \/>\n\t<meta property=\"og:image:height\" content=\"720\" \/>\n\t<meta property=\"og:image:type\" content=\"image\/jpeg\" \/>\n<meta name=\"author\" content=\"Jorge Matheus\" \/>\n<meta name=\"twitter:card\" content=\"summary_large_image\" \/>\n<meta name=\"twitter:creator\" content=\"@infoecos\" \/>\n<meta name=\"twitter:site\" content=\"@infoecos\" \/>\n<meta name=\"twitter:label1\" content=\"Escrito por\" \/>\n\t<meta name=\"twitter:data1\" content=\"Jorge Matheus\" \/>\n\t<meta name=\"twitter:label2\" content=\"Tiempo de lectura\" \/>\n\t<meta name=\"twitter:data2\" content=\"2 minutos\" \/>\n<script type=\"application\/ld+json\" class=\"yoast-schema-graph\">{\"@context\":\"https:\/\/schema.org\",\"@graph\":[{\"@type\":\"Article\",\"@id\":\"https:\/\/infoecos.com.ar\/index.php\/la-ley-que-prohibe-la-re-reeleccion-de-los-intendentes-en-la-provincia-de-buenos-aires-podria-caerse\/#article\",\"isPartOf\":{\"@id\":\"https:\/\/infoecos.com.ar\/index.php\/la-ley-que-prohibe-la-re-reeleccion-de-los-intendentes-en-la-provincia-de-buenos-aires-podria-caerse\/\"},\"author\":{\"name\":\"Jorge Matheus\",\"@id\":\"https:\/\/infoecos.com.ar\/#\/schema\/person\/8f5ace5ce73b4b4aac4b7245aee6f191\"},\"headline\":\"La ley que proh\u00edbe la re-reelecci\u00f3n de los intendentes en la provincia de Buenos Aires podr\u00eda caerse\",\"datePublished\":\"2020-11-04T21:09:50+00:00\",\"dateModified\":\"2020-11-04T21:10:11+00:00\",\"mainEntityOfPage\":{\"@id\":\"https:\/\/infoecos.com.ar\/index.php\/la-ley-que-prohibe-la-re-reeleccion-de-los-intendentes-en-la-provincia-de-buenos-aires-podria-caerse\/\"},\"wordCount\":334,\"publisher\":{\"@id\":\"https:\/\/infoecos.com.ar\/#organization\"},\"image\":{\"@id\":\"https:\/\/infoecos.com.ar\/index.php\/la-ley-que-prohibe-la-re-reeleccion-de-los-intendentes-en-la-provincia-de-buenos-aires-podria-caerse\/#primaryimage\"},\"thumbnailUrl\":\"\",\"keywords\":[\"MARCHA ATR\u00c1S ?\"],\"articleSection\":[\"C2 nota 1\"],\"inLanguage\":\"es\"},{\"@type\":\"WebPage\",\"@id\":\"https:\/\/infoecos.com.ar\/index.php\/la-ley-que-prohibe-la-re-reeleccion-de-los-intendentes-en-la-provincia-de-buenos-aires-podria-caerse\/\",\"url\":\"https:\/\/infoecos.com.ar\/index.php\/la-ley-que-prohibe-la-re-reeleccion-de-los-intendentes-en-la-provincia-de-buenos-aires-podria-caerse\/\",\"name\":\"La ley que proh\u00edbe la re-reelecci\u00f3n de los intendentes en la provincia de Buenos Aires podr\u00eda caerse - Infoecos\",\"isPartOf\":{\"@id\":\"https:\/\/infoecos.com.ar\/#website\"},\"primaryImageOfPage\":{\"@id\":\"https:\/\/infoecos.com.ar\/index.php\/la-ley-que-prohibe-la-re-reeleccion-de-los-intendentes-en-la-provincia-de-buenos-aires-podria-caerse\/#primaryimage\"},\"image\":{\"@id\":\"https:\/\/infoecos.com.ar\/index.php\/la-ley-que-prohibe-la-re-reeleccion-de-los-intendentes-en-la-provincia-de-buenos-aires-podria-caerse\/#primaryimage\"},\"thumbnailUrl\":\"\",\"datePublished\":\"2020-11-04T21:09:50+00:00\",\"dateModified\":\"2020-11-04T21:10:11+00:00\",\"breadcrumb\":{\"@id\":\"https:\/\/infoecos.com.ar\/index.php\/la-ley-que-prohibe-la-re-reeleccion-de-los-intendentes-en-la-provincia-de-buenos-aires-podria-caerse\/#breadcrumb\"},\"inLanguage\":\"es\",\"potentialAction\":[{\"@type\":\"ReadAction\",\"target\":[\"https:\/\/infoecos.com.ar\/index.php\/la-ley-que-prohibe-la-re-reeleccion-de-los-intendentes-en-la-provincia-de-buenos-aires-podria-caerse\/\"]}]},{\"@type\":\"ImageObject\",\"inLanguage\":\"es\",\"@id\":\"https:\/\/infoecos.com.ar\/index.php\/la-ley-que-prohibe-la-re-reeleccion-de-los-intendentes-en-la-provincia-de-buenos-aires-podria-caerse\/#primaryimage\",\"url\":\"\",\"contentUrl\":\"\"},{\"@type\":\"BreadcrumbList\",\"@id\":\"https:\/\/infoecos.com.ar\/index.php\/la-ley-que-prohibe-la-re-reeleccion-de-los-intendentes-en-la-provincia-de-buenos-aires-podria-caerse\/#breadcrumb\",\"itemListElement\":[{\"@type\":\"ListItem\",\"position\":1,\"name\":\"Portada\",\"item\":\"https:\/\/infoecos.com.ar\/\"},{\"@type\":\"ListItem\",\"position\":2,\"name\":\"La ley que proh\u00edbe la re-reelecci\u00f3n de los intendentes en la provincia de Buenos Aires podr\u00eda caerse\"}]},{\"@type\":\"WebSite\",\"@id\":\"https:\/\/infoecos.com.ar\/#website\",\"url\":\"https:\/\/infoecos.com.ar\/\",\"name\":\"Infoecos\",\"description\":\"Noticias de trenque lauquen y la zona\",\"publisher\":{\"@id\":\"https:\/\/infoecos.com.ar\/#organization\"},\"alternateName\":\"Noticias\",\"potentialAction\":[{\"@type\":\"SearchAction\",\"target\":{\"@type\":\"EntryPoint\",\"urlTemplate\":\"https:\/\/infoecos.com.ar\/?s={search_term_string}\"},\"query-input\":{\"@type\":\"PropertyValueSpecification\",\"valueRequired\":true,\"valueName\":\"search_term_string\"}}],\"inLanguage\":\"es\"},{\"@type\":\"Organization\",\"@id\":\"https:\/\/infoecos.com.ar\/#organization\",\"name\":\"Infoecos\",\"alternateName\":\"Noticias\",\"url\":\"https:\/\/infoecos.com.ar\/\",\"logo\":{\"@type\":\"ImageObject\",\"inLanguage\":\"es\",\"@id\":\"https:\/\/infoecos.com.ar\/#\/schema\/logo\/image\/\",\"url\":\"https:\/\/infoecos.com.ar\/wp-content\/uploads\/2024\/03\/cropped-logo.png\",\"contentUrl\":\"https:\/\/infoecos.com.ar\/wp-content\/uploads\/2024\/03\/cropped-logo.png\",\"width\":374,\"height\":90,\"caption\":\"Infoecos\"},\"image\":{\"@id\":\"https:\/\/infoecos.com.ar\/#\/schema\/logo\/image\/\"},\"sameAs\":[\"https:\/\/www.facebook.com\/profile.php?id=100063200290284\",\"https:\/\/x.com\/infoecos\"]},{\"@type\":\"Person\",\"@id\":\"https:\/\/infoecos.com.ar\/#\/schema\/person\/8f5ace5ce73b4b4aac4b7245aee6f191\",\"name\":\"Jorge Matheus\",\"url\":\"https:\/\/infoecos.com.ar\/index.php\/author\/jomatheus\/\"}]}<\/script>\n<!-- \/ Yoast SEO plugin. -->","yoast_head_json":{"title":"La ley que proh\u00edbe la re-reelecci\u00f3n de los intendentes en la provincia de Buenos Aires podr\u00eda caerse - Infoecos","robots":{"index":"index","follow":"follow","max-snippet":"max-snippet:-1","max-image-preview":"max-image-preview:large","max-video-preview":"max-video-preview:-1"},"canonical":"https:\/\/infoecos.com.ar\/index.php\/la-ley-que-prohibe-la-re-reeleccion-de-los-intendentes-en-la-provincia-de-buenos-aires-podria-caerse\/","og_locale":"es_ES","og_type":"article","og_title":"La ley que proh\u00edbe la re-reelecci\u00f3n de los intendentes en la provincia de Buenos Aires podr\u00eda caerse - Infoecos","og_description":"M\u00e1s all\u00e1 de los \"dimes y diretes\" la Ley que est\u00e1 vigente no cuenta con respaldo suficiente, en la actualidad","og_url":"https:\/\/infoecos.com.ar\/index.php\/la-ley-que-prohibe-la-re-reeleccion-de-los-intendentes-en-la-provincia-de-buenos-aires-podria-caerse\/","og_site_name":"Infoecos","article_publisher":"https:\/\/www.facebook.com\/profile.php?id=100063200290284","article_published_time":"2020-11-04T21:09:50+00:00","article_modified_time":"2020-11-04T21:10:11+00:00","og_image":[{"width":1280,"height":720,"url":"https:\/\/infoecos.com.ar\/wp-content\/uploads\/59989c70cc08b.jpg","type":"image\/jpeg"}],"author":"Jorge Matheus","twitter_card":"summary_large_image","twitter_creator":"@infoecos","twitter_site":"@infoecos","twitter_misc":{"Escrito por":"Jorge Matheus","Tiempo de lectura":"2 minutos"},"schema":{"@context":"https:\/\/schema.org","@graph":[{"@type":"Article","@id":"https:\/\/infoecos.com.ar\/index.php\/la-ley-que-prohibe-la-re-reeleccion-de-los-intendentes-en-la-provincia-de-buenos-aires-podria-caerse\/#article","isPartOf":{"@id":"https:\/\/infoecos.com.ar\/index.php\/la-ley-que-prohibe-la-re-reeleccion-de-los-intendentes-en-la-provincia-de-buenos-aires-podria-caerse\/"},"author":{"name":"Jorge Matheus","@id":"https:\/\/infoecos.com.ar\/#\/schema\/person\/8f5ace5ce73b4b4aac4b7245aee6f191"},"headline":"La ley que proh\u00edbe la re-reelecci\u00f3n de los intendentes en la provincia de Buenos Aires podr\u00eda caerse","datePublished":"2020-11-04T21:09:50+00:00","dateModified":"2020-11-04T21:10:11+00:00","mainEntityOfPage":{"@id":"https:\/\/infoecos.com.ar\/index.php\/la-ley-que-prohibe-la-re-reeleccion-de-los-intendentes-en-la-provincia-de-buenos-aires-podria-caerse\/"},"wordCount":334,"publisher":{"@id":"https:\/\/infoecos.com.ar\/#organization"},"image":{"@id":"https:\/\/infoecos.com.ar\/index.php\/la-ley-que-prohibe-la-re-reeleccion-de-los-intendentes-en-la-provincia-de-buenos-aires-podria-caerse\/#primaryimage"},"thumbnailUrl":"","keywords":["MARCHA ATR\u00c1S ?"],"articleSection":["C2 nota 1"],"inLanguage":"es"},{"@type":"WebPage","@id":"https:\/\/infoecos.com.ar\/index.php\/la-ley-que-prohibe-la-re-reeleccion-de-los-intendentes-en-la-provincia-de-buenos-aires-podria-caerse\/","url":"https:\/\/infoecos.com.ar\/index.php\/la-ley-que-prohibe-la-re-reeleccion-de-los-intendentes-en-la-provincia-de-buenos-aires-podria-caerse\/","name":"La ley que proh\u00edbe la re-reelecci\u00f3n de los intendentes en la provincia de Buenos Aires podr\u00eda caerse - Infoecos","isPartOf":{"@id":"https:\/\/infoecos.com.ar\/#website"},"primaryImageOfPage":{"@id":"https:\/\/infoecos.com.ar\/index.php\/la-ley-que-prohibe-la-re-reeleccion-de-los-intendentes-en-la-provincia-de-buenos-aires-podria-caerse\/#primaryimage"},"image":{"@id":"https:\/\/infoecos.com.ar\/index.php\/la-ley-que-prohibe-la-re-reeleccion-de-los-intendentes-en-la-provincia-de-buenos-aires-podria-caerse\/#primaryimage"},"thumbnailUrl":"","datePublished":"2020-11-04T21:09:50+00:00","dateModified":"2020-11-04T21:10:11+00:00","breadcrumb":{"@id":"https:\/\/infoecos.com.ar\/index.php\/la-ley-que-prohibe-la-re-reeleccion-de-los-intendentes-en-la-provincia-de-buenos-aires-podria-caerse\/#breadcrumb"},"inLanguage":"es","potentialAction":[{"@type":"ReadAction","target":["https:\/\/infoecos.com.ar\/index.php\/la-ley-que-prohibe-la-re-reeleccion-de-los-intendentes-en-la-provincia-de-buenos-aires-podria-caerse\/"]}]},{"@type":"ImageObject","inLanguage":"es","@id":"https:\/\/infoecos.com.ar\/index.php\/la-ley-que-prohibe-la-re-reeleccion-de-los-intendentes-en-la-provincia-de-buenos-aires-podria-caerse\/#primaryimage","url":"","contentUrl":""},{"@type":"BreadcrumbList","@id":"https:\/\/infoecos.com.ar\/index.php\/la-ley-que-prohibe-la-re-reeleccion-de-los-intendentes-en-la-provincia-de-buenos-aires-podria-caerse\/#breadcrumb","itemListElement":[{"@type":"ListItem","position":1,"name":"Portada","item":"https:\/\/infoecos.com.ar\/"},{"@type":"ListItem","position":2,"name":"La ley que proh\u00edbe la re-reelecci\u00f3n de los intendentes en la provincia de Buenos Aires podr\u00eda caerse"}]},{"@type":"WebSite","@id":"https:\/\/infoecos.com.ar\/#website","url":"https:\/\/infoecos.com.ar\/","name":"Infoecos","description":"Noticias de trenque lauquen y la zona","publisher":{"@id":"https:\/\/infoecos.com.ar\/#organization"},"alternateName":"Noticias","potentialAction":[{"@type":"SearchAction","target":{"@type":"EntryPoint","urlTemplate":"https:\/\/infoecos.com.ar\/?s={search_term_string}"},"query-input":{"@type":"PropertyValueSpecification","valueRequired":true,"valueName":"search_term_string"}}],"inLanguage":"es"},{"@type":"Organization","@id":"https:\/\/infoecos.com.ar\/#organization","name":"Infoecos","alternateName":"Noticias","url":"https:\/\/infoecos.com.ar\/","logo":{"@type":"ImageObject","inLanguage":"es","@id":"https:\/\/infoecos.com.ar\/#\/schema\/logo\/image\/","url":"https:\/\/infoecos.com.ar\/wp-content\/uploads\/2024\/03\/cropped-logo.png","contentUrl":"https:\/\/infoecos.com.ar\/wp-content\/uploads\/2024\/03\/cropped-logo.png","width":374,"height":90,"caption":"Infoecos"},"image":{"@id":"https:\/\/infoecos.com.ar\/#\/schema\/logo\/image\/"},"sameAs":["https:\/\/www.facebook.com\/profile.php?id=100063200290284","https:\/\/x.com\/infoecos"]},{"@type":"Person","@id":"https:\/\/infoecos.com.ar\/#\/schema\/person\/8f5ace5ce73b4b4aac4b7245aee6f191","name":"Jorge Matheus","url":"https:\/\/infoecos.com.ar\/index.php\/author\/jomatheus\/"}]}},"featured_image_urls":{"full":"","thumbnail":"","medium":"","medium_large":"","large":"","1536x1536":"","2048x2048":"","covernews-slider-full":"","covernews-slider-center":"","covernews-featured":"","covernews-medium":"","covernews-medium-square":""},"author_info":{"info":["Jorge Matheus"]},"category_info":"<a href=\"https:\/\/infoecos.com.ar\/index.php\/category\/c2nota1\/\" rel=\"category tag\">C2 nota 1<\/a>","tag_info":"C2 nota 1","comment_count":"0","_links":{"self":[{"href":"https:\/\/infoecos.com.ar\/index.php\/wp-json\/wp\/v2\/posts\/70295"}],"collection":[{"href":"https:\/\/infoecos.com.ar\/index.php\/wp-json\/wp\/v2\/posts"}],"about":[{"href":"https:\/\/infoecos.com.ar\/index.php\/wp-json\/wp\/v2\/types\/post"}],"author":[{"embeddable":true,"href":"https:\/\/infoecos.com.ar\/index.php\/wp-json\/wp\/v2\/users\/2"}],"replies":[{"embeddable":true,"href":"https:\/\/infoecos.com.ar\/index.php\/wp-json\/wp\/v2\/comments?post=70295"}],"version-history":[{"count":2,"href":"https:\/\/infoecos.com.ar\/index.php\/wp-json\/wp\/v2\/posts\/70295\/revisions"}],"predecessor-version":[{"id":70297,"href":"https:\/\/infoecos.com.ar\/index.php\/wp-json\/wp\/v2\/posts\/70295\/revisions\/70297"}],"wp:featuredmedia":[{"embeddable":true,"href":"https:\/\/infoecos.com.ar\/index.php\/wp-json\/"}],"wp:attachment":[{"href":"https:\/\/infoecos.com.ar\/index.php\/wp-json\/wp\/v2\/media?parent=70295"}],"wp:term":[{"taxonomy":"category","embeddable":true,"href":"https:\/\/infoecos.com.ar\/index.php\/wp-json\/wp\/v2\/categories?post=70295"},{"taxonomy":"post_tag","embeddable":true,"href":"https:\/\/infoecos.com.ar\/index.php\/wp-json\/wp\/v2\/tags?post=70295"}],"curies":[{"name":"wp","href":"https:\/\/api.w.org\/{rel}","templated":true}]}}