{"id":70466,"date":"2020-11-13T15:49:35","date_gmt":"2020-11-13T18:49:35","guid":{"rendered":"http:\/\/infoecos.com.ar\/?p=70466"},"modified":"2020-11-13T15:49:41","modified_gmt":"2020-11-13T18:49:41","slug":"sigue-aumentando-el-numero-de-casos-activos-de-coronavirus-en-trenque-lauquen-este-viernes-se-reportaron-126","status":"publish","type":"post","link":"https:\/\/infoecos.com.ar\/index.php\/sigue-aumentando-el-numero-de-casos-activos-de-coronavirus-en-trenque-lauquen-este-viernes-se-reportaron-126\/","title":{"rendered":"Sigue aumentando el n\u00famero de casos activos de coronavirus en Trenque Lauquen: este viernes se reportaron 126"},"content":{"rendered":"\n<p class=\"wp-block-paragraph\">Diecinueve (19) nuevos casos confirmados de Covid-19 -por testeo 12 y siete (7) por nexo epidemiol\u00f3gico-, una (1) persona recuperada, 30 casos descartados y 66 casos sospechosos report\u00f3 este viernes la subsecretar\u00eda de Salud municipal de Trenque Lauquen, ascendiendo a 126 el n\u00famero de casos activos a la fecha.<\/p>\n\n\n\n<div class=\"wp-block-image\"><figure class=\"aligncenter size-medium\"><img loading=\"lazy\" decoding=\"async\" width=\"460\" height=\"460\" src=\"http:\/\/infoecos.com.ar\/wp-content\/uploads\/2020\/11\/reporteviernes-460x460.jpg\" alt=\"\" class=\"wp-image-70467\" srcset=\"https:\/\/infoecos.com.ar\/wp-content\/uploads\/2020\/11\/reporteviernes-460x460.jpg 460w, https:\/\/infoecos.com.ar\/wp-content\/uploads\/2020\/11\/reporteviernes-920x920.jpg 920w, https:\/\/infoecos.com.ar\/wp-content\/uploads\/2020\/11\/reporteviernes-150x150.jpg 150w, https:\/\/infoecos.com.ar\/wp-content\/uploads\/2020\/11\/reporteviernes-768x768.jpg 768w, https:\/\/infoecos.com.ar\/wp-content\/uploads\/2020\/11\/reporteviernes-1024x1024.jpg 1024w, https:\/\/infoecos.com.ar\/wp-content\/uploads\/2020\/11\/reporteviernes.jpg 1280w\" sizes=\"auto, (max-width: 460px) 100vw, 460px\" \/><\/figure><\/div>\n\n\n\n<p class=\"wp-block-paragraph\">De los 19 nuevos casos confirmados, 18 corresponden a ciudad cabecera y uno (1) a Treinta de Agosto, mientras que del total de 126 casos activos 117 pertenecen a Trenque Lauquen y nueve (9) a Treinta de Agosto.<\/p>\n\n\n\n<p class=\"wp-block-paragraph\">Ciento diecis\u00e9is (116) de los casos confirmados o activos se encuentran en sus domicilios particulares, seis (6) en el Hospital municipal y tres (3) en el Centro Extrahospitalario que funciona en el ex Hotel Pailla Hu\u00e9.<\/p>\n\n\n\n<p class=\"wp-block-paragraph\">La persona recuperada este viernes es de Trenque Lauquen y desde el comienzo de la pandemia 480 ya recibieron el alta.<br>Sumados los 30 casos descartados del viernes -29 de Trenque Lauquen y uno (1) de Treinta de Agosto-, son 1.263 los as\u00ed considerados una vez realizados los estudios.<\/p>\n\n\n\n<p class=\"wp-block-paragraph\">Hay 474 personas en aislamiento por contacto estrecho, 346 en la ciudad cabecera y 128 en Treinta de Agosto, y otras 63 en cuarentena, 50 en Trenque Lauquen y 13 en Treinta de Agosto. Desde el inicio de la pandemia hasta el d\u00eda de la fecha se han dado de alta a 4086 personas, 38 en las \u00faltimas 24 horas.<\/p>\n\n\n\n<p class=\"wp-block-paragraph\">Como lo hizo el jueves el intendente municipal, Miguel Fern\u00e1ndez, en la conferencia de prensa que brind\u00f3 para dar detalles de la situaci\u00f3n sanitaria del distrito con el aumento diario de casos que se viene produciendo en los \u00faltimos d\u00edas, desde el Departamento Ejecutivo municipal se hace fuerte hincapi\u00e9 en la necesidad de redoblar los cuidados y prevenciones, y se insta a la comunidad a respetar las normas y disposiciones de los gobiernos nacional, provincial y municipal para la contingencia que se est\u00e1 viviendo.<br>Y se insiste en la importancia del uso de tapabocas o barbijo, higiene de manos, no tocarse la cara, no compartir el mismo mate ni utensilios, no beber del mismo vaso o envase y mantener el distanciamiento social.<\/p>\n\n\n\n<p class=\"wp-block-paragraph\">Asimismo, se recuerda una vez m\u00e1s que toda persona que venga a Trenque Lauquen desde otros distritos, ciudades o provincias debe registrarse en la web municipal (https:\/\/www.trenquelauquen.gov.ar\/registroacceso\/) y comunicarse al tel\u00e9fono (2392) 41-5000 para ser orientada sobre los pasos a seguir.<\/p>\n\n\n\n<p class=\"wp-block-paragraph\">Adem\u00e1s, las autoridades sanitarias reiteran tambi\u00e9n que una vez que se define en el Hospital en qu\u00e9 condici\u00f3n se enmarca a cada persona (confirmado o activo, sospechoso, en aislamiento por contacto estrecho, en cuarentena, recuperado, descartado), y en los casos que corresponda, un integrante del equipo de Salud se encarga del seguimiento.<\/p>\n\n\n\n<p class=\"wp-block-paragraph\">\u2022 Casos confirmados hoy: 19<\/p>\n\n\n\n<ul class=\"wp-block-list\"><li>Por test 12:<\/li><li>Por nexo epidemiol\u00f3gico: 7<\/li><\/ul>\n\n\n\n<p class=\"wp-block-paragraph\">\u2022 Total casos activos: 126<br>. En Trenque Lauquen: 117<br>. En Treinta de Agosto: 9<\/p>\n\n\n\n<p class=\"wp-block-paragraph\">\u2022 Recuperados: 480<br>\u2022 Defunciones: 16<\/p>\n\n\n\n<p class=\"wp-block-paragraph\">\u2022 Casos sospechosos: 66<\/p>\n\n\n\n<ul class=\"wp-block-list\"><li>En Trenque Lauquen: 48<\/li><li>En Treinta de Agosto: 18<\/li><\/ul>\n\n\n\n<p class=\"wp-block-paragraph\">\u2022 Aislamiento por contacto estrecho:474<\/p>\n\n\n\n<ul class=\"wp-block-list\"><li>En Trenque Lauquen: 346<\/li><li>En Treinta de Agosto: 128<\/li><\/ul>\n\n\n\n<p class=\"wp-block-paragraph\">\u2022 Casos descartados: 1.263<\/p>\n\n\n\n<p class=\"wp-block-paragraph\">\u2022 Total de personas en cuarentena en el distrito: 63<\/p>\n\n\n\n<ul class=\"wp-block-list\"><li>En Trenque Lauquen y otras localidades: 50<\/li><li>En Treinta de Agosto: 13<\/li><\/ul>\n\n\n\n<p class=\"wp-block-paragraph\">\u2022 Personas dadas de alta de cuarentena: 4.086<\/p>\n\n\n\n<p class=\"wp-block-paragraph\">\u2022 L\u00ednea Telef\u00f3nica las 24 hs.<\/p>\n\n\n\n<ul class=\"wp-block-list\"><li>(02392) 41-5000.<\/li><\/ul>\n","protected":false},"excerpt":{"rendered":"<p>De los 19 nuevos casos confirmados, 18 corresponden a ciudad cabecera y uno (1) a Treinta de Agosto, mientras que del total de 126 casos activos 117 pertenecen a Trenque Lauquen y nueve (9) a Treinta de Agosto<\/p>\n","protected":false},"author":2,"featured_media":60374,"comment_status":"closed","ping_status":"open","sticky":false,"template":"","format":"standard","meta":{"footnotes":""},"categories":[1613],"tags":[156],"class_list":["post-70466","post","type-post","status-publish","format-standard","has-post-thumbnail","hentry","category-noticia-secundaria","tag-salud"],"featured_image_urls":{"full":["https:\/\/infoecos.com.ar\/wp-content\/uploads\/tl45guardiahospital-2.jpg",912,608,false],"thumbnail":["https:\/\/infoecos.com.ar\/wp-content\/uploads\/tl45guardiahospital-2-150x150.jpg",150,150,true],"medium":["https:\/\/infoecos.com.ar\/wp-content\/uploads\/tl45guardiahospital-2-460x307.jpg",460,307,true],"medium_large":["https:\/\/infoecos.com.ar\/wp-content\/uploads\/tl45guardiahospital-2-768x512.jpg",640,427,true],"large":["https:\/\/infoecos.com.ar\/wp-content\/uploads\/tl45guardiahospital-2.jpg",640,427,false],"1536x1536":["https:\/\/infoecos.com.ar\/wp-content\/uploads\/tl45guardiahospital-2.jpg",912,608,false],"2048x2048":["https:\/\/infoecos.com.ar\/wp-content\/uploads\/tl45guardiahospital-2.jpg",912,608,false],"covernews-slider-full":["https:\/\/infoecos.com.ar\/wp-content\/uploads\/tl45guardiahospital-2.jpg",912,608,false],"covernews-slider-center":["https:\/\/infoecos.com.ar\/wp-content\/uploads\/tl45guardiahospital-2.jpg",750,500,false],"covernews-featured":["https:\/\/infoecos.com.ar\/wp-content\/uploads\/tl45guardiahospital-2.jpg",912,608,false],"covernews-medium":["https:\/\/infoecos.com.ar\/wp-content\/uploads\/tl45guardiahospital-2-720x380.jpg",540,285,true],"covernews-medium-square":["https:\/\/infoecos.com.ar\/wp-content\/uploads\/tl45guardiahospital-2-675x450.jpg",375,250,true]},"author_info":{"info":["Jorge Matheus"]},"category_info":"<a href=\"https:\/\/infoecos.com.ar\/index.php\/category\/noticia-secundaria\/\" rel=\"category tag\">Noticia Secundaria<\/a>","tag_info":"Noticia Secundaria","comment_count":"0","_links":{"self":[{"href":"https:\/\/infoecos.com.ar\/index.php\/wp-json\/wp\/v2\/posts\/70466","targetHints":{"allow":["GET"]}}],"collection":[{"href":"https:\/\/infoecos.com.ar\/index.php\/wp-json\/wp\/v2\/posts"}],"about":[{"href":"https:\/\/infoecos.com.ar\/index.php\/wp-json\/wp\/v2\/types\/post"}],"author":[{"embeddable":true,"href":"https:\/\/infoecos.com.ar\/index.php\/wp-json\/wp\/v2\/users\/2"}],"replies":[{"embeddable":true,"href":"https:\/\/infoecos.com.ar\/index.php\/wp-json\/wp\/v2\/comments?post=70466"}],"version-history":[{"count":1,"href":"https:\/\/infoecos.com.ar\/index.php\/wp-json\/wp\/v2\/posts\/70466\/revisions"}],"predecessor-version":[{"id":70468,"href":"https:\/\/infoecos.com.ar\/index.php\/wp-json\/wp\/v2\/posts\/70466\/revisions\/70468"}],"wp:featuredmedia":[{"embeddable":true,"href":"https:\/\/infoecos.com.ar\/index.php\/wp-json\/wp\/v2\/media\/60374"}],"wp:attachment":[{"href":"https:\/\/infoecos.com.ar\/index.php\/wp-json\/wp\/v2\/media?parent=70466"}],"wp:term":[{"taxonomy":"category","embeddable":true,"href":"https:\/\/infoecos.com.ar\/index.php\/wp-json\/wp\/v2\/categories?post=70466"},{"taxonomy":"post_tag","embeddable":true,"href":"https:\/\/infoecos.com.ar\/index.php\/wp-json\/wp\/v2\/tags?post=70466"}],"curies":[{"name":"wp","href":"https:\/\/api.w.org\/{rel}","templated":true}]}}