{"id":70475,"date":"2020-11-13T19:16:12","date_gmt":"2020-11-13T22:16:12","guid":{"rendered":"http:\/\/infoecos.com.ar\/?p=70475"},"modified":"2020-11-13T19:16:17","modified_gmt":"2020-11-13T22:16:17","slug":"el-ministro-de-salud-gines-gonzalez-garcia-expone-en-diputados-sobre-la-ley-de-etiquetado-frontal-de-alimentos","status":"publish","type":"post","link":"https:\/\/infoecos.com.ar\/index.php\/el-ministro-de-salud-gines-gonzalez-garcia-expone-en-diputados-sobre-la-ley-de-etiquetado-frontal-de-alimentos\/","title":{"rendered":"El ministro de Salud, Gin\u00e9s Gonz\u00e1lez Garc\u00eda, expone en Diputados sobre la Ley de Etiquetado Frontal de Alimentos"},"content":{"rendered":"\n<p class=\"wp-block-paragraph\">Reuni\u00f3n conjunta de las comisiones de Legislaci\u00f3n General; Acci\u00f3n Social y Salud P\u00fablica; Defensa del Consumidor, del Usuario y de la Competencia y de Industria.<\/p>\n\n\n\n<figure class=\"wp-block-embed-youtube wp-block-embed is-type-video is-provider-youtube wp-embed-aspect-4-3 wp-has-aspect-ratio\"><div class=\"wp-block-embed__wrapper\">\n<iframe loading=\"lazy\" title=\"DTV DIPUTADOS TELEVISI\u00d3N - en vivo las 24 hs.\" width=\"640\" height=\"480\" src=\"https:\/\/www.youtube.com\/embed\/3kjpQ0CAhAM?feature=oembed\" frameborder=\"0\" allow=\"accelerometer; autoplay; clipboard-write; encrypted-media; gyroscope; picture-in-picture; web-share\" referrerpolicy=\"strict-origin-when-cross-origin\" allowfullscreen><\/iframe>\n<\/div><\/figure>\n\n\n\n<p class=\"wp-block-paragraph\">Reuni\u00f3n conjunta de las comisiones de Legislaci\u00f3n General; Acci\u00f3n Social y Salud P\u00fablica; Defensa del Consumidor, del Usuario y de la Competencia y de Industria sobre el proyecto de ley en revisi\u00f3n de promoci\u00f3n de la alimentaci\u00f3n saludable, etiquetado informativo y visible y prohibici\u00f3n de publicidad de bebidas analcoh\u00f3licas envasadas que contengan sello de advertencia. Participar\u00e1 el ministro de Salud, Gin\u00e9s Gonz\u00e1lez Garc\u00eda, la secretaria de Comercio Interior, Paula Espa\u00f1ol, y funcionarios nacionales especialistas en la tem\u00e1tica.<\/p>\n","protected":false},"excerpt":{"rendered":"<p>Reuni\u00f3n conjunta de las comisiones de Legislaci\u00f3n General; Acci\u00f3n Social y Salud P\u00fablica; Defensa del&#8230;<\/p>\n","protected":false},"author":2,"featured_media":56616,"comment_status":"closed","ping_status":"open","sticky":false,"template":"","format":"standard","meta":{"footnotes":""},"categories":[1327,25,1328],"tags":[155],"class_list":["post-70475","post","type-post","status-publish","format-standard","has-post-thumbnail","hentry","category-audio","category-c3nota1","category-video","tag-politica"],"featured_image_urls":{"full":"","thumbnail":"","medium":"","medium_large":"","large":"","1536x1536":"","2048x2048":"","covernews-slider-full":"","covernews-slider-center":"","covernews-featured":"","covernews-medium":"","covernews-medium-square":""},"author_info":{"info":["Jorge Matheus"]},"category_info":"<a href=\"https:\/\/infoecos.com.ar\/index.php\/category\/audio\/\" rel=\"category tag\">Audio<\/a> <a href=\"https:\/\/infoecos.com.ar\/index.php\/category\/c3nota1\/\" rel=\"category tag\">C3 N1<\/a> <a href=\"https:\/\/infoecos.com.ar\/index.php\/category\/video\/\" rel=\"category tag\">Video<\/a>","tag_info":"Video","comment_count":"0","_links":{"self":[{"href":"https:\/\/infoecos.com.ar\/index.php\/wp-json\/wp\/v2\/posts\/70475","targetHints":{"allow":["GET"]}}],"collection":[{"href":"https:\/\/infoecos.com.ar\/index.php\/wp-json\/wp\/v2\/posts"}],"about":[{"href":"https:\/\/infoecos.com.ar\/index.php\/wp-json\/wp\/v2\/types\/post"}],"author":[{"embeddable":true,"href":"https:\/\/infoecos.com.ar\/index.php\/wp-json\/wp\/v2\/users\/2"}],"replies":[{"embeddable":true,"href":"https:\/\/infoecos.com.ar\/index.php\/wp-json\/wp\/v2\/comments?post=70475"}],"version-history":[{"count":1,"href":"https:\/\/infoecos.com.ar\/index.php\/wp-json\/wp\/v2\/posts\/70475\/revisions"}],"predecessor-version":[{"id":70476,"href":"https:\/\/infoecos.com.ar\/index.php\/wp-json\/wp\/v2\/posts\/70475\/revisions\/70476"}],"wp:attachment":[{"href":"https:\/\/infoecos.com.ar\/index.php\/wp-json\/wp\/v2\/media?parent=70475"}],"wp:term":[{"taxonomy":"category","embeddable":true,"href":"https:\/\/infoecos.com.ar\/index.php\/wp-json\/wp\/v2\/categories?post=70475"},{"taxonomy":"post_tag","embeddable":true,"href":"https:\/\/infoecos.com.ar\/index.php\/wp-json\/wp\/v2\/tags?post=70475"}],"curies":[{"name":"wp","href":"https:\/\/api.w.org\/{rel}","templated":true}]}}