{"id":70490,"date":"2020-11-17T00:13:07","date_gmt":"2020-11-17T03:13:07","guid":{"rendered":"http:\/\/infoecos.com.ar\/?p=70490"},"modified":"2020-11-17T00:13:16","modified_gmt":"2020-11-17T03:13:16","slug":"292-personas-murieron-y-7-893-fueron-reportadas-con-coronavirus-en-argentina-este-lunes","status":"publish","type":"post","link":"https:\/\/infoecos.com.ar\/index.php\/292-personas-murieron-y-7-893-fueron-reportadas-con-coronavirus-en-argentina-este-lunes\/","title":{"rendered":"292 personas murieron y 7.893 fueron reportadas con coronavirus, en Argentina, este lunes"},"content":{"rendered":"\n<p class=\"wp-block-paragraph\">Otras 292 personas murieron y 7.893 fueron reportadas con coronavirus en las \u00faltimas 24 horas en la Argentina, con lo que suman 35.727 los fallecidos registrados oficialmente a nivel nacional y 1.318.384 los contagiados desde el inicio de la pandemia, inform\u00f3 este lunes el Ministerio de Salud.<\/p>\n\n\n\n<div class=\"wp-block-image\"><figure class=\"aligncenter size-medium\"><img loading=\"lazy\" decoding=\"async\" width=\"460\" height=\"259\" src=\"http:\/\/infoecos.com.ar\/wp-content\/uploads\/5f2c87e8c0168-460x259.jpg\" alt=\"\" class=\"wp-image-65685\" srcset=\"https:\/\/infoecos.com.ar\/wp-content\/uploads\/5f2c87e8c0168-460x259.jpg 460w, https:\/\/infoecos.com.ar\/wp-content\/uploads\/5f2c87e8c0168-768x433.jpg 768w, https:\/\/infoecos.com.ar\/wp-content\/uploads\/5f2c87e8c0168.jpg 900w\" sizes=\"auto, (max-width: 460px) 100vw, 460px\" \/><\/figure><\/div>\n\n\n\n<p class=\"wp-block-paragraph\">La cartera sanitaria indic\u00f3 que son 4.322 los internados en unidades de terapia intensiva, con un porcentaje de ocupaci\u00f3n de camas de adultos de 58,2% en el pa\u00eds y del 59,7% en la \u00c1rea Metropolitana Buenos Aires (AMBA).<\/p>\n\n\n\n<p class=\"wp-block-paragraph\">Un 32,59% (2.573 personas) de los infectados de este lunes (7.893) corresponden a la Ciudad y a la Provincia de Buenos Aires.<\/p>\n\n\n\n<p class=\"wp-block-paragraph\">De los 1.318.384 contagiados, el 86,48% (1.140.196) recibi\u00f3 el alta.<\/p>\n","protected":false},"excerpt":{"rendered":"<p>La cartera sanitaria indic\u00f3 que son 4.322 los internados en unidades de terapia intensiva, con un porcentaje de ocupaci\u00f3n de camas de adultos de 58,2% en el pa\u00eds y del 59,7% en la \u00c1rea Metropolitana Buenos Aires (AMBA)<\/p>\n","protected":false},"author":2,"featured_media":65618,"comment_status":"closed","ping_status":"open","sticky":false,"template":"","format":"standard","meta":{"footnotes":""},"categories":[29],"tags":[156],"class_list":["post-70490","post","type-post","status-publish","format-standard","has-post-thumbnail","hentry","category-c2nota1","tag-salud"],"featured_image_urls":{"full":["https:\/\/infoecos.com.ar\/wp-content\/uploads\/5e92ef0d35853_1004x565.jpg",1004,565,false],"thumbnail":["https:\/\/infoecos.com.ar\/wp-content\/uploads\/5e92ef0d35853_1004x565-150x150.jpg",150,150,true],"medium":["https:\/\/infoecos.com.ar\/wp-content\/uploads\/5e92ef0d35853_1004x565-460x259.jpg",460,259,true],"medium_large":["https:\/\/infoecos.com.ar\/wp-content\/uploads\/5e92ef0d35853_1004x565-768x432.jpg",640,360,true],"large":["https:\/\/infoecos.com.ar\/wp-content\/uploads\/5e92ef0d35853_1004x565-920x518.jpg",640,360,true],"1536x1536":["https:\/\/infoecos.com.ar\/wp-content\/uploads\/5e92ef0d35853_1004x565.jpg",1004,565,false],"2048x2048":["https:\/\/infoecos.com.ar\/wp-content\/uploads\/5e92ef0d35853_1004x565.jpg",1004,565,false],"covernews-slider-full":["https:\/\/infoecos.com.ar\/wp-content\/uploads\/5e92ef0d35853_1004x565.jpg",1004,565,false],"covernews-slider-center":["https:\/\/infoecos.com.ar\/wp-content\/uploads\/5e92ef0d35853_1004x565-936x565.jpg",800,483,true],"covernews-featured":["https:\/\/infoecos.com.ar\/wp-content\/uploads\/5e92ef0d35853_1004x565.jpg",1004,565,false],"covernews-medium":["https:\/\/infoecos.com.ar\/wp-content\/uploads\/5e92ef0d35853_1004x565-720x380.jpg",540,285,true],"covernews-medium-square":["https:\/\/infoecos.com.ar\/wp-content\/uploads\/5e92ef0d35853_1004x565-675x450.jpg",375,250,true]},"author_info":{"info":["Jorge Matheus"]},"category_info":"<a href=\"https:\/\/infoecos.com.ar\/index.php\/category\/c2nota1\/\" rel=\"category tag\">C2 nota 1<\/a>","tag_info":"C2 nota 1","comment_count":"0","_links":{"self":[{"href":"https:\/\/infoecos.com.ar\/index.php\/wp-json\/wp\/v2\/posts\/70490","targetHints":{"allow":["GET"]}}],"collection":[{"href":"https:\/\/infoecos.com.ar\/index.php\/wp-json\/wp\/v2\/posts"}],"about":[{"href":"https:\/\/infoecos.com.ar\/index.php\/wp-json\/wp\/v2\/types\/post"}],"author":[{"embeddable":true,"href":"https:\/\/infoecos.com.ar\/index.php\/wp-json\/wp\/v2\/users\/2"}],"replies":[{"embeddable":true,"href":"https:\/\/infoecos.com.ar\/index.php\/wp-json\/wp\/v2\/comments?post=70490"}],"version-history":[{"count":1,"href":"https:\/\/infoecos.com.ar\/index.php\/wp-json\/wp\/v2\/posts\/70490\/revisions"}],"predecessor-version":[{"id":70491,"href":"https:\/\/infoecos.com.ar\/index.php\/wp-json\/wp\/v2\/posts\/70490\/revisions\/70491"}],"wp:featuredmedia":[{"embeddable":true,"href":"https:\/\/infoecos.com.ar\/index.php\/wp-json\/wp\/v2\/media\/65618"}],"wp:attachment":[{"href":"https:\/\/infoecos.com.ar\/index.php\/wp-json\/wp\/v2\/media?parent=70490"}],"wp:term":[{"taxonomy":"category","embeddable":true,"href":"https:\/\/infoecos.com.ar\/index.php\/wp-json\/wp\/v2\/categories?post=70490"},{"taxonomy":"post_tag","embeddable":true,"href":"https:\/\/infoecos.com.ar\/index.php\/wp-json\/wp\/v2\/tags?post=70490"}],"curies":[{"name":"wp","href":"https:\/\/api.w.org\/{rel}","templated":true}]}}