{"id":70513,"date":"2020-11-17T04:03:38","date_gmt":"2020-11-17T07:03:38","guid":{"rendered":"http:\/\/infoecos.com.ar\/?p=70513"},"modified":"2020-11-17T04:05:48","modified_gmt":"2020-11-17T07:05:48","slug":"zurro-entrego-un-movil-a-la-delegacion-municipal-de-madero-y-un-subsidio-al-centro-de-jubilados-y-pensionados","status":"publish","type":"post","link":"https:\/\/infoecos.com.ar\/index.php\/zurro-entrego-un-movil-a-la-delegacion-municipal-de-madero-y-un-subsidio-al-centro-de-jubilados-y-pensionados\/","title":{"rendered":"Zurro entreg\u00f3 un m\u00f3vil a la delegaci\u00f3n municipal de Madero, y un subsidio al Centro de Jubilados y Pensionados"},"content":{"rendered":"\n<p class=\"wp-block-paragraph\">Junto al Delegado Municipal de Francisco Madero, Sr. Franco Pirani, el intendente de Pehuaj\u00f3 recorri\u00f3 la localidad y present\u00f3 el m\u00f3vil que ser\u00e1 destinado al traslado de vecinas y vecinos que necesiten realizarse estudios o acceder a consultas m\u00e9dicas&nbsp; en la ciudad cabecera.&nbsp;<\/p>\n\n\n\n<div class=\"wp-block-image\"><figure class=\"aligncenter size-medium\"><img loading=\"lazy\" decoding=\"async\" width=\"460\" height=\"306\" src=\"http:\/\/infoecos.com.ar\/wp-content\/uploads\/2020\/11\/WhatsApp-Image-2020-11-12-at-13.01.29-460x306.jpeg\" alt=\"\" class=\"wp-image-70514\" srcset=\"https:\/\/infoecos.com.ar\/wp-content\/uploads\/2020\/11\/WhatsApp-Image-2020-11-12-at-13.01.29-460x306.jpeg 460w, https:\/\/infoecos.com.ar\/wp-content\/uploads\/2020\/11\/WhatsApp-Image-2020-11-12-at-13.01.29.jpeg 640w\" sizes=\"auto, (max-width: 460px) 100vw, 460px\" \/><\/figure><\/div>\n\n\n\n<p class=\"wp-block-paragraph\">Franco Pirani, Delegado de la localidad explic\u00f3: \u00abRecibimos un nuevo m\u00f3vil para nuestra dependencia, el cual&nbsp; va a&nbsp; ser utilizado para el transporte de pasajeros a la ciudad de Pehuaj\u00f3, que requieran tratamientos y\/o turnos programados al hospital publico \u00abJuan Carlos Aramburu\u00bb. Este servicio dar\u00e1 inicio cuando la actividad sea permitida, ya que debido a la pandemia NO ser\u00e1 de inmediato. Estamos muy contentos y muy agradecidos con el se\u00f1or Intendente Pablo Javier Zurro y todo su equipo de trabajo por disponer este m\u00f3vil al servicio nuestra comunidad\u00bb.<\/p>\n\n\n\n<p class=\"wp-block-paragraph\">Otro de los motivos por los que el Intendente pehuajense arribara a la localidad fue la reuni\u00f3n llevada a cabo con las y los integrantes del Centro de Jubilados y Pensionados de esa localidad, en el marco de la entrega de un subsidio para el sostenimiento de los gastos corrientes, junto al Director de PAMI Pehuaj\u00f3, Sr. Mateo Rossi.<\/p>\n","protected":false},"excerpt":{"rendered":"<p>El m\u00f3vil que ser\u00e1 destinado al traslado de vecinas y vecinos que necesiten realizarse estudios o acceder a consultas m\u00e9dicas  en la ciudad cabecera<\/p>\n","protected":false},"author":2,"featured_media":70515,"comment_status":"closed","ping_status":"open","sticky":false,"template":"","format":"standard","meta":{"footnotes":""},"categories":[47],"tags":[],"class_list":["post-70513","post","type-post","status-publish","format-standard","has-post-thumbnail","hentry","category-c3nota2"],"featured_image_urls":{"full":["https:\/\/infoecos.com.ar\/wp-content\/uploads\/2020\/11\/WhatsApp-Image-2020-11-12-at-13.01.29-1.jpeg",640,426,false],"thumbnail":["https:\/\/infoecos.com.ar\/wp-content\/uploads\/2020\/11\/WhatsApp-Image-2020-11-12-at-13.01.29-1-150x150.jpeg",150,150,true],"medium":["https:\/\/infoecos.com.ar\/wp-content\/uploads\/2020\/11\/WhatsApp-Image-2020-11-12-at-13.01.29-1-460x306.jpeg",460,306,true],"medium_large":["https:\/\/infoecos.com.ar\/wp-content\/uploads\/2020\/11\/WhatsApp-Image-2020-11-12-at-13.01.29-1.jpeg",640,426,false],"large":["https:\/\/infoecos.com.ar\/wp-content\/uploads\/2020\/11\/WhatsApp-Image-2020-11-12-at-13.01.29-1.jpeg",640,426,false],"1536x1536":["https:\/\/infoecos.com.ar\/wp-content\/uploads\/2020\/11\/WhatsApp-Image-2020-11-12-at-13.01.29-1.jpeg",640,426,false],"2048x2048":["https:\/\/infoecos.com.ar\/wp-content\/uploads\/2020\/11\/WhatsApp-Image-2020-11-12-at-13.01.29-1.jpeg",640,426,false],"covernews-slider-full":["https:\/\/infoecos.com.ar\/wp-content\/uploads\/2020\/11\/WhatsApp-Image-2020-11-12-at-13.01.29-1.jpeg",640,426,false],"covernews-slider-center":["https:\/\/infoecos.com.ar\/wp-content\/uploads\/2020\/11\/WhatsApp-Image-2020-11-12-at-13.01.29-1.jpeg",640,426,false],"covernews-featured":["https:\/\/infoecos.com.ar\/wp-content\/uploads\/2020\/11\/WhatsApp-Image-2020-11-12-at-13.01.29-1.jpeg",640,426,false],"covernews-medium":["https:\/\/infoecos.com.ar\/wp-content\/uploads\/2020\/11\/WhatsApp-Image-2020-11-12-at-13.01.29-1-640x380.jpeg",540,321,true],"covernews-medium-square":["https:\/\/infoecos.com.ar\/wp-content\/uploads\/2020\/11\/WhatsApp-Image-2020-11-12-at-13.01.29-1.jpeg",376,250,false]},"author_info":{"info":["Jorge Matheus"]},"category_info":"<a href=\"https:\/\/infoecos.com.ar\/index.php\/category\/c3nota2\/\" rel=\"category tag\">C3 N2<\/a>","tag_info":"C3 N2","comment_count":"0","_links":{"self":[{"href":"https:\/\/infoecos.com.ar\/index.php\/wp-json\/wp\/v2\/posts\/70513","targetHints":{"allow":["GET"]}}],"collection":[{"href":"https:\/\/infoecos.com.ar\/index.php\/wp-json\/wp\/v2\/posts"}],"about":[{"href":"https:\/\/infoecos.com.ar\/index.php\/wp-json\/wp\/v2\/types\/post"}],"author":[{"embeddable":true,"href":"https:\/\/infoecos.com.ar\/index.php\/wp-json\/wp\/v2\/users\/2"}],"replies":[{"embeddable":true,"href":"https:\/\/infoecos.com.ar\/index.php\/wp-json\/wp\/v2\/comments?post=70513"}],"version-history":[{"count":2,"href":"https:\/\/infoecos.com.ar\/index.php\/wp-json\/wp\/v2\/posts\/70513\/revisions"}],"predecessor-version":[{"id":70517,"href":"https:\/\/infoecos.com.ar\/index.php\/wp-json\/wp\/v2\/posts\/70513\/revisions\/70517"}],"wp:featuredmedia":[{"embeddable":true,"href":"https:\/\/infoecos.com.ar\/index.php\/wp-json\/wp\/v2\/media\/70515"}],"wp:attachment":[{"href":"https:\/\/infoecos.com.ar\/index.php\/wp-json\/wp\/v2\/media?parent=70513"}],"wp:term":[{"taxonomy":"category","embeddable":true,"href":"https:\/\/infoecos.com.ar\/index.php\/wp-json\/wp\/v2\/categories?post=70513"},{"taxonomy":"post_tag","embeddable":true,"href":"https:\/\/infoecos.com.ar\/index.php\/wp-json\/wp\/v2\/tags?post=70513"}],"curies":[{"name":"wp","href":"https:\/\/api.w.org\/{rel}","templated":true}]}}