{"id":70535,"date":"2020-11-17T14:19:05","date_gmt":"2020-11-17T17:19:05","guid":{"rendered":"http:\/\/infoecos.com.ar\/?p=70535"},"modified":"2020-11-17T17:45:13","modified_gmt":"2020-11-17T20:45:13","slug":"quienes-estan-autorizados-a-usar-el-transporte-de-larga-distancia","status":"publish","type":"post","link":"https:\/\/infoecos.com.ar\/index.php\/quienes-estan-autorizados-a-usar-el-transporte-de-larga-distancia\/","title":{"rendered":"Qui\u00e9nes est\u00e1n autorizados a usar el transporte de larga distancia"},"content":{"rendered":"\n<p class=\"wp-block-paragraph\">El Gobierno nacional habilit\u00f3 la utilizaci\u00f3n del servicio p\u00fablico de transporte de pasajeros de larga distancia \u2013interurbano e interjurisdiccional\u2013, ya sea por v\u00eda terrestre, ferroviaria o a\u00e9rea para las personas que desarrollen actividades ya aprobadas en el contexto del aislamiento y distanciamiento establecido por la pandemia del coronavirus.<\/p>\n\n\n\n<div class=\"wp-block-image\"><figure class=\"aligncenter size-medium\"><img loading=\"lazy\" decoding=\"async\" width=\"460\" height=\"259\" src=\"http:\/\/infoecos.com.ar\/wp-content\/uploads\/2020\/11\/microsld-460x259.jpg\" alt=\"\" class=\"wp-image-70536\" srcset=\"https:\/\/infoecos.com.ar\/wp-content\/uploads\/2020\/11\/microsld-460x259.jpg 460w, https:\/\/infoecos.com.ar\/wp-content\/uploads\/2020\/11\/microsld-920x518.jpg 920w, https:\/\/infoecos.com.ar\/wp-content\/uploads\/2020\/11\/microsld-768x432.jpg 768w, https:\/\/infoecos.com.ar\/wp-content\/uploads\/2020\/11\/microsld.jpg 1004w\" sizes=\"auto, (max-width: 460px) 100vw, 460px\" \/><\/figure><\/div>\n\n\n\n<p class=\"wp-block-paragraph\">As\u00ed se dispuso a trav\u00e9s de la Decisi\u00f3n Administrativa 2057\/2020, publicada en el Bolet\u00edn Oficial, que lleva la firma del jefe de Gabinete, Santiago Cafiero; y del ministro de Salud, Gin\u00e9s Gonz\u00e1lez Garc\u00eda.<\/p>\n\n\n\n<p class=\"wp-block-paragraph\">El permiso aclara que \u00abla autorizaci\u00f3n es otorgada al solo efecto de realizar las actividades autorizadas, debiendo limitarse la utilizaci\u00f3n del transporte de larga distancia estrictamente a dichos fines\u00bb.<\/p>\n\n\n\n<p class=\"wp-block-paragraph\">No obstante, \u00abse recomienda evitar su uso cuando existieran medios alternativos para el desplazamiento\u00bb, indica el texto.<\/p>\n\n\n\n<p class=\"wp-block-paragraph\">En tanto, el uso de los medios de transporte descriptos se realizar\u00e1n de conformidad con los protocolos oportunamente aprobados por la autoridad sanitaria nacional.<\/p>\n\n\n\n<p class=\"wp-block-paragraph\">Asimismo, las personas alcanzadas por la presente medida, deber\u00e1n tramitar el \u201cCertificado \u00danico Habilitante para Circulaci\u00f3n &#8211; Emergencia Covid-19\u201d.<\/p>\n\n\n\n<p class=\"wp-block-paragraph\"><strong>Fuente: telam.com.ar<\/strong><\/p>\n","protected":false},"excerpt":{"rendered":"<p>As\u00ed se dispuso a trav\u00e9s de la Decisi\u00f3n Administrativa 2057\/2020, publicada en el Bolet\u00edn Oficial, que lleva la firma del jefe de Gabinete, Santiago Cafiero; y del ministro de Salud, Gin\u00e9s Gonz\u00e1lez Garc\u00ed<\/p>\n","protected":false},"author":2,"featured_media":70536,"comment_status":"closed","ping_status":"open","sticky":false,"template":"","format":"standard","meta":{"footnotes":""},"categories":[29],"tags":[2350],"class_list":["post-70535","post","type-post","status-publish","format-standard","has-post-thumbnail","hentry","category-c2nota1","tag-excepciones"],"featured_image_urls":{"full":["https:\/\/infoecos.com.ar\/wp-content\/uploads\/2020\/11\/microsld.jpg",1004,565,false],"thumbnail":["https:\/\/infoecos.com.ar\/wp-content\/uploads\/2020\/11\/microsld-150x150.jpg",150,150,true],"medium":["https:\/\/infoecos.com.ar\/wp-content\/uploads\/2020\/11\/microsld-460x259.jpg",460,259,true],"medium_large":["https:\/\/infoecos.com.ar\/wp-content\/uploads\/2020\/11\/microsld-768x432.jpg",640,360,true],"large":["https:\/\/infoecos.com.ar\/wp-content\/uploads\/2020\/11\/microsld-920x518.jpg",640,360,true],"1536x1536":["https:\/\/infoecos.com.ar\/wp-content\/uploads\/2020\/11\/microsld.jpg",1004,565,false],"2048x2048":["https:\/\/infoecos.com.ar\/wp-content\/uploads\/2020\/11\/microsld.jpg",1004,565,false],"covernews-slider-full":["https:\/\/infoecos.com.ar\/wp-content\/uploads\/2020\/11\/microsld.jpg",1004,565,false],"covernews-slider-center":["https:\/\/infoecos.com.ar\/wp-content\/uploads\/2020\/11\/microsld-936x565.jpg",800,483,true],"covernews-featured":["https:\/\/infoecos.com.ar\/wp-content\/uploads\/2020\/11\/microsld.jpg",1004,565,false],"covernews-medium":["https:\/\/infoecos.com.ar\/wp-content\/uploads\/2020\/11\/microsld-720x380.jpg",540,285,true],"covernews-medium-square":["https:\/\/infoecos.com.ar\/wp-content\/uploads\/2020\/11\/microsld-675x450.jpg",375,250,true]},"author_info":{"info":["Jorge Matheus"]},"category_info":"<a href=\"https:\/\/infoecos.com.ar\/index.php\/category\/c2nota1\/\" rel=\"category tag\">C2 nota 1<\/a>","tag_info":"C2 nota 1","comment_count":"0","_links":{"self":[{"href":"https:\/\/infoecos.com.ar\/index.php\/wp-json\/wp\/v2\/posts\/70535","targetHints":{"allow":["GET"]}}],"collection":[{"href":"https:\/\/infoecos.com.ar\/index.php\/wp-json\/wp\/v2\/posts"}],"about":[{"href":"https:\/\/infoecos.com.ar\/index.php\/wp-json\/wp\/v2\/types\/post"}],"author":[{"embeddable":true,"href":"https:\/\/infoecos.com.ar\/index.php\/wp-json\/wp\/v2\/users\/2"}],"replies":[{"embeddable":true,"href":"https:\/\/infoecos.com.ar\/index.php\/wp-json\/wp\/v2\/comments?post=70535"}],"version-history":[{"count":2,"href":"https:\/\/infoecos.com.ar\/index.php\/wp-json\/wp\/v2\/posts\/70535\/revisions"}],"predecessor-version":[{"id":70538,"href":"https:\/\/infoecos.com.ar\/index.php\/wp-json\/wp\/v2\/posts\/70535\/revisions\/70538"}],"wp:featuredmedia":[{"embeddable":true,"href":"https:\/\/infoecos.com.ar\/index.php\/wp-json\/wp\/v2\/media\/70536"}],"wp:attachment":[{"href":"https:\/\/infoecos.com.ar\/index.php\/wp-json\/wp\/v2\/media?parent=70535"}],"wp:term":[{"taxonomy":"category","embeddable":true,"href":"https:\/\/infoecos.com.ar\/index.php\/wp-json\/wp\/v2\/categories?post=70535"},{"taxonomy":"post_tag","embeddable":true,"href":"https:\/\/infoecos.com.ar\/index.php\/wp-json\/wp\/v2\/tags?post=70535"}],"curies":[{"name":"wp","href":"https:\/\/api.w.org\/{rel}","templated":true}]}}