{"id":70545,"date":"2020-11-17T18:34:43","date_gmt":"2020-11-17T21:34:43","guid":{"rendered":"http:\/\/infoecos.com.ar\/?p=70545"},"modified":"2020-11-17T18:34:57","modified_gmt":"2020-11-17T21:34:57","slug":"diputados-de-la-nacion-aprobo-el-proyecto-de-presupuesto-2021","status":"publish","type":"post","link":"https:\/\/infoecos.com.ar\/index.php\/diputados-de-la-nacion-aprobo-el-proyecto-de-presupuesto-2021\/","title":{"rendered":"Diputados de la Naci\u00f3n aprob\u00f3 el proyecto de Presupuesto 2021"},"content":{"rendered":"\n<p>La C\u00e1mara de Diputados de la Naci\u00f3n\u00a0convirti\u00f3 en ley el proyecto de<strong>\u00a0<\/strong>Presupuesto 2021, que volvi\u00f3 del Senado por cuestiones administrativas.<\/p>\n\n\n\n<p>El proyecto sancionado contempla para el a\u00f1o pr\u00f3ximo una\u00a0inflaci\u00f3n en torno al 29%, un\u00a0crecimiento de la econom\u00eda de 5,5%\u00a0y un\u00a0d\u00e9ficit fiscal del 4,5%. En tanto, se espera que la divisa estadounidense cierre hacia fin de a\u00f1o a un promedio de\u00a0$102,4<strong>.<\/strong><\/p>\n\n\n\n<div class=\"wp-block-image\"><figure class=\"aligncenter size-medium\"><img loading=\"lazy\" decoding=\"async\" width=\"460\" height=\"258\" src=\"http:\/\/infoecos.com.ar\/wp-content\/uploads\/2020\/11\/diputados-3-460x258.jpeg\" alt=\"\" class=\"wp-image-70546\" srcset=\"https:\/\/infoecos.com.ar\/wp-content\/uploads\/2020\/11\/diputados-3-460x258.jpeg 460w, https:\/\/infoecos.com.ar\/wp-content\/uploads\/2020\/11\/diputados-3.jpeg 600w\" sizes=\"(max-width: 460px) 100vw, 460px\" \/><\/figure><\/div>\n\n\n\n<p>El\u00a0Ministerio de Econom\u00eda\u00a0se manifest\u00f3 a trav\u00e9s de una publicaci\u00f3n en redes sociales, celebrando la iniciativa y detallando con un video los puntos m\u00e1s importantes del proyecto que obtuvo sanci\u00f3n definitiva este martes.\u00a0<\/p>\n\n\n\n<p>\u201cEl Presupuesto 2021 ya es ley. Conoc\u00e9 algunas de las acciones y pol\u00edticas p\u00fablicas que establece el Presupuesto 2021 para la recuperaci\u00f3n econ\u00f3mica, al mismo tiempo que se avanza en la direcci\u00f3n de ordenar las cuentas para que Argentina\u00a0se encamine hacia un sendero de estabilidad\u201d, escribieron desde el Ministerio de Econom\u00eda.<\/p>\n\n\n\n<p>Apuntaron al incremento de la obra p\u00fablica que est\u00e1 establecido como uno de los puntos fundamentales de la iniciativa. Tambi\u00e9n, mencionaron la suba presupuestaria para el \u00e1rea de Innovaci\u00f3n y Desarrollo, con becas, financiamiento para empresas y el impulso tecnol\u00f3gicos. Luego, destacaron las pol\u00edticas relacionadas a la Educaci\u00f3n y a la Conectividad, a la Salud P\u00fablica, la Inclusi\u00f3n Social y por \u00faltimo, un incremento de presupuesto para las \u00e1reas de G\u00e9nero y Diversidad, algo que representa un hecho hist\u00f3rico en el pa\u00eds.\u00a0<\/p>\n\n\n\n<p><\/p>\n","protected":false},"excerpt":{"rendered":"<p>El proyecto sancionado contempla para el a\u00f1o pr\u00f3ximo una inflaci\u00f3n en torno al 29%, un crecimiento de la econom\u00eda de 5,5% y un d\u00e9ficit fiscal del 4,5%<\/p>\n","protected":false},"author":2,"featured_media":70546,"comment_status":"closed","ping_status":"open","sticky":false,"template":"","format":"standard","meta":{"footnotes":""},"categories":[46],"tags":[1767],"class_list":["post-70545","post","type-post","status-publish","format-standard","has-post-thumbnail","hentry","category-c2nota2","tag-politica-y-economia-3"],"yoast_head":"<!-- This site is optimized with the Yoast SEO plugin v23.4 - https:\/\/yoast.com\/wordpress\/plugins\/seo\/ -->\n<title>Diputados de la Naci\u00f3n aprob\u00f3 el proyecto de Presupuesto 2021 - Infoecos<\/title>\n<meta name=\"robots\" content=\"index, follow, max-snippet:-1, max-image-preview:large, max-video-preview:-1\" \/>\n<link rel=\"canonical\" href=\"https:\/\/infoecos.com.ar\/index.php\/diputados-de-la-nacion-aprobo-el-proyecto-de-presupuesto-2021\/\" \/>\n<meta property=\"og:locale\" content=\"es_ES\" \/>\n<meta property=\"og:type\" content=\"article\" \/>\n<meta property=\"og:title\" content=\"Diputados de la Naci\u00f3n aprob\u00f3 el proyecto de Presupuesto 2021 - Infoecos\" \/>\n<meta property=\"og:description\" content=\"El proyecto sancionado contempla para el a\u00f1o pr\u00f3ximo una inflaci\u00f3n en torno al 29%, un crecimiento de la econom\u00eda de 5,5% y un d\u00e9ficit fiscal del 4,5%\" \/>\n<meta property=\"og:url\" content=\"https:\/\/infoecos.com.ar\/index.php\/diputados-de-la-nacion-aprobo-el-proyecto-de-presupuesto-2021\/\" \/>\n<meta property=\"og:site_name\" content=\"Infoecos\" \/>\n<meta property=\"article:publisher\" content=\"https:\/\/www.facebook.com\/profile.php?id=100063200290284\" \/>\n<meta property=\"article:published_time\" content=\"2020-11-17T21:34:43+00:00\" \/>\n<meta property=\"article:modified_time\" content=\"2020-11-17T21:34:57+00:00\" \/>\n<meta property=\"og:image\" content=\"https:\/\/infoecos.com.ar\/wp-content\/uploads\/2020\/11\/diputados-3.jpeg\" \/>\n\t<meta property=\"og:image:width\" content=\"600\" \/>\n\t<meta property=\"og:image:height\" content=\"337\" \/>\n\t<meta property=\"og:image:type\" content=\"image\/jpeg\" \/>\n<meta name=\"author\" content=\"Jorge Matheus\" \/>\n<meta name=\"twitter:card\" content=\"summary_large_image\" \/>\n<meta name=\"twitter:creator\" content=\"@infoecos\" \/>\n<meta name=\"twitter:site\" content=\"@infoecos\" \/>\n<meta name=\"twitter:label1\" content=\"Escrito por\" \/>\n\t<meta name=\"twitter:data1\" content=\"Jorge Matheus\" \/>\n\t<meta name=\"twitter:label2\" content=\"Tiempo de lectura\" \/>\n\t<meta name=\"twitter:data2\" content=\"1 minuto\" \/>\n<script type=\"application\/ld+json\" class=\"yoast-schema-graph\">{\"@context\":\"https:\/\/schema.org\",\"@graph\":[{\"@type\":\"Article\",\"@id\":\"https:\/\/infoecos.com.ar\/index.php\/diputados-de-la-nacion-aprobo-el-proyecto-de-presupuesto-2021\/#article\",\"isPartOf\":{\"@id\":\"https:\/\/infoecos.com.ar\/index.php\/diputados-de-la-nacion-aprobo-el-proyecto-de-presupuesto-2021\/\"},\"author\":{\"name\":\"Jorge Matheus\",\"@id\":\"https:\/\/infoecos.com.ar\/#\/schema\/person\/8f5ace5ce73b4b4aac4b7245aee6f191\"},\"headline\":\"Diputados de la Naci\u00f3n aprob\u00f3 el proyecto de Presupuesto 2021\",\"datePublished\":\"2020-11-17T21:34:43+00:00\",\"dateModified\":\"2020-11-17T21:34:57+00:00\",\"mainEntityOfPage\":{\"@id\":\"https:\/\/infoecos.com.ar\/index.php\/diputados-de-la-nacion-aprobo-el-proyecto-de-presupuesto-2021\/\"},\"wordCount\":268,\"publisher\":{\"@id\":\"https:\/\/infoecos.com.ar\/#organization\"},\"image\":{\"@id\":\"https:\/\/infoecos.com.ar\/index.php\/diputados-de-la-nacion-aprobo-el-proyecto-de-presupuesto-2021\/#primaryimage\"},\"thumbnailUrl\":\"https:\/\/infoecos.com.ar\/wp-content\/uploads\/2020\/11\/diputados-3.jpeg\",\"keywords\":[\"POL\u00cdTICA Y ECONOM\u00cdA\"],\"articleSection\":[\"C2 N2\"],\"inLanguage\":\"es\"},{\"@type\":\"WebPage\",\"@id\":\"https:\/\/infoecos.com.ar\/index.php\/diputados-de-la-nacion-aprobo-el-proyecto-de-presupuesto-2021\/\",\"url\":\"https:\/\/infoecos.com.ar\/index.php\/diputados-de-la-nacion-aprobo-el-proyecto-de-presupuesto-2021\/\",\"name\":\"Diputados de la Naci\u00f3n aprob\u00f3 el proyecto de Presupuesto 2021 - Infoecos\",\"isPartOf\":{\"@id\":\"https:\/\/infoecos.com.ar\/#website\"},\"primaryImageOfPage\":{\"@id\":\"https:\/\/infoecos.com.ar\/index.php\/diputados-de-la-nacion-aprobo-el-proyecto-de-presupuesto-2021\/#primaryimage\"},\"image\":{\"@id\":\"https:\/\/infoecos.com.ar\/index.php\/diputados-de-la-nacion-aprobo-el-proyecto-de-presupuesto-2021\/#primaryimage\"},\"thumbnailUrl\":\"https:\/\/infoecos.com.ar\/wp-content\/uploads\/2020\/11\/diputados-3.jpeg\",\"datePublished\":\"2020-11-17T21:34:43+00:00\",\"dateModified\":\"2020-11-17T21:34:57+00:00\",\"breadcrumb\":{\"@id\":\"https:\/\/infoecos.com.ar\/index.php\/diputados-de-la-nacion-aprobo-el-proyecto-de-presupuesto-2021\/#breadcrumb\"},\"inLanguage\":\"es\",\"potentialAction\":[{\"@type\":\"ReadAction\",\"target\":[\"https:\/\/infoecos.com.ar\/index.php\/diputados-de-la-nacion-aprobo-el-proyecto-de-presupuesto-2021\/\"]}]},{\"@type\":\"ImageObject\",\"inLanguage\":\"es\",\"@id\":\"https:\/\/infoecos.com.ar\/index.php\/diputados-de-la-nacion-aprobo-el-proyecto-de-presupuesto-2021\/#primaryimage\",\"url\":\"https:\/\/infoecos.com.ar\/wp-content\/uploads\/2020\/11\/diputados-3.jpeg\",\"contentUrl\":\"https:\/\/infoecos.com.ar\/wp-content\/uploads\/2020\/11\/diputados-3.jpeg\",\"width\":600,\"height\":337},{\"@type\":\"BreadcrumbList\",\"@id\":\"https:\/\/infoecos.com.ar\/index.php\/diputados-de-la-nacion-aprobo-el-proyecto-de-presupuesto-2021\/#breadcrumb\",\"itemListElement\":[{\"@type\":\"ListItem\",\"position\":1,\"name\":\"Portada\",\"item\":\"https:\/\/infoecos.com.ar\/\"},{\"@type\":\"ListItem\",\"position\":2,\"name\":\"Diputados de la Naci\u00f3n aprob\u00f3 el proyecto de Presupuesto 2021\"}]},{\"@type\":\"WebSite\",\"@id\":\"https:\/\/infoecos.com.ar\/#website\",\"url\":\"https:\/\/infoecos.com.ar\/\",\"name\":\"Infoecos\",\"description\":\"Noticias de trenque lauquen y la zona\",\"publisher\":{\"@id\":\"https:\/\/infoecos.com.ar\/#organization\"},\"alternateName\":\"Noticias\",\"potentialAction\":[{\"@type\":\"SearchAction\",\"target\":{\"@type\":\"EntryPoint\",\"urlTemplate\":\"https:\/\/infoecos.com.ar\/?s={search_term_string}\"},\"query-input\":{\"@type\":\"PropertyValueSpecification\",\"valueRequired\":true,\"valueName\":\"search_term_string\"}}],\"inLanguage\":\"es\"},{\"@type\":\"Organization\",\"@id\":\"https:\/\/infoecos.com.ar\/#organization\",\"name\":\"Infoecos\",\"alternateName\":\"Noticias\",\"url\":\"https:\/\/infoecos.com.ar\/\",\"logo\":{\"@type\":\"ImageObject\",\"inLanguage\":\"es\",\"@id\":\"https:\/\/infoecos.com.ar\/#\/schema\/logo\/image\/\",\"url\":\"https:\/\/infoecos.com.ar\/wp-content\/uploads\/2024\/03\/cropped-logo.png\",\"contentUrl\":\"https:\/\/infoecos.com.ar\/wp-content\/uploads\/2024\/03\/cropped-logo.png\",\"width\":374,\"height\":90,\"caption\":\"Infoecos\"},\"image\":{\"@id\":\"https:\/\/infoecos.com.ar\/#\/schema\/logo\/image\/\"},\"sameAs\":[\"https:\/\/www.facebook.com\/profile.php?id=100063200290284\",\"https:\/\/x.com\/infoecos\"]},{\"@type\":\"Person\",\"@id\":\"https:\/\/infoecos.com.ar\/#\/schema\/person\/8f5ace5ce73b4b4aac4b7245aee6f191\",\"name\":\"Jorge Matheus\",\"url\":\"https:\/\/infoecos.com.ar\/index.php\/author\/jomatheus\/\"}]}<\/script>\n<!-- \/ Yoast SEO plugin. -->","yoast_head_json":{"title":"Diputados de la Naci\u00f3n aprob\u00f3 el proyecto de Presupuesto 2021 - Infoecos","robots":{"index":"index","follow":"follow","max-snippet":"max-snippet:-1","max-image-preview":"max-image-preview:large","max-video-preview":"max-video-preview:-1"},"canonical":"https:\/\/infoecos.com.ar\/index.php\/diputados-de-la-nacion-aprobo-el-proyecto-de-presupuesto-2021\/","og_locale":"es_ES","og_type":"article","og_title":"Diputados de la Naci\u00f3n aprob\u00f3 el proyecto de Presupuesto 2021 - Infoecos","og_description":"El proyecto sancionado contempla para el a\u00f1o pr\u00f3ximo una inflaci\u00f3n en torno al 29%, un crecimiento de la econom\u00eda de 5,5% y un d\u00e9ficit fiscal del 4,5%","og_url":"https:\/\/infoecos.com.ar\/index.php\/diputados-de-la-nacion-aprobo-el-proyecto-de-presupuesto-2021\/","og_site_name":"Infoecos","article_publisher":"https:\/\/www.facebook.com\/profile.php?id=100063200290284","article_published_time":"2020-11-17T21:34:43+00:00","article_modified_time":"2020-11-17T21:34:57+00:00","og_image":[{"width":600,"height":337,"url":"https:\/\/infoecos.com.ar\/wp-content\/uploads\/2020\/11\/diputados-3.jpeg","type":"image\/jpeg"}],"author":"Jorge Matheus","twitter_card":"summary_large_image","twitter_creator":"@infoecos","twitter_site":"@infoecos","twitter_misc":{"Escrito por":"Jorge Matheus","Tiempo de lectura":"1 minuto"},"schema":{"@context":"https:\/\/schema.org","@graph":[{"@type":"Article","@id":"https:\/\/infoecos.com.ar\/index.php\/diputados-de-la-nacion-aprobo-el-proyecto-de-presupuesto-2021\/#article","isPartOf":{"@id":"https:\/\/infoecos.com.ar\/index.php\/diputados-de-la-nacion-aprobo-el-proyecto-de-presupuesto-2021\/"},"author":{"name":"Jorge Matheus","@id":"https:\/\/infoecos.com.ar\/#\/schema\/person\/8f5ace5ce73b4b4aac4b7245aee6f191"},"headline":"Diputados de la Naci\u00f3n aprob\u00f3 el proyecto de Presupuesto 2021","datePublished":"2020-11-17T21:34:43+00:00","dateModified":"2020-11-17T21:34:57+00:00","mainEntityOfPage":{"@id":"https:\/\/infoecos.com.ar\/index.php\/diputados-de-la-nacion-aprobo-el-proyecto-de-presupuesto-2021\/"},"wordCount":268,"publisher":{"@id":"https:\/\/infoecos.com.ar\/#organization"},"image":{"@id":"https:\/\/infoecos.com.ar\/index.php\/diputados-de-la-nacion-aprobo-el-proyecto-de-presupuesto-2021\/#primaryimage"},"thumbnailUrl":"https:\/\/infoecos.com.ar\/wp-content\/uploads\/2020\/11\/diputados-3.jpeg","keywords":["POL\u00cdTICA Y ECONOM\u00cdA"],"articleSection":["C2 N2"],"inLanguage":"es"},{"@type":"WebPage","@id":"https:\/\/infoecos.com.ar\/index.php\/diputados-de-la-nacion-aprobo-el-proyecto-de-presupuesto-2021\/","url":"https:\/\/infoecos.com.ar\/index.php\/diputados-de-la-nacion-aprobo-el-proyecto-de-presupuesto-2021\/","name":"Diputados de la Naci\u00f3n aprob\u00f3 el proyecto de Presupuesto 2021 - Infoecos","isPartOf":{"@id":"https:\/\/infoecos.com.ar\/#website"},"primaryImageOfPage":{"@id":"https:\/\/infoecos.com.ar\/index.php\/diputados-de-la-nacion-aprobo-el-proyecto-de-presupuesto-2021\/#primaryimage"},"image":{"@id":"https:\/\/infoecos.com.ar\/index.php\/diputados-de-la-nacion-aprobo-el-proyecto-de-presupuesto-2021\/#primaryimage"},"thumbnailUrl":"https:\/\/infoecos.com.ar\/wp-content\/uploads\/2020\/11\/diputados-3.jpeg","datePublished":"2020-11-17T21:34:43+00:00","dateModified":"2020-11-17T21:34:57+00:00","breadcrumb":{"@id":"https:\/\/infoecos.com.ar\/index.php\/diputados-de-la-nacion-aprobo-el-proyecto-de-presupuesto-2021\/#breadcrumb"},"inLanguage":"es","potentialAction":[{"@type":"ReadAction","target":["https:\/\/infoecos.com.ar\/index.php\/diputados-de-la-nacion-aprobo-el-proyecto-de-presupuesto-2021\/"]}]},{"@type":"ImageObject","inLanguage":"es","@id":"https:\/\/infoecos.com.ar\/index.php\/diputados-de-la-nacion-aprobo-el-proyecto-de-presupuesto-2021\/#primaryimage","url":"https:\/\/infoecos.com.ar\/wp-content\/uploads\/2020\/11\/diputados-3.jpeg","contentUrl":"https:\/\/infoecos.com.ar\/wp-content\/uploads\/2020\/11\/diputados-3.jpeg","width":600,"height":337},{"@type":"BreadcrumbList","@id":"https:\/\/infoecos.com.ar\/index.php\/diputados-de-la-nacion-aprobo-el-proyecto-de-presupuesto-2021\/#breadcrumb","itemListElement":[{"@type":"ListItem","position":1,"name":"Portada","item":"https:\/\/infoecos.com.ar\/"},{"@type":"ListItem","position":2,"name":"Diputados de la Naci\u00f3n aprob\u00f3 el proyecto de Presupuesto 2021"}]},{"@type":"WebSite","@id":"https:\/\/infoecos.com.ar\/#website","url":"https:\/\/infoecos.com.ar\/","name":"Infoecos","description":"Noticias de trenque lauquen y la zona","publisher":{"@id":"https:\/\/infoecos.com.ar\/#organization"},"alternateName":"Noticias","potentialAction":[{"@type":"SearchAction","target":{"@type":"EntryPoint","urlTemplate":"https:\/\/infoecos.com.ar\/?s={search_term_string}"},"query-input":{"@type":"PropertyValueSpecification","valueRequired":true,"valueName":"search_term_string"}}],"inLanguage":"es"},{"@type":"Organization","@id":"https:\/\/infoecos.com.ar\/#organization","name":"Infoecos","alternateName":"Noticias","url":"https:\/\/infoecos.com.ar\/","logo":{"@type":"ImageObject","inLanguage":"es","@id":"https:\/\/infoecos.com.ar\/#\/schema\/logo\/image\/","url":"https:\/\/infoecos.com.ar\/wp-content\/uploads\/2024\/03\/cropped-logo.png","contentUrl":"https:\/\/infoecos.com.ar\/wp-content\/uploads\/2024\/03\/cropped-logo.png","width":374,"height":90,"caption":"Infoecos"},"image":{"@id":"https:\/\/infoecos.com.ar\/#\/schema\/logo\/image\/"},"sameAs":["https:\/\/www.facebook.com\/profile.php?id=100063200290284","https:\/\/x.com\/infoecos"]},{"@type":"Person","@id":"https:\/\/infoecos.com.ar\/#\/schema\/person\/8f5ace5ce73b4b4aac4b7245aee6f191","name":"Jorge Matheus","url":"https:\/\/infoecos.com.ar\/index.php\/author\/jomatheus\/"}]}},"featured_image_urls":{"full":["https:\/\/infoecos.com.ar\/wp-content\/uploads\/2020\/11\/diputados-3.jpeg",600,337,false],"thumbnail":["https:\/\/infoecos.com.ar\/wp-content\/uploads\/2020\/11\/diputados-3-150x150.jpeg",150,150,true],"medium":["https:\/\/infoecos.com.ar\/wp-content\/uploads\/2020\/11\/diputados-3-460x258.jpeg",460,258,true],"medium_large":["https:\/\/infoecos.com.ar\/wp-content\/uploads\/2020\/11\/diputados-3.jpeg",600,337,false],"large":["https:\/\/infoecos.com.ar\/wp-content\/uploads\/2020\/11\/diputados-3.jpeg",600,337,false],"1536x1536":["https:\/\/infoecos.com.ar\/wp-content\/uploads\/2020\/11\/diputados-3.jpeg",600,337,false],"2048x2048":["https:\/\/infoecos.com.ar\/wp-content\/uploads\/2020\/11\/diputados-3.jpeg",600,337,false],"covernews-slider-full":["https:\/\/infoecos.com.ar\/wp-content\/uploads\/2020\/11\/diputados-3.jpeg",600,337,false],"covernews-slider-center":["https:\/\/infoecos.com.ar\/wp-content\/uploads\/2020\/11\/diputados-3.jpeg",600,337,false],"covernews-featured":["https:\/\/infoecos.com.ar\/wp-content\/uploads\/2020\/11\/diputados-3.jpeg",600,337,false],"covernews-medium":["https:\/\/infoecos.com.ar\/wp-content\/uploads\/2020\/11\/diputados-3.jpeg",540,303,false],"covernews-medium-square":["https:\/\/infoecos.com.ar\/wp-content\/uploads\/2020\/11\/diputados-3.jpeg",400,225,false]},"author_info":{"info":["Jorge Matheus"]},"category_info":"<a href=\"https:\/\/infoecos.com.ar\/index.php\/category\/c2nota2\/\" rel=\"category tag\">C2 N2<\/a>","tag_info":"C2 N2","comment_count":"0","_links":{"self":[{"href":"https:\/\/infoecos.com.ar\/index.php\/wp-json\/wp\/v2\/posts\/70545"}],"collection":[{"href":"https:\/\/infoecos.com.ar\/index.php\/wp-json\/wp\/v2\/posts"}],"about":[{"href":"https:\/\/infoecos.com.ar\/index.php\/wp-json\/wp\/v2\/types\/post"}],"author":[{"embeddable":true,"href":"https:\/\/infoecos.com.ar\/index.php\/wp-json\/wp\/v2\/users\/2"}],"replies":[{"embeddable":true,"href":"https:\/\/infoecos.com.ar\/index.php\/wp-json\/wp\/v2\/comments?post=70545"}],"version-history":[{"count":1,"href":"https:\/\/infoecos.com.ar\/index.php\/wp-json\/wp\/v2\/posts\/70545\/revisions"}],"predecessor-version":[{"id":70547,"href":"https:\/\/infoecos.com.ar\/index.php\/wp-json\/wp\/v2\/posts\/70545\/revisions\/70547"}],"wp:featuredmedia":[{"embeddable":true,"href":"https:\/\/infoecos.com.ar\/index.php\/wp-json\/wp\/v2\/media\/70546"}],"wp:attachment":[{"href":"https:\/\/infoecos.com.ar\/index.php\/wp-json\/wp\/v2\/media?parent=70545"}],"wp:term":[{"taxonomy":"category","embeddable":true,"href":"https:\/\/infoecos.com.ar\/index.php\/wp-json\/wp\/v2\/categories?post=70545"},{"taxonomy":"post_tag","embeddable":true,"href":"https:\/\/infoecos.com.ar\/index.php\/wp-json\/wp\/v2\/tags?post=70545"}],"curies":[{"name":"wp","href":"https:\/\/api.w.org\/{rel}","templated":true}]}}