{"id":70571,"date":"2020-11-18T17:31:17","date_gmt":"2020-11-18T20:31:17","guid":{"rendered":"http:\/\/infoecos.com.ar\/?p=70571"},"modified":"2020-11-18T17:31:22","modified_gmt":"2020-11-18T20:31:22","slug":"el-intendente-de-trenque-lauquen-miguel-fernandez-hablo-al-termino-de-la-reunion-que-mantuvo-con-sus-pares-de-juntos-por-el-cambio","status":"publish","type":"post","link":"https:\/\/infoecos.com.ar\/index.php\/el-intendente-de-trenque-lauquen-miguel-fernandez-hablo-al-termino-de-la-reunion-que-mantuvo-con-sus-pares-de-juntos-por-el-cambio\/","title":{"rendered":"El intendente de Trenque Lauquen, Miguel Fern\u00e1ndez, habl\u00f3 al t\u00e9rmino de la reuni\u00f3n que mantuvo con sus pares de Juntos por el Cambio"},"content":{"rendered":"\n<p>Los intendentes municipales de Juntos por el Cambio se reunieron, tal como lo hab\u00edan anticipado, en la ciudad de La Plata este mi\u00e9rcoles. El motivo del encuentro fue considerar los alcances del presupuesto 2021 de la provincia de Buenos Aires. La reuni\u00f3n se desarroll\u00f3 en el Club San Luis y no se abordaron cuestiones de car\u00e1cter electoral. De acuerdo a la informaci\u00f3n difundida por algunos medios platenses, al referirse a la distribuci\u00f3n de recursos para cada municipio consideraron que es discriminatoria y poco espec\u00edfica.<\/p>\n\n\n\n<div class=\"wp-block-image\"><figure class=\"aligncenter size-medium\"><img loading=\"lazy\" decoding=\"async\" width=\"460\" height=\"288\" src=\"http:\/\/infoecos.com.ar\/wp-content\/uploads\/2020\/11\/intendentejxc-460x288.jpeg\" alt=\"\" class=\"wp-image-70572\" srcset=\"https:\/\/infoecos.com.ar\/wp-content\/uploads\/2020\/11\/intendentejxc-460x288.jpeg 460w, https:\/\/infoecos.com.ar\/wp-content\/uploads\/2020\/11\/intendentejxc-920x575.jpeg 920w, https:\/\/infoecos.com.ar\/wp-content\/uploads\/2020\/11\/intendentejxc-768x480.jpeg 768w, https:\/\/infoecos.com.ar\/wp-content\/uploads\/2020\/11\/intendentejxc-1024x640.jpeg 1024w, https:\/\/infoecos.com.ar\/wp-content\/uploads\/2020\/11\/intendentejxc.jpeg 1280w\" sizes=\"(max-width: 460px) 100vw, 460px\" \/><\/figure><\/div>\n\n\n\n<p>El intendente de Trenque Lauquen, Miguel Fern\u00e1ndez, adelant\u00f3 que se est\u00e1 abriendo una instancia de negociaci\u00f3n para la aprobaci\u00f3n del Presupuesto. \u00abLa idea es avanzar en este entendimiento. Hay un largo camino por recorrer\u00bb, dijo al sitio latecla.info.<\/p>\n\n\n\n<p>\u00abEstamos tratando de conciliar las deudas de la Provincia, de ejecutar las obras, el criterio del CUD, que impacta terriblemente en los municipios. Es la agenda que no est\u00e1 cerrada y tenemos que abrir hacia 2021. Queremos ver las obras que los municipios van a ejecutar en los municipios\u00bb, agreg\u00f3.<\/p>\n\n\n\n<p>\u00abHay muchas obras de vivienda, pero cuando empezamos a desgranar son algunas que se deben, otras que se ejecutaron. Hay una gran necesidad de vivienda, est\u00e1n pensando en ejecutar 10 mil viviendas, que me parece fant\u00e1stico. En la negociaci\u00f3n va con buena fe y con compromisos existentes\u00bb.<\/p>\n\n\n\n<p>Otro intendente que habl\u00f3 fue el de General Viamonte, Franco Flexas. Dijo que \u201cvemos que el Presupuesto puede favorecer a los municipios del oficialismo. M\u00e1s all\u00e1 de las partidas, hay algunas que pueden ser discrecionales y que no est\u00e1 detallado. Tendr\u00eda que ser m\u00e1s espec\u00edfico\u201d.<\/p>\n","protected":false},"excerpt":{"rendered":"<p>El motivo del encuentro fue considerar los alcances del presupuesto 2021 de la provincia de Buenos Aires<\/p>\n","protected":false},"author":2,"featured_media":70572,"comment_status":"closed","ping_status":"open","sticky":false,"template":"","format":"standard","meta":{"footnotes":""},"categories":[29],"tags":[2354],"class_list":["post-70571","post","type-post","status-publish","format-standard","has-post-thumbnail","hentry","category-c2nota1","tag-con-la-mirada-puesta-en-el-presupuesto"],"yoast_head":"<!-- This site is optimized with the Yoast SEO plugin v23.4 - https:\/\/yoast.com\/wordpress\/plugins\/seo\/ -->\n<title>El intendente de Trenque Lauquen, Miguel Fern\u00e1ndez, habl\u00f3 al t\u00e9rmino de la reuni\u00f3n que mantuvo con sus pares de Juntos por el Cambio - Infoecos<\/title>\n<meta name=\"robots\" content=\"index, follow, max-snippet:-1, max-image-preview:large, max-video-preview:-1\" \/>\n<link rel=\"canonical\" href=\"https:\/\/infoecos.com.ar\/index.php\/el-intendente-de-trenque-lauquen-miguel-fernandez-hablo-al-termino-de-la-reunion-que-mantuvo-con-sus-pares-de-juntos-por-el-cambio\/\" \/>\n<meta property=\"og:locale\" content=\"es_ES\" \/>\n<meta property=\"og:type\" content=\"article\" \/>\n<meta property=\"og:title\" content=\"El intendente de Trenque Lauquen, Miguel Fern\u00e1ndez, habl\u00f3 al t\u00e9rmino de la reuni\u00f3n que mantuvo con sus pares de Juntos por el Cambio - Infoecos\" \/>\n<meta property=\"og:description\" content=\"El motivo del encuentro fue considerar los alcances del presupuesto 2021 de la provincia de Buenos Aires\" \/>\n<meta property=\"og:url\" content=\"https:\/\/infoecos.com.ar\/index.php\/el-intendente-de-trenque-lauquen-miguel-fernandez-hablo-al-termino-de-la-reunion-que-mantuvo-con-sus-pares-de-juntos-por-el-cambio\/\" \/>\n<meta property=\"og:site_name\" content=\"Infoecos\" \/>\n<meta property=\"article:publisher\" content=\"https:\/\/www.facebook.com\/profile.php?id=100063200290284\" \/>\n<meta property=\"article:published_time\" content=\"2020-11-18T20:31:17+00:00\" \/>\n<meta property=\"article:modified_time\" content=\"2020-11-18T20:31:22+00:00\" \/>\n<meta property=\"og:image\" content=\"https:\/\/infoecos.com.ar\/wp-content\/uploads\/2020\/11\/intendentejxc.jpeg\" \/>\n\t<meta property=\"og:image:width\" content=\"1280\" \/>\n\t<meta property=\"og:image:height\" content=\"800\" \/>\n\t<meta property=\"og:image:type\" content=\"image\/jpeg\" \/>\n<meta name=\"author\" content=\"Jorge Matheus\" \/>\n<meta name=\"twitter:card\" content=\"summary_large_image\" \/>\n<meta name=\"twitter:creator\" content=\"@infoecos\" \/>\n<meta name=\"twitter:site\" content=\"@infoecos\" \/>\n<meta name=\"twitter:label1\" content=\"Escrito por\" \/>\n\t<meta name=\"twitter:data1\" content=\"Jorge Matheus\" \/>\n\t<meta name=\"twitter:label2\" content=\"Tiempo de lectura\" \/>\n\t<meta name=\"twitter:data2\" content=\"1 minuto\" \/>\n<script type=\"application\/ld+json\" class=\"yoast-schema-graph\">{\"@context\":\"https:\/\/schema.org\",\"@graph\":[{\"@type\":\"Article\",\"@id\":\"https:\/\/infoecos.com.ar\/index.php\/el-intendente-de-trenque-lauquen-miguel-fernandez-hablo-al-termino-de-la-reunion-que-mantuvo-con-sus-pares-de-juntos-por-el-cambio\/#article\",\"isPartOf\":{\"@id\":\"https:\/\/infoecos.com.ar\/index.php\/el-intendente-de-trenque-lauquen-miguel-fernandez-hablo-al-termino-de-la-reunion-que-mantuvo-con-sus-pares-de-juntos-por-el-cambio\/\"},\"author\":{\"name\":\"Jorge Matheus\",\"@id\":\"https:\/\/infoecos.com.ar\/#\/schema\/person\/8f5ace5ce73b4b4aac4b7245aee6f191\"},\"headline\":\"El intendente de Trenque Lauquen, Miguel Fern\u00e1ndez, habl\u00f3 al t\u00e9rmino de la reuni\u00f3n que mantuvo con sus pares de Juntos por el Cambio\",\"datePublished\":\"2020-11-18T20:31:17+00:00\",\"dateModified\":\"2020-11-18T20:31:22+00:00\",\"mainEntityOfPage\":{\"@id\":\"https:\/\/infoecos.com.ar\/index.php\/el-intendente-de-trenque-lauquen-miguel-fernandez-hablo-al-termino-de-la-reunion-que-mantuvo-con-sus-pares-de-juntos-por-el-cambio\/\"},\"wordCount\":305,\"publisher\":{\"@id\":\"https:\/\/infoecos.com.ar\/#organization\"},\"image\":{\"@id\":\"https:\/\/infoecos.com.ar\/index.php\/el-intendente-de-trenque-lauquen-miguel-fernandez-hablo-al-termino-de-la-reunion-que-mantuvo-con-sus-pares-de-juntos-por-el-cambio\/#primaryimage\"},\"thumbnailUrl\":\"https:\/\/infoecos.com.ar\/wp-content\/uploads\/2020\/11\/intendentejxc.jpeg\",\"keywords\":[\"CON LA MIRADA PUESTA EN EL PRESUPUESTO\"],\"articleSection\":[\"C2 nota 1\"],\"inLanguage\":\"es\"},{\"@type\":\"WebPage\",\"@id\":\"https:\/\/infoecos.com.ar\/index.php\/el-intendente-de-trenque-lauquen-miguel-fernandez-hablo-al-termino-de-la-reunion-que-mantuvo-con-sus-pares-de-juntos-por-el-cambio\/\",\"url\":\"https:\/\/infoecos.com.ar\/index.php\/el-intendente-de-trenque-lauquen-miguel-fernandez-hablo-al-termino-de-la-reunion-que-mantuvo-con-sus-pares-de-juntos-por-el-cambio\/\",\"name\":\"El intendente de Trenque Lauquen, Miguel Fern\u00e1ndez, habl\u00f3 al t\u00e9rmino de la reuni\u00f3n que mantuvo con sus pares de Juntos por el Cambio - Infoecos\",\"isPartOf\":{\"@id\":\"https:\/\/infoecos.com.ar\/#website\"},\"primaryImageOfPage\":{\"@id\":\"https:\/\/infoecos.com.ar\/index.php\/el-intendente-de-trenque-lauquen-miguel-fernandez-hablo-al-termino-de-la-reunion-que-mantuvo-con-sus-pares-de-juntos-por-el-cambio\/#primaryimage\"},\"image\":{\"@id\":\"https:\/\/infoecos.com.ar\/index.php\/el-intendente-de-trenque-lauquen-miguel-fernandez-hablo-al-termino-de-la-reunion-que-mantuvo-con-sus-pares-de-juntos-por-el-cambio\/#primaryimage\"},\"thumbnailUrl\":\"https:\/\/infoecos.com.ar\/wp-content\/uploads\/2020\/11\/intendentejxc.jpeg\",\"datePublished\":\"2020-11-18T20:31:17+00:00\",\"dateModified\":\"2020-11-18T20:31:22+00:00\",\"breadcrumb\":{\"@id\":\"https:\/\/infoecos.com.ar\/index.php\/el-intendente-de-trenque-lauquen-miguel-fernandez-hablo-al-termino-de-la-reunion-que-mantuvo-con-sus-pares-de-juntos-por-el-cambio\/#breadcrumb\"},\"inLanguage\":\"es\",\"potentialAction\":[{\"@type\":\"ReadAction\",\"target\":[\"https:\/\/infoecos.com.ar\/index.php\/el-intendente-de-trenque-lauquen-miguel-fernandez-hablo-al-termino-de-la-reunion-que-mantuvo-con-sus-pares-de-juntos-por-el-cambio\/\"]}]},{\"@type\":\"ImageObject\",\"inLanguage\":\"es\",\"@id\":\"https:\/\/infoecos.com.ar\/index.php\/el-intendente-de-trenque-lauquen-miguel-fernandez-hablo-al-termino-de-la-reunion-que-mantuvo-con-sus-pares-de-juntos-por-el-cambio\/#primaryimage\",\"url\":\"https:\/\/infoecos.com.ar\/wp-content\/uploads\/2020\/11\/intendentejxc.jpeg\",\"contentUrl\":\"https:\/\/infoecos.com.ar\/wp-content\/uploads\/2020\/11\/intendentejxc.jpeg\",\"width\":1280,\"height\":800},{\"@type\":\"BreadcrumbList\",\"@id\":\"https:\/\/infoecos.com.ar\/index.php\/el-intendente-de-trenque-lauquen-miguel-fernandez-hablo-al-termino-de-la-reunion-que-mantuvo-con-sus-pares-de-juntos-por-el-cambio\/#breadcrumb\",\"itemListElement\":[{\"@type\":\"ListItem\",\"position\":1,\"name\":\"Portada\",\"item\":\"https:\/\/infoecos.com.ar\/\"},{\"@type\":\"ListItem\",\"position\":2,\"name\":\"El intendente de Trenque Lauquen, Miguel Fern\u00e1ndez, habl\u00f3 al t\u00e9rmino de la reuni\u00f3n que mantuvo con sus pares de Juntos por el Cambio\"}]},{\"@type\":\"WebSite\",\"@id\":\"https:\/\/infoecos.com.ar\/#website\",\"url\":\"https:\/\/infoecos.com.ar\/\",\"name\":\"Infoecos\",\"description\":\"Noticias de trenque lauquen y la zona\",\"publisher\":{\"@id\":\"https:\/\/infoecos.com.ar\/#organization\"},\"alternateName\":\"Noticias\",\"potentialAction\":[{\"@type\":\"SearchAction\",\"target\":{\"@type\":\"EntryPoint\",\"urlTemplate\":\"https:\/\/infoecos.com.ar\/?s={search_term_string}\"},\"query-input\":{\"@type\":\"PropertyValueSpecification\",\"valueRequired\":true,\"valueName\":\"search_term_string\"}}],\"inLanguage\":\"es\"},{\"@type\":\"Organization\",\"@id\":\"https:\/\/infoecos.com.ar\/#organization\",\"name\":\"Infoecos\",\"alternateName\":\"Noticias\",\"url\":\"https:\/\/infoecos.com.ar\/\",\"logo\":{\"@type\":\"ImageObject\",\"inLanguage\":\"es\",\"@id\":\"https:\/\/infoecos.com.ar\/#\/schema\/logo\/image\/\",\"url\":\"https:\/\/infoecos.com.ar\/wp-content\/uploads\/2024\/03\/cropped-logo.png\",\"contentUrl\":\"https:\/\/infoecos.com.ar\/wp-content\/uploads\/2024\/03\/cropped-logo.png\",\"width\":374,\"height\":90,\"caption\":\"Infoecos\"},\"image\":{\"@id\":\"https:\/\/infoecos.com.ar\/#\/schema\/logo\/image\/\"},\"sameAs\":[\"https:\/\/www.facebook.com\/profile.php?id=100063200290284\",\"https:\/\/x.com\/infoecos\"]},{\"@type\":\"Person\",\"@id\":\"https:\/\/infoecos.com.ar\/#\/schema\/person\/8f5ace5ce73b4b4aac4b7245aee6f191\",\"name\":\"Jorge Matheus\",\"url\":\"https:\/\/infoecos.com.ar\/index.php\/author\/jomatheus\/\"}]}<\/script>\n<!-- \/ Yoast SEO plugin. -->","yoast_head_json":{"title":"El intendente de Trenque Lauquen, Miguel Fern\u00e1ndez, habl\u00f3 al t\u00e9rmino de la reuni\u00f3n que mantuvo con sus pares de Juntos por el Cambio - Infoecos","robots":{"index":"index","follow":"follow","max-snippet":"max-snippet:-1","max-image-preview":"max-image-preview:large","max-video-preview":"max-video-preview:-1"},"canonical":"https:\/\/infoecos.com.ar\/index.php\/el-intendente-de-trenque-lauquen-miguel-fernandez-hablo-al-termino-de-la-reunion-que-mantuvo-con-sus-pares-de-juntos-por-el-cambio\/","og_locale":"es_ES","og_type":"article","og_title":"El intendente de Trenque Lauquen, Miguel Fern\u00e1ndez, habl\u00f3 al t\u00e9rmino de la reuni\u00f3n que mantuvo con sus pares de Juntos por el Cambio - Infoecos","og_description":"El motivo del encuentro fue considerar los alcances del presupuesto 2021 de la provincia de Buenos Aires","og_url":"https:\/\/infoecos.com.ar\/index.php\/el-intendente-de-trenque-lauquen-miguel-fernandez-hablo-al-termino-de-la-reunion-que-mantuvo-con-sus-pares-de-juntos-por-el-cambio\/","og_site_name":"Infoecos","article_publisher":"https:\/\/www.facebook.com\/profile.php?id=100063200290284","article_published_time":"2020-11-18T20:31:17+00:00","article_modified_time":"2020-11-18T20:31:22+00:00","og_image":[{"width":1280,"height":800,"url":"https:\/\/infoecos.com.ar\/wp-content\/uploads\/2020\/11\/intendentejxc.jpeg","type":"image\/jpeg"}],"author":"Jorge Matheus","twitter_card":"summary_large_image","twitter_creator":"@infoecos","twitter_site":"@infoecos","twitter_misc":{"Escrito por":"Jorge Matheus","Tiempo de lectura":"1 minuto"},"schema":{"@context":"https:\/\/schema.org","@graph":[{"@type":"Article","@id":"https:\/\/infoecos.com.ar\/index.php\/el-intendente-de-trenque-lauquen-miguel-fernandez-hablo-al-termino-de-la-reunion-que-mantuvo-con-sus-pares-de-juntos-por-el-cambio\/#article","isPartOf":{"@id":"https:\/\/infoecos.com.ar\/index.php\/el-intendente-de-trenque-lauquen-miguel-fernandez-hablo-al-termino-de-la-reunion-que-mantuvo-con-sus-pares-de-juntos-por-el-cambio\/"},"author":{"name":"Jorge Matheus","@id":"https:\/\/infoecos.com.ar\/#\/schema\/person\/8f5ace5ce73b4b4aac4b7245aee6f191"},"headline":"El intendente de Trenque Lauquen, Miguel Fern\u00e1ndez, habl\u00f3 al t\u00e9rmino de la reuni\u00f3n que mantuvo con sus pares de Juntos por el Cambio","datePublished":"2020-11-18T20:31:17+00:00","dateModified":"2020-11-18T20:31:22+00:00","mainEntityOfPage":{"@id":"https:\/\/infoecos.com.ar\/index.php\/el-intendente-de-trenque-lauquen-miguel-fernandez-hablo-al-termino-de-la-reunion-que-mantuvo-con-sus-pares-de-juntos-por-el-cambio\/"},"wordCount":305,"publisher":{"@id":"https:\/\/infoecos.com.ar\/#organization"},"image":{"@id":"https:\/\/infoecos.com.ar\/index.php\/el-intendente-de-trenque-lauquen-miguel-fernandez-hablo-al-termino-de-la-reunion-que-mantuvo-con-sus-pares-de-juntos-por-el-cambio\/#primaryimage"},"thumbnailUrl":"https:\/\/infoecos.com.ar\/wp-content\/uploads\/2020\/11\/intendentejxc.jpeg","keywords":["CON LA MIRADA PUESTA EN EL PRESUPUESTO"],"articleSection":["C2 nota 1"],"inLanguage":"es"},{"@type":"WebPage","@id":"https:\/\/infoecos.com.ar\/index.php\/el-intendente-de-trenque-lauquen-miguel-fernandez-hablo-al-termino-de-la-reunion-que-mantuvo-con-sus-pares-de-juntos-por-el-cambio\/","url":"https:\/\/infoecos.com.ar\/index.php\/el-intendente-de-trenque-lauquen-miguel-fernandez-hablo-al-termino-de-la-reunion-que-mantuvo-con-sus-pares-de-juntos-por-el-cambio\/","name":"El intendente de Trenque Lauquen, Miguel Fern\u00e1ndez, habl\u00f3 al t\u00e9rmino de la reuni\u00f3n que mantuvo con sus pares de Juntos por el Cambio - Infoecos","isPartOf":{"@id":"https:\/\/infoecos.com.ar\/#website"},"primaryImageOfPage":{"@id":"https:\/\/infoecos.com.ar\/index.php\/el-intendente-de-trenque-lauquen-miguel-fernandez-hablo-al-termino-de-la-reunion-que-mantuvo-con-sus-pares-de-juntos-por-el-cambio\/#primaryimage"},"image":{"@id":"https:\/\/infoecos.com.ar\/index.php\/el-intendente-de-trenque-lauquen-miguel-fernandez-hablo-al-termino-de-la-reunion-que-mantuvo-con-sus-pares-de-juntos-por-el-cambio\/#primaryimage"},"thumbnailUrl":"https:\/\/infoecos.com.ar\/wp-content\/uploads\/2020\/11\/intendentejxc.jpeg","datePublished":"2020-11-18T20:31:17+00:00","dateModified":"2020-11-18T20:31:22+00:00","breadcrumb":{"@id":"https:\/\/infoecos.com.ar\/index.php\/el-intendente-de-trenque-lauquen-miguel-fernandez-hablo-al-termino-de-la-reunion-que-mantuvo-con-sus-pares-de-juntos-por-el-cambio\/#breadcrumb"},"inLanguage":"es","potentialAction":[{"@type":"ReadAction","target":["https:\/\/infoecos.com.ar\/index.php\/el-intendente-de-trenque-lauquen-miguel-fernandez-hablo-al-termino-de-la-reunion-que-mantuvo-con-sus-pares-de-juntos-por-el-cambio\/"]}]},{"@type":"ImageObject","inLanguage":"es","@id":"https:\/\/infoecos.com.ar\/index.php\/el-intendente-de-trenque-lauquen-miguel-fernandez-hablo-al-termino-de-la-reunion-que-mantuvo-con-sus-pares-de-juntos-por-el-cambio\/#primaryimage","url":"https:\/\/infoecos.com.ar\/wp-content\/uploads\/2020\/11\/intendentejxc.jpeg","contentUrl":"https:\/\/infoecos.com.ar\/wp-content\/uploads\/2020\/11\/intendentejxc.jpeg","width":1280,"height":800},{"@type":"BreadcrumbList","@id":"https:\/\/infoecos.com.ar\/index.php\/el-intendente-de-trenque-lauquen-miguel-fernandez-hablo-al-termino-de-la-reunion-que-mantuvo-con-sus-pares-de-juntos-por-el-cambio\/#breadcrumb","itemListElement":[{"@type":"ListItem","position":1,"name":"Portada","item":"https:\/\/infoecos.com.ar\/"},{"@type":"ListItem","position":2,"name":"El intendente de Trenque Lauquen, Miguel Fern\u00e1ndez, habl\u00f3 al t\u00e9rmino de la reuni\u00f3n que mantuvo con sus pares de Juntos por el Cambio"}]},{"@type":"WebSite","@id":"https:\/\/infoecos.com.ar\/#website","url":"https:\/\/infoecos.com.ar\/","name":"Infoecos","description":"Noticias de trenque lauquen y la zona","publisher":{"@id":"https:\/\/infoecos.com.ar\/#organization"},"alternateName":"Noticias","potentialAction":[{"@type":"SearchAction","target":{"@type":"EntryPoint","urlTemplate":"https:\/\/infoecos.com.ar\/?s={search_term_string}"},"query-input":{"@type":"PropertyValueSpecification","valueRequired":true,"valueName":"search_term_string"}}],"inLanguage":"es"},{"@type":"Organization","@id":"https:\/\/infoecos.com.ar\/#organization","name":"Infoecos","alternateName":"Noticias","url":"https:\/\/infoecos.com.ar\/","logo":{"@type":"ImageObject","inLanguage":"es","@id":"https:\/\/infoecos.com.ar\/#\/schema\/logo\/image\/","url":"https:\/\/infoecos.com.ar\/wp-content\/uploads\/2024\/03\/cropped-logo.png","contentUrl":"https:\/\/infoecos.com.ar\/wp-content\/uploads\/2024\/03\/cropped-logo.png","width":374,"height":90,"caption":"Infoecos"},"image":{"@id":"https:\/\/infoecos.com.ar\/#\/schema\/logo\/image\/"},"sameAs":["https:\/\/www.facebook.com\/profile.php?id=100063200290284","https:\/\/x.com\/infoecos"]},{"@type":"Person","@id":"https:\/\/infoecos.com.ar\/#\/schema\/person\/8f5ace5ce73b4b4aac4b7245aee6f191","name":"Jorge Matheus","url":"https:\/\/infoecos.com.ar\/index.php\/author\/jomatheus\/"}]}},"featured_image_urls":{"full":["https:\/\/infoecos.com.ar\/wp-content\/uploads\/2020\/11\/intendentejxc.jpeg",1280,800,false],"thumbnail":["https:\/\/infoecos.com.ar\/wp-content\/uploads\/2020\/11\/intendentejxc-150x150.jpeg",150,150,true],"medium":["https:\/\/infoecos.com.ar\/wp-content\/uploads\/2020\/11\/intendentejxc-460x288.jpeg",460,288,true],"medium_large":["https:\/\/infoecos.com.ar\/wp-content\/uploads\/2020\/11\/intendentejxc-768x480.jpeg",640,400,true],"large":["https:\/\/infoecos.com.ar\/wp-content\/uploads\/2020\/11\/intendentejxc-920x575.jpeg",640,400,true],"1536x1536":["https:\/\/infoecos.com.ar\/wp-content\/uploads\/2020\/11\/intendentejxc.jpeg",1280,800,false],"2048x2048":["https:\/\/infoecos.com.ar\/wp-content\/uploads\/2020\/11\/intendentejxc.jpeg",1280,800,false],"covernews-slider-full":["https:\/\/infoecos.com.ar\/wp-content\/uploads\/2020\/11\/intendentejxc.jpeg",1115,697,false],"covernews-slider-center":["https:\/\/infoecos.com.ar\/wp-content\/uploads\/2020\/11\/intendentejxc-936x800.jpeg",585,500,true],"covernews-featured":["https:\/\/infoecos.com.ar\/wp-content\/uploads\/2020\/11\/intendentejxc-1024x640.jpeg",1024,640,true],"covernews-medium":["https:\/\/infoecos.com.ar\/wp-content\/uploads\/2020\/11\/intendentejxc-720x380.jpeg",540,285,true],"covernews-medium-square":["https:\/\/infoecos.com.ar\/wp-content\/uploads\/2020\/11\/intendentejxc-675x450.jpeg",375,250,true]},"author_info":{"info":["Jorge Matheus"]},"category_info":"<a href=\"https:\/\/infoecos.com.ar\/index.php\/category\/c2nota1\/\" rel=\"category tag\">C2 nota 1<\/a>","tag_info":"C2 nota 1","comment_count":"0","_links":{"self":[{"href":"https:\/\/infoecos.com.ar\/index.php\/wp-json\/wp\/v2\/posts\/70571"}],"collection":[{"href":"https:\/\/infoecos.com.ar\/index.php\/wp-json\/wp\/v2\/posts"}],"about":[{"href":"https:\/\/infoecos.com.ar\/index.php\/wp-json\/wp\/v2\/types\/post"}],"author":[{"embeddable":true,"href":"https:\/\/infoecos.com.ar\/index.php\/wp-json\/wp\/v2\/users\/2"}],"replies":[{"embeddable":true,"href":"https:\/\/infoecos.com.ar\/index.php\/wp-json\/wp\/v2\/comments?post=70571"}],"version-history":[{"count":1,"href":"https:\/\/infoecos.com.ar\/index.php\/wp-json\/wp\/v2\/posts\/70571\/revisions"}],"predecessor-version":[{"id":70573,"href":"https:\/\/infoecos.com.ar\/index.php\/wp-json\/wp\/v2\/posts\/70571\/revisions\/70573"}],"wp:featuredmedia":[{"embeddable":true,"href":"https:\/\/infoecos.com.ar\/index.php\/wp-json\/wp\/v2\/media\/70572"}],"wp:attachment":[{"href":"https:\/\/infoecos.com.ar\/index.php\/wp-json\/wp\/v2\/media?parent=70571"}],"wp:term":[{"taxonomy":"category","embeddable":true,"href":"https:\/\/infoecos.com.ar\/index.php\/wp-json\/wp\/v2\/categories?post=70571"},{"taxonomy":"post_tag","embeddable":true,"href":"https:\/\/infoecos.com.ar\/index.php\/wp-json\/wp\/v2\/tags?post=70571"}],"curies":[{"name":"wp","href":"https:\/\/api.w.org\/{rel}","templated":true}]}}