{"id":70574,"date":"2020-11-19T00:10:38","date_gmt":"2020-11-19T03:10:38","guid":{"rendered":"http:\/\/infoecos.com.ar\/?p=70574"},"modified":"2020-11-19T14:11:57","modified_gmt":"2020-11-19T17:11:57","slug":"aprehendieron-a-acusado-de-abusar-sexualmente-que-concurrio-a-molestar-en-la-manifestacion-realizada-este-miercoles","status":"publish","type":"post","link":"https:\/\/infoecos.com.ar\/index.php\/aprehendieron-a-acusado-de-abusar-sexualmente-que-concurrio-a-molestar-en-la-manifestacion-realizada-este-miercoles\/","title":{"rendered":"Aprehendieron a acusado de abusar sexualmente, que concurri\u00f3 a molestar, en la manifestaci\u00f3n realizada este mi\u00e9rcoles"},"content":{"rendered":"\n<p class=\"wp-block-paragraph\">Est\u00e1 aprehendido en Trenque Lauquen un hombre sobre el que pesa una medida perimetral y que en la ma\u00f1ana de este mi\u00e9rcoles concurri\u00f3 a la marcha que se realiz\u00f3 por el abuso de ni\u00f1as y ni\u00f1os, con evidente intento de molestar a la familia de su v\u00edctima.<\/p>\n\n\n\n<div class=\"wp-block-image\"><figure class=\"aligncenter size-medium\"><img loading=\"lazy\" decoding=\"async\" width=\"460\" height=\"345\" src=\"http:\/\/infoecos.com.ar\/wp-content\/uploads\/2020\/11\/126196927_844134546381464_6554725125285673906_n-460x345.jpg\" alt=\"\" class=\"wp-image-70556\" srcset=\"https:\/\/infoecos.com.ar\/wp-content\/uploads\/2020\/11\/126196927_844134546381464_6554725125285673906_n-460x345.jpg 460w, https:\/\/infoecos.com.ar\/wp-content\/uploads\/2020\/11\/126196927_844134546381464_6554725125285673906_n-920x690.jpg 920w, https:\/\/infoecos.com.ar\/wp-content\/uploads\/2020\/11\/126196927_844134546381464_6554725125285673906_n-768x576.jpg 768w, https:\/\/infoecos.com.ar\/wp-content\/uploads\/2020\/11\/126196927_844134546381464_6554725125285673906_n.jpg 960w\" sizes=\"auto, (max-width: 460px) 100vw, 460px\" \/><\/figure><\/div>\n\n\n\n<p class=\"wp-block-paragraph\">As\u00ed se desprende de un informe proporcionado por la Polic\u00eda a los medios de comunicaci\u00f3n. Se se\u00f1ala que \u00abconstat\u00f3 la presencia a menos de 100 metros de un ciudadano masculino de 35 a\u00f1os de edad, qui\u00e9n posee prohibici\u00f3n de acercamiento para con familia v\u00edctima de abuso sexual\u00bb. <\/p>\n\n\n\n<p class=\"wp-block-paragraph\">Se agrega en el parte de las fuerzas de seguridad que \u00abse procede a la aprehensi\u00f3n de \u00e9ste por el delito de Desobediencia flagrante, en calle Roca al 600, quedando alojado en la Comisaria a disposici\u00f3n de la UFI n\u00famero 5, de Trenque Lauquen\u00bb. <\/p>\n\n\n\n<p class=\"wp-block-paragraph\"><\/p>\n\n\n\n<p class=\"wp-block-paragraph\"><\/p>\n","protected":false},"excerpt":{"rendered":"<p>Est\u00e1 aprehendido en Trenque Lauquen un hombre sobre el que pesa una medida perimetral<\/p>\n","protected":false},"author":2,"featured_media":70555,"comment_status":"closed","ping_status":"open","sticky":false,"template":"","format":"standard","meta":{"footnotes":""},"categories":[25],"tags":[2355],"class_list":["post-70574","post","type-post","status-publish","format-standard","has-post-thumbnail","hentry","category-c3nota1","tag-bochornosa-actitud"],"featured_image_urls":{"full":["https:\/\/infoecos.com.ar\/wp-content\/uploads\/2020\/11\/126180536_844134689714783_8435060397304929701_n.jpg",960,720,false],"thumbnail":["https:\/\/infoecos.com.ar\/wp-content\/uploads\/2020\/11\/126180536_844134689714783_8435060397304929701_n-150x150.jpg",150,150,true],"medium":["https:\/\/infoecos.com.ar\/wp-content\/uploads\/2020\/11\/126180536_844134689714783_8435060397304929701_n-460x345.jpg",460,345,true],"medium_large":["https:\/\/infoecos.com.ar\/wp-content\/uploads\/2020\/11\/126180536_844134689714783_8435060397304929701_n-768x576.jpg",640,480,true],"large":["https:\/\/infoecos.com.ar\/wp-content\/uploads\/2020\/11\/126180536_844134689714783_8435060397304929701_n-920x690.jpg",640,480,true],"1536x1536":["https:\/\/infoecos.com.ar\/wp-content\/uploads\/2020\/11\/126180536_844134689714783_8435060397304929701_n.jpg",960,720,false],"2048x2048":["https:\/\/infoecos.com.ar\/wp-content\/uploads\/2020\/11\/126180536_844134689714783_8435060397304929701_n.jpg",960,720,false],"covernews-slider-full":["https:\/\/infoecos.com.ar\/wp-content\/uploads\/2020\/11\/126180536_844134689714783_8435060397304929701_n.jpg",953,715,false],"covernews-slider-center":["https:\/\/infoecos.com.ar\/wp-content\/uploads\/2020\/11\/126180536_844134689714783_8435060397304929701_n-936x720.jpg",650,500,true],"covernews-featured":["https:\/\/infoecos.com.ar\/wp-content\/uploads\/2020\/11\/126180536_844134689714783_8435060397304929701_n.jpg",960,720,false],"covernews-medium":["https:\/\/infoecos.com.ar\/wp-content\/uploads\/2020\/11\/126180536_844134689714783_8435060397304929701_n-720x380.jpg",540,285,true],"covernews-medium-square":["https:\/\/infoecos.com.ar\/wp-content\/uploads\/2020\/11\/126180536_844134689714783_8435060397304929701_n-675x450.jpg",375,250,true]},"author_info":{"info":["Jorge Matheus"]},"category_info":"<a href=\"https:\/\/infoecos.com.ar\/index.php\/category\/c3nota1\/\" rel=\"category tag\">C3 N1<\/a>","tag_info":"C3 N1","comment_count":"0","_links":{"self":[{"href":"https:\/\/infoecos.com.ar\/index.php\/wp-json\/wp\/v2\/posts\/70574","targetHints":{"allow":["GET"]}}],"collection":[{"href":"https:\/\/infoecos.com.ar\/index.php\/wp-json\/wp\/v2\/posts"}],"about":[{"href":"https:\/\/infoecos.com.ar\/index.php\/wp-json\/wp\/v2\/types\/post"}],"author":[{"embeddable":true,"href":"https:\/\/infoecos.com.ar\/index.php\/wp-json\/wp\/v2\/users\/2"}],"replies":[{"embeddable":true,"href":"https:\/\/infoecos.com.ar\/index.php\/wp-json\/wp\/v2\/comments?post=70574"}],"version-history":[{"count":2,"href":"https:\/\/infoecos.com.ar\/index.php\/wp-json\/wp\/v2\/posts\/70574\/revisions"}],"predecessor-version":[{"id":70592,"href":"https:\/\/infoecos.com.ar\/index.php\/wp-json\/wp\/v2\/posts\/70574\/revisions\/70592"}],"wp:featuredmedia":[{"embeddable":true,"href":"https:\/\/infoecos.com.ar\/index.php\/wp-json\/wp\/v2\/media\/70555"}],"wp:attachment":[{"href":"https:\/\/infoecos.com.ar\/index.php\/wp-json\/wp\/v2\/media?parent=70574"}],"wp:term":[{"taxonomy":"category","embeddable":true,"href":"https:\/\/infoecos.com.ar\/index.php\/wp-json\/wp\/v2\/categories?post=70574"},{"taxonomy":"post_tag","embeddable":true,"href":"https:\/\/infoecos.com.ar\/index.php\/wp-json\/wp\/v2\/tags?post=70574"}],"curies":[{"name":"wp","href":"https:\/\/api.w.org\/{rel}","templated":true}]}}