{"id":70576,"date":"2020-11-19T00:21:53","date_gmt":"2020-11-19T03:21:53","guid":{"rendered":"http:\/\/infoecos.com.ar\/?p=70576"},"modified":"2020-11-19T00:21:55","modified_gmt":"2020-11-19T03:21:55","slug":"el-fiscal-general-del-departamento-judicial-de-trenque-lauquen-doctor-roberto-rubio-sin-rodeos","status":"publish","type":"post","link":"https:\/\/infoecos.com.ar\/index.php\/el-fiscal-general-del-departamento-judicial-de-trenque-lauquen-doctor-roberto-rubio-sin-rodeos\/","title":{"rendered":"El Fiscal General del Departamento Judicial de Trenque Lauquen, doctor Roberto Rubio, sin rodeos"},"content":{"rendered":"\n<p>El Fiscal General del Departamento Judicial de Trenque Lauquen, Dr. Roberto Rubio, no anduvo con rodeos en declaraciones que formul\u00f3 al sitio oesteba.com.ar en su edici\u00f3n radial que se emite por FM Omega, al hacer referencia a la manifestaci\u00f3n que se concret\u00f3 este mi\u00e9rcoles en Trenque Lauquen.<\/p>\n\n\n\n<div class=\"wp-block-image\"><figure class=\"aligncenter size-medium\"><img loading=\"lazy\" decoding=\"async\" width=\"460\" height=\"345\" src=\"http:\/\/infoecos.com.ar\/wp-content\/uploads\/2020\/11\/126427874_844135206381398_8716246354365538454_n-460x345.jpg\" alt=\"\" class=\"wp-image-70560\" srcset=\"https:\/\/infoecos.com.ar\/wp-content\/uploads\/2020\/11\/126427874_844135206381398_8716246354365538454_n-460x345.jpg 460w, https:\/\/infoecos.com.ar\/wp-content\/uploads\/2020\/11\/126427874_844135206381398_8716246354365538454_n-920x690.jpg 920w, https:\/\/infoecos.com.ar\/wp-content\/uploads\/2020\/11\/126427874_844135206381398_8716246354365538454_n-768x576.jpg 768w, https:\/\/infoecos.com.ar\/wp-content\/uploads\/2020\/11\/126427874_844135206381398_8716246354365538454_n.jpg 960w\" sizes=\"(max-width: 460px) 100vw, 460px\" \/><\/figure><\/div>\n\n\n\n<p>Entre otras cosas manifest\u00f3 que \u00abeste hartazgo de la sociedad iba a llegar tarde o temprano y sostuvo que la Justicia no funciona bien\u00bb.<\/p>\n\n\n\n<p>El funcionario judicial que goza de muy buena reputaci\u00f3n en la entrevista le dio la raz\u00f3n a los manifestantes y se ofreci\u00f3 a recibirlos para hablar de la problem\u00e1tica.<\/p>\n\n\n\n<p>En otro tramo de lo publicado por el sitio mencionado, Rubio manifest\u00f3 que \u00abno tengo dudas que la Justicia Argentina no est\u00e1 funcionando como corresponde desde hace muchos a\u00f1os, por la intenci\u00f3n de un sector que lo busc\u00f3 intencionalmente y lo ha logrado, al punto que son las propias v\u00edctimas que se re\u00fanen y salen a decirle a todos los que tenemos que ver con la justicia que as\u00ed las cosas no funcionan\u00bb.<\/p>\n\n\n\n<p><strong>NdR: la nota es m\u00e1s amplia y puede leerse en oesteba.com.ar<\/strong><\/p>\n\n\n\n<p><\/p>\n\n\n\n<p><\/p>\n","protected":false},"excerpt":{"rendered":"<p>Entre otras cosas manifest\u00f3 que \u00abeste hartazgo de la sociedad iba a llegar tarde o temprano y sostuvo que la Justicia no funciona bien\u00bb<\/p>\n","protected":false},"author":2,"featured_media":70560,"comment_status":"closed","ping_status":"open","sticky":false,"template":"","format":"standard","meta":{"footnotes":""},"categories":[45],"tags":[2356],"class_list":["post-70576","post","type-post","status-publish","format-standard","has-post-thumbnail","hentry","category-c1nota2","tag-se-abre-un-gran-debate"],"yoast_head":"<!-- This site is optimized with the Yoast SEO plugin v23.4 - https:\/\/yoast.com\/wordpress\/plugins\/seo\/ -->\n<title>El Fiscal General del Departamento Judicial de Trenque Lauquen, doctor Roberto Rubio, sin rodeos - Infoecos<\/title>\n<meta name=\"robots\" content=\"index, follow, max-snippet:-1, max-image-preview:large, max-video-preview:-1\" \/>\n<link rel=\"canonical\" href=\"https:\/\/infoecos.com.ar\/index.php\/el-fiscal-general-del-departamento-judicial-de-trenque-lauquen-doctor-roberto-rubio-sin-rodeos\/\" \/>\n<meta property=\"og:locale\" content=\"es_ES\" \/>\n<meta property=\"og:type\" content=\"article\" \/>\n<meta property=\"og:title\" content=\"El Fiscal General del Departamento Judicial de Trenque Lauquen, doctor Roberto Rubio, sin rodeos - Infoecos\" \/>\n<meta property=\"og:description\" content=\"Entre otras cosas manifest\u00f3 que &quot;este hartazgo de la sociedad iba a llegar tarde o temprano y sostuvo que la Justicia no funciona bien&quot;\" \/>\n<meta property=\"og:url\" content=\"https:\/\/infoecos.com.ar\/index.php\/el-fiscal-general-del-departamento-judicial-de-trenque-lauquen-doctor-roberto-rubio-sin-rodeos\/\" \/>\n<meta property=\"og:site_name\" content=\"Infoecos\" \/>\n<meta property=\"article:publisher\" content=\"https:\/\/www.facebook.com\/profile.php?id=100063200290284\" \/>\n<meta property=\"article:published_time\" content=\"2020-11-19T03:21:53+00:00\" \/>\n<meta property=\"article:modified_time\" content=\"2020-11-19T03:21:55+00:00\" \/>\n<meta property=\"og:image\" content=\"https:\/\/infoecos.com.ar\/wp-content\/uploads\/2020\/11\/126427874_844135206381398_8716246354365538454_n.jpg\" \/>\n\t<meta property=\"og:image:width\" content=\"960\" \/>\n\t<meta property=\"og:image:height\" content=\"720\" \/>\n\t<meta property=\"og:image:type\" content=\"image\/jpeg\" \/>\n<meta name=\"author\" content=\"Jorge Matheus\" \/>\n<meta name=\"twitter:card\" content=\"summary_large_image\" \/>\n<meta name=\"twitter:creator\" content=\"@infoecos\" \/>\n<meta name=\"twitter:site\" content=\"@infoecos\" \/>\n<meta name=\"twitter:label1\" content=\"Escrito por\" \/>\n\t<meta name=\"twitter:data1\" content=\"Jorge Matheus\" \/>\n\t<meta name=\"twitter:label2\" content=\"Tiempo de lectura\" \/>\n\t<meta name=\"twitter:data2\" content=\"1 minuto\" \/>\n<script type=\"application\/ld+json\" class=\"yoast-schema-graph\">{\"@context\":\"https:\/\/schema.org\",\"@graph\":[{\"@type\":\"Article\",\"@id\":\"https:\/\/infoecos.com.ar\/index.php\/el-fiscal-general-del-departamento-judicial-de-trenque-lauquen-doctor-roberto-rubio-sin-rodeos\/#article\",\"isPartOf\":{\"@id\":\"https:\/\/infoecos.com.ar\/index.php\/el-fiscal-general-del-departamento-judicial-de-trenque-lauquen-doctor-roberto-rubio-sin-rodeos\/\"},\"author\":{\"name\":\"Jorge Matheus\",\"@id\":\"https:\/\/infoecos.com.ar\/#\/schema\/person\/8f5ace5ce73b4b4aac4b7245aee6f191\"},\"headline\":\"El Fiscal General del Departamento Judicial de Trenque Lauquen, doctor Roberto Rubio, sin rodeos\",\"datePublished\":\"2020-11-19T03:21:53+00:00\",\"dateModified\":\"2020-11-19T03:21:55+00:00\",\"mainEntityOfPage\":{\"@id\":\"https:\/\/infoecos.com.ar\/index.php\/el-fiscal-general-del-departamento-judicial-de-trenque-lauquen-doctor-roberto-rubio-sin-rodeos\/\"},\"wordCount\":213,\"publisher\":{\"@id\":\"https:\/\/infoecos.com.ar\/#organization\"},\"image\":{\"@id\":\"https:\/\/infoecos.com.ar\/index.php\/el-fiscal-general-del-departamento-judicial-de-trenque-lauquen-doctor-roberto-rubio-sin-rodeos\/#primaryimage\"},\"thumbnailUrl\":\"https:\/\/infoecos.com.ar\/wp-content\/uploads\/2020\/11\/126427874_844135206381398_8716246354365538454_n.jpg\",\"keywords\":[\"SE ABRE UN GRAN DEBATE\"],\"articleSection\":[\"C1 N2\"],\"inLanguage\":\"es\"},{\"@type\":\"WebPage\",\"@id\":\"https:\/\/infoecos.com.ar\/index.php\/el-fiscal-general-del-departamento-judicial-de-trenque-lauquen-doctor-roberto-rubio-sin-rodeos\/\",\"url\":\"https:\/\/infoecos.com.ar\/index.php\/el-fiscal-general-del-departamento-judicial-de-trenque-lauquen-doctor-roberto-rubio-sin-rodeos\/\",\"name\":\"El Fiscal General del Departamento Judicial de Trenque Lauquen, doctor Roberto Rubio, sin rodeos - Infoecos\",\"isPartOf\":{\"@id\":\"https:\/\/infoecos.com.ar\/#website\"},\"primaryImageOfPage\":{\"@id\":\"https:\/\/infoecos.com.ar\/index.php\/el-fiscal-general-del-departamento-judicial-de-trenque-lauquen-doctor-roberto-rubio-sin-rodeos\/#primaryimage\"},\"image\":{\"@id\":\"https:\/\/infoecos.com.ar\/index.php\/el-fiscal-general-del-departamento-judicial-de-trenque-lauquen-doctor-roberto-rubio-sin-rodeos\/#primaryimage\"},\"thumbnailUrl\":\"https:\/\/infoecos.com.ar\/wp-content\/uploads\/2020\/11\/126427874_844135206381398_8716246354365538454_n.jpg\",\"datePublished\":\"2020-11-19T03:21:53+00:00\",\"dateModified\":\"2020-11-19T03:21:55+00:00\",\"breadcrumb\":{\"@id\":\"https:\/\/infoecos.com.ar\/index.php\/el-fiscal-general-del-departamento-judicial-de-trenque-lauquen-doctor-roberto-rubio-sin-rodeos\/#breadcrumb\"},\"inLanguage\":\"es\",\"potentialAction\":[{\"@type\":\"ReadAction\",\"target\":[\"https:\/\/infoecos.com.ar\/index.php\/el-fiscal-general-del-departamento-judicial-de-trenque-lauquen-doctor-roberto-rubio-sin-rodeos\/\"]}]},{\"@type\":\"ImageObject\",\"inLanguage\":\"es\",\"@id\":\"https:\/\/infoecos.com.ar\/index.php\/el-fiscal-general-del-departamento-judicial-de-trenque-lauquen-doctor-roberto-rubio-sin-rodeos\/#primaryimage\",\"url\":\"https:\/\/infoecos.com.ar\/wp-content\/uploads\/2020\/11\/126427874_844135206381398_8716246354365538454_n.jpg\",\"contentUrl\":\"https:\/\/infoecos.com.ar\/wp-content\/uploads\/2020\/11\/126427874_844135206381398_8716246354365538454_n.jpg\",\"width\":960,\"height\":720},{\"@type\":\"BreadcrumbList\",\"@id\":\"https:\/\/infoecos.com.ar\/index.php\/el-fiscal-general-del-departamento-judicial-de-trenque-lauquen-doctor-roberto-rubio-sin-rodeos\/#breadcrumb\",\"itemListElement\":[{\"@type\":\"ListItem\",\"position\":1,\"name\":\"Portada\",\"item\":\"https:\/\/infoecos.com.ar\/\"},{\"@type\":\"ListItem\",\"position\":2,\"name\":\"El Fiscal General del Departamento Judicial de Trenque Lauquen, doctor Roberto Rubio, sin rodeos\"}]},{\"@type\":\"WebSite\",\"@id\":\"https:\/\/infoecos.com.ar\/#website\",\"url\":\"https:\/\/infoecos.com.ar\/\",\"name\":\"Infoecos\",\"description\":\"Noticias de trenque lauquen y la zona\",\"publisher\":{\"@id\":\"https:\/\/infoecos.com.ar\/#organization\"},\"alternateName\":\"Noticias\",\"potentialAction\":[{\"@type\":\"SearchAction\",\"target\":{\"@type\":\"EntryPoint\",\"urlTemplate\":\"https:\/\/infoecos.com.ar\/?s={search_term_string}\"},\"query-input\":{\"@type\":\"PropertyValueSpecification\",\"valueRequired\":true,\"valueName\":\"search_term_string\"}}],\"inLanguage\":\"es\"},{\"@type\":\"Organization\",\"@id\":\"https:\/\/infoecos.com.ar\/#organization\",\"name\":\"Infoecos\",\"alternateName\":\"Noticias\",\"url\":\"https:\/\/infoecos.com.ar\/\",\"logo\":{\"@type\":\"ImageObject\",\"inLanguage\":\"es\",\"@id\":\"https:\/\/infoecos.com.ar\/#\/schema\/logo\/image\/\",\"url\":\"https:\/\/infoecos.com.ar\/wp-content\/uploads\/2024\/03\/cropped-logo.png\",\"contentUrl\":\"https:\/\/infoecos.com.ar\/wp-content\/uploads\/2024\/03\/cropped-logo.png\",\"width\":374,\"height\":90,\"caption\":\"Infoecos\"},\"image\":{\"@id\":\"https:\/\/infoecos.com.ar\/#\/schema\/logo\/image\/\"},\"sameAs\":[\"https:\/\/www.facebook.com\/profile.php?id=100063200290284\",\"https:\/\/x.com\/infoecos\"]},{\"@type\":\"Person\",\"@id\":\"https:\/\/infoecos.com.ar\/#\/schema\/person\/8f5ace5ce73b4b4aac4b7245aee6f191\",\"name\":\"Jorge Matheus\",\"url\":\"https:\/\/infoecos.com.ar\/index.php\/author\/jomatheus\/\"}]}<\/script>\n<!-- \/ Yoast SEO plugin. -->","yoast_head_json":{"title":"El Fiscal General del Departamento Judicial de Trenque Lauquen, doctor Roberto Rubio, sin rodeos - Infoecos","robots":{"index":"index","follow":"follow","max-snippet":"max-snippet:-1","max-image-preview":"max-image-preview:large","max-video-preview":"max-video-preview:-1"},"canonical":"https:\/\/infoecos.com.ar\/index.php\/el-fiscal-general-del-departamento-judicial-de-trenque-lauquen-doctor-roberto-rubio-sin-rodeos\/","og_locale":"es_ES","og_type":"article","og_title":"El Fiscal General del Departamento Judicial de Trenque Lauquen, doctor Roberto Rubio, sin rodeos - Infoecos","og_description":"Entre otras cosas manifest\u00f3 que \"este hartazgo de la sociedad iba a llegar tarde o temprano y sostuvo que la Justicia no funciona bien\"","og_url":"https:\/\/infoecos.com.ar\/index.php\/el-fiscal-general-del-departamento-judicial-de-trenque-lauquen-doctor-roberto-rubio-sin-rodeos\/","og_site_name":"Infoecos","article_publisher":"https:\/\/www.facebook.com\/profile.php?id=100063200290284","article_published_time":"2020-11-19T03:21:53+00:00","article_modified_time":"2020-11-19T03:21:55+00:00","og_image":[{"width":960,"height":720,"url":"https:\/\/infoecos.com.ar\/wp-content\/uploads\/2020\/11\/126427874_844135206381398_8716246354365538454_n.jpg","type":"image\/jpeg"}],"author":"Jorge Matheus","twitter_card":"summary_large_image","twitter_creator":"@infoecos","twitter_site":"@infoecos","twitter_misc":{"Escrito por":"Jorge Matheus","Tiempo de lectura":"1 minuto"},"schema":{"@context":"https:\/\/schema.org","@graph":[{"@type":"Article","@id":"https:\/\/infoecos.com.ar\/index.php\/el-fiscal-general-del-departamento-judicial-de-trenque-lauquen-doctor-roberto-rubio-sin-rodeos\/#article","isPartOf":{"@id":"https:\/\/infoecos.com.ar\/index.php\/el-fiscal-general-del-departamento-judicial-de-trenque-lauquen-doctor-roberto-rubio-sin-rodeos\/"},"author":{"name":"Jorge Matheus","@id":"https:\/\/infoecos.com.ar\/#\/schema\/person\/8f5ace5ce73b4b4aac4b7245aee6f191"},"headline":"El Fiscal General del Departamento Judicial de Trenque Lauquen, doctor Roberto Rubio, sin rodeos","datePublished":"2020-11-19T03:21:53+00:00","dateModified":"2020-11-19T03:21:55+00:00","mainEntityOfPage":{"@id":"https:\/\/infoecos.com.ar\/index.php\/el-fiscal-general-del-departamento-judicial-de-trenque-lauquen-doctor-roberto-rubio-sin-rodeos\/"},"wordCount":213,"publisher":{"@id":"https:\/\/infoecos.com.ar\/#organization"},"image":{"@id":"https:\/\/infoecos.com.ar\/index.php\/el-fiscal-general-del-departamento-judicial-de-trenque-lauquen-doctor-roberto-rubio-sin-rodeos\/#primaryimage"},"thumbnailUrl":"https:\/\/infoecos.com.ar\/wp-content\/uploads\/2020\/11\/126427874_844135206381398_8716246354365538454_n.jpg","keywords":["SE ABRE UN GRAN DEBATE"],"articleSection":["C1 N2"],"inLanguage":"es"},{"@type":"WebPage","@id":"https:\/\/infoecos.com.ar\/index.php\/el-fiscal-general-del-departamento-judicial-de-trenque-lauquen-doctor-roberto-rubio-sin-rodeos\/","url":"https:\/\/infoecos.com.ar\/index.php\/el-fiscal-general-del-departamento-judicial-de-trenque-lauquen-doctor-roberto-rubio-sin-rodeos\/","name":"El Fiscal General del Departamento Judicial de Trenque Lauquen, doctor Roberto Rubio, sin rodeos - Infoecos","isPartOf":{"@id":"https:\/\/infoecos.com.ar\/#website"},"primaryImageOfPage":{"@id":"https:\/\/infoecos.com.ar\/index.php\/el-fiscal-general-del-departamento-judicial-de-trenque-lauquen-doctor-roberto-rubio-sin-rodeos\/#primaryimage"},"image":{"@id":"https:\/\/infoecos.com.ar\/index.php\/el-fiscal-general-del-departamento-judicial-de-trenque-lauquen-doctor-roberto-rubio-sin-rodeos\/#primaryimage"},"thumbnailUrl":"https:\/\/infoecos.com.ar\/wp-content\/uploads\/2020\/11\/126427874_844135206381398_8716246354365538454_n.jpg","datePublished":"2020-11-19T03:21:53+00:00","dateModified":"2020-11-19T03:21:55+00:00","breadcrumb":{"@id":"https:\/\/infoecos.com.ar\/index.php\/el-fiscal-general-del-departamento-judicial-de-trenque-lauquen-doctor-roberto-rubio-sin-rodeos\/#breadcrumb"},"inLanguage":"es","potentialAction":[{"@type":"ReadAction","target":["https:\/\/infoecos.com.ar\/index.php\/el-fiscal-general-del-departamento-judicial-de-trenque-lauquen-doctor-roberto-rubio-sin-rodeos\/"]}]},{"@type":"ImageObject","inLanguage":"es","@id":"https:\/\/infoecos.com.ar\/index.php\/el-fiscal-general-del-departamento-judicial-de-trenque-lauquen-doctor-roberto-rubio-sin-rodeos\/#primaryimage","url":"https:\/\/infoecos.com.ar\/wp-content\/uploads\/2020\/11\/126427874_844135206381398_8716246354365538454_n.jpg","contentUrl":"https:\/\/infoecos.com.ar\/wp-content\/uploads\/2020\/11\/126427874_844135206381398_8716246354365538454_n.jpg","width":960,"height":720},{"@type":"BreadcrumbList","@id":"https:\/\/infoecos.com.ar\/index.php\/el-fiscal-general-del-departamento-judicial-de-trenque-lauquen-doctor-roberto-rubio-sin-rodeos\/#breadcrumb","itemListElement":[{"@type":"ListItem","position":1,"name":"Portada","item":"https:\/\/infoecos.com.ar\/"},{"@type":"ListItem","position":2,"name":"El Fiscal General del Departamento Judicial de Trenque Lauquen, doctor Roberto Rubio, sin rodeos"}]},{"@type":"WebSite","@id":"https:\/\/infoecos.com.ar\/#website","url":"https:\/\/infoecos.com.ar\/","name":"Infoecos","description":"Noticias de trenque lauquen y la zona","publisher":{"@id":"https:\/\/infoecos.com.ar\/#organization"},"alternateName":"Noticias","potentialAction":[{"@type":"SearchAction","target":{"@type":"EntryPoint","urlTemplate":"https:\/\/infoecos.com.ar\/?s={search_term_string}"},"query-input":{"@type":"PropertyValueSpecification","valueRequired":true,"valueName":"search_term_string"}}],"inLanguage":"es"},{"@type":"Organization","@id":"https:\/\/infoecos.com.ar\/#organization","name":"Infoecos","alternateName":"Noticias","url":"https:\/\/infoecos.com.ar\/","logo":{"@type":"ImageObject","inLanguage":"es","@id":"https:\/\/infoecos.com.ar\/#\/schema\/logo\/image\/","url":"https:\/\/infoecos.com.ar\/wp-content\/uploads\/2024\/03\/cropped-logo.png","contentUrl":"https:\/\/infoecos.com.ar\/wp-content\/uploads\/2024\/03\/cropped-logo.png","width":374,"height":90,"caption":"Infoecos"},"image":{"@id":"https:\/\/infoecos.com.ar\/#\/schema\/logo\/image\/"},"sameAs":["https:\/\/www.facebook.com\/profile.php?id=100063200290284","https:\/\/x.com\/infoecos"]},{"@type":"Person","@id":"https:\/\/infoecos.com.ar\/#\/schema\/person\/8f5ace5ce73b4b4aac4b7245aee6f191","name":"Jorge Matheus","url":"https:\/\/infoecos.com.ar\/index.php\/author\/jomatheus\/"}]}},"featured_image_urls":{"full":["https:\/\/infoecos.com.ar\/wp-content\/uploads\/2020\/11\/126427874_844135206381398_8716246354365538454_n.jpg",960,720,false],"thumbnail":["https:\/\/infoecos.com.ar\/wp-content\/uploads\/2020\/11\/126427874_844135206381398_8716246354365538454_n-150x150.jpg",150,150,true],"medium":["https:\/\/infoecos.com.ar\/wp-content\/uploads\/2020\/11\/126427874_844135206381398_8716246354365538454_n-460x345.jpg",460,345,true],"medium_large":["https:\/\/infoecos.com.ar\/wp-content\/uploads\/2020\/11\/126427874_844135206381398_8716246354365538454_n-768x576.jpg",640,480,true],"large":["https:\/\/infoecos.com.ar\/wp-content\/uploads\/2020\/11\/126427874_844135206381398_8716246354365538454_n-920x690.jpg",640,480,true],"1536x1536":["https:\/\/infoecos.com.ar\/wp-content\/uploads\/2020\/11\/126427874_844135206381398_8716246354365538454_n.jpg",960,720,false],"2048x2048":["https:\/\/infoecos.com.ar\/wp-content\/uploads\/2020\/11\/126427874_844135206381398_8716246354365538454_n.jpg",960,720,false],"covernews-slider-full":["https:\/\/infoecos.com.ar\/wp-content\/uploads\/2020\/11\/126427874_844135206381398_8716246354365538454_n.jpg",953,715,false],"covernews-slider-center":["https:\/\/infoecos.com.ar\/wp-content\/uploads\/2020\/11\/126427874_844135206381398_8716246354365538454_n-936x720.jpg",650,500,true],"covernews-featured":["https:\/\/infoecos.com.ar\/wp-content\/uploads\/2020\/11\/126427874_844135206381398_8716246354365538454_n.jpg",960,720,false],"covernews-medium":["https:\/\/infoecos.com.ar\/wp-content\/uploads\/2020\/11\/126427874_844135206381398_8716246354365538454_n-720x380.jpg",540,285,true],"covernews-medium-square":["https:\/\/infoecos.com.ar\/wp-content\/uploads\/2020\/11\/126427874_844135206381398_8716246354365538454_n-675x450.jpg",375,250,true]},"author_info":{"info":["Jorge Matheus"]},"category_info":"<a href=\"https:\/\/infoecos.com.ar\/index.php\/category\/c1nota2\/\" rel=\"category tag\">C1 N2<\/a>","tag_info":"C1 N2","comment_count":"0","_links":{"self":[{"href":"https:\/\/infoecos.com.ar\/index.php\/wp-json\/wp\/v2\/posts\/70576"}],"collection":[{"href":"https:\/\/infoecos.com.ar\/index.php\/wp-json\/wp\/v2\/posts"}],"about":[{"href":"https:\/\/infoecos.com.ar\/index.php\/wp-json\/wp\/v2\/types\/post"}],"author":[{"embeddable":true,"href":"https:\/\/infoecos.com.ar\/index.php\/wp-json\/wp\/v2\/users\/2"}],"replies":[{"embeddable":true,"href":"https:\/\/infoecos.com.ar\/index.php\/wp-json\/wp\/v2\/comments?post=70576"}],"version-history":[{"count":1,"href":"https:\/\/infoecos.com.ar\/index.php\/wp-json\/wp\/v2\/posts\/70576\/revisions"}],"predecessor-version":[{"id":70577,"href":"https:\/\/infoecos.com.ar\/index.php\/wp-json\/wp\/v2\/posts\/70576\/revisions\/70577"}],"wp:featuredmedia":[{"embeddable":true,"href":"https:\/\/infoecos.com.ar\/index.php\/wp-json\/wp\/v2\/media\/70560"}],"wp:attachment":[{"href":"https:\/\/infoecos.com.ar\/index.php\/wp-json\/wp\/v2\/media?parent=70576"}],"wp:term":[{"taxonomy":"category","embeddable":true,"href":"https:\/\/infoecos.com.ar\/index.php\/wp-json\/wp\/v2\/categories?post=70576"},{"taxonomy":"post_tag","embeddable":true,"href":"https:\/\/infoecos.com.ar\/index.php\/wp-json\/wp\/v2\/tags?post=70576"}],"curies":[{"name":"wp","href":"https:\/\/api.w.org\/{rel}","templated":true}]}}