{"id":70606,"date":"2020-11-20T15:39:25","date_gmt":"2020-11-20T18:39:25","guid":{"rendered":"http:\/\/infoecos.com.ar\/?p=70606"},"modified":"2020-11-20T15:39:31","modified_gmt":"2020-11-20T18:39:31","slug":"esta-noche-se-reune-el-concejo-deliberante-de-trenque-lauquen-resumen-de-los-temas-a-considerar","status":"publish","type":"post","link":"https:\/\/infoecos.com.ar\/index.php\/esta-noche-se-reune-el-concejo-deliberante-de-trenque-lauquen-resumen-de-los-temas-a-considerar\/","title":{"rendered":"Esta noche se re\u00fane el Concejo Deliberante de Trenque Lauquen: res\u00famen de los temas a considerar"},"content":{"rendered":"\n<p class=\"wp-block-paragraph\">Se re\u00fane esta noche el Concejo Deliberante de Trenque Lauquen. Ser\u00e1 la d\u00e9cimo sexta sesi\u00f3n ordinaria del presente per\u00edodo.<\/p>\n\n\n\n<div class=\"wp-block-image\"><figure class=\"aligncenter size-medium\"><img loading=\"lazy\" decoding=\"async\" width=\"460\" height=\"237\" src=\"http:\/\/infoecos.com.ar\/wp-content\/uploads\/concejod-460x237.jpg\" alt=\"\" class=\"wp-image-61711\" srcset=\"https:\/\/infoecos.com.ar\/wp-content\/uploads\/concejod-460x237.jpg 460w, https:\/\/infoecos.com.ar\/wp-content\/uploads\/concejod-768x396.jpg 768w, https:\/\/infoecos.com.ar\/wp-content\/uploads\/concejod.jpg 825w\" sizes=\"auto, (max-width: 460px) 100vw, 460px\" \/><figcaption>Concejo Deliberante de Trenque Lauquen<\/figcaption><\/figure><\/div>\n\n\n\n<p class=\"wp-block-paragraph\">Entre los temas que sobresalen la puesta a votaci\u00f3n de una pr\u00f3rroga hasta el 31 de diciembre, de la vigencia de las Ordenanzas n\u00b0 5021\/2020 y 5049\/2020, referidas a los beneficios de reducci\u00f3n de las Tasas de Alumbrado, Barrido y Conservaci\u00f3n de la V\u00eda P\u00fablica y Espacios Verdes; y una iniciativa tendiente a suspender la aplicaci\u00f3n del Cap\u00edtulo XXIII de la Tasa Ambiental y los art\u00edculos 100 y 101 de la Ordenanza Impositiva n\u00b0 5042\/2020, desde su entrada en vigencia hasta que se expida la Justicia en el recurso interpuesto por comerciantes.<\/p>\n\n\n\n<p class=\"wp-block-paragraph\">La sesi\u00f3n est\u00e1 convocada para las 21 horas y se concretar\u00e1 mediante el sistema de videoconferencia.<\/p>\n\n\n\n<p class=\"wp-block-paragraph\">Adem\u00e1s, los concejales ingresar\u00e1n a las Comisiones Internas que correspondan los 38 anteproyectos sancionados por los concejales juveniles durante la Sesi\u00f3n Ordinaria realizada el pasado 30 de octubre, jornada que culmin\u00f3 con la edici\u00f3n 2020 del Concejo Deliberante Juvenil.<\/p>\n\n\n\n<p class=\"wp-block-paragraph\">Se debatir\u00e1 tambi\u00e9n la convalidaci\u00f3n del convenio de obras con el ministerio de Infraestructura y Servicios P\u00fablicos de la provincia de Buenos Aires para 30 de Agosto, con el objetivo de financiar la obra \u201cPlaya de Estacionamiento Urbano\u201d en dicha localidad.<\/p>\n\n\n\n<p class=\"wp-block-paragraph\">Pondr\u00e1n a votaci\u00f3n una segunda Resoluci\u00f3n, sancionada en 2019 por el Concejo Deliberante Juvenil, para adherir al D\u00eda Internacional de la Eliminaci\u00f3n de la Violencia contra la Mujer, a celebrarse el 25 de Noviembre de cada a\u00f1o; y la readjudicaci\u00f3n de dos inmuebles, uno ubicado en calle Glattstein y otro denominado catastralmente como Circunscripci\u00f3n I, Secci\u00f3n B, Quinta 3, Manzana 3F, Parcela 13.<\/p>\n\n\n\n<p class=\"wp-block-paragraph\">Como parte de la agenda legislativa ingresar\u00e1n a las Comisiones que correspondan cinco iniciativas de Ordenanza remitidas por el Departamento Ejecutivo, para dejar sin efecto la concesi\u00f3n de uso efectuada por Ordenanza n\u00b0 4948\/2019 a favor de la Empresa \u201cCooperativa de Trabajo Fundilauquen Limitada\u201d, de un inmueble ubicado en el Sector Industrial Planificado; y aceptar las donaciones del Sr. Ricardo Zulberti de mapas y planos dibujados por Jos\u00e9 Mar\u00eda de Garate, con destino al Archivo Hist\u00f3rico Municipal; del Sr. Juan Jos\u00e9 Est\u00e9vez, de distintas joyas de su producci\u00f3n y un maniqu\u00ed, con destino a la Sala del Aborigen del Museo Hist\u00f3rico Regional; de la Cooperativa El\u00e9ctrica de Trenque Lauquen de $ 302.000,00, con destino a Emprendimientos PyMES en la localidad de Beruti; y del Sr. Natalio M\u00fatolo, de antig\u00fcedades con destino al Museo C\u00edvico Almafuerte.<\/p>\n\n\n\n<p class=\"wp-block-paragraph\">Se suman para su ingreso a Comisi\u00f3n dos iniciativas del bloque FdT, tendientes a declarar de Inter\u00e9s Municipal la donaci\u00f3n voluntaria de Plasma Convaleciente, de pacientes recuperados\/as de Covid-19 en el distrito; y a crear en el \u00e1mbito del HCD, la \u201cComisi\u00f3n de Coparticipaci\u00f3n y Fondos de Afectaci\u00f3n Espec\u00edfica\u201d.<\/p>\n\n\n\n<p class=\"wp-block-paragraph\">Tambi\u00e9n ser\u00e1 ingresada una Ordenanza presentada por la bancada FR, tendiente a crear un Registro de Cocinas Elaboradas de Productos Artesanales; y una iniciativa impulsada por el bloque JxC, cuya finalidad es la creaci\u00f3n de la \u201cSenda Peatonal por la Diversidad\u201d, la que estar\u00e1 ubicada en la intersecci\u00f3n de las calles Villegas y 25 de Mayo.<\/p>\n\n\n\n<p class=\"wp-block-paragraph\">En otro orden, los concejales dar\u00e1n tratamiento a los siguientes proyectos de Resoluci\u00f3n:<\/p>\n\n\n\n<p class=\"wp-block-paragraph\">\u2013 Los bloques JxC y RyC\/UCR presentaron una iniciativa para respaldar y solicitar que la Legislatura Provincial que d\u00e9 prioridad y apruebe el Proyecto de Ley por el cual se convoca a una Convenci\u00f3n Reformadora con destino a que se incorpore a la Constituci\u00f3n de la Provincia, el reconocimiento de la Autonom\u00eda Municipal.<\/p>\n\n\n\n<p class=\"wp-block-paragraph\">\u2013 Por su parte, los ediles del Frente Renovador presentaron una Resoluci\u00f3n tendiente a expresar su benepl\u00e1cito por las modificatorias del Decreto 883\/20 Reglamentario de la Lay 27.350, de investigaci\u00f3n m\u00e9dica y cient\u00edfica sobre el uso medicinal del cannabis.<\/p>\n\n\n\n<p class=\"wp-block-paragraph\">\u2013 Finalmente, el bloque FdT impulsa declarar de Inter\u00e9s Legislativo la incorporaci\u00f3n de los principios y valores del Cooperativismo y Mutualismo, en los procesos de ense\u00f1anza-aprendizaje, seg\u00fan la Ley Nacional de Educaci\u00f3n.<\/p>\n\n\n\n<p class=\"wp-block-paragraph\">La puesta a votaci\u00f3n de dos Comunicaciones dar\u00e1 por concluido el Orden del D\u00eda de la Sesi\u00f3n. El bloque JxC present\u00f3 una solicitud para la Honorable C\u00e1mara de Diputados de la Provincia de Buenos Aires, para que de prioridad al tratamiento del Proyecto de Ley que tiene como motivo instituir en todo el Territorio Bonaerense \u201cLa Semana Provincial del Orgullo LGBTIQ+\u201d.<\/p>\n\n\n\n<p class=\"wp-block-paragraph\">Por su parte, la bancada FdT present\u00f3 un pedido para el Departamento Ejecutivo, solicitando la incorporaci\u00f3n de un m\u00f3vil de castraci\u00f3n de mascotas, o la adaptaci\u00f3n de un espacio en los Centros de Referencia, para ser utilizados con el mismo fin.<\/p>\n","protected":false},"excerpt":{"rendered":"<p>Ser\u00e1 la d\u00e9cimo sexta sesi\u00f3n ordinaria del presente per\u00edodo<\/p>\n","protected":false},"author":2,"featured_media":61711,"comment_status":"closed","ping_status":"open","sticky":false,"template":"","format":"standard","meta":{"footnotes":""},"categories":[25],"tags":[1809],"class_list":["post-70606","post","type-post","status-publish","format-standard","has-post-thumbnail","hentry","category-c3nota1","tag-politica-legislativa-2"],"featured_image_urls":{"full":["https:\/\/infoecos.com.ar\/wp-content\/uploads\/concejod.jpg",825,425,false],"thumbnail":["https:\/\/infoecos.com.ar\/wp-content\/uploads\/concejod-150x150.jpg",150,150,true],"medium":["https:\/\/infoecos.com.ar\/wp-content\/uploads\/concejod-460x237.jpg",460,237,true],"medium_large":["https:\/\/infoecos.com.ar\/wp-content\/uploads\/concejod-768x396.jpg",640,330,true],"large":["https:\/\/infoecos.com.ar\/wp-content\/uploads\/concejod.jpg",640,330,false],"1536x1536":["https:\/\/infoecos.com.ar\/wp-content\/uploads\/concejod.jpg",825,425,false],"2048x2048":["https:\/\/infoecos.com.ar\/wp-content\/uploads\/concejod.jpg",825,425,false],"covernews-slider-full":["https:\/\/infoecos.com.ar\/wp-content\/uploads\/concejod.jpg",825,425,false],"covernews-slider-center":["https:\/\/infoecos.com.ar\/wp-content\/uploads\/concejod.jpg",800,412,false],"covernews-featured":["https:\/\/infoecos.com.ar\/wp-content\/uploads\/concejod.jpg",825,425,false],"covernews-medium":["https:\/\/infoecos.com.ar\/wp-content\/uploads\/concejod-720x380.jpg",540,285,true],"covernews-medium-square":["https:\/\/infoecos.com.ar\/wp-content\/uploads\/concejod-675x425.jpg",397,250,true]},"author_info":{"info":["Jorge Matheus"]},"category_info":"<a href=\"https:\/\/infoecos.com.ar\/index.php\/category\/c3nota1\/\" rel=\"category tag\">C3 N1<\/a>","tag_info":"C3 N1","comment_count":"0","_links":{"self":[{"href":"https:\/\/infoecos.com.ar\/index.php\/wp-json\/wp\/v2\/posts\/70606","targetHints":{"allow":["GET"]}}],"collection":[{"href":"https:\/\/infoecos.com.ar\/index.php\/wp-json\/wp\/v2\/posts"}],"about":[{"href":"https:\/\/infoecos.com.ar\/index.php\/wp-json\/wp\/v2\/types\/post"}],"author":[{"embeddable":true,"href":"https:\/\/infoecos.com.ar\/index.php\/wp-json\/wp\/v2\/users\/2"}],"replies":[{"embeddable":true,"href":"https:\/\/infoecos.com.ar\/index.php\/wp-json\/wp\/v2\/comments?post=70606"}],"version-history":[{"count":1,"href":"https:\/\/infoecos.com.ar\/index.php\/wp-json\/wp\/v2\/posts\/70606\/revisions"}],"predecessor-version":[{"id":70607,"href":"https:\/\/infoecos.com.ar\/index.php\/wp-json\/wp\/v2\/posts\/70606\/revisions\/70607"}],"wp:featuredmedia":[{"embeddable":true,"href":"https:\/\/infoecos.com.ar\/index.php\/wp-json\/wp\/v2\/media\/61711"}],"wp:attachment":[{"href":"https:\/\/infoecos.com.ar\/index.php\/wp-json\/wp\/v2\/media?parent=70606"}],"wp:term":[{"taxonomy":"category","embeddable":true,"href":"https:\/\/infoecos.com.ar\/index.php\/wp-json\/wp\/v2\/categories?post=70606"},{"taxonomy":"post_tag","embeddable":true,"href":"https:\/\/infoecos.com.ar\/index.php\/wp-json\/wp\/v2\/tags?post=70606"}],"curies":[{"name":"wp","href":"https:\/\/api.w.org\/{rel}","templated":true}]}}