{"id":70626,"date":"2020-11-20T16:23:56","date_gmt":"2020-11-20T19:23:56","guid":{"rendered":"http:\/\/infoecos.com.ar\/?p=70626"},"modified":"2020-11-20T16:23:59","modified_gmt":"2020-11-20T19:23:59","slug":"el-ministro-de-educacion-de-la-nacion-aseguro-que-esta-todo-listo-para-que-en-el-2021-haya-presencialidad-en-las-escuelas","status":"publish","type":"post","link":"https:\/\/infoecos.com.ar\/index.php\/el-ministro-de-educacion-de-la-nacion-aseguro-que-esta-todo-listo-para-que-en-el-2021-haya-presencialidad-en-las-escuelas\/","title":{"rendered":"El ministro de Educaci\u00f3n de la Naci\u00f3n asegur\u00f3 que \u00abest\u00e1 todo listo para que en el 2021 haya presencialidad en las escuelas\u00bb"},"content":{"rendered":"\n<p class=\"wp-block-paragraph\">El ministro de Educaci\u00f3n de la Naci\u00f3n,\u00a0<strong>Nicol\u00e1s Trotta,<\/strong>\u00a0asegur\u00f3 en declaraciones radiales que desde su \u00e1rea est\u00e1 \u00abtodo listo para que en 2021 la presencialidad en las escuelas sea la regla\u00bb, aunque sostuvo que eso no significa \u00abretomar las clases como eran antes de marzo\u00bb, cuando fueron suspendidas debido a la pandemia de coronavirus.<\/p>\n\n\n\n<div class=\"wp-block-image\"><figure class=\"aligncenter size-medium\"><img loading=\"lazy\" decoding=\"async\" width=\"460\" height=\"259\" src=\"http:\/\/infoecos.com.ar\/wp-content\/uploads\/2020\/11\/5fa022e7b2bac_1004x565-460x259.jpg\" alt=\"\" class=\"wp-image-70627\" srcset=\"https:\/\/infoecos.com.ar\/wp-content\/uploads\/2020\/11\/5fa022e7b2bac_1004x565-460x259.jpg 460w, https:\/\/infoecos.com.ar\/wp-content\/uploads\/2020\/11\/5fa022e7b2bac_1004x565-920x518.jpg 920w, https:\/\/infoecos.com.ar\/wp-content\/uploads\/2020\/11\/5fa022e7b2bac_1004x565-768x432.jpg 768w, https:\/\/infoecos.com.ar\/wp-content\/uploads\/2020\/11\/5fa022e7b2bac_1004x565.jpg 1004w\" sizes=\"auto, (max-width: 460px) 100vw, 460px\" \/><\/figure><\/div>\n\n\n\n<p class=\"wp-block-paragraph\">\u00abHoy la mitad de las provincias tienen clases presenciales de alguna forma, principalmente los \u00faltimos grados del primario y secundario\u00bb, detall\u00f3 con respecto a lo que ocurre en la Argentina, y explic\u00f3 que corresponde a cada jurisdicci\u00f3n desplegar la estrategia de vuelta a las escuelas \u00abcumpliendo los protocolos que permiten ese regreso a la presencialidad\u00bb.<\/p>\n\n\n\n<p class=\"wp-block-paragraph\"><\/p>\n","protected":false},"excerpt":{"rendered":"<p>\u00abHoy la mitad de las provincias tienen clases presenciales de alguna forma, principalmente los \u00faltimos grados del primario y secundario\u00bb, detall\u00f3<\/p>\n","protected":false},"author":2,"featured_media":70627,"comment_status":"closed","ping_status":"open","sticky":false,"template":"","format":"standard","meta":{"footnotes":""},"categories":[46],"tags":[2366],"class_list":["post-70626","post","type-post","status-publish","format-standard","has-post-thumbnail","hentry","category-c2nota2","tag-pandemia-y-educacion"],"featured_image_urls":{"full":["https:\/\/infoecos.com.ar\/wp-content\/uploads\/2020\/11\/5fa022e7b2bac_1004x565.jpg",1004,565,false],"thumbnail":["https:\/\/infoecos.com.ar\/wp-content\/uploads\/2020\/11\/5fa022e7b2bac_1004x565-150x150.jpg",150,150,true],"medium":["https:\/\/infoecos.com.ar\/wp-content\/uploads\/2020\/11\/5fa022e7b2bac_1004x565-460x259.jpg",460,259,true],"medium_large":["https:\/\/infoecos.com.ar\/wp-content\/uploads\/2020\/11\/5fa022e7b2bac_1004x565-768x432.jpg",640,360,true],"large":["https:\/\/infoecos.com.ar\/wp-content\/uploads\/2020\/11\/5fa022e7b2bac_1004x565-920x518.jpg",640,360,true],"1536x1536":["https:\/\/infoecos.com.ar\/wp-content\/uploads\/2020\/11\/5fa022e7b2bac_1004x565.jpg",1004,565,false],"2048x2048":["https:\/\/infoecos.com.ar\/wp-content\/uploads\/2020\/11\/5fa022e7b2bac_1004x565.jpg",1004,565,false],"covernews-slider-full":["https:\/\/infoecos.com.ar\/wp-content\/uploads\/2020\/11\/5fa022e7b2bac_1004x565.jpg",1004,565,false],"covernews-slider-center":["https:\/\/infoecos.com.ar\/wp-content\/uploads\/2020\/11\/5fa022e7b2bac_1004x565-936x565.jpg",800,483,true],"covernews-featured":["https:\/\/infoecos.com.ar\/wp-content\/uploads\/2020\/11\/5fa022e7b2bac_1004x565.jpg",1004,565,false],"covernews-medium":["https:\/\/infoecos.com.ar\/wp-content\/uploads\/2020\/11\/5fa022e7b2bac_1004x565-720x380.jpg",540,285,true],"covernews-medium-square":["https:\/\/infoecos.com.ar\/wp-content\/uploads\/2020\/11\/5fa022e7b2bac_1004x565-675x450.jpg",375,250,true]},"author_info":{"info":["Jorge Matheus"]},"category_info":"<a href=\"https:\/\/infoecos.com.ar\/index.php\/category\/c2nota2\/\" rel=\"category tag\">C2 N2<\/a>","tag_info":"C2 N2","comment_count":"0","_links":{"self":[{"href":"https:\/\/infoecos.com.ar\/index.php\/wp-json\/wp\/v2\/posts\/70626","targetHints":{"allow":["GET"]}}],"collection":[{"href":"https:\/\/infoecos.com.ar\/index.php\/wp-json\/wp\/v2\/posts"}],"about":[{"href":"https:\/\/infoecos.com.ar\/index.php\/wp-json\/wp\/v2\/types\/post"}],"author":[{"embeddable":true,"href":"https:\/\/infoecos.com.ar\/index.php\/wp-json\/wp\/v2\/users\/2"}],"replies":[{"embeddable":true,"href":"https:\/\/infoecos.com.ar\/index.php\/wp-json\/wp\/v2\/comments?post=70626"}],"version-history":[{"count":1,"href":"https:\/\/infoecos.com.ar\/index.php\/wp-json\/wp\/v2\/posts\/70626\/revisions"}],"predecessor-version":[{"id":70628,"href":"https:\/\/infoecos.com.ar\/index.php\/wp-json\/wp\/v2\/posts\/70626\/revisions\/70628"}],"wp:featuredmedia":[{"embeddable":true,"href":"https:\/\/infoecos.com.ar\/index.php\/wp-json\/wp\/v2\/media\/70627"}],"wp:attachment":[{"href":"https:\/\/infoecos.com.ar\/index.php\/wp-json\/wp\/v2\/media?parent=70626"}],"wp:term":[{"taxonomy":"category","embeddable":true,"href":"https:\/\/infoecos.com.ar\/index.php\/wp-json\/wp\/v2\/categories?post=70626"},{"taxonomy":"post_tag","embeddable":true,"href":"https:\/\/infoecos.com.ar\/index.php\/wp-json\/wp\/v2\/tags?post=70626"}],"curies":[{"name":"wp","href":"https:\/\/api.w.org\/{rel}","templated":true}]}}