{"id":70636,"date":"2020-11-23T14:47:08","date_gmt":"2020-11-23T17:47:08","guid":{"rendered":"http:\/\/infoecos.com.ar\/?p=70636"},"modified":"2020-11-23T14:47:11","modified_gmt":"2020-11-23T17:47:11","slug":"estan-levantados-los-controles-de-ingreso-a-las-localidades-del-distrito-de-guamini","status":"publish","type":"post","link":"https:\/\/infoecos.com.ar\/index.php\/estan-levantados-los-controles-de-ingreso-a-las-localidades-del-distrito-de-guamini\/","title":{"rendered":"Est\u00e1n levantados los controles de ingreso a las localidades del distrito de Guamin\u00ed"},"content":{"rendered":"\n<p class=\"wp-block-paragraph\">Desde el s\u00e1bado est\u00e1n levantados los controles de ingreso a las localidades del distrito de Guamin\u00ed.<\/p>\n\n\n\n<div class=\"wp-block-image\"><figure class=\"aligncenter size-large\"><img loading=\"lazy\" decoding=\"async\" width=\"920\" height=\"614\" src=\"http:\/\/infoecos.com.ar\/wp-content\/uploads\/2020\/08\/118475337_3288369071201903_3061952766872436462_o-920x614.jpg\" alt=\"\" class=\"wp-image-66675\" srcset=\"https:\/\/infoecos.com.ar\/wp-content\/uploads\/2020\/08\/118475337_3288369071201903_3061952766872436462_o-920x614.jpg 920w, https:\/\/infoecos.com.ar\/wp-content\/uploads\/2020\/08\/118475337_3288369071201903_3061952766872436462_o-460x307.jpg 460w, https:\/\/infoecos.com.ar\/wp-content\/uploads\/2020\/08\/118475337_3288369071201903_3061952766872436462_o-768x512.jpg 768w, https:\/\/infoecos.com.ar\/wp-content\/uploads\/2020\/08\/118475337_3288369071201903_3061952766872436462_o-1536x1025.jpg 1536w, https:\/\/infoecos.com.ar\/wp-content\/uploads\/2020\/08\/118475337_3288369071201903_3061952766872436462_o-1024x683.jpg 1024w, https:\/\/infoecos.com.ar\/wp-content\/uploads\/2020\/08\/118475337_3288369071201903_3061952766872436462_o-675x450.jpg 675w, https:\/\/infoecos.com.ar\/wp-content\/uploads\/2020\/08\/118475337_3288369071201903_3061952766872436462_o.jpg 2000w\" sizes=\"auto, (max-width: 920px) 100vw, 920px\" \/><figcaption>Guamin\u00ed &#8211; Palacio Municipal<\/figcaption><\/figure><\/div>\n\n\n\n<p class=\"wp-block-paragraph\">Se inform\u00f3 que en esta temporada tur\u00edstica y a modo de base de dato por razones sanitarias, se mantendr\u00e1n en los balnearios (Lago del Monte, Laguna Alsina y Cochic\u00f3) un registro de las personas que ingresan, las que deber\u00e1n poseer el prermiso de circulaci\u00f3n que podr\u00e1n descargar en el siguiente enlace oficial: <a rel=\"noreferrer noopener\" href=\"https:\/\/www.argentina.gob.ar\/circular?fbclid=IwAR2F-ZtmbhMbgysNBHLmhLNP1kF2hLK4bVC0B2viw1TeRrKsYGPLiUSsSk8\" target=\"_blank\">https:\/\/www.argentina.gob.ar\/circular<\/a>. De manera complementaria, se continuar\u00e1n realizando los controles de cumplimiento de protocolos.<\/p>\n\n\n\n<p class=\"wp-block-paragraph\">En tanto se comunic\u00f3 que los vecinos del distrito que viajen- por cualquier raz\u00f3n- al regreso a su hogar no deber\u00e1n realizar aislamiento o cuarentena. <\/p>\n\n\n\n<p class=\"wp-block-paragraph\">Las medidas fueron tomadas por consenso en el marco del Comit\u00e9 de Crisis creado a partir de la pandemia, encabezado por el Intendente Municipal e integrado por referentes de Salud, Defensa Civil y dem\u00e1s \u00e1reas municipales que trabajan en prevenci\u00f3n y organizaci\u00f3n, as\u00ed como Polic\u00eda, Bomberos Voluntarios, Concejales, Consejeros Escolares, representantes de la C\u00e1mara Empresaria Guamin\u00ed y la C\u00e1mara de Comercio de Casbas.<\/p>\n","protected":false},"excerpt":{"rendered":"<p>Se inform\u00f3 que en esta temporada tur\u00edstica y a modo de base de dato por razones sanitarias, se mantendr\u00e1n en los balnearios (Lago del Monte, Laguna Alsina y Cochic\u00f3) un registro de las personas que ingresan, las que deber\u00e1n poseer el prermiso de circulaci\u00f3n que podr\u00e1n descargar en el siguiente enlace oficial: https:\/\/www.argentina.gob.ar\/circular<\/p>\n","protected":false},"author":2,"featured_media":66675,"comment_status":"closed","ping_status":"open","sticky":false,"template":"","format":"standard","meta":{"footnotes":""},"categories":[1613],"tags":[1785],"class_list":["post-70636","post","type-post","status-publish","format-standard","has-post-thumbnail","hentry","category-noticia-secundaria","tag-coronavirus"],"featured_image_urls":{"full":["https:\/\/infoecos.com.ar\/wp-content\/uploads\/2020\/08\/118475337_3288369071201903_3061952766872436462_o.jpg",2000,1334,false],"thumbnail":["https:\/\/infoecos.com.ar\/wp-content\/uploads\/2020\/08\/118475337_3288369071201903_3061952766872436462_o-150x150.jpg",150,150,true],"medium":["https:\/\/infoecos.com.ar\/wp-content\/uploads\/2020\/08\/118475337_3288369071201903_3061952766872436462_o-460x307.jpg",460,307,true],"medium_large":["https:\/\/infoecos.com.ar\/wp-content\/uploads\/2020\/08\/118475337_3288369071201903_3061952766872436462_o-768x512.jpg",640,427,true],"large":["https:\/\/infoecos.com.ar\/wp-content\/uploads\/2020\/08\/118475337_3288369071201903_3061952766872436462_o-920x614.jpg",640,427,true],"1536x1536":["https:\/\/infoecos.com.ar\/wp-content\/uploads\/2020\/08\/118475337_3288369071201903_3061952766872436462_o-1536x1025.jpg",1536,1025,true],"2048x2048":["https:\/\/infoecos.com.ar\/wp-content\/uploads\/2020\/08\/118475337_3288369071201903_3061952766872436462_o.jpg",2000,1334,false],"covernews-slider-full":["https:\/\/infoecos.com.ar\/wp-content\/uploads\/2020\/08\/118475337_3288369071201903_3061952766872436462_o-1536x1020.jpg",1077,715,true],"covernews-slider-center":["https:\/\/infoecos.com.ar\/wp-content\/uploads\/2020\/08\/118475337_3288369071201903_3061952766872436462_o-936x897.jpg",522,500,true],"covernews-featured":["https:\/\/infoecos.com.ar\/wp-content\/uploads\/2020\/08\/118475337_3288369071201903_3061952766872436462_o-1024x683.jpg",1024,683,true],"covernews-medium":["https:\/\/infoecos.com.ar\/wp-content\/uploads\/2020\/08\/118475337_3288369071201903_3061952766872436462_o-720x380.jpg",540,285,true],"covernews-medium-square":["https:\/\/infoecos.com.ar\/wp-content\/uploads\/2020\/08\/118475337_3288369071201903_3061952766872436462_o-675x450.jpg",375,250,true]},"author_info":{"info":["Jorge Matheus"]},"category_info":"<a href=\"https:\/\/infoecos.com.ar\/index.php\/category\/noticia-secundaria\/\" rel=\"category tag\">Noticia Secundaria<\/a>","tag_info":"Noticia Secundaria","comment_count":"0","_links":{"self":[{"href":"https:\/\/infoecos.com.ar\/index.php\/wp-json\/wp\/v2\/posts\/70636","targetHints":{"allow":["GET"]}}],"collection":[{"href":"https:\/\/infoecos.com.ar\/index.php\/wp-json\/wp\/v2\/posts"}],"about":[{"href":"https:\/\/infoecos.com.ar\/index.php\/wp-json\/wp\/v2\/types\/post"}],"author":[{"embeddable":true,"href":"https:\/\/infoecos.com.ar\/index.php\/wp-json\/wp\/v2\/users\/2"}],"replies":[{"embeddable":true,"href":"https:\/\/infoecos.com.ar\/index.php\/wp-json\/wp\/v2\/comments?post=70636"}],"version-history":[{"count":1,"href":"https:\/\/infoecos.com.ar\/index.php\/wp-json\/wp\/v2\/posts\/70636\/revisions"}],"predecessor-version":[{"id":70637,"href":"https:\/\/infoecos.com.ar\/index.php\/wp-json\/wp\/v2\/posts\/70636\/revisions\/70637"}],"wp:featuredmedia":[{"embeddable":true,"href":"https:\/\/infoecos.com.ar\/index.php\/wp-json\/wp\/v2\/media\/66675"}],"wp:attachment":[{"href":"https:\/\/infoecos.com.ar\/index.php\/wp-json\/wp\/v2\/media?parent=70636"}],"wp:term":[{"taxonomy":"category","embeddable":true,"href":"https:\/\/infoecos.com.ar\/index.php\/wp-json\/wp\/v2\/categories?post=70636"},{"taxonomy":"post_tag","embeddable":true,"href":"https:\/\/infoecos.com.ar\/index.php\/wp-json\/wp\/v2\/tags?post=70636"}],"curies":[{"name":"wp","href":"https:\/\/api.w.org\/{rel}","templated":true}]}}