{"id":70644,"date":"2020-11-23T15:54:58","date_gmt":"2020-11-23T18:54:58","guid":{"rendered":"http:\/\/infoecos.com.ar\/?p=70644"},"modified":"2020-11-23T16:53:30","modified_gmt":"2020-11-23T19:53:30","slug":"los-ediles-de-trenque-lauquen-apoyan-una-convencion-reformadora-para-que-se-reconozca-la-autonomia-municipal","status":"publish","type":"post","link":"https:\/\/infoecos.com.ar\/index.php\/los-ediles-de-trenque-lauquen-apoyan-una-convencion-reformadora-para-que-se-reconozca-la-autonomia-municipal\/","title":{"rendered":"Los ediles de Trenque Lauquen apoyan una Convenci\u00f3n Reformadora para que se reconozca la Autonom\u00eda Municipal"},"content":{"rendered":"\n<p class=\"wp-block-paragraph\">Los concejales de Trenque Lauquen aprobaron por unanimidad una solicitud a la Legislatura de la provincia de Buenos Aires para que se d\u00e9 prioridad y apruebe el proyecto de Ley por el cual se convoca a una Convenci\u00f3n Reformadora con destino a que se incorpore a la Constituci\u00f3n de la provincia, el reconocimiento de la Autonom\u00eda Municipal.<\/p>\n\n\n\n<div class=\"wp-block-image\"><figure class=\"aligncenter size-medium\"><img loading=\"lazy\" decoding=\"async\" width=\"460\" height=\"237\" src=\"http:\/\/infoecos.com.ar\/wp-content\/uploads\/concejod-460x237.jpg\" alt=\"\" class=\"wp-image-61711\" srcset=\"https:\/\/infoecos.com.ar\/wp-content\/uploads\/concejod-460x237.jpg 460w, https:\/\/infoecos.com.ar\/wp-content\/uploads\/concejod-768x396.jpg 768w, https:\/\/infoecos.com.ar\/wp-content\/uploads\/concejod.jpg 825w\" sizes=\"auto, (max-width: 460px) 100vw, 460px\" \/><figcaption>Concejo Deliberante de Trenque Lauquen<\/figcaption><\/figure><\/div>\n\n\n\n<p class=\"wp-block-paragraph\">De esta manera se contin\u00faa con la l\u00ednea que han trazado distintos ediles a lo largo de los \u00faltimos a\u00f1os en el distrito, muy especialmente Claudio Figal, titular del bloque Movimiento de Renovaci\u00f3n y Cambio\/UCR.<\/p>\n\n\n\n<p class=\"wp-block-paragraph\">En el mismo sentido, en los \u00faltimos d\u00edas cobr\u00f3 mucho estado p\u00fablico la propuesta que elevaron a nivel provincial, el presidente del bloque de Juntos por el Cambio, Maximiliano Abad y Melisa Greco. La misma tuvo una respuesta, en general favorable, por parte de dirigentes de las distintas fuerzas pol\u00edticas y dio lugar a que se pongan sobre la mesa de debate otros temas que son de importancia para agilizar la acci\u00f3n p\u00fablica en territorio bonaerense. <\/p>\n\n\n\n<p class=\"wp-block-paragraph\"><\/p>\n","protected":false},"excerpt":{"rendered":"<p>De esta manera se contin\u00faa con la l\u00ednea que han trazado distintos ediles a lo largo de los \u00faltimos a\u00f1os en el distrito, muy especialmente Claudio Figal, titular del bloque Movimiento de Renovaci\u00f3n y Cambio\/UCR<\/p>\n","protected":false},"author":2,"featured_media":61711,"comment_status":"closed","ping_status":"open","sticky":false,"template":"","format":"standard","meta":{"footnotes":""},"categories":[25],"tags":[155],"class_list":["post-70644","post","type-post","status-publish","format-standard","has-post-thumbnail","hentry","category-c3nota1","tag-politica"],"featured_image_urls":{"full":["https:\/\/infoecos.com.ar\/wp-content\/uploads\/concejod.jpg",825,425,false],"thumbnail":["https:\/\/infoecos.com.ar\/wp-content\/uploads\/concejod-150x150.jpg",150,150,true],"medium":["https:\/\/infoecos.com.ar\/wp-content\/uploads\/concejod-460x237.jpg",460,237,true],"medium_large":["https:\/\/infoecos.com.ar\/wp-content\/uploads\/concejod-768x396.jpg",640,330,true],"large":["https:\/\/infoecos.com.ar\/wp-content\/uploads\/concejod.jpg",640,330,false],"1536x1536":["https:\/\/infoecos.com.ar\/wp-content\/uploads\/concejod.jpg",825,425,false],"2048x2048":["https:\/\/infoecos.com.ar\/wp-content\/uploads\/concejod.jpg",825,425,false],"covernews-slider-full":["https:\/\/infoecos.com.ar\/wp-content\/uploads\/concejod.jpg",825,425,false],"covernews-slider-center":["https:\/\/infoecos.com.ar\/wp-content\/uploads\/concejod.jpg",800,412,false],"covernews-featured":["https:\/\/infoecos.com.ar\/wp-content\/uploads\/concejod.jpg",825,425,false],"covernews-medium":["https:\/\/infoecos.com.ar\/wp-content\/uploads\/concejod-720x380.jpg",540,285,true],"covernews-medium-square":["https:\/\/infoecos.com.ar\/wp-content\/uploads\/concejod-675x425.jpg",397,250,true]},"author_info":{"info":["Jorge Matheus"]},"category_info":"<a href=\"https:\/\/infoecos.com.ar\/index.php\/category\/c3nota1\/\" rel=\"category tag\">C3 N1<\/a>","tag_info":"C3 N1","comment_count":"0","_links":{"self":[{"href":"https:\/\/infoecos.com.ar\/index.php\/wp-json\/wp\/v2\/posts\/70644","targetHints":{"allow":["GET"]}}],"collection":[{"href":"https:\/\/infoecos.com.ar\/index.php\/wp-json\/wp\/v2\/posts"}],"about":[{"href":"https:\/\/infoecos.com.ar\/index.php\/wp-json\/wp\/v2\/types\/post"}],"author":[{"embeddable":true,"href":"https:\/\/infoecos.com.ar\/index.php\/wp-json\/wp\/v2\/users\/2"}],"replies":[{"embeddable":true,"href":"https:\/\/infoecos.com.ar\/index.php\/wp-json\/wp\/v2\/comments?post=70644"}],"version-history":[{"count":2,"href":"https:\/\/infoecos.com.ar\/index.php\/wp-json\/wp\/v2\/posts\/70644\/revisions"}],"predecessor-version":[{"id":70658,"href":"https:\/\/infoecos.com.ar\/index.php\/wp-json\/wp\/v2\/posts\/70644\/revisions\/70658"}],"wp:featuredmedia":[{"embeddable":true,"href":"https:\/\/infoecos.com.ar\/index.php\/wp-json\/wp\/v2\/media\/61711"}],"wp:attachment":[{"href":"https:\/\/infoecos.com.ar\/index.php\/wp-json\/wp\/v2\/media?parent=70644"}],"wp:term":[{"taxonomy":"category","embeddable":true,"href":"https:\/\/infoecos.com.ar\/index.php\/wp-json\/wp\/v2\/categories?post=70644"},{"taxonomy":"post_tag","embeddable":true,"href":"https:\/\/infoecos.com.ar\/index.php\/wp-json\/wp\/v2\/tags?post=70644"}],"curies":[{"name":"wp","href":"https:\/\/api.w.org\/{rel}","templated":true}]}}