{"id":70681,"date":"2020-11-24T14:57:18","date_gmt":"2020-11-24T17:57:18","guid":{"rendered":"http:\/\/infoecos.com.ar\/?p=70681"},"modified":"2020-11-24T14:58:07","modified_gmt":"2020-11-24T17:58:07","slug":"diputados-de-la-nacion-continua-debatiendo-la-ley-de-etiquetado-frontal-de-alimentos","status":"publish","type":"post","link":"https:\/\/infoecos.com.ar\/index.php\/diputados-de-la-nacion-continua-debatiendo-la-ley-de-etiquetado-frontal-de-alimentos\/","title":{"rendered":"Diputados de la Naci\u00f3n contin\u00faa debatiendo la Ley de Etiquetado Frontal de Alimentos"},"content":{"rendered":"\n<p class=\"wp-block-paragraph\">Reuni\u00f3n informativa de las comisiones de Legislaci\u00f3n General, Acci\u00f3n Social y Salud P\u00fablica, Industria y Defensa del Consumidor, del Usuario y de la Competencia sobre el proyecto de ley en revisi\u00f3n de promoci\u00f3n de la alimentaci\u00f3n saludable, etiquetado informativo y visible y prohibici\u00f3n de publicidad de bebidas analcoh\u00f3licas envasadas que contengan sello de advertencia. Participar\u00e1n representantes de C\u00e1maras, organizaciones y profesionales de la Salud<\/p>\n\n\n\n<div class=\"wp-block-image\"><figure class=\"aligncenter size-medium\"><img loading=\"lazy\" decoding=\"async\" width=\"460\" height=\"259\" src=\"http:\/\/infoecos.com.ar\/wp-content\/uploads\/2020\/11\/59e0b074b490e_1004x565-460x259.jpg\" alt=\"\" class=\"wp-image-70682\" srcset=\"https:\/\/infoecos.com.ar\/wp-content\/uploads\/2020\/11\/59e0b074b490e_1004x565-460x259.jpg 460w, https:\/\/infoecos.com.ar\/wp-content\/uploads\/2020\/11\/59e0b074b490e_1004x565-920x518.jpg 920w, https:\/\/infoecos.com.ar\/wp-content\/uploads\/2020\/11\/59e0b074b490e_1004x565-768x432.jpg 768w, https:\/\/infoecos.com.ar\/wp-content\/uploads\/2020\/11\/59e0b074b490e_1004x565.jpg 1004w\" sizes=\"auto, (max-width: 460px) 100vw, 460px\" \/><\/figure><\/div>\n\n\n\n<p class=\"wp-block-paragraph\">La actividad se podr\u00e1 seguir en los siguientes canales:<\/p>\n\n\n\n<p class=\"wp-block-paragraph\">En TV: Diputados TV<\/p>\n\n\n\n<p class=\"wp-block-paragraph\">En la web: dtv.diputados.gob.ar<\/p>\n\n\n\n<p class=\"wp-block-paragraph\">YouTube: Hcdn.tv<\/p>\n\n\n\n<p class=\"wp-block-paragraph\">FB: \/diputados.argentina<\/p>\n\n\n\n<figure class=\"wp-block-embed-youtube wp-block-embed is-type-video is-provider-youtube wp-embed-aspect-4-3 wp-has-aspect-ratio\"><div class=\"wp-block-embed__wrapper\">\n<iframe loading=\"lazy\" title=\"DTV DIPUTADOS TELEVISI\u00d3N - en vivo las 24 hs.\" width=\"640\" height=\"480\" src=\"https:\/\/www.youtube.com\/embed\/3kjpQ0CAhAM?feature=oembed\" frameborder=\"0\" allow=\"accelerometer; autoplay; clipboard-write; encrypted-media; gyroscope; picture-in-picture; web-share\" referrerpolicy=\"strict-origin-when-cross-origin\" allowfullscreen><\/iframe>\n<\/div><\/figure>\n","protected":false},"excerpt":{"rendered":"<p>Participan representantes de C\u00e1maras, organizaciones y profesionales de la Salud<\/p>\n","protected":false},"author":2,"featured_media":70682,"comment_status":"closed","ping_status":"open","sticky":false,"template":"","format":"standard","meta":{"footnotes":""},"categories":[25],"tags":[155],"class_list":["post-70681","post","type-post","status-publish","format-standard","has-post-thumbnail","hentry","category-c3nota1","tag-politica"],"featured_image_urls":{"full":["https:\/\/infoecos.com.ar\/wp-content\/uploads\/2020\/11\/59e0b074b490e_1004x565.jpg",1004,565,false],"thumbnail":["https:\/\/infoecos.com.ar\/wp-content\/uploads\/2020\/11\/59e0b074b490e_1004x565-150x150.jpg",150,150,true],"medium":["https:\/\/infoecos.com.ar\/wp-content\/uploads\/2020\/11\/59e0b074b490e_1004x565-460x259.jpg",460,259,true],"medium_large":["https:\/\/infoecos.com.ar\/wp-content\/uploads\/2020\/11\/59e0b074b490e_1004x565-768x432.jpg",640,360,true],"large":["https:\/\/infoecos.com.ar\/wp-content\/uploads\/2020\/11\/59e0b074b490e_1004x565-920x518.jpg",640,360,true],"1536x1536":["https:\/\/infoecos.com.ar\/wp-content\/uploads\/2020\/11\/59e0b074b490e_1004x565.jpg",1004,565,false],"2048x2048":["https:\/\/infoecos.com.ar\/wp-content\/uploads\/2020\/11\/59e0b074b490e_1004x565.jpg",1004,565,false],"covernews-slider-full":["https:\/\/infoecos.com.ar\/wp-content\/uploads\/2020\/11\/59e0b074b490e_1004x565.jpg",1004,565,false],"covernews-slider-center":["https:\/\/infoecos.com.ar\/wp-content\/uploads\/2020\/11\/59e0b074b490e_1004x565-936x565.jpg",800,483,true],"covernews-featured":["https:\/\/infoecos.com.ar\/wp-content\/uploads\/2020\/11\/59e0b074b490e_1004x565.jpg",1004,565,false],"covernews-medium":["https:\/\/infoecos.com.ar\/wp-content\/uploads\/2020\/11\/59e0b074b490e_1004x565-720x380.jpg",540,285,true],"covernews-medium-square":["https:\/\/infoecos.com.ar\/wp-content\/uploads\/2020\/11\/59e0b074b490e_1004x565-675x450.jpg",375,250,true]},"author_info":{"info":["Jorge Matheus"]},"category_info":"<a href=\"https:\/\/infoecos.com.ar\/index.php\/category\/c3nota1\/\" rel=\"category tag\">C3 N1<\/a>","tag_info":"C3 N1","comment_count":"0","_links":{"self":[{"href":"https:\/\/infoecos.com.ar\/index.php\/wp-json\/wp\/v2\/posts\/70681","targetHints":{"allow":["GET"]}}],"collection":[{"href":"https:\/\/infoecos.com.ar\/index.php\/wp-json\/wp\/v2\/posts"}],"about":[{"href":"https:\/\/infoecos.com.ar\/index.php\/wp-json\/wp\/v2\/types\/post"}],"author":[{"embeddable":true,"href":"https:\/\/infoecos.com.ar\/index.php\/wp-json\/wp\/v2\/users\/2"}],"replies":[{"embeddable":true,"href":"https:\/\/infoecos.com.ar\/index.php\/wp-json\/wp\/v2\/comments?post=70681"}],"version-history":[{"count":1,"href":"https:\/\/infoecos.com.ar\/index.php\/wp-json\/wp\/v2\/posts\/70681\/revisions"}],"predecessor-version":[{"id":70683,"href":"https:\/\/infoecos.com.ar\/index.php\/wp-json\/wp\/v2\/posts\/70681\/revisions\/70683"}],"wp:featuredmedia":[{"embeddable":true,"href":"https:\/\/infoecos.com.ar\/index.php\/wp-json\/wp\/v2\/media\/70682"}],"wp:attachment":[{"href":"https:\/\/infoecos.com.ar\/index.php\/wp-json\/wp\/v2\/media?parent=70681"}],"wp:term":[{"taxonomy":"category","embeddable":true,"href":"https:\/\/infoecos.com.ar\/index.php\/wp-json\/wp\/v2\/categories?post=70681"},{"taxonomy":"post_tag","embeddable":true,"href":"https:\/\/infoecos.com.ar\/index.php\/wp-json\/wp\/v2\/tags?post=70681"}],"curies":[{"name":"wp","href":"https:\/\/api.w.org\/{rel}","templated":true}]}}