{"id":70706,"date":"2020-11-25T19:07:08","date_gmt":"2020-11-25T22:07:08","guid":{"rendered":"http:\/\/infoecos.com.ar\/?p=70706"},"modified":"2020-11-25T19:07:11","modified_gmt":"2020-11-25T22:07:11","slug":"los-restos-de-diego-armando-maradona-velados-en-la-casa-rosada","status":"publish","type":"post","link":"https:\/\/infoecos.com.ar\/index.php\/los-restos-de-diego-armando-maradona-velados-en-la-casa-rosada\/","title":{"rendered":"Los restos de Diego Armando Maradona velados en la Casa Rosada"},"content":{"rendered":"\n<p class=\"wp-block-paragraph\">El presidente Alberto Fern\u00e1ndez confirm\u00f3 que los restos mortales de Diego Maradona ser\u00e1n velados en la Casa Rosada, a partir de un ofrecimiento que le hiciera el mandatario a la familia del ex capit\u00e1n de la Selecci\u00f3n Argentina campeona del mundo en M\u00e9xico 1986.<\/p>\n\n\n\n<div class=\"wp-block-image\"><figure class=\"aligncenter size-medium\"><img loading=\"lazy\" decoding=\"async\" width=\"460\" height=\"259\" src=\"http:\/\/infoecos.com.ar\/wp-content\/uploads\/2020\/11\/5fbec719c7b76_1004x565-460x259.jpg\" alt=\"\" class=\"wp-image-70707\" srcset=\"https:\/\/infoecos.com.ar\/wp-content\/uploads\/2020\/11\/5fbec719c7b76_1004x565-460x259.jpg 460w, https:\/\/infoecos.com.ar\/wp-content\/uploads\/2020\/11\/5fbec719c7b76_1004x565-920x518.jpg 920w, https:\/\/infoecos.com.ar\/wp-content\/uploads\/2020\/11\/5fbec719c7b76_1004x565-768x432.jpg 768w, https:\/\/infoecos.com.ar\/wp-content\/uploads\/2020\/11\/5fbec719c7b76_1004x565.jpg 1004w\" sizes=\"auto, (max-width: 460px) 100vw, 460px\" \/><\/figure><\/div>\n\n\n\n<p class=\"wp-block-paragraph\">En declaraciones a distintos medios de comunicaci\u00f3n, el presidente Alberto Fern\u00e1ndez hab\u00eda afirmado que pon\u00eda a disposici\u00f3n de la familia todos los recursos necesarios para la despedida del exfutbolista.<\/p>\n\n\n\n<p class=\"wp-block-paragraph\">\u00abCuando pens\u00e9 en abrir la Casa de Gobierno para Diego es porque desde estos balcones sali\u00f3 con la Copa del Mundo en 1986 y salud\u00f3 en el mundial &#8217;90, y quiero que todos los argentinos que quieran despedirlo puedan hacerlo\u00bb, dijo Fern\u00e1ndez en una entrevista con la Televisi\u00f3n P\u00fablica.<\/p>\n","protected":false},"excerpt":{"rendered":"<p>En declaraciones a distintos medios de comunicaci\u00f3n, el presidente Alberto Fern\u00e1ndez hab\u00eda afirmado que pon\u00eda a disposici\u00f3n de la familia todos los recursos necesarios para la despedida del exfutbolista<\/p>\n","protected":false},"author":2,"featured_media":70707,"comment_status":"closed","ping_status":"open","sticky":false,"template":"","format":"standard","meta":{"footnotes":""},"categories":[46],"tags":[2374],"class_list":["post-70706","post","type-post","status-publish","format-standard","has-post-thumbnail","hentry","category-c2nota2","tag-politica-y-deportes"],"featured_image_urls":{"full":["https:\/\/infoecos.com.ar\/wp-content\/uploads\/2020\/11\/5fbec719c7b76_1004x565.jpg",1004,565,false],"thumbnail":["https:\/\/infoecos.com.ar\/wp-content\/uploads\/2020\/11\/5fbec719c7b76_1004x565-150x150.jpg",150,150,true],"medium":["https:\/\/infoecos.com.ar\/wp-content\/uploads\/2020\/11\/5fbec719c7b76_1004x565-460x259.jpg",460,259,true],"medium_large":["https:\/\/infoecos.com.ar\/wp-content\/uploads\/2020\/11\/5fbec719c7b76_1004x565-768x432.jpg",640,360,true],"large":["https:\/\/infoecos.com.ar\/wp-content\/uploads\/2020\/11\/5fbec719c7b76_1004x565-920x518.jpg",640,360,true],"1536x1536":["https:\/\/infoecos.com.ar\/wp-content\/uploads\/2020\/11\/5fbec719c7b76_1004x565.jpg",1004,565,false],"2048x2048":["https:\/\/infoecos.com.ar\/wp-content\/uploads\/2020\/11\/5fbec719c7b76_1004x565.jpg",1004,565,false],"covernews-slider-full":["https:\/\/infoecos.com.ar\/wp-content\/uploads\/2020\/11\/5fbec719c7b76_1004x565.jpg",1004,565,false],"covernews-slider-center":["https:\/\/infoecos.com.ar\/wp-content\/uploads\/2020\/11\/5fbec719c7b76_1004x565-936x565.jpg",800,483,true],"covernews-featured":["https:\/\/infoecos.com.ar\/wp-content\/uploads\/2020\/11\/5fbec719c7b76_1004x565.jpg",1004,565,false],"covernews-medium":["https:\/\/infoecos.com.ar\/wp-content\/uploads\/2020\/11\/5fbec719c7b76_1004x565-720x380.jpg",540,285,true],"covernews-medium-square":["https:\/\/infoecos.com.ar\/wp-content\/uploads\/2020\/11\/5fbec719c7b76_1004x565-675x450.jpg",375,250,true]},"author_info":{"info":["Jorge Matheus"]},"category_info":"<a href=\"https:\/\/infoecos.com.ar\/index.php\/category\/c2nota2\/\" rel=\"category tag\">C2 N2<\/a>","tag_info":"C2 N2","comment_count":"0","_links":{"self":[{"href":"https:\/\/infoecos.com.ar\/index.php\/wp-json\/wp\/v2\/posts\/70706","targetHints":{"allow":["GET"]}}],"collection":[{"href":"https:\/\/infoecos.com.ar\/index.php\/wp-json\/wp\/v2\/posts"}],"about":[{"href":"https:\/\/infoecos.com.ar\/index.php\/wp-json\/wp\/v2\/types\/post"}],"author":[{"embeddable":true,"href":"https:\/\/infoecos.com.ar\/index.php\/wp-json\/wp\/v2\/users\/2"}],"replies":[{"embeddable":true,"href":"https:\/\/infoecos.com.ar\/index.php\/wp-json\/wp\/v2\/comments?post=70706"}],"version-history":[{"count":1,"href":"https:\/\/infoecos.com.ar\/index.php\/wp-json\/wp\/v2\/posts\/70706\/revisions"}],"predecessor-version":[{"id":70708,"href":"https:\/\/infoecos.com.ar\/index.php\/wp-json\/wp\/v2\/posts\/70706\/revisions\/70708"}],"wp:featuredmedia":[{"embeddable":true,"href":"https:\/\/infoecos.com.ar\/index.php\/wp-json\/wp\/v2\/media\/70707"}],"wp:attachment":[{"href":"https:\/\/infoecos.com.ar\/index.php\/wp-json\/wp\/v2\/media?parent=70706"}],"wp:term":[{"taxonomy":"category","embeddable":true,"href":"https:\/\/infoecos.com.ar\/index.php\/wp-json\/wp\/v2\/categories?post=70706"},{"taxonomy":"post_tag","embeddable":true,"href":"https:\/\/infoecos.com.ar\/index.php\/wp-json\/wp\/v2\/tags?post=70706"}],"curies":[{"name":"wp","href":"https:\/\/api.w.org\/{rel}","templated":true}]}}