{"id":70709,"date":"2020-11-25T19:11:03","date_gmt":"2020-11-25T22:11:03","guid":{"rendered":"http:\/\/infoecos.com.ar\/?p=70709"},"modified":"2020-11-25T19:11:08","modified_gmt":"2020-11-25T22:11:08","slug":"el-presidente-decreto-tres-dias-de-duelo-por-la-muerte-de-maradona-y-expreso-su-profunda-tristeza","status":"publish","type":"post","link":"https:\/\/infoecos.com.ar\/index.php\/el-presidente-decreto-tres-dias-de-duelo-por-la-muerte-de-maradona-y-expreso-su-profunda-tristeza\/","title":{"rendered":"El presidente decret\u00f3 tres d\u00edas de duelo por la muerte de Maradona y expres\u00f3 su profunda tristeza"},"content":{"rendered":"\n<p class=\"wp-block-paragraph\">El presidente Alberto Fern\u00e1ndez expres\u00f3 su tristeza por la muerte de Diego Maradona, a quien defini\u00f3 como un \u00abhombre \u00fanico\u00bb, que permanecer\u00e1 \u00abimborrable en la memoria colectiva\u00bb y cuya figura representaba a \u00abArgentina en el mundo\u00bb.<\/p>\n\n\n\n<p class=\"wp-block-paragraph\">Con la decisi\u00f3n de decretar tres d\u00edas de duelo nacional y su relato -en una entrevista con TyCSports- de an\u00e9cdotas personales que lo vincularon desde su \u00e9poca de estudiante universitario con el astro futbol\u00edstico, el mandatario dej\u00f3 ver su \u00abpena enorme\u00bb por el fallecimiento de Maradona.<\/p>\n\n\n\n<div class=\"wp-block-image\"><figure class=\"aligncenter size-medium\"><img loading=\"lazy\" decoding=\"async\" width=\"460\" height=\"259\" src=\"http:\/\/infoecos.com.ar\/wp-content\/uploads\/2020\/11\/fernandezmaradona-460x259.jpg\" alt=\"\" class=\"wp-image-70710\" srcset=\"https:\/\/infoecos.com.ar\/wp-content\/uploads\/2020\/11\/fernandezmaradona-460x259.jpg 460w, https:\/\/infoecos.com.ar\/wp-content\/uploads\/2020\/11\/fernandezmaradona-920x518.jpg 920w, https:\/\/infoecos.com.ar\/wp-content\/uploads\/2020\/11\/fernandezmaradona-768x432.jpg 768w, https:\/\/infoecos.com.ar\/wp-content\/uploads\/2020\/11\/fernandezmaradona.jpg 1004w\" sizes=\"auto, (max-width: 460px) 100vw, 460px\" \/><\/figure><\/div>\n\n\n\n<p class=\"wp-block-paragraph\"><strong>\u00abDiego era Argentina en el mundo, nos llen\u00f3 de alegr\u00eda y nunca le vamos a poder pagar tanta alegr\u00eda\u00bb, expres\u00f3 el Presidente, en la entrevista con la se\u00f1al de cable y expres\u00f3 su \u00abeterna gratitud\u00bb a Maradona por su apoyo y acompa\u00f1amiento al Gobierno<\/strong>.<\/p>\n\n\n\n<p class=\"wp-block-paragraph\">Poco antes, Fern\u00e1ndez -confeso hincha de Argentinos Juniors, club que vio nacer futbol\u00edsticamente a Maradona- public\u00f3 en sus redes sociales: \u00abNos llevaste a lo m\u00e1s alto del mundo. Nos hiciste inmensamente felices. Fuiste el m\u00e1s grande de todos. Gracias por haber existido, Diego. Te vamos a extra\u00f1ar toda la vida\u00bb.<\/p>\n","protected":false},"excerpt":{"rendered":"<p>Lo defini\u00f3 como un \u00abhombre \u00fanico\u00bb, que permanecer\u00e1 \u00abimborrable en la memoria colectiva\u00bb y cuya figura representaba a \u00abArgentina en el mundo\u00bb.<\/p>\n","protected":false},"author":2,"featured_media":70710,"comment_status":"closed","ping_status":"open","sticky":false,"template":"","format":"standard","meta":{"footnotes":""},"categories":[45],"tags":[1166],"class_list":["post-70709","post","type-post","status-publish","format-standard","has-post-thumbnail","hentry","category-c1nota2","tag-politica-y-futbol"],"featured_image_urls":{"full":["https:\/\/infoecos.com.ar\/wp-content\/uploads\/2020\/11\/fernandezmaradona.jpg",1004,565,false],"thumbnail":["https:\/\/infoecos.com.ar\/wp-content\/uploads\/2020\/11\/fernandezmaradona-150x150.jpg",150,150,true],"medium":["https:\/\/infoecos.com.ar\/wp-content\/uploads\/2020\/11\/fernandezmaradona-460x259.jpg",460,259,true],"medium_large":["https:\/\/infoecos.com.ar\/wp-content\/uploads\/2020\/11\/fernandezmaradona-768x432.jpg",640,360,true],"large":["https:\/\/infoecos.com.ar\/wp-content\/uploads\/2020\/11\/fernandezmaradona-920x518.jpg",640,360,true],"1536x1536":["https:\/\/infoecos.com.ar\/wp-content\/uploads\/2020\/11\/fernandezmaradona.jpg",1004,565,false],"2048x2048":["https:\/\/infoecos.com.ar\/wp-content\/uploads\/2020\/11\/fernandezmaradona.jpg",1004,565,false],"covernews-slider-full":["https:\/\/infoecos.com.ar\/wp-content\/uploads\/2020\/11\/fernandezmaradona.jpg",1004,565,false],"covernews-slider-center":["https:\/\/infoecos.com.ar\/wp-content\/uploads\/2020\/11\/fernandezmaradona-936x565.jpg",800,483,true],"covernews-featured":["https:\/\/infoecos.com.ar\/wp-content\/uploads\/2020\/11\/fernandezmaradona.jpg",1004,565,false],"covernews-medium":["https:\/\/infoecos.com.ar\/wp-content\/uploads\/2020\/11\/fernandezmaradona-720x380.jpg",540,285,true],"covernews-medium-square":["https:\/\/infoecos.com.ar\/wp-content\/uploads\/2020\/11\/fernandezmaradona-675x450.jpg",375,250,true]},"author_info":{"info":["Jorge Matheus"]},"category_info":"<a href=\"https:\/\/infoecos.com.ar\/index.php\/category\/c1nota2\/\" rel=\"category tag\">C1 N2<\/a>","tag_info":"C1 N2","comment_count":"0","_links":{"self":[{"href":"https:\/\/infoecos.com.ar\/index.php\/wp-json\/wp\/v2\/posts\/70709","targetHints":{"allow":["GET"]}}],"collection":[{"href":"https:\/\/infoecos.com.ar\/index.php\/wp-json\/wp\/v2\/posts"}],"about":[{"href":"https:\/\/infoecos.com.ar\/index.php\/wp-json\/wp\/v2\/types\/post"}],"author":[{"embeddable":true,"href":"https:\/\/infoecos.com.ar\/index.php\/wp-json\/wp\/v2\/users\/2"}],"replies":[{"embeddable":true,"href":"https:\/\/infoecos.com.ar\/index.php\/wp-json\/wp\/v2\/comments?post=70709"}],"version-history":[{"count":1,"href":"https:\/\/infoecos.com.ar\/index.php\/wp-json\/wp\/v2\/posts\/70709\/revisions"}],"predecessor-version":[{"id":70711,"href":"https:\/\/infoecos.com.ar\/index.php\/wp-json\/wp\/v2\/posts\/70709\/revisions\/70711"}],"wp:featuredmedia":[{"embeddable":true,"href":"https:\/\/infoecos.com.ar\/index.php\/wp-json\/wp\/v2\/media\/70710"}],"wp:attachment":[{"href":"https:\/\/infoecos.com.ar\/index.php\/wp-json\/wp\/v2\/media?parent=70709"}],"wp:term":[{"taxonomy":"category","embeddable":true,"href":"https:\/\/infoecos.com.ar\/index.php\/wp-json\/wp\/v2\/categories?post=70709"},{"taxonomy":"post_tag","embeddable":true,"href":"https:\/\/infoecos.com.ar\/index.php\/wp-json\/wp\/v2\/tags?post=70709"}],"curies":[{"name":"wp","href":"https:\/\/api.w.org\/{rel}","templated":true}]}}