{"id":70712,"date":"2020-11-25T19:22:09","date_gmt":"2020-11-25T22:22:09","guid":{"rendered":"http:\/\/infoecos.com.ar\/?p=70712"},"modified":"2020-11-25T19:22:12","modified_gmt":"2020-11-25T22:22:12","slug":"messi-nos-deja-pero-no-se-va-porque-el-diego-es-eterno","status":"publish","type":"post","link":"https:\/\/infoecos.com.ar\/index.php\/messi-nos-deja-pero-no-se-va-porque-el-diego-es-eterno\/","title":{"rendered":"Messi: \u00abNos deja, pero no se va, porque el Diego es eterno\u00bb"},"content":{"rendered":"\n<p class=\"wp-block-paragraph\">Lionel Messi, el mejor futbolista argentino de la actualidad, envi\u00f3 un mensaje desde Barcelona por el fallecimiento de Diego Armando Maradona. \u00abUn d\u00eda muy triste para todos los argentinos y para el f\u00fatbol. Nos deja pero no se va, porque el Diego es eterno\u00bb, escribi\u00f3 Leo en su cuenta oficial de Instagram.<\/p>\n\n\n\n<div class=\"wp-block-image\"><figure class=\"aligncenter size-medium\"><img loading=\"lazy\" decoding=\"async\" width=\"460\" height=\"259\" src=\"http:\/\/infoecos.com.ar\/wp-content\/uploads\/2020\/11\/maradonamessi-460x259.jpg\" alt=\"\" class=\"wp-image-70713\" srcset=\"https:\/\/infoecos.com.ar\/wp-content\/uploads\/2020\/11\/maradonamessi-460x259.jpg 460w, https:\/\/infoecos.com.ar\/wp-content\/uploads\/2020\/11\/maradonamessi-920x518.jpg 920w, https:\/\/infoecos.com.ar\/wp-content\/uploads\/2020\/11\/maradonamessi-768x432.jpg 768w, https:\/\/infoecos.com.ar\/wp-content\/uploads\/2020\/11\/maradonamessi.jpg 1004w\" sizes=\"auto, (max-width: 460px) 100vw, 460px\" \/><\/figure><\/div>\n\n\n\n<p class=\"wp-block-paragraph\">\u00abMe quedo con todos los momentos lindos vividos con \u00e9l y quer\u00eda aprovechar para enviarle el p\u00e9same a toda su familia y amigos. QEPD\u00bb, concluy\u00f3 la &#8216;Pulga&#8217;, que public\u00f3 dos fotos suyas junto a Maradona, el mejor futbolista argentino de todos los tiempos y quien tambi\u00e9n lo dirigi\u00f3 en el seleccionado argentino en el Mundial de Sud\u00e1frica 2010.<\/p>\n\n\n\n<p class=\"wp-block-paragraph\">El rosarino Messi no hab\u00eda saludado p\u00fablicamente al &#8216;Diez&#8217; para su cumplea\u00f1os n\u00famero 60 el 30 de octubre \u00faltimo, pero s\u00ed le mand\u00f3 su apoyo cuando debi\u00f3 ser operado del hematoma subdural. \u00abDiego, toda la fuerza del mundo. Mi familia y yo te queremos ver bien lo antes posible. \u00a1Un abrazo de coraz\u00f3n!\u00bb, hab\u00eda expresado Messi el 4 de noviembre.<\/p>\n","protected":false},"excerpt":{"rendered":"<p>\u00abMe quedo con todos los momentos lindos vividos con \u00e9l y quer\u00eda aprovechar para enviarle el p\u00e9same a toda su familia y amigos. QEPD\u00bb, escribi\u00f3 la &#8216;Pulga&#8217;<\/p>\n","protected":false},"author":2,"featured_media":70713,"comment_status":"closed","ping_status":"open","sticky":false,"template":"","format":"standard","meta":{"footnotes":""},"categories":[47],"tags":[2375],"class_list":["post-70712","post","type-post","status-publish","format-standard","has-post-thumbnail","hentry","category-c3nota2","tag-la-muerte-de-maradona"],"featured_image_urls":{"full":["https:\/\/infoecos.com.ar\/wp-content\/uploads\/2020\/11\/maradonamessi.jpg",1004,565,false],"thumbnail":["https:\/\/infoecos.com.ar\/wp-content\/uploads\/2020\/11\/maradonamessi-150x150.jpg",150,150,true],"medium":["https:\/\/infoecos.com.ar\/wp-content\/uploads\/2020\/11\/maradonamessi-460x259.jpg",460,259,true],"medium_large":["https:\/\/infoecos.com.ar\/wp-content\/uploads\/2020\/11\/maradonamessi-768x432.jpg",640,360,true],"large":["https:\/\/infoecos.com.ar\/wp-content\/uploads\/2020\/11\/maradonamessi-920x518.jpg",640,360,true],"1536x1536":["https:\/\/infoecos.com.ar\/wp-content\/uploads\/2020\/11\/maradonamessi.jpg",1004,565,false],"2048x2048":["https:\/\/infoecos.com.ar\/wp-content\/uploads\/2020\/11\/maradonamessi.jpg",1004,565,false],"covernews-slider-full":["https:\/\/infoecos.com.ar\/wp-content\/uploads\/2020\/11\/maradonamessi.jpg",1004,565,false],"covernews-slider-center":["https:\/\/infoecos.com.ar\/wp-content\/uploads\/2020\/11\/maradonamessi-936x565.jpg",800,483,true],"covernews-featured":["https:\/\/infoecos.com.ar\/wp-content\/uploads\/2020\/11\/maradonamessi.jpg",1004,565,false],"covernews-medium":["https:\/\/infoecos.com.ar\/wp-content\/uploads\/2020\/11\/maradonamessi-720x380.jpg",540,285,true],"covernews-medium-square":["https:\/\/infoecos.com.ar\/wp-content\/uploads\/2020\/11\/maradonamessi-675x450.jpg",375,250,true]},"author_info":{"info":["Jorge Matheus"]},"category_info":"<a href=\"https:\/\/infoecos.com.ar\/index.php\/category\/c3nota2\/\" rel=\"category tag\">C3 N2<\/a>","tag_info":"C3 N2","comment_count":"0","_links":{"self":[{"href":"https:\/\/infoecos.com.ar\/index.php\/wp-json\/wp\/v2\/posts\/70712","targetHints":{"allow":["GET"]}}],"collection":[{"href":"https:\/\/infoecos.com.ar\/index.php\/wp-json\/wp\/v2\/posts"}],"about":[{"href":"https:\/\/infoecos.com.ar\/index.php\/wp-json\/wp\/v2\/types\/post"}],"author":[{"embeddable":true,"href":"https:\/\/infoecos.com.ar\/index.php\/wp-json\/wp\/v2\/users\/2"}],"replies":[{"embeddable":true,"href":"https:\/\/infoecos.com.ar\/index.php\/wp-json\/wp\/v2\/comments?post=70712"}],"version-history":[{"count":1,"href":"https:\/\/infoecos.com.ar\/index.php\/wp-json\/wp\/v2\/posts\/70712\/revisions"}],"predecessor-version":[{"id":70714,"href":"https:\/\/infoecos.com.ar\/index.php\/wp-json\/wp\/v2\/posts\/70712\/revisions\/70714"}],"wp:featuredmedia":[{"embeddable":true,"href":"https:\/\/infoecos.com.ar\/index.php\/wp-json\/wp\/v2\/media\/70713"}],"wp:attachment":[{"href":"https:\/\/infoecos.com.ar\/index.php\/wp-json\/wp\/v2\/media?parent=70712"}],"wp:term":[{"taxonomy":"category","embeddable":true,"href":"https:\/\/infoecos.com.ar\/index.php\/wp-json\/wp\/v2\/categories?post=70712"},{"taxonomy":"post_tag","embeddable":true,"href":"https:\/\/infoecos.com.ar\/index.php\/wp-json\/wp\/v2\/tags?post=70712"}],"curies":[{"name":"wp","href":"https:\/\/api.w.org\/{rel}","templated":true}]}}