{"id":70722,"date":"2020-11-26T14:16:55","date_gmt":"2020-11-26T17:16:55","guid":{"rendered":"http:\/\/infoecos.com.ar\/?p=70722"},"modified":"2020-11-26T14:17:02","modified_gmt":"2020-11-26T17:17:02","slug":"este-viernes-se-depositan-los-salarios-del-personal-municipal-de-trenque-lauquen","status":"publish","type":"post","link":"https:\/\/infoecos.com.ar\/index.php\/este-viernes-se-depositan-los-salarios-del-personal-municipal-de-trenque-lauquen\/","title":{"rendered":"Este viernes se depositan los salarios del personal municipal de Trenque Lauquen"},"content":{"rendered":"\n<p>El Municipio de Trenque Lauquen depositar\u00e1 este viernes en forma anticipada los salarios del personal correspondientes al mes de noviembre, quedando acreditados el s\u00e1bado en las cuentas de los empleados para su retiro, se inform\u00f3 oficialmente.<\/p>\n\n\n\n<p>Los sueldos de noviembre tienen una mejora en el porcentaje del aumento fijado para este mes en la reuni\u00f3n que el intendente municipal, Miguel Fern\u00e1ndez, mantuvo en su oportunidad con autoridades del Sindicato de Trabajadores Municipales para acordar la pauta salarial: el incremento ser\u00e1 del 7%, en lugar del 6% convenido inicialmente.<\/p>\n\n\n\n<div class=\"wp-block-image\"><figure class=\"aligncenter size-medium\"><img decoding=\"async\" src=\"http:\/\/infoecos.com.ar\/wp-content\/uploads\/Arco-de-acceso-2-460x307.jpg\" alt=\"\" class=\"wp-image-45997\"\/><figcaption>Trenque Lauquen &#8211; Arco de acceso<\/figcaption><\/figure><\/div>\n\n\n\n<p>Con esta suba, la masa salarial implicar\u00e1 para el corriente mes una erogaci\u00f3n de las arcas municipales de casi 116.000.000 de pesos (115.903.394,34 pesos).<\/p>\n\n\n\n<p>Adem\u00e1s las autoridades municipales est\u00e1n estudiando la posibilidad de abonar en un pago \u00fanico los salarios del pr\u00f3ximo mes de diciembre y el medio aguinaldo. De confirmarse, ser\u00eda depositado en los d\u00edas previos a las fiestas de Nochebuena y Navidad.<\/p>\n\n\n\n<p>La mejora de un punto porcentual -de 6 a 7%- en el aumento de noviembre representa un 1.100.000 pesos m\u00e1s sobre lo previsto inicialmente para este mes y 1.650.000 pesos en diciembre, ya que tambi\u00e9n impacta en el medio aguinaldo.<\/p>\n\n\n\n<p>Este 7% se suma al 10% de agosto y al 15% de marzo pasado para redondear en el a\u00f1o una recomposici\u00f3n salarial acumulativa del 35,3%.<br>Pero al margen de los mencionados aumentos, en los meses de enero y febrero pasados el Municipio abon\u00f3 al personal dos sumas fijas de 3.000 pesos cada una y junto con el sueldo de octubre un premio de 4.832 pesos por el d\u00eda del Trabajador Municipal, del que quedaron excluidos los funcionarios.<\/p>\n","protected":false},"excerpt":{"rendered":"<p>Quedando acreditados el s\u00e1bado en las cuentas de los empleados para su retiro, se inform\u00f3 oficialmente<\/p>\n","protected":false},"author":2,"featured_media":45997,"comment_status":"closed","ping_status":"open","sticky":false,"template":"","format":"standard","meta":{"footnotes":""},"categories":[28],"tags":[1767],"class_list":["post-70722","post","type-post","status-publish","format-standard","has-post-thumbnail","hentry","category-c1nota1","tag-politica-y-economia-3"],"yoast_head":"<!-- This site is optimized with the Yoast SEO plugin v23.4 - https:\/\/yoast.com\/wordpress\/plugins\/seo\/ -->\n<title>Este viernes se depositan los salarios del personal municipal de Trenque Lauquen - Infoecos<\/title>\n<meta name=\"robots\" content=\"index, follow, max-snippet:-1, max-image-preview:large, max-video-preview:-1\" \/>\n<link rel=\"canonical\" href=\"https:\/\/infoecos.com.ar\/index.php\/este-viernes-se-depositan-los-salarios-del-personal-municipal-de-trenque-lauquen\/\" \/>\n<meta property=\"og:locale\" content=\"es_ES\" \/>\n<meta property=\"og:type\" content=\"article\" \/>\n<meta property=\"og:title\" content=\"Este viernes se depositan los salarios del personal municipal de Trenque Lauquen - Infoecos\" \/>\n<meta property=\"og:description\" content=\"Quedando acreditados el s\u00e1bado en las cuentas de los empleados para su retiro, se inform\u00f3 oficialmente\" \/>\n<meta property=\"og:url\" content=\"https:\/\/infoecos.com.ar\/index.php\/este-viernes-se-depositan-los-salarios-del-personal-municipal-de-trenque-lauquen\/\" \/>\n<meta property=\"og:site_name\" content=\"Infoecos\" \/>\n<meta property=\"article:publisher\" content=\"https:\/\/www.facebook.com\/profile.php?id=100063200290284\" \/>\n<meta property=\"article:published_time\" content=\"2020-11-26T17:16:55+00:00\" \/>\n<meta property=\"article:modified_time\" content=\"2020-11-26T17:17:02+00:00\" \/>\n<meta property=\"og:image\" content=\"https:\/\/infoecos.com.ar\/wp-content\/uploads\/Arco-de-acceso-2-e1524020342427.jpg\" \/>\n\t<meta property=\"og:image:width\" content=\"800\" \/>\n\t<meta property=\"og:image:height\" content=\"534\" \/>\n\t<meta property=\"og:image:type\" content=\"image\/jpeg\" \/>\n<meta name=\"author\" content=\"Jorge Matheus\" \/>\n<meta name=\"twitter:card\" content=\"summary_large_image\" \/>\n<meta name=\"twitter:creator\" content=\"@infoecos\" \/>\n<meta name=\"twitter:site\" content=\"@infoecos\" \/>\n<meta name=\"twitter:label1\" content=\"Escrito por\" \/>\n\t<meta name=\"twitter:data1\" content=\"Jorge Matheus\" \/>\n\t<meta name=\"twitter:label2\" content=\"Tiempo de lectura\" \/>\n\t<meta name=\"twitter:data2\" content=\"1 minuto\" \/>\n<script type=\"application\/ld+json\" class=\"yoast-schema-graph\">{\"@context\":\"https:\/\/schema.org\",\"@graph\":[{\"@type\":\"Article\",\"@id\":\"https:\/\/infoecos.com.ar\/index.php\/este-viernes-se-depositan-los-salarios-del-personal-municipal-de-trenque-lauquen\/#article\",\"isPartOf\":{\"@id\":\"https:\/\/infoecos.com.ar\/index.php\/este-viernes-se-depositan-los-salarios-del-personal-municipal-de-trenque-lauquen\/\"},\"author\":{\"name\":\"Jorge Matheus\",\"@id\":\"https:\/\/infoecos.com.ar\/#\/schema\/person\/8f5ace5ce73b4b4aac4b7245aee6f191\"},\"headline\":\"Este viernes se depositan los salarios del personal municipal de Trenque Lauquen\",\"datePublished\":\"2020-11-26T17:16:55+00:00\",\"dateModified\":\"2020-11-26T17:17:02+00:00\",\"mainEntityOfPage\":{\"@id\":\"https:\/\/infoecos.com.ar\/index.php\/este-viernes-se-depositan-los-salarios-del-personal-municipal-de-trenque-lauquen\/\"},\"wordCount\":288,\"publisher\":{\"@id\":\"https:\/\/infoecos.com.ar\/#organization\"},\"image\":{\"@id\":\"https:\/\/infoecos.com.ar\/index.php\/este-viernes-se-depositan-los-salarios-del-personal-municipal-de-trenque-lauquen\/#primaryimage\"},\"thumbnailUrl\":\"\",\"keywords\":[\"POL\u00cdTICA Y ECONOM\u00cdA\"],\"articleSection\":[\"C1 N1\"],\"inLanguage\":\"es\"},{\"@type\":\"WebPage\",\"@id\":\"https:\/\/infoecos.com.ar\/index.php\/este-viernes-se-depositan-los-salarios-del-personal-municipal-de-trenque-lauquen\/\",\"url\":\"https:\/\/infoecos.com.ar\/index.php\/este-viernes-se-depositan-los-salarios-del-personal-municipal-de-trenque-lauquen\/\",\"name\":\"Este viernes se depositan los salarios del personal municipal de Trenque Lauquen - Infoecos\",\"isPartOf\":{\"@id\":\"https:\/\/infoecos.com.ar\/#website\"},\"primaryImageOfPage\":{\"@id\":\"https:\/\/infoecos.com.ar\/index.php\/este-viernes-se-depositan-los-salarios-del-personal-municipal-de-trenque-lauquen\/#primaryimage\"},\"image\":{\"@id\":\"https:\/\/infoecos.com.ar\/index.php\/este-viernes-se-depositan-los-salarios-del-personal-municipal-de-trenque-lauquen\/#primaryimage\"},\"thumbnailUrl\":\"\",\"datePublished\":\"2020-11-26T17:16:55+00:00\",\"dateModified\":\"2020-11-26T17:17:02+00:00\",\"breadcrumb\":{\"@id\":\"https:\/\/infoecos.com.ar\/index.php\/este-viernes-se-depositan-los-salarios-del-personal-municipal-de-trenque-lauquen\/#breadcrumb\"},\"inLanguage\":\"es\",\"potentialAction\":[{\"@type\":\"ReadAction\",\"target\":[\"https:\/\/infoecos.com.ar\/index.php\/este-viernes-se-depositan-los-salarios-del-personal-municipal-de-trenque-lauquen\/\"]}]},{\"@type\":\"ImageObject\",\"inLanguage\":\"es\",\"@id\":\"https:\/\/infoecos.com.ar\/index.php\/este-viernes-se-depositan-los-salarios-del-personal-municipal-de-trenque-lauquen\/#primaryimage\",\"url\":\"\",\"contentUrl\":\"\"},{\"@type\":\"BreadcrumbList\",\"@id\":\"https:\/\/infoecos.com.ar\/index.php\/este-viernes-se-depositan-los-salarios-del-personal-municipal-de-trenque-lauquen\/#breadcrumb\",\"itemListElement\":[{\"@type\":\"ListItem\",\"position\":1,\"name\":\"Portada\",\"item\":\"https:\/\/infoecos.com.ar\/\"},{\"@type\":\"ListItem\",\"position\":2,\"name\":\"Este viernes se depositan los salarios del personal municipal de Trenque Lauquen\"}]},{\"@type\":\"WebSite\",\"@id\":\"https:\/\/infoecos.com.ar\/#website\",\"url\":\"https:\/\/infoecos.com.ar\/\",\"name\":\"Infoecos\",\"description\":\"Noticias de trenque lauquen y la zona\",\"publisher\":{\"@id\":\"https:\/\/infoecos.com.ar\/#organization\"},\"alternateName\":\"Noticias\",\"potentialAction\":[{\"@type\":\"SearchAction\",\"target\":{\"@type\":\"EntryPoint\",\"urlTemplate\":\"https:\/\/infoecos.com.ar\/?s={search_term_string}\"},\"query-input\":{\"@type\":\"PropertyValueSpecification\",\"valueRequired\":true,\"valueName\":\"search_term_string\"}}],\"inLanguage\":\"es\"},{\"@type\":\"Organization\",\"@id\":\"https:\/\/infoecos.com.ar\/#organization\",\"name\":\"Infoecos\",\"alternateName\":\"Noticias\",\"url\":\"https:\/\/infoecos.com.ar\/\",\"logo\":{\"@type\":\"ImageObject\",\"inLanguage\":\"es\",\"@id\":\"https:\/\/infoecos.com.ar\/#\/schema\/logo\/image\/\",\"url\":\"https:\/\/infoecos.com.ar\/wp-content\/uploads\/2024\/03\/cropped-logo.png\",\"contentUrl\":\"https:\/\/infoecos.com.ar\/wp-content\/uploads\/2024\/03\/cropped-logo.png\",\"width\":374,\"height\":90,\"caption\":\"Infoecos\"},\"image\":{\"@id\":\"https:\/\/infoecos.com.ar\/#\/schema\/logo\/image\/\"},\"sameAs\":[\"https:\/\/www.facebook.com\/profile.php?id=100063200290284\",\"https:\/\/x.com\/infoecos\"]},{\"@type\":\"Person\",\"@id\":\"https:\/\/infoecos.com.ar\/#\/schema\/person\/8f5ace5ce73b4b4aac4b7245aee6f191\",\"name\":\"Jorge Matheus\",\"url\":\"https:\/\/infoecos.com.ar\/index.php\/author\/jomatheus\/\"}]}<\/script>\n<!-- \/ Yoast SEO plugin. -->","yoast_head_json":{"title":"Este viernes se depositan los salarios del personal municipal de Trenque Lauquen - Infoecos","robots":{"index":"index","follow":"follow","max-snippet":"max-snippet:-1","max-image-preview":"max-image-preview:large","max-video-preview":"max-video-preview:-1"},"canonical":"https:\/\/infoecos.com.ar\/index.php\/este-viernes-se-depositan-los-salarios-del-personal-municipal-de-trenque-lauquen\/","og_locale":"es_ES","og_type":"article","og_title":"Este viernes se depositan los salarios del personal municipal de Trenque Lauquen - Infoecos","og_description":"Quedando acreditados el s\u00e1bado en las cuentas de los empleados para su retiro, se inform\u00f3 oficialmente","og_url":"https:\/\/infoecos.com.ar\/index.php\/este-viernes-se-depositan-los-salarios-del-personal-municipal-de-trenque-lauquen\/","og_site_name":"Infoecos","article_publisher":"https:\/\/www.facebook.com\/profile.php?id=100063200290284","article_published_time":"2020-11-26T17:16:55+00:00","article_modified_time":"2020-11-26T17:17:02+00:00","og_image":[{"width":800,"height":534,"url":"https:\/\/infoecos.com.ar\/wp-content\/uploads\/Arco-de-acceso-2-e1524020342427.jpg","type":"image\/jpeg"}],"author":"Jorge Matheus","twitter_card":"summary_large_image","twitter_creator":"@infoecos","twitter_site":"@infoecos","twitter_misc":{"Escrito por":"Jorge Matheus","Tiempo de lectura":"1 minuto"},"schema":{"@context":"https:\/\/schema.org","@graph":[{"@type":"Article","@id":"https:\/\/infoecos.com.ar\/index.php\/este-viernes-se-depositan-los-salarios-del-personal-municipal-de-trenque-lauquen\/#article","isPartOf":{"@id":"https:\/\/infoecos.com.ar\/index.php\/este-viernes-se-depositan-los-salarios-del-personal-municipal-de-trenque-lauquen\/"},"author":{"name":"Jorge Matheus","@id":"https:\/\/infoecos.com.ar\/#\/schema\/person\/8f5ace5ce73b4b4aac4b7245aee6f191"},"headline":"Este viernes se depositan los salarios del personal municipal de Trenque Lauquen","datePublished":"2020-11-26T17:16:55+00:00","dateModified":"2020-11-26T17:17:02+00:00","mainEntityOfPage":{"@id":"https:\/\/infoecos.com.ar\/index.php\/este-viernes-se-depositan-los-salarios-del-personal-municipal-de-trenque-lauquen\/"},"wordCount":288,"publisher":{"@id":"https:\/\/infoecos.com.ar\/#organization"},"image":{"@id":"https:\/\/infoecos.com.ar\/index.php\/este-viernes-se-depositan-los-salarios-del-personal-municipal-de-trenque-lauquen\/#primaryimage"},"thumbnailUrl":"","keywords":["POL\u00cdTICA Y ECONOM\u00cdA"],"articleSection":["C1 N1"],"inLanguage":"es"},{"@type":"WebPage","@id":"https:\/\/infoecos.com.ar\/index.php\/este-viernes-se-depositan-los-salarios-del-personal-municipal-de-trenque-lauquen\/","url":"https:\/\/infoecos.com.ar\/index.php\/este-viernes-se-depositan-los-salarios-del-personal-municipal-de-trenque-lauquen\/","name":"Este viernes se depositan los salarios del personal municipal de Trenque Lauquen - Infoecos","isPartOf":{"@id":"https:\/\/infoecos.com.ar\/#website"},"primaryImageOfPage":{"@id":"https:\/\/infoecos.com.ar\/index.php\/este-viernes-se-depositan-los-salarios-del-personal-municipal-de-trenque-lauquen\/#primaryimage"},"image":{"@id":"https:\/\/infoecos.com.ar\/index.php\/este-viernes-se-depositan-los-salarios-del-personal-municipal-de-trenque-lauquen\/#primaryimage"},"thumbnailUrl":"","datePublished":"2020-11-26T17:16:55+00:00","dateModified":"2020-11-26T17:17:02+00:00","breadcrumb":{"@id":"https:\/\/infoecos.com.ar\/index.php\/este-viernes-se-depositan-los-salarios-del-personal-municipal-de-trenque-lauquen\/#breadcrumb"},"inLanguage":"es","potentialAction":[{"@type":"ReadAction","target":["https:\/\/infoecos.com.ar\/index.php\/este-viernes-se-depositan-los-salarios-del-personal-municipal-de-trenque-lauquen\/"]}]},{"@type":"ImageObject","inLanguage":"es","@id":"https:\/\/infoecos.com.ar\/index.php\/este-viernes-se-depositan-los-salarios-del-personal-municipal-de-trenque-lauquen\/#primaryimage","url":"","contentUrl":""},{"@type":"BreadcrumbList","@id":"https:\/\/infoecos.com.ar\/index.php\/este-viernes-se-depositan-los-salarios-del-personal-municipal-de-trenque-lauquen\/#breadcrumb","itemListElement":[{"@type":"ListItem","position":1,"name":"Portada","item":"https:\/\/infoecos.com.ar\/"},{"@type":"ListItem","position":2,"name":"Este viernes se depositan los salarios del personal municipal de Trenque Lauquen"}]},{"@type":"WebSite","@id":"https:\/\/infoecos.com.ar\/#website","url":"https:\/\/infoecos.com.ar\/","name":"Infoecos","description":"Noticias de trenque lauquen y la zona","publisher":{"@id":"https:\/\/infoecos.com.ar\/#organization"},"alternateName":"Noticias","potentialAction":[{"@type":"SearchAction","target":{"@type":"EntryPoint","urlTemplate":"https:\/\/infoecos.com.ar\/?s={search_term_string}"},"query-input":{"@type":"PropertyValueSpecification","valueRequired":true,"valueName":"search_term_string"}}],"inLanguage":"es"},{"@type":"Organization","@id":"https:\/\/infoecos.com.ar\/#organization","name":"Infoecos","alternateName":"Noticias","url":"https:\/\/infoecos.com.ar\/","logo":{"@type":"ImageObject","inLanguage":"es","@id":"https:\/\/infoecos.com.ar\/#\/schema\/logo\/image\/","url":"https:\/\/infoecos.com.ar\/wp-content\/uploads\/2024\/03\/cropped-logo.png","contentUrl":"https:\/\/infoecos.com.ar\/wp-content\/uploads\/2024\/03\/cropped-logo.png","width":374,"height":90,"caption":"Infoecos"},"image":{"@id":"https:\/\/infoecos.com.ar\/#\/schema\/logo\/image\/"},"sameAs":["https:\/\/www.facebook.com\/profile.php?id=100063200290284","https:\/\/x.com\/infoecos"]},{"@type":"Person","@id":"https:\/\/infoecos.com.ar\/#\/schema\/person\/8f5ace5ce73b4b4aac4b7245aee6f191","name":"Jorge Matheus","url":"https:\/\/infoecos.com.ar\/index.php\/author\/jomatheus\/"}]}},"featured_image_urls":{"full":"","thumbnail":"","medium":"","medium_large":"","large":"","1536x1536":"","2048x2048":"","covernews-slider-full":"","covernews-slider-center":"","covernews-featured":"","covernews-medium":"","covernews-medium-square":""},"author_info":{"info":["Jorge Matheus"]},"category_info":"<a href=\"https:\/\/infoecos.com.ar\/index.php\/category\/c1nota1\/\" rel=\"category tag\">C1 N1<\/a>","tag_info":"C1 N1","comment_count":"0","_links":{"self":[{"href":"https:\/\/infoecos.com.ar\/index.php\/wp-json\/wp\/v2\/posts\/70722"}],"collection":[{"href":"https:\/\/infoecos.com.ar\/index.php\/wp-json\/wp\/v2\/posts"}],"about":[{"href":"https:\/\/infoecos.com.ar\/index.php\/wp-json\/wp\/v2\/types\/post"}],"author":[{"embeddable":true,"href":"https:\/\/infoecos.com.ar\/index.php\/wp-json\/wp\/v2\/users\/2"}],"replies":[{"embeddable":true,"href":"https:\/\/infoecos.com.ar\/index.php\/wp-json\/wp\/v2\/comments?post=70722"}],"version-history":[{"count":1,"href":"https:\/\/infoecos.com.ar\/index.php\/wp-json\/wp\/v2\/posts\/70722\/revisions"}],"predecessor-version":[{"id":70723,"href":"https:\/\/infoecos.com.ar\/index.php\/wp-json\/wp\/v2\/posts\/70722\/revisions\/70723"}],"wp:featuredmedia":[{"embeddable":true,"href":"https:\/\/infoecos.com.ar\/index.php\/wp-json\/"}],"wp:attachment":[{"href":"https:\/\/infoecos.com.ar\/index.php\/wp-json\/wp\/v2\/media?parent=70722"}],"wp:term":[{"taxonomy":"category","embeddable":true,"href":"https:\/\/infoecos.com.ar\/index.php\/wp-json\/wp\/v2\/categories?post=70722"},{"taxonomy":"post_tag","embeddable":true,"href":"https:\/\/infoecos.com.ar\/index.php\/wp-json\/wp\/v2\/tags?post=70722"}],"curies":[{"name":"wp","href":"https:\/\/api.w.org\/{rel}","templated":true}]}}