{"id":70732,"date":"2020-11-26T15:29:03","date_gmt":"2020-11-26T18:29:03","guid":{"rendered":"http:\/\/infoecos.com.ar\/?p=70732"},"modified":"2020-11-26T19:36:34","modified_gmt":"2020-11-26T22:36:34","slug":"los-turistas-que-deseen-visitar-la-provincia-de-buenos-aires-van-a-tener-que-solicitar-un-permiso-especial","status":"publish","type":"post","link":"https:\/\/infoecos.com.ar\/index.php\/los-turistas-que-deseen-visitar-la-provincia-de-buenos-aires-van-a-tener-que-solicitar-un-permiso-especial\/","title":{"rendered":"Los turistas que deseen visitar la provincia de Buenos Aires van a tener que solicitar un permiso especial"},"content":{"rendered":"\n<p class=\"wp-block-paragraph\">La subsecretaria de Turismo bonaerense, Ianina Bak, dio detalles de los distintos protocolos vigentes con vista a la temporada de verano.<\/p>\n\n\n\n<div class=\"wp-block-image\"><figure class=\"aligncenter size-medium\"><img loading=\"lazy\" decoding=\"async\" width=\"460\" height=\"258\" src=\"http:\/\/infoecos.com.ar\/wp-content\/uploads\/montehermoso-460x258.jpg\" alt=\"\" class=\"wp-image-62115\" srcset=\"https:\/\/infoecos.com.ar\/wp-content\/uploads\/montehermoso-460x258.jpg 460w, https:\/\/infoecos.com.ar\/wp-content\/uploads\/montehermoso-768x430.jpg 768w, https:\/\/infoecos.com.ar\/wp-content\/uploads\/montehermoso.jpg 880w\" sizes=\"auto, (max-width: 460px) 100vw, 460px\" \/><\/figure><\/div>\n\n\n\n<p class=\"wp-block-paragraph\">Al respecto, explic\u00f3 que los turistas \u00abque deseen venir a la provincia de Buenos Aires van a tener que solicitar un permiso especial. Todav\u00eda no est\u00e1 vigente pero en la brevedad va a estar listo. Se va a tramitar a trav\u00e9s de la aplicaci\u00f3n Cuidar\u00bb.<\/p>\n\n\n\n<p class=\"wp-block-paragraph\">En declaraciones a Radio Provincia dijo que \u201ces muy dif\u00edcil en el actual contexto tener una estimaci\u00f3n\u201d de la cantidad de turistas que pueda visitar los distintos sitios de Buenos Aires. En ese marco, agreg\u00f3 que \u201cno va ser el flujo de los \u00faltimos a\u00f1os, pero estamos&nbsp; viendo un repunte en las reservas y se debi\u00f3 a la publicaciones de los protocolos&nbsp; que dan una mayor certeza al turista\u201d.<\/p>\n\n\n\n<p class=\"wp-block-paragraph\">Bak explic\u00f3 que \u201clos protocolos son para todas las actividades que se llevar\u00e1n en la Provincia. Cada una de las playas tiene sus particularidades. Las medidas de distanciamiento dentro de los distritos van a estar determinadas por el propio municipio\u201d.<\/p>\n","protected":false},"excerpt":{"rendered":"<p>La subsecretaria de Turismo bonaerense, Ianina Bak, dio detalles de los distintos protocolos vigentes con vista a la temporada de verano<\/p>\n","protected":false},"author":2,"featured_media":62115,"comment_status":"closed","ping_status":"open","sticky":false,"template":"","format":"standard","meta":{"footnotes":""},"categories":[24],"tags":[2378],"class_list":["post-70732","post","type-post","status-publish","format-standard","has-post-thumbnail","hentry","category-c1nota3","tag-vacaciones-en-pandemia"],"featured_image_urls":{"full":["https:\/\/infoecos.com.ar\/wp-content\/uploads\/montehermoso.jpg",880,493,false],"thumbnail":["https:\/\/infoecos.com.ar\/wp-content\/uploads\/montehermoso-150x150.jpg",150,150,true],"medium":["https:\/\/infoecos.com.ar\/wp-content\/uploads\/montehermoso-460x258.jpg",460,258,true],"medium_large":["https:\/\/infoecos.com.ar\/wp-content\/uploads\/montehermoso-768x430.jpg",640,358,true],"large":["https:\/\/infoecos.com.ar\/wp-content\/uploads\/montehermoso.jpg",640,359,false],"1536x1536":["https:\/\/infoecos.com.ar\/wp-content\/uploads\/montehermoso.jpg",880,493,false],"2048x2048":["https:\/\/infoecos.com.ar\/wp-content\/uploads\/montehermoso.jpg",880,493,false],"covernews-slider-full":["https:\/\/infoecos.com.ar\/wp-content\/uploads\/montehermoso.jpg",880,493,false],"covernews-slider-center":["https:\/\/infoecos.com.ar\/wp-content\/uploads\/montehermoso.jpg",800,448,false],"covernews-featured":["https:\/\/infoecos.com.ar\/wp-content\/uploads\/montehermoso.jpg",880,493,false],"covernews-medium":["https:\/\/infoecos.com.ar\/wp-content\/uploads\/montehermoso-720x380.jpg",540,285,true],"covernews-medium-square":["https:\/\/infoecos.com.ar\/wp-content\/uploads\/montehermoso-675x450.jpg",375,250,true]},"author_info":{"info":["Jorge Matheus"]},"category_info":"<a href=\"https:\/\/infoecos.com.ar\/index.php\/category\/c1nota3\/\" rel=\"category tag\">C1 N3<\/a>","tag_info":"C1 N3","comment_count":"0","_links":{"self":[{"href":"https:\/\/infoecos.com.ar\/index.php\/wp-json\/wp\/v2\/posts\/70732","targetHints":{"allow":["GET"]}}],"collection":[{"href":"https:\/\/infoecos.com.ar\/index.php\/wp-json\/wp\/v2\/posts"}],"about":[{"href":"https:\/\/infoecos.com.ar\/index.php\/wp-json\/wp\/v2\/types\/post"}],"author":[{"embeddable":true,"href":"https:\/\/infoecos.com.ar\/index.php\/wp-json\/wp\/v2\/users\/2"}],"replies":[{"embeddable":true,"href":"https:\/\/infoecos.com.ar\/index.php\/wp-json\/wp\/v2\/comments?post=70732"}],"version-history":[{"count":2,"href":"https:\/\/infoecos.com.ar\/index.php\/wp-json\/wp\/v2\/posts\/70732\/revisions"}],"predecessor-version":[{"id":70744,"href":"https:\/\/infoecos.com.ar\/index.php\/wp-json\/wp\/v2\/posts\/70732\/revisions\/70744"}],"wp:featuredmedia":[{"embeddable":true,"href":"https:\/\/infoecos.com.ar\/index.php\/wp-json\/wp\/v2\/media\/62115"}],"wp:attachment":[{"href":"https:\/\/infoecos.com.ar\/index.php\/wp-json\/wp\/v2\/media?parent=70732"}],"wp:term":[{"taxonomy":"category","embeddable":true,"href":"https:\/\/infoecos.com.ar\/index.php\/wp-json\/wp\/v2\/categories?post=70732"},{"taxonomy":"post_tag","embeddable":true,"href":"https:\/\/infoecos.com.ar\/index.php\/wp-json\/wp\/v2\/tags?post=70732"}],"curies":[{"name":"wp","href":"https:\/\/api.w.org\/{rel}","templated":true}]}}