{"id":70734,"date":"2020-11-26T15:41:16","date_gmt":"2020-11-26T18:41:16","guid":{"rendered":"http:\/\/infoecos.com.ar\/?p=70734"},"modified":"2020-11-26T15:41:19","modified_gmt":"2020-11-26T18:41:19","slug":"zurro-arremetio-contra-su-par-de-nueve-de-julio-barroso-sos-un-perro-viejo","status":"publish","type":"post","link":"https:\/\/infoecos.com.ar\/index.php\/zurro-arremetio-contra-su-par-de-nueve-de-julio-barroso-sos-un-perro-viejo\/","title":{"rendered":"Zurro arremeti\u00f3 contra su par de Nueve de Julio: \u00abBarroso, sos un perro viejo\u00bb"},"content":{"rendered":"\n<p>El intendente municipal de Pehuaj\u00f3, Pablo Zurro, sali\u00f3 al cruce de las declaraciones que formul\u00f3 su par de Nueve de Julio, Mariano Barroso. \u00c9ste \u00faltimo se quej\u00f3 de la distribuci\u00f3n de recursos dispuesta por el gobierno de Kicillof para el presupuesto 2021. <\/p>\n\n\n\n<p>El Jefe Comunal nuevejuliense que adhiere a Juntos por el Cambio hizo referencia, adem\u00e1s, a los recursos que seg\u00fan \u00e9l recibir\u00e1 Pehuaj\u00f3 para instalar un centro de di\u00e1lisis en el Hospital Municipal.<\/p>\n\n\n\n<p>\u00abBarroso pudo durante cuatro a\u00f1os realizar obras que le bajaba el macrismo \u00bfPor qu\u00e9 no las realiz\u00f3? No hizo una vivienda en pleno macrismo\u00bb, reproch\u00f3 Zurro. Al hacerse eco de lo manifestado en torno a los aportes para el \u00e1rea de salud, Zurro se\u00f1al\u00f3: \u00abDespu\u00e9s que dice 70 millones y nos dan 29\u00bb.<\/p>\n\n\n\n<p>\u00abBarroso y sus parientes fueron los que deterioraron el hospital provincial. Barroso es un perro viejo, no realiz\u00f3 en la \u00e9poca de Macri, ni ahora. Barroso, sos un perro viejo\u00bb, liquid\u00f3 Zurro.<\/p>\n\n\n\n<div class=\"wp-block-image\"><figure class=\"aligncenter size-medium\"><img loading=\"lazy\" decoding=\"async\" width=\"460\" height=\"259\" src=\"http:\/\/infoecos.com.ar\/wp-content\/uploads\/2020\/10\/ZURRO-460x259.jpg\" alt=\"\" class=\"wp-image-68939\" srcset=\"https:\/\/infoecos.com.ar\/wp-content\/uploads\/2020\/10\/ZURRO-460x259.jpg 460w, https:\/\/infoecos.com.ar\/wp-content\/uploads\/2020\/10\/ZURRO-920x518.jpg 920w, https:\/\/infoecos.com.ar\/wp-content\/uploads\/2020\/10\/ZURRO-768x432.jpg 768w, https:\/\/infoecos.com.ar\/wp-content\/uploads\/2020\/10\/ZURRO-1024x576.jpg 1024w, https:\/\/infoecos.com.ar\/wp-content\/uploads\/2020\/10\/ZURRO.jpg 1280w\" sizes=\"(max-width: 460px) 100vw, 460px\" \/><\/figure><\/div>\n","protected":false},"excerpt":{"rendered":"<p>El intendente municipal de Pehuaj\u00f3, Pablo Zurro, sali\u00f3 al cruce de las declaraciones que formul\u00f3 su par de Nueve de Julio<\/p>\n","protected":false},"author":2,"featured_media":68939,"comment_status":"closed","ping_status":"open","sticky":false,"template":"","format":"standard","meta":{"footnotes":""},"categories":[47],"tags":[2379],"class_list":["post-70734","post","type-post","status-publish","format-standard","has-post-thumbnail","hentry","category-c3nota2","tag-cruce-verbal-entre-intendentes"],"yoast_head":"<!-- This site is optimized with the Yoast SEO plugin v23.4 - https:\/\/yoast.com\/wordpress\/plugins\/seo\/ -->\n<title>Zurro arremeti\u00f3 contra su par de Nueve de Julio: &quot;Barroso, sos un perro viejo&quot; - Infoecos<\/title>\n<meta name=\"robots\" content=\"index, follow, max-snippet:-1, max-image-preview:large, max-video-preview:-1\" \/>\n<link rel=\"canonical\" href=\"https:\/\/infoecos.com.ar\/index.php\/zurro-arremetio-contra-su-par-de-nueve-de-julio-barroso-sos-un-perro-viejo\/\" \/>\n<meta property=\"og:locale\" content=\"es_ES\" \/>\n<meta property=\"og:type\" content=\"article\" \/>\n<meta property=\"og:title\" content=\"Zurro arremeti\u00f3 contra su par de Nueve de Julio: &quot;Barroso, sos un perro viejo&quot; - Infoecos\" \/>\n<meta property=\"og:description\" content=\"El intendente municipal de Pehuaj\u00f3, Pablo Zurro, sali\u00f3 al cruce de las declaraciones que formul\u00f3 su par de Nueve de Julio\" \/>\n<meta property=\"og:url\" content=\"https:\/\/infoecos.com.ar\/index.php\/zurro-arremetio-contra-su-par-de-nueve-de-julio-barroso-sos-un-perro-viejo\/\" \/>\n<meta property=\"og:site_name\" content=\"Infoecos\" \/>\n<meta property=\"article:publisher\" content=\"https:\/\/www.facebook.com\/profile.php?id=100063200290284\" \/>\n<meta property=\"article:published_time\" content=\"2020-11-26T18:41:16+00:00\" \/>\n<meta property=\"article:modified_time\" content=\"2020-11-26T18:41:19+00:00\" \/>\n<meta property=\"og:image\" content=\"https:\/\/infoecos.com.ar\/wp-content\/uploads\/2020\/10\/ZURRO.jpg\" \/>\n\t<meta property=\"og:image:width\" content=\"1280\" \/>\n\t<meta property=\"og:image:height\" content=\"720\" \/>\n\t<meta property=\"og:image:type\" content=\"image\/jpeg\" \/>\n<meta name=\"author\" content=\"Jorge Matheus\" \/>\n<meta name=\"twitter:card\" content=\"summary_large_image\" \/>\n<meta name=\"twitter:creator\" content=\"@infoecos\" \/>\n<meta name=\"twitter:site\" content=\"@infoecos\" \/>\n<meta name=\"twitter:label1\" content=\"Escrito por\" \/>\n\t<meta name=\"twitter:data1\" content=\"Jorge Matheus\" \/>\n\t<meta name=\"twitter:label2\" content=\"Tiempo de lectura\" \/>\n\t<meta name=\"twitter:data2\" content=\"1 minuto\" \/>\n<script type=\"application\/ld+json\" class=\"yoast-schema-graph\">{\"@context\":\"https:\/\/schema.org\",\"@graph\":[{\"@type\":\"Article\",\"@id\":\"https:\/\/infoecos.com.ar\/index.php\/zurro-arremetio-contra-su-par-de-nueve-de-julio-barroso-sos-un-perro-viejo\/#article\",\"isPartOf\":{\"@id\":\"https:\/\/infoecos.com.ar\/index.php\/zurro-arremetio-contra-su-par-de-nueve-de-julio-barroso-sos-un-perro-viejo\/\"},\"author\":{\"name\":\"Jorge Matheus\",\"@id\":\"https:\/\/infoecos.com.ar\/#\/schema\/person\/8f5ace5ce73b4b4aac4b7245aee6f191\"},\"headline\":\"Zurro arremeti\u00f3 contra su par de Nueve de Julio: \u00abBarroso, sos un perro viejo\u00bb\",\"datePublished\":\"2020-11-26T18:41:16+00:00\",\"dateModified\":\"2020-11-26T18:41:19+00:00\",\"mainEntityOfPage\":{\"@id\":\"https:\/\/infoecos.com.ar\/index.php\/zurro-arremetio-contra-su-par-de-nueve-de-julio-barroso-sos-un-perro-viejo\/\"},\"wordCount\":177,\"publisher\":{\"@id\":\"https:\/\/infoecos.com.ar\/#organization\"},\"image\":{\"@id\":\"https:\/\/infoecos.com.ar\/index.php\/zurro-arremetio-contra-su-par-de-nueve-de-julio-barroso-sos-un-perro-viejo\/#primaryimage\"},\"thumbnailUrl\":\"https:\/\/infoecos.com.ar\/wp-content\/uploads\/2020\/10\/ZURRO.jpg\",\"keywords\":[\"CRUCE VERBAL ENTRE INTENDENTES\"],\"articleSection\":[\"C3 N2\"],\"inLanguage\":\"es\"},{\"@type\":\"WebPage\",\"@id\":\"https:\/\/infoecos.com.ar\/index.php\/zurro-arremetio-contra-su-par-de-nueve-de-julio-barroso-sos-un-perro-viejo\/\",\"url\":\"https:\/\/infoecos.com.ar\/index.php\/zurro-arremetio-contra-su-par-de-nueve-de-julio-barroso-sos-un-perro-viejo\/\",\"name\":\"Zurro arremeti\u00f3 contra su par de Nueve de Julio: \\\"Barroso, sos un perro viejo\\\" - Infoecos\",\"isPartOf\":{\"@id\":\"https:\/\/infoecos.com.ar\/#website\"},\"primaryImageOfPage\":{\"@id\":\"https:\/\/infoecos.com.ar\/index.php\/zurro-arremetio-contra-su-par-de-nueve-de-julio-barroso-sos-un-perro-viejo\/#primaryimage\"},\"image\":{\"@id\":\"https:\/\/infoecos.com.ar\/index.php\/zurro-arremetio-contra-su-par-de-nueve-de-julio-barroso-sos-un-perro-viejo\/#primaryimage\"},\"thumbnailUrl\":\"https:\/\/infoecos.com.ar\/wp-content\/uploads\/2020\/10\/ZURRO.jpg\",\"datePublished\":\"2020-11-26T18:41:16+00:00\",\"dateModified\":\"2020-11-26T18:41:19+00:00\",\"breadcrumb\":{\"@id\":\"https:\/\/infoecos.com.ar\/index.php\/zurro-arremetio-contra-su-par-de-nueve-de-julio-barroso-sos-un-perro-viejo\/#breadcrumb\"},\"inLanguage\":\"es\",\"potentialAction\":[{\"@type\":\"ReadAction\",\"target\":[\"https:\/\/infoecos.com.ar\/index.php\/zurro-arremetio-contra-su-par-de-nueve-de-julio-barroso-sos-un-perro-viejo\/\"]}]},{\"@type\":\"ImageObject\",\"inLanguage\":\"es\",\"@id\":\"https:\/\/infoecos.com.ar\/index.php\/zurro-arremetio-contra-su-par-de-nueve-de-julio-barroso-sos-un-perro-viejo\/#primaryimage\",\"url\":\"https:\/\/infoecos.com.ar\/wp-content\/uploads\/2020\/10\/ZURRO.jpg\",\"contentUrl\":\"https:\/\/infoecos.com.ar\/wp-content\/uploads\/2020\/10\/ZURRO.jpg\",\"width\":1280,\"height\":720},{\"@type\":\"BreadcrumbList\",\"@id\":\"https:\/\/infoecos.com.ar\/index.php\/zurro-arremetio-contra-su-par-de-nueve-de-julio-barroso-sos-un-perro-viejo\/#breadcrumb\",\"itemListElement\":[{\"@type\":\"ListItem\",\"position\":1,\"name\":\"Portada\",\"item\":\"https:\/\/infoecos.com.ar\/\"},{\"@type\":\"ListItem\",\"position\":2,\"name\":\"Zurro arremeti\u00f3 contra su par de Nueve de Julio: \u00abBarroso, sos un perro viejo\u00bb\"}]},{\"@type\":\"WebSite\",\"@id\":\"https:\/\/infoecos.com.ar\/#website\",\"url\":\"https:\/\/infoecos.com.ar\/\",\"name\":\"Infoecos\",\"description\":\"Noticias de trenque lauquen y la zona\",\"publisher\":{\"@id\":\"https:\/\/infoecos.com.ar\/#organization\"},\"alternateName\":\"Noticias\",\"potentialAction\":[{\"@type\":\"SearchAction\",\"target\":{\"@type\":\"EntryPoint\",\"urlTemplate\":\"https:\/\/infoecos.com.ar\/?s={search_term_string}\"},\"query-input\":{\"@type\":\"PropertyValueSpecification\",\"valueRequired\":true,\"valueName\":\"search_term_string\"}}],\"inLanguage\":\"es\"},{\"@type\":\"Organization\",\"@id\":\"https:\/\/infoecos.com.ar\/#organization\",\"name\":\"Infoecos\",\"alternateName\":\"Noticias\",\"url\":\"https:\/\/infoecos.com.ar\/\",\"logo\":{\"@type\":\"ImageObject\",\"inLanguage\":\"es\",\"@id\":\"https:\/\/infoecos.com.ar\/#\/schema\/logo\/image\/\",\"url\":\"https:\/\/infoecos.com.ar\/wp-content\/uploads\/2024\/03\/cropped-logo.png\",\"contentUrl\":\"https:\/\/infoecos.com.ar\/wp-content\/uploads\/2024\/03\/cropped-logo.png\",\"width\":374,\"height\":90,\"caption\":\"Infoecos\"},\"image\":{\"@id\":\"https:\/\/infoecos.com.ar\/#\/schema\/logo\/image\/\"},\"sameAs\":[\"https:\/\/www.facebook.com\/profile.php?id=100063200290284\",\"https:\/\/x.com\/infoecos\"]},{\"@type\":\"Person\",\"@id\":\"https:\/\/infoecos.com.ar\/#\/schema\/person\/8f5ace5ce73b4b4aac4b7245aee6f191\",\"name\":\"Jorge Matheus\",\"url\":\"https:\/\/infoecos.com.ar\/index.php\/author\/jomatheus\/\"}]}<\/script>\n<!-- \/ Yoast SEO plugin. -->","yoast_head_json":{"title":"Zurro arremeti\u00f3 contra su par de Nueve de Julio: \"Barroso, sos un perro viejo\" - Infoecos","robots":{"index":"index","follow":"follow","max-snippet":"max-snippet:-1","max-image-preview":"max-image-preview:large","max-video-preview":"max-video-preview:-1"},"canonical":"https:\/\/infoecos.com.ar\/index.php\/zurro-arremetio-contra-su-par-de-nueve-de-julio-barroso-sos-un-perro-viejo\/","og_locale":"es_ES","og_type":"article","og_title":"Zurro arremeti\u00f3 contra su par de Nueve de Julio: \"Barroso, sos un perro viejo\" - Infoecos","og_description":"El intendente municipal de Pehuaj\u00f3, Pablo Zurro, sali\u00f3 al cruce de las declaraciones que formul\u00f3 su par de Nueve de Julio","og_url":"https:\/\/infoecos.com.ar\/index.php\/zurro-arremetio-contra-su-par-de-nueve-de-julio-barroso-sos-un-perro-viejo\/","og_site_name":"Infoecos","article_publisher":"https:\/\/www.facebook.com\/profile.php?id=100063200290284","article_published_time":"2020-11-26T18:41:16+00:00","article_modified_time":"2020-11-26T18:41:19+00:00","og_image":[{"width":1280,"height":720,"url":"https:\/\/infoecos.com.ar\/wp-content\/uploads\/2020\/10\/ZURRO.jpg","type":"image\/jpeg"}],"author":"Jorge Matheus","twitter_card":"summary_large_image","twitter_creator":"@infoecos","twitter_site":"@infoecos","twitter_misc":{"Escrito por":"Jorge Matheus","Tiempo de lectura":"1 minuto"},"schema":{"@context":"https:\/\/schema.org","@graph":[{"@type":"Article","@id":"https:\/\/infoecos.com.ar\/index.php\/zurro-arremetio-contra-su-par-de-nueve-de-julio-barroso-sos-un-perro-viejo\/#article","isPartOf":{"@id":"https:\/\/infoecos.com.ar\/index.php\/zurro-arremetio-contra-su-par-de-nueve-de-julio-barroso-sos-un-perro-viejo\/"},"author":{"name":"Jorge Matheus","@id":"https:\/\/infoecos.com.ar\/#\/schema\/person\/8f5ace5ce73b4b4aac4b7245aee6f191"},"headline":"Zurro arremeti\u00f3 contra su par de Nueve de Julio: \u00abBarroso, sos un perro viejo\u00bb","datePublished":"2020-11-26T18:41:16+00:00","dateModified":"2020-11-26T18:41:19+00:00","mainEntityOfPage":{"@id":"https:\/\/infoecos.com.ar\/index.php\/zurro-arremetio-contra-su-par-de-nueve-de-julio-barroso-sos-un-perro-viejo\/"},"wordCount":177,"publisher":{"@id":"https:\/\/infoecos.com.ar\/#organization"},"image":{"@id":"https:\/\/infoecos.com.ar\/index.php\/zurro-arremetio-contra-su-par-de-nueve-de-julio-barroso-sos-un-perro-viejo\/#primaryimage"},"thumbnailUrl":"https:\/\/infoecos.com.ar\/wp-content\/uploads\/2020\/10\/ZURRO.jpg","keywords":["CRUCE VERBAL ENTRE INTENDENTES"],"articleSection":["C3 N2"],"inLanguage":"es"},{"@type":"WebPage","@id":"https:\/\/infoecos.com.ar\/index.php\/zurro-arremetio-contra-su-par-de-nueve-de-julio-barroso-sos-un-perro-viejo\/","url":"https:\/\/infoecos.com.ar\/index.php\/zurro-arremetio-contra-su-par-de-nueve-de-julio-barroso-sos-un-perro-viejo\/","name":"Zurro arremeti\u00f3 contra su par de Nueve de Julio: \"Barroso, sos un perro viejo\" - Infoecos","isPartOf":{"@id":"https:\/\/infoecos.com.ar\/#website"},"primaryImageOfPage":{"@id":"https:\/\/infoecos.com.ar\/index.php\/zurro-arremetio-contra-su-par-de-nueve-de-julio-barroso-sos-un-perro-viejo\/#primaryimage"},"image":{"@id":"https:\/\/infoecos.com.ar\/index.php\/zurro-arremetio-contra-su-par-de-nueve-de-julio-barroso-sos-un-perro-viejo\/#primaryimage"},"thumbnailUrl":"https:\/\/infoecos.com.ar\/wp-content\/uploads\/2020\/10\/ZURRO.jpg","datePublished":"2020-11-26T18:41:16+00:00","dateModified":"2020-11-26T18:41:19+00:00","breadcrumb":{"@id":"https:\/\/infoecos.com.ar\/index.php\/zurro-arremetio-contra-su-par-de-nueve-de-julio-barroso-sos-un-perro-viejo\/#breadcrumb"},"inLanguage":"es","potentialAction":[{"@type":"ReadAction","target":["https:\/\/infoecos.com.ar\/index.php\/zurro-arremetio-contra-su-par-de-nueve-de-julio-barroso-sos-un-perro-viejo\/"]}]},{"@type":"ImageObject","inLanguage":"es","@id":"https:\/\/infoecos.com.ar\/index.php\/zurro-arremetio-contra-su-par-de-nueve-de-julio-barroso-sos-un-perro-viejo\/#primaryimage","url":"https:\/\/infoecos.com.ar\/wp-content\/uploads\/2020\/10\/ZURRO.jpg","contentUrl":"https:\/\/infoecos.com.ar\/wp-content\/uploads\/2020\/10\/ZURRO.jpg","width":1280,"height":720},{"@type":"BreadcrumbList","@id":"https:\/\/infoecos.com.ar\/index.php\/zurro-arremetio-contra-su-par-de-nueve-de-julio-barroso-sos-un-perro-viejo\/#breadcrumb","itemListElement":[{"@type":"ListItem","position":1,"name":"Portada","item":"https:\/\/infoecos.com.ar\/"},{"@type":"ListItem","position":2,"name":"Zurro arremeti\u00f3 contra su par de Nueve de Julio: \u00abBarroso, sos un perro viejo\u00bb"}]},{"@type":"WebSite","@id":"https:\/\/infoecos.com.ar\/#website","url":"https:\/\/infoecos.com.ar\/","name":"Infoecos","description":"Noticias de trenque lauquen y la zona","publisher":{"@id":"https:\/\/infoecos.com.ar\/#organization"},"alternateName":"Noticias","potentialAction":[{"@type":"SearchAction","target":{"@type":"EntryPoint","urlTemplate":"https:\/\/infoecos.com.ar\/?s={search_term_string}"},"query-input":{"@type":"PropertyValueSpecification","valueRequired":true,"valueName":"search_term_string"}}],"inLanguage":"es"},{"@type":"Organization","@id":"https:\/\/infoecos.com.ar\/#organization","name":"Infoecos","alternateName":"Noticias","url":"https:\/\/infoecos.com.ar\/","logo":{"@type":"ImageObject","inLanguage":"es","@id":"https:\/\/infoecos.com.ar\/#\/schema\/logo\/image\/","url":"https:\/\/infoecos.com.ar\/wp-content\/uploads\/2024\/03\/cropped-logo.png","contentUrl":"https:\/\/infoecos.com.ar\/wp-content\/uploads\/2024\/03\/cropped-logo.png","width":374,"height":90,"caption":"Infoecos"},"image":{"@id":"https:\/\/infoecos.com.ar\/#\/schema\/logo\/image\/"},"sameAs":["https:\/\/www.facebook.com\/profile.php?id=100063200290284","https:\/\/x.com\/infoecos"]},{"@type":"Person","@id":"https:\/\/infoecos.com.ar\/#\/schema\/person\/8f5ace5ce73b4b4aac4b7245aee6f191","name":"Jorge Matheus","url":"https:\/\/infoecos.com.ar\/index.php\/author\/jomatheus\/"}]}},"featured_image_urls":{"full":["https:\/\/infoecos.com.ar\/wp-content\/uploads\/2020\/10\/ZURRO.jpg",1280,720,false],"thumbnail":["https:\/\/infoecos.com.ar\/wp-content\/uploads\/2020\/10\/ZURRO-150x150.jpg",150,150,true],"medium":["https:\/\/infoecos.com.ar\/wp-content\/uploads\/2020\/10\/ZURRO-460x259.jpg",460,259,true],"medium_large":["https:\/\/infoecos.com.ar\/wp-content\/uploads\/2020\/10\/ZURRO-768x432.jpg",640,360,true],"large":["https:\/\/infoecos.com.ar\/wp-content\/uploads\/2020\/10\/ZURRO-920x518.jpg",640,360,true],"1536x1536":["https:\/\/infoecos.com.ar\/wp-content\/uploads\/2020\/10\/ZURRO.jpg",1280,720,false],"2048x2048":["https:\/\/infoecos.com.ar\/wp-content\/uploads\/2020\/10\/ZURRO.jpg",1280,720,false],"covernews-slider-full":["https:\/\/infoecos.com.ar\/wp-content\/uploads\/2020\/10\/ZURRO.jpg",1115,627,false],"covernews-slider-center":["https:\/\/infoecos.com.ar\/wp-content\/uploads\/2020\/10\/ZURRO-936x720.jpg",650,500,true],"covernews-featured":["https:\/\/infoecos.com.ar\/wp-content\/uploads\/2020\/10\/ZURRO-1024x576.jpg",1024,576,true],"covernews-medium":["https:\/\/infoecos.com.ar\/wp-content\/uploads\/2020\/10\/ZURRO-720x380.jpg",540,285,true],"covernews-medium-square":["https:\/\/infoecos.com.ar\/wp-content\/uploads\/2020\/10\/ZURRO-675x450.jpg",375,250,true]},"author_info":{"info":["Jorge Matheus"]},"category_info":"<a href=\"https:\/\/infoecos.com.ar\/index.php\/category\/c3nota2\/\" rel=\"category tag\">C3 N2<\/a>","tag_info":"C3 N2","comment_count":"0","_links":{"self":[{"href":"https:\/\/infoecos.com.ar\/index.php\/wp-json\/wp\/v2\/posts\/70734"}],"collection":[{"href":"https:\/\/infoecos.com.ar\/index.php\/wp-json\/wp\/v2\/posts"}],"about":[{"href":"https:\/\/infoecos.com.ar\/index.php\/wp-json\/wp\/v2\/types\/post"}],"author":[{"embeddable":true,"href":"https:\/\/infoecos.com.ar\/index.php\/wp-json\/wp\/v2\/users\/2"}],"replies":[{"embeddable":true,"href":"https:\/\/infoecos.com.ar\/index.php\/wp-json\/wp\/v2\/comments?post=70734"}],"version-history":[{"count":1,"href":"https:\/\/infoecos.com.ar\/index.php\/wp-json\/wp\/v2\/posts\/70734\/revisions"}],"predecessor-version":[{"id":70735,"href":"https:\/\/infoecos.com.ar\/index.php\/wp-json\/wp\/v2\/posts\/70734\/revisions\/70735"}],"wp:featuredmedia":[{"embeddable":true,"href":"https:\/\/infoecos.com.ar\/index.php\/wp-json\/wp\/v2\/media\/68939"}],"wp:attachment":[{"href":"https:\/\/infoecos.com.ar\/index.php\/wp-json\/wp\/v2\/media?parent=70734"}],"wp:term":[{"taxonomy":"category","embeddable":true,"href":"https:\/\/infoecos.com.ar\/index.php\/wp-json\/wp\/v2\/categories?post=70734"},{"taxonomy":"post_tag","embeddable":true,"href":"https:\/\/infoecos.com.ar\/index.php\/wp-json\/wp\/v2\/tags?post=70734"}],"curies":[{"name":"wp","href":"https:\/\/api.w.org\/{rel}","templated":true}]}}