{"id":70736,"date":"2020-11-26T19:15:00","date_gmt":"2020-11-26T22:15:00","guid":{"rendered":"http:\/\/infoecos.com.ar\/?p=70736"},"modified":"2020-11-26T19:16:55","modified_gmt":"2020-11-26T22:16:55","slug":"confirmado-se-deja-sin-efecto-la-cuarentena-para-las-personas-que-ingresen-a-trenque-lauquen-y-desbloquearan-las-entradas-alternativas","status":"publish","type":"post","link":"https:\/\/infoecos.com.ar\/index.php\/confirmado-se-deja-sin-efecto-la-cuarentena-para-las-personas-que-ingresen-a-trenque-lauquen-y-desbloquearan-las-entradas-alternativas\/","title":{"rendered":"Confirmado: se deja sin efecto la cuarentena para las personas que ingresen a Trenque Lauquen y desbloquear\u00e1n las entradas alternativas"},"content":{"rendered":"\n<p class=\"wp-block-paragraph\">El gobierno municipal de Trenque Lauquen confirm\u00f3 que se deja sin efecto la obligatoriedad del aislamiento social obligatorio, denominado com\u00fanmente cuarentena, para las personas que ingresen a la ciudad capital del distrito desde otras comunidades y provincias.<\/p>\n\n\n\n<div class=\"wp-block-image\"><figure class=\"aligncenter size-medium\"><img loading=\"lazy\" decoding=\"async\" width=\"460\" height=\"306\" src=\"http:\/\/infoecos.com.ar\/wp-content\/uploads\/Municipio-1-460x306.jpg\" alt=\"\" class=\"wp-image-61560\" srcset=\"https:\/\/infoecos.com.ar\/wp-content\/uploads\/Municipio-1-460x306.jpg 460w, https:\/\/infoecos.com.ar\/wp-content\/uploads\/Municipio-1-768x511.jpg 768w, https:\/\/infoecos.com.ar\/wp-content\/uploads\/Municipio-1-675x450.jpg 675w, https:\/\/infoecos.com.ar\/wp-content\/uploads\/Municipio-1.jpg 800w\" sizes=\"auto, (max-width: 460px) 100vw, 460px\" \/><\/figure><\/div>\n\n\n\n<p class=\"wp-block-paragraph\">La medida se tom\u00f3, se expone en el decreto n\u00famero 1771\/2020, bas\u00e1ndose en las recomendaciones del \u00e1rea de Salud municipal al considerar que hay circulaci\u00f3n comunitaria del virus Covid-19 en el distrito.<\/p>\n\n\n\n<p class=\"wp-block-paragraph\">Se\u00f1ala el texto de la normativa legal que <strong>\u00abno obstante, se mantiene la vigencia del Registro de Acceso a Trenque Lauquen -cuya planilla puede gestionarse y completarse desde la p\u00e1gina web del Municipio (https:\/\/www.trenquelauquen.gov.ar\/registroacceso\/)- que permite obtener la trazabilidad de las personas que llegan desde diferentes localidades, y se continuar\u00e1 exigiendo \u201cel correspondiente Certificado \u00danico Habilitante de Circulaci\u00f3n \u2013 Covid 19 y\/o las autorizaciones y\/o permisos y\/o documentaci\u00f3n que acredite la excepcionalidad del tr\u00e1nsito interjurisdiccional\u201d<\/strong>.<\/p>\n\n\n\n<p class=\"wp-block-paragraph\">La normativa, adem\u00e1s, instruye a la Direcci\u00f3n de Contralor Municipal y al \u00e1rea de Inspecci\u00f3n de Comercios a controlar de manera estricta el cumplimiento, por un lado, de los protocolos en aquellas actividades que cuenten con la debida autorizaci\u00f3n, y por otro, del efectivo cumplimiento del aislamiento de las personas en los casos determinados por las autoridades locales de Salud.<\/p>\n\n\n\n<p class=\"wp-block-paragraph\">En el decreto, se inform\u00f3, tambi\u00e9n se determin\u00f3 el levantamiento de los bloqueos en las entradas alternativas que se hab\u00edan cerrado para concentrar los ingresos a la ciudad por los accesos principales de las rutas nacionales n\u00b05 y 33.<\/p>\n\n\n\n<p class=\"wp-block-paragraph\">Asimismo, se autoriza al Director del Ente Descentralizado de Treinta de Agosto y al delegado de Beruti \u201ca adherir a las disposiciones del presente (decreto) o adoptar las medidas que estimen corresponder a sus respectivas localidades\u201d.<\/p>\n\n\n\n<p class=\"wp-block-paragraph\">Desde el 15 de julio pasado y hasta ahora, por decreto 1009\/2020, toda persona que ingresaba al distrito deb\u00eda permanecer en aislamiento social preventivo por el t\u00e9rmino de 14 d\u00edas.<\/p>\n","protected":false},"excerpt":{"rendered":"<p>La medida se tom\u00f3, exponen en el decreto n\u00famero 1771\/2020, bas\u00e1ndose en las recomendaciones del \u00e1rea de Salud municipal al considerar que hay circulaci\u00f3n comunitaria del virus Covid-19 en el distrito<\/p>\n","protected":false},"author":2,"featured_media":61593,"comment_status":"closed","ping_status":"open","sticky":false,"template":"","format":"standard","meta":{"footnotes":""},"categories":[1612],"tags":[2376],"class_list":["post-70736","post","type-post","status-publish","format-standard","has-post-thumbnail","hentry","category-noticia-principal","tag-oficial"],"featured_image_urls":{"full":["https:\/\/infoecos.com.ar\/wp-content\/uploads\/Municipio-2.jpg",800,532,false],"thumbnail":["https:\/\/infoecos.com.ar\/wp-content\/uploads\/Municipio-2-150x150.jpg",150,150,true],"medium":["https:\/\/infoecos.com.ar\/wp-content\/uploads\/Municipio-2-460x306.jpg",460,306,true],"medium_large":["https:\/\/infoecos.com.ar\/wp-content\/uploads\/Municipio-2-768x511.jpg",640,426,true],"large":["https:\/\/infoecos.com.ar\/wp-content\/uploads\/Municipio-2.jpg",640,426,false],"1536x1536":["https:\/\/infoecos.com.ar\/wp-content\/uploads\/Municipio-2.jpg",800,532,false],"2048x2048":["https:\/\/infoecos.com.ar\/wp-content\/uploads\/Municipio-2.jpg",800,532,false],"covernews-slider-full":["https:\/\/infoecos.com.ar\/wp-content\/uploads\/Municipio-2.jpg",800,532,false],"covernews-slider-center":["https:\/\/infoecos.com.ar\/wp-content\/uploads\/Municipio-2.jpg",752,500,false],"covernews-featured":["https:\/\/infoecos.com.ar\/wp-content\/uploads\/Municipio-2.jpg",800,532,false],"covernews-medium":["https:\/\/infoecos.com.ar\/wp-content\/uploads\/Municipio-2-720x380.jpg",540,285,true],"covernews-medium-square":["https:\/\/infoecos.com.ar\/wp-content\/uploads\/Municipio-2-675x450.jpg",375,250,true]},"author_info":{"info":["Jorge Matheus"]},"category_info":"<a href=\"https:\/\/infoecos.com.ar\/index.php\/category\/noticia-principal\/\" rel=\"category tag\">Noticia Principal<\/a>","tag_info":"Noticia Principal","comment_count":"0","_links":{"self":[{"href":"https:\/\/infoecos.com.ar\/index.php\/wp-json\/wp\/v2\/posts\/70736","targetHints":{"allow":["GET"]}}],"collection":[{"href":"https:\/\/infoecos.com.ar\/index.php\/wp-json\/wp\/v2\/posts"}],"about":[{"href":"https:\/\/infoecos.com.ar\/index.php\/wp-json\/wp\/v2\/types\/post"}],"author":[{"embeddable":true,"href":"https:\/\/infoecos.com.ar\/index.php\/wp-json\/wp\/v2\/users\/2"}],"replies":[{"embeddable":true,"href":"https:\/\/infoecos.com.ar\/index.php\/wp-json\/wp\/v2\/comments?post=70736"}],"version-history":[{"count":2,"href":"https:\/\/infoecos.com.ar\/index.php\/wp-json\/wp\/v2\/posts\/70736\/revisions"}],"predecessor-version":[{"id":70738,"href":"https:\/\/infoecos.com.ar\/index.php\/wp-json\/wp\/v2\/posts\/70736\/revisions\/70738"}],"wp:featuredmedia":[{"embeddable":true,"href":"https:\/\/infoecos.com.ar\/index.php\/wp-json\/wp\/v2\/media\/61593"}],"wp:attachment":[{"href":"https:\/\/infoecos.com.ar\/index.php\/wp-json\/wp\/v2\/media?parent=70736"}],"wp:term":[{"taxonomy":"category","embeddable":true,"href":"https:\/\/infoecos.com.ar\/index.php\/wp-json\/wp\/v2\/categories?post=70736"},{"taxonomy":"post_tag","embeddable":true,"href":"https:\/\/infoecos.com.ar\/index.php\/wp-json\/wp\/v2\/tags?post=70736"}],"curies":[{"name":"wp","href":"https:\/\/api.w.org\/{rel}","templated":true}]}}