{"id":70797,"date":"2020-12-01T00:21:21","date_gmt":"2020-12-01T03:21:21","guid":{"rendered":"http:\/\/infoecos.com.ar\/?p=70797"},"modified":"2020-12-01T00:21:23","modified_gmt":"2020-12-01T03:21:23","slug":"coronavirus-otras-257-personas-murieron-y-5-726-fueron-reportadas-con-la-enfermedad-en-argentina","status":"publish","type":"post","link":"https:\/\/infoecos.com.ar\/index.php\/coronavirus-otras-257-personas-murieron-y-5-726-fueron-reportadas-con-la-enfermedad-en-argentina\/","title":{"rendered":"Coronavirus: otras 257 personas murieron y 5.726 fueron reportadas con la enfermedad en Argentina"},"content":{"rendered":"\n<p class=\"wp-block-paragraph\">Otras 257 personas murieron y 5.726 fueron reportadas con coronavirus en las \u00faltimas 24 horas en la Argentina, con lo que ascienden a 38.730 los fallecidos registrados oficialmente a nivel nacional y a 1.424.533 los contagiados desde el inicio de la pandemia, inform\u00f3 este lunes el Ministerio de Salud<strong>.<\/strong><\/p>\n\n\n\n<div class=\"wp-block-image\"><figure class=\"aligncenter size-medium\"><img loading=\"lazy\" decoding=\"async\" width=\"460\" height=\"259\" src=\"http:\/\/infoecos.com.ar\/wp-content\/uploads\/2020\/09\/5f2bd67a4d3fa_1004x565-460x259.jpg\" alt=\"\" class=\"wp-image-68071\" srcset=\"https:\/\/infoecos.com.ar\/wp-content\/uploads\/2020\/09\/5f2bd67a4d3fa_1004x565-460x259.jpg 460w, https:\/\/infoecos.com.ar\/wp-content\/uploads\/2020\/09\/5f2bd67a4d3fa_1004x565-920x518.jpg 920w, https:\/\/infoecos.com.ar\/wp-content\/uploads\/2020\/09\/5f2bd67a4d3fa_1004x565-768x432.jpg 768w, https:\/\/infoecos.com.ar\/wp-content\/uploads\/2020\/09\/5f2bd67a4d3fa_1004x565.jpg 1004w\" sizes=\"auto, (max-width: 460px) 100vw, 460px\" \/><\/figure><\/div>\n\n\n\n<p class=\"wp-block-paragraph\">La cartera sanitaria indic\u00f3 que son 4.062 los internados en unidades de terapia intensiva, con un porcentaje de ocupaci\u00f3n de camas de adultos de 56,5% en el pa\u00eds y del 60% en la \u00c1rea Metropolitana Buenos Aires.<\/p>\n\n\n\n<p class=\"wp-block-paragraph\">Un 31,01% (1.776 personas) de los infectados de este lunes (5.726) corresponden a la Ciudad y a la Provincia de Buenos Aires.<\/p>\n\n\n\n<p class=\"wp-block-paragraph\"><strong>De los 1.424.533 contagiados, el 88,25% (1.257.227) recibi\u00f3 el alta y 128.576 son casos confirmados activos.<\/strong><\/p>\n","protected":false},"excerpt":{"rendered":"<p>La cartera sanitaria indic\u00f3 que son 4.062 los internados en unidades de terapia intensiva, con un porcentaje de ocupaci\u00f3n de camas de adultos de 56,5% en el pa\u00eds y del 60% en la \u00c1rea Metropolitana Buenos Aires<\/p>\n","protected":false},"author":2,"featured_media":68071,"comment_status":"closed","ping_status":"open","sticky":false,"template":"","format":"standard","meta":{"footnotes":""},"categories":[198],"tags":[156],"class_list":["post-70797","post","type-post","status-publish","format-standard","has-post-thumbnail","hentry","category-c1nota5","tag-salud"],"featured_image_urls":{"full":["https:\/\/infoecos.com.ar\/wp-content\/uploads\/2020\/09\/5f2bd67a4d3fa_1004x565.jpg",1004,565,false],"thumbnail":["https:\/\/infoecos.com.ar\/wp-content\/uploads\/2020\/09\/5f2bd67a4d3fa_1004x565-150x150.jpg",150,150,true],"medium":["https:\/\/infoecos.com.ar\/wp-content\/uploads\/2020\/09\/5f2bd67a4d3fa_1004x565-460x259.jpg",460,259,true],"medium_large":["https:\/\/infoecos.com.ar\/wp-content\/uploads\/2020\/09\/5f2bd67a4d3fa_1004x565-768x432.jpg",640,360,true],"large":["https:\/\/infoecos.com.ar\/wp-content\/uploads\/2020\/09\/5f2bd67a4d3fa_1004x565-920x518.jpg",640,360,true],"1536x1536":["https:\/\/infoecos.com.ar\/wp-content\/uploads\/2020\/09\/5f2bd67a4d3fa_1004x565.jpg",1004,565,false],"2048x2048":["https:\/\/infoecos.com.ar\/wp-content\/uploads\/2020\/09\/5f2bd67a4d3fa_1004x565.jpg",1004,565,false],"covernews-slider-full":["https:\/\/infoecos.com.ar\/wp-content\/uploads\/2020\/09\/5f2bd67a4d3fa_1004x565.jpg",1004,565,false],"covernews-slider-center":["https:\/\/infoecos.com.ar\/wp-content\/uploads\/2020\/09\/5f2bd67a4d3fa_1004x565-936x565.jpg",800,483,true],"covernews-featured":["https:\/\/infoecos.com.ar\/wp-content\/uploads\/2020\/09\/5f2bd67a4d3fa_1004x565.jpg",1004,565,false],"covernews-medium":["https:\/\/infoecos.com.ar\/wp-content\/uploads\/2020\/09\/5f2bd67a4d3fa_1004x565-720x380.jpg",540,285,true],"covernews-medium-square":["https:\/\/infoecos.com.ar\/wp-content\/uploads\/2020\/09\/5f2bd67a4d3fa_1004x565-675x450.jpg",375,250,true]},"author_info":{"info":["Jorge Matheus"]},"category_info":"<a href=\"https:\/\/infoecos.com.ar\/index.php\/category\/c1nota5\/\" rel=\"category tag\">C1 nota 5<\/a>","tag_info":"C1 nota 5","comment_count":"0","_links":{"self":[{"href":"https:\/\/infoecos.com.ar\/index.php\/wp-json\/wp\/v2\/posts\/70797","targetHints":{"allow":["GET"]}}],"collection":[{"href":"https:\/\/infoecos.com.ar\/index.php\/wp-json\/wp\/v2\/posts"}],"about":[{"href":"https:\/\/infoecos.com.ar\/index.php\/wp-json\/wp\/v2\/types\/post"}],"author":[{"embeddable":true,"href":"https:\/\/infoecos.com.ar\/index.php\/wp-json\/wp\/v2\/users\/2"}],"replies":[{"embeddable":true,"href":"https:\/\/infoecos.com.ar\/index.php\/wp-json\/wp\/v2\/comments?post=70797"}],"version-history":[{"count":1,"href":"https:\/\/infoecos.com.ar\/index.php\/wp-json\/wp\/v2\/posts\/70797\/revisions"}],"predecessor-version":[{"id":70798,"href":"https:\/\/infoecos.com.ar\/index.php\/wp-json\/wp\/v2\/posts\/70797\/revisions\/70798"}],"wp:featuredmedia":[{"embeddable":true,"href":"https:\/\/infoecos.com.ar\/index.php\/wp-json\/wp\/v2\/media\/68071"}],"wp:attachment":[{"href":"https:\/\/infoecos.com.ar\/index.php\/wp-json\/wp\/v2\/media?parent=70797"}],"wp:term":[{"taxonomy":"category","embeddable":true,"href":"https:\/\/infoecos.com.ar\/index.php\/wp-json\/wp\/v2\/categories?post=70797"},{"taxonomy":"post_tag","embeddable":true,"href":"https:\/\/infoecos.com.ar\/index.php\/wp-json\/wp\/v2\/tags?post=70797"}],"curies":[{"name":"wp","href":"https:\/\/api.w.org\/{rel}","templated":true}]}}