{"id":70819,"date":"2020-12-01T14:39:27","date_gmt":"2020-12-01T17:39:27","guid":{"rendered":"http:\/\/infoecos.com.ar\/?p=70819"},"modified":"2020-12-01T14:40:51","modified_gmt":"2020-12-01T17:40:51","slug":"se-realizo-en-trenque-lauquen-el-sorteo-de-las-ubicaciones-de-52-viviendas-en-dos-sectores-de-la-ampliacion-urbana","status":"publish","type":"post","link":"https:\/\/infoecos.com.ar\/index.php\/se-realizo-en-trenque-lauquen-el-sorteo-de-las-ubicaciones-de-52-viviendas-en-dos-sectores-de-la-ampliacion-urbana\/","title":{"rendered":"Se realiz\u00f3 en Trenque Lauquen el sorteo de las ubicaciones de 52 viviendas en sectores de la Ampliaci\u00f3n Urbana"},"content":{"rendered":"\n<p class=\"wp-block-paragraph\">Se realiz\u00f3 el sorteo de las ubicaciones de 52 viviendas que se construyen bajo la modalidad de C\u00edrculo Cerrado en dos sectores de la Ampliaci\u00f3n Urbana. <\/p>\n\n\n\n<div class=\"wp-block-image\"><figure class=\"aligncenter size-medium\"><img loading=\"lazy\" decoding=\"async\" width=\"460\" height=\"259\" src=\"http:\/\/infoecos.com.ar\/wp-content\/uploads\/2020\/12\/Sorteo-ubicaciones-1-460x259.jpg\" alt=\"\" class=\"wp-image-70820\" srcset=\"https:\/\/infoecos.com.ar\/wp-content\/uploads\/2020\/12\/Sorteo-ubicaciones-1-460x259.jpg 460w, https:\/\/infoecos.com.ar\/wp-content\/uploads\/2020\/12\/Sorteo-ubicaciones-1-920x518.jpg 920w, https:\/\/infoecos.com.ar\/wp-content\/uploads\/2020\/12\/Sorteo-ubicaciones-1-768x433.jpg 768w, https:\/\/infoecos.com.ar\/wp-content\/uploads\/2020\/12\/Sorteo-ubicaciones-1-1024x577.jpg 1024w, https:\/\/infoecos.com.ar\/wp-content\/uploads\/2020\/12\/Sorteo-ubicaciones-1.jpg 1280w\" sizes=\"auto, (max-width: 460px) 100vw, 460px\" \/><\/figure><\/div>\n\n\n\n<p class=\"wp-block-paragraph\">El acto, que se transmiti\u00f3 en directo (streaming) por la p\u00e1gina de Facebook del Municipio, fue encabezado por el secretario de Gobierno, Gustavo Marchabalo y la directora de Asuntos Legales del Municipio Ver\u00f3nica Laf\u00f3n y cont\u00f3 con la participaci\u00f3n de dos vecinas en representaci\u00f3n de los adjudicatarios, a fin de darle transparencia al sorteo: Roc\u00edo Medina, por el grupo de las diez viviendas, y Lucila Sampaio, por el de las 42. Tambi\u00e9n estuvo presente Francisco Hansen, del \u00e1rea de Asuntos Legales del Municipio y la locuci\u00f3n estuvo a cargo de Alfredo Angulo.<\/p>\n\n\n\n<p class=\"wp-block-paragraph\">En primera instancia se realiz\u00f3 el sorteo de las diez viviendas correspondientes al Concurso de Precios 5\/19, siendo la veedora del mismo la vecina Lucila Sampaio y posteriormente se realiz\u00f3 el sorteo de las 42 casas del Concurso de Precios 20\/18, con la participaci\u00f3n de la vecina Roc\u00edo Medina.<\/p>\n\n\n\n<div class=\"wp-block-image\"><figure class=\"aligncenter size-medium\"><img loading=\"lazy\" decoding=\"async\" width=\"460\" height=\"230\" src=\"http:\/\/infoecos.com.ar\/wp-content\/uploads\/2020\/12\/Sorteo-ubicaciones-2-460x230.jpg\" alt=\"\" class=\"wp-image-70821\" srcset=\"https:\/\/infoecos.com.ar\/wp-content\/uploads\/2020\/12\/Sorteo-ubicaciones-2-460x230.jpg 460w, https:\/\/infoecos.com.ar\/wp-content\/uploads\/2020\/12\/Sorteo-ubicaciones-2-920x460.jpg 920w, https:\/\/infoecos.com.ar\/wp-content\/uploads\/2020\/12\/Sorteo-ubicaciones-2-768x384.jpg 768w, https:\/\/infoecos.com.ar\/wp-content\/uploads\/2020\/12\/Sorteo-ubicaciones-2-1024x512.jpg 1024w, https:\/\/infoecos.com.ar\/wp-content\/uploads\/2020\/12\/Sorteo-ubicaciones-2.jpg 1160w\" sizes=\"auto, (max-width: 460px) 100vw, 460px\" \/><\/figure><\/div>\n\n\n\n<p class=\"wp-block-paragraph\">Luego del sorteo, Marchabalo felicit\u00f3 a los adjudicatarios y les inform\u00f3 que a partir de la publicaci\u00f3n de los resultados en los medios de comunicaci\u00f3n y en la p\u00e1gina Web y redes sociales de la Municipalidad los adjudicatarios tendr\u00e1n la posibilidad de cambiar de ubicaci\u00f3n siempre que exista un acuerdo de ambas partes.<\/p>\n\n\n\n<p class=\"wp-block-paragraph\">Marchabalo tambi\u00e9n dijo que a partir de la semana pr\u00f3xima los adjudicatarios podr\u00e1n acercarse al \u00e1rea de Obras Privadas para iniciar los tr\u00e1mites vinculados a la bajada de luz y servicios municipales.<\/p>\n\n\n\n<p class=\"wp-block-paragraph\">El secretario de Gobierno inform\u00f3 adem\u00e1s&nbsp; que la idea es entregar las viviendas antes de fin de mes y que posteriormente el Intendente dar\u00e1 a conocer el d\u00eda y la hora del acto de entrega.<\/p>\n\n\n\n<div class=\"wp-block-image\"><figure class=\"aligncenter size-medium\"><img loading=\"lazy\" decoding=\"async\" width=\"460\" height=\"259\" src=\"http:\/\/infoecos.com.ar\/wp-content\/uploads\/2020\/12\/Sorteo-ubicaciones-460x259.jpg\" alt=\"\" class=\"wp-image-70822\" srcset=\"https:\/\/infoecos.com.ar\/wp-content\/uploads\/2020\/12\/Sorteo-ubicaciones-460x259.jpg 460w, https:\/\/infoecos.com.ar\/wp-content\/uploads\/2020\/12\/Sorteo-ubicaciones-920x518.jpg 920w, https:\/\/infoecos.com.ar\/wp-content\/uploads\/2020\/12\/Sorteo-ubicaciones-768x433.jpg 768w, https:\/\/infoecos.com.ar\/wp-content\/uploads\/2020\/12\/Sorteo-ubicaciones-1024x577.jpg 1024w, https:\/\/infoecos.com.ar\/wp-content\/uploads\/2020\/12\/Sorteo-ubicaciones.jpg 1280w\" sizes=\"auto, (max-width: 460px) 100vw, 460px\" \/><\/figure><\/div>\n\n\n\n<p class=\"wp-block-paragraph\"><strong>CONCURSO DE PRECIOS 5\/19<\/strong><\/p>\n\n\n\n<p class=\"wp-block-paragraph\"><strong>El listado de adjudicatarios del plan de diez viviendas es el siguiente<\/strong>:<\/p>\n\n\n\n<p class=\"wp-block-paragraph\">1. Criado Yanina Soledad \u2013 Crucianelli Rosaschi Mauricio Hern\u00e1n. (Casa n\u00ba 3)<\/p>\n\n\n\n<p class=\"wp-block-paragraph\">2. Cerenignana Guillermo \u2013 Llera Ana Agustina. (Casa n\u00ba 10)<\/p>\n\n\n\n<p class=\"wp-block-paragraph\">3. Medina Roc\u00edo (con hijos). (Casa n\u00ba 1)<\/p>\n\n\n\n<p class=\"wp-block-paragraph\">4. Nu\u00f1ez Betiana Valeria \u2013 Pidone Federico Abel. (Casa n\u00ba 6)<\/p>\n\n\n\n<p class=\"wp-block-paragraph\">5. \u00c1lvarez Andr\u00e9s \u2013 Falbo Daniela Fernanda. (Casa n\u00ba 9)<\/p>\n\n\n\n<p class=\"wp-block-paragraph\">6. Bories Mat\u00edas \u2013 Ferrer Evangelina. (Casa n\u00ba 8)<\/p>\n\n\n\n<p class=\"wp-block-paragraph\">7. Iglesias Mat\u00edas Ezequiel \u2013 S\u00e1nchez Sof\u00eda. (Casa n\u00ba 4)<\/p>\n\n\n\n<p class=\"wp-block-paragraph\">8. Del Valle Alexis Bravo \u2013 Evel\u00edn Nerea (Casa n\u00ba 7)<\/p>\n\n\n\n<p class=\"wp-block-paragraph\">9. Logotetti Mat\u00edas \u2013Ponce Yamila Bel\u00e9n. (Casa n\u00ba 5)<\/p>\n\n\n\n<p class=\"wp-block-paragraph\">10. V\u00e9liz Lorena Elizabeth. (Casa n\u00ba 2)<\/p>\n\n\n\n<p class=\"wp-block-paragraph\">CONCURSO DE PRECIOS 20\/18<\/p>\n\n\n\n<p class=\"wp-block-paragraph\">Este es el listado de los adjudicatarios del plan de 42 viviendas:<\/p>\n\n\n\n<p class=\"wp-block-paragraph\">1. Carnevali Sergio Ricardo (con hijos). (Casa n\u00ba 3)<\/p>\n\n\n\n<p class=\"wp-block-paragraph\">2. Ins\u00faa Karen Daniela \u2013 Ibarra Ben\u00edtez Mario Joaqu\u00edn. (Casa n\u00ba 6)<\/p>\n\n\n\n<p class=\"wp-block-paragraph\">3. Cabrera Andr\u00e9s \u2013 Gonz\u00e1les S\u00e1nchez Oskarina E. (Casa n\u00ba 14)<\/p>\n\n\n\n<p class=\"wp-block-paragraph\">4. Cancelo Rafael Joaqu\u00edn \u2013 Mazza Mar\u00eda Liliana. (Casa n\u00ba 41)<\/p>\n\n\n\n<p class=\"wp-block-paragraph\">5. Medina Ram\u00f3n Alejandro \u2013 C\u00e1ceres Marisa Andrea. (Casa n\u00ba 5)<\/p>\n\n\n\n<p class=\"wp-block-paragraph\">6. Castro Marianela \u2013 Giuliani Alan Mart\u00edn. (Casa n\u00ba 42)<\/p>\n\n\n\n<p class=\"wp-block-paragraph\">7. Crespo Agustina (con hijos). (Casa n\u00ba 8)<\/p>\n\n\n\n<p class=\"wp-block-paragraph\">8. Diez Sof\u00eda \u2013 L\u00f3pez Ignacio Agust\u00edn. (Casa n\u00ba 13)<\/p>\n\n\n\n<p class=\"wp-block-paragraph\">9. Changazzo Nahuel \u2013Gallego Karen. (Casa n\u00ba 7)<\/p>\n\n\n\n<p class=\"wp-block-paragraph\">10. Fern\u00e1ndez Jaime (con hijos). (Casa n\u00ba 22)<\/p>\n\n\n\n<p class=\"wp-block-paragraph\">11. Garc\u00eda Grossi Fern\u00e1ndez Manuel \u2013 Rimoldi F\u00e1tima Solange. (Casa n\u00ba 20)<\/p>\n\n\n\n<p class=\"wp-block-paragraph\">12. Pereyra Mar\u00eda de los \u00c1ngeles \u2013 Reinaldo Andr\u00e9s Monforte. (Casa n\u00ba 34)<\/p>\n\n\n\n<p class=\"wp-block-paragraph\">13. Navarro Cristian Alberto \u2013 Barella Johanna Sof\u00eda. (Casa n\u00ba 37)<\/p>\n\n\n\n<p class=\"wp-block-paragraph\">14. Crespo Nicol\u00e1s Alberto \u2013 Cepeda Agustina Liliana. (Casa n\u00ba 28)<\/p>\n\n\n\n<p class=\"wp-block-paragraph\">15. Videla Mariano Germ\u00e1n \u2013 Rossi Evelin Nerea. (Casa n\u00ba 33)<\/p>\n\n\n\n<p class=\"wp-block-paragraph\">16. Arnaiz Anabel \u2013 Campo Diego Mart\u00edn. (Casa n\u00ba 19)<\/p>\n","protected":false},"excerpt":{"rendered":"<p>El acto, que se transmiti\u00f3 en directo (streaming) por la p\u00e1gina de Facebook del Municipio, fue encabezado por el secretario de Gobierno, Gustavo Marchabalo y la directora de Asuntos Legales del Municipio <\/p>\n","protected":false},"author":2,"featured_media":70822,"comment_status":"closed","ping_status":"open","sticky":false,"template":"","format":"standard","meta":{"footnotes":""},"categories":[28],"tags":[2386],"class_list":["post-70819","post","type-post","status-publish","format-standard","has-post-thumbnail","hentry","category-c1nota1","tag-viviendas-por-circulo-cerrado"],"featured_image_urls":{"full":["https:\/\/infoecos.com.ar\/wp-content\/uploads\/2020\/12\/Sorteo-ubicaciones.jpg",1280,721,false],"thumbnail":["https:\/\/infoecos.com.ar\/wp-content\/uploads\/2020\/12\/Sorteo-ubicaciones-150x150.jpg",150,150,true],"medium":["https:\/\/infoecos.com.ar\/wp-content\/uploads\/2020\/12\/Sorteo-ubicaciones-460x259.jpg",460,259,true],"medium_large":["https:\/\/infoecos.com.ar\/wp-content\/uploads\/2020\/12\/Sorteo-ubicaciones-768x433.jpg",640,361,true],"large":["https:\/\/infoecos.com.ar\/wp-content\/uploads\/2020\/12\/Sorteo-ubicaciones-920x518.jpg",640,360,true],"1536x1536":["https:\/\/infoecos.com.ar\/wp-content\/uploads\/2020\/12\/Sorteo-ubicaciones.jpg",1280,721,false],"2048x2048":["https:\/\/infoecos.com.ar\/wp-content\/uploads\/2020\/12\/Sorteo-ubicaciones.jpg",1280,721,false],"covernews-slider-full":["https:\/\/infoecos.com.ar\/wp-content\/uploads\/2020\/12\/Sorteo-ubicaciones.jpg",1115,628,false],"covernews-slider-center":["https:\/\/infoecos.com.ar\/wp-content\/uploads\/2020\/12\/Sorteo-ubicaciones-936x721.jpg",649,500,true],"covernews-featured":["https:\/\/infoecos.com.ar\/wp-content\/uploads\/2020\/12\/Sorteo-ubicaciones-1024x577.jpg",1024,577,true],"covernews-medium":["https:\/\/infoecos.com.ar\/wp-content\/uploads\/2020\/12\/Sorteo-ubicaciones-720x380.jpg",540,285,true],"covernews-medium-square":["https:\/\/infoecos.com.ar\/wp-content\/uploads\/2020\/12\/Sorteo-ubicaciones-675x450.jpg",375,250,true]},"author_info":{"info":["Jorge Matheus"]},"category_info":"<a href=\"https:\/\/infoecos.com.ar\/index.php\/category\/c1nota1\/\" rel=\"category tag\">C1 N1<\/a>","tag_info":"C1 N1","comment_count":"0","_links":{"self":[{"href":"https:\/\/infoecos.com.ar\/index.php\/wp-json\/wp\/v2\/posts\/70819","targetHints":{"allow":["GET"]}}],"collection":[{"href":"https:\/\/infoecos.com.ar\/index.php\/wp-json\/wp\/v2\/posts"}],"about":[{"href":"https:\/\/infoecos.com.ar\/index.php\/wp-json\/wp\/v2\/types\/post"}],"author":[{"embeddable":true,"href":"https:\/\/infoecos.com.ar\/index.php\/wp-json\/wp\/v2\/users\/2"}],"replies":[{"embeddable":true,"href":"https:\/\/infoecos.com.ar\/index.php\/wp-json\/wp\/v2\/comments?post=70819"}],"version-history":[{"count":3,"href":"https:\/\/infoecos.com.ar\/index.php\/wp-json\/wp\/v2\/posts\/70819\/revisions"}],"predecessor-version":[{"id":70825,"href":"https:\/\/infoecos.com.ar\/index.php\/wp-json\/wp\/v2\/posts\/70819\/revisions\/70825"}],"wp:featuredmedia":[{"embeddable":true,"href":"https:\/\/infoecos.com.ar\/index.php\/wp-json\/wp\/v2\/media\/70822"}],"wp:attachment":[{"href":"https:\/\/infoecos.com.ar\/index.php\/wp-json\/wp\/v2\/media?parent=70819"}],"wp:term":[{"taxonomy":"category","embeddable":true,"href":"https:\/\/infoecos.com.ar\/index.php\/wp-json\/wp\/v2\/categories?post=70819"},{"taxonomy":"post_tag","embeddable":true,"href":"https:\/\/infoecos.com.ar\/index.php\/wp-json\/wp\/v2\/tags?post=70819"}],"curies":[{"name":"wp","href":"https:\/\/api.w.org\/{rel}","templated":true}]}}