{"id":70826,"date":"2020-12-01T14:47:38","date_gmt":"2020-12-01T17:47:38","guid":{"rendered":"http:\/\/infoecos.com.ar\/?p=70826"},"modified":"2020-12-01T14:47:41","modified_gmt":"2020-12-01T17:47:41","slug":"leve-baja-en-el-numero-de-casos-activos-en-trenque-lauquen-este-martes-se-reportaron-130","status":"publish","type":"post","link":"https:\/\/infoecos.com.ar\/index.php\/leve-baja-en-el-numero-de-casos-activos-en-trenque-lauquen-este-martes-se-reportaron-130\/","title":{"rendered":"Leve baja en el n\u00famero de casos activos en Trenque Lauquen: este martes se reportaron 130"},"content":{"rendered":"\n<p class=\"wp-block-paragraph\">La subsecretar\u00eda de Salud municipal de Trenque Lauquen report\u00f3 este martes 17 nuevos casos de Covid-19 confirmados, 22 personas m\u00e1s recuperadas y 38 casos descartados, por lo que el total de casos activos volvi\u00f3 a tener una leve baja por tercer d\u00eda consecutivo: de 135 a 130.<\/p>\n\n\n\n<div class=\"wp-block-image\"><figure class=\"aligncenter size-medium\"><img loading=\"lazy\" decoding=\"async\" width=\"460\" height=\"460\" src=\"http:\/\/infoecos.com.ar\/wp-content\/uploads\/2020\/12\/cbe62342-f0de-458d-88c8-1ede60dc4654-460x460.jpg\" alt=\"\" class=\"wp-image-70827\" srcset=\"https:\/\/infoecos.com.ar\/wp-content\/uploads\/2020\/12\/cbe62342-f0de-458d-88c8-1ede60dc4654-460x460.jpg 460w, https:\/\/infoecos.com.ar\/wp-content\/uploads\/2020\/12\/cbe62342-f0de-458d-88c8-1ede60dc4654-920x920.jpg 920w, https:\/\/infoecos.com.ar\/wp-content\/uploads\/2020\/12\/cbe62342-f0de-458d-88c8-1ede60dc4654-150x150.jpg 150w, https:\/\/infoecos.com.ar\/wp-content\/uploads\/2020\/12\/cbe62342-f0de-458d-88c8-1ede60dc4654-768x768.jpg 768w, https:\/\/infoecos.com.ar\/wp-content\/uploads\/2020\/12\/cbe62342-f0de-458d-88c8-1ede60dc4654-1024x1024.jpg 1024w, https:\/\/infoecos.com.ar\/wp-content\/uploads\/2020\/12\/cbe62342-f0de-458d-88c8-1ede60dc4654.jpg 1280w\" sizes=\"auto, (max-width: 460px) 100vw, 460px\" \/><\/figure><\/div>\n\n\n\n<p class=\"wp-block-paragraph\">De los 17 nuevos casos confirmados, diez (10) fueron por hisopado y siete (7) por criterio o nexo epidemiol\u00f3gico de acuerdo al protocolo actualizado vigente: 16 corresponden a Trenque Lauquen \u2013nueve (9) por testeo y siete (7) por criterio o nexo- y uno (1) a Treinta de Agosto \u2013por testeo-.<\/p>\n\n\n\n<p class=\"wp-block-paragraph\">Los 130 casos activos se distribuyen de la siguiente manera: 107 son de la ciudad cabecera, 15 de Treinta de Agosto y ocho (8) de Beruti. De ellos 122 est\u00e1n en sus domicilios, cuatro (4) en el Centro Extrahospitalario que funciona en el ex Hotel Pailla Hu\u00e9 y cuatro (4) en el Hospital Municipal.<\/p>\n\n\n\n<p class=\"wp-block-paragraph\">Con las 22 personas recuperadas en las \u00faltimas 24 horas, de las cuales 21 pertenecen a Trenque Lauquen y una (1) a Beruti, subi\u00f3 a 820 la cantidad de las que recibieron el alta desde el inicio de esta situaci\u00f3n sanitaria, y en ese per\u00edodo tambi\u00e9n, sumados los 38 casos descartados de hoy -32 de Trenque Lauquen y cinco (5) de Treinta de Agosto y uno (1) de Beruti- ya son 1.863 los as\u00ed considerados tras el estudio de rigor.<\/p>\n\n\n\n<p class=\"wp-block-paragraph\">Hay 53 personas sospechosas -37 de la ciudad cabecera y 16 de Treinta de Agosto- y 398 en aislamiento -275 de Trenque Lauquen, 88 de Treinta de Agosto y 35 de Beruti-.<\/p>\n","protected":false},"excerpt":{"rendered":"<p>La subsecretar\u00eda de Salud municipal de Trenque Lauquen report\u00f3 este martes 17 nuevos casos de Covid-19 confirmados<\/p>\n","protected":false},"author":2,"featured_media":59511,"comment_status":"closed","ping_status":"open","sticky":false,"template":"","format":"standard","meta":{"footnotes":""},"categories":[29],"tags":[156],"class_list":["post-70826","post","type-post","status-publish","format-standard","has-post-thumbnail","hentry","category-c2nota1","tag-salud"],"featured_image_urls":{"full":["https:\/\/infoecos.com.ar\/wp-content\/uploads\/Guardia13.jpg",912,608,false],"thumbnail":["https:\/\/infoecos.com.ar\/wp-content\/uploads\/Guardia13-150x150.jpg",150,150,true],"medium":["https:\/\/infoecos.com.ar\/wp-content\/uploads\/Guardia13-460x307.jpg",460,307,true],"medium_large":["https:\/\/infoecos.com.ar\/wp-content\/uploads\/Guardia13-768x512.jpg",640,427,true],"large":["https:\/\/infoecos.com.ar\/wp-content\/uploads\/Guardia13.jpg",640,427,false],"1536x1536":["https:\/\/infoecos.com.ar\/wp-content\/uploads\/Guardia13.jpg",912,608,false],"2048x2048":["https:\/\/infoecos.com.ar\/wp-content\/uploads\/Guardia13.jpg",912,608,false],"covernews-slider-full":["https:\/\/infoecos.com.ar\/wp-content\/uploads\/Guardia13.jpg",912,608,false],"covernews-slider-center":["https:\/\/infoecos.com.ar\/wp-content\/uploads\/Guardia13.jpg",750,500,false],"covernews-featured":["https:\/\/infoecos.com.ar\/wp-content\/uploads\/Guardia13.jpg",912,608,false],"covernews-medium":["https:\/\/infoecos.com.ar\/wp-content\/uploads\/Guardia13-720x380.jpg",540,285,true],"covernews-medium-square":["https:\/\/infoecos.com.ar\/wp-content\/uploads\/Guardia13-675x450.jpg",375,250,true]},"author_info":{"info":["Jorge Matheus"]},"category_info":"<a href=\"https:\/\/infoecos.com.ar\/index.php\/category\/c2nota1\/\" rel=\"category tag\">C2 nota 1<\/a>","tag_info":"C2 nota 1","comment_count":"0","_links":{"self":[{"href":"https:\/\/infoecos.com.ar\/index.php\/wp-json\/wp\/v2\/posts\/70826","targetHints":{"allow":["GET"]}}],"collection":[{"href":"https:\/\/infoecos.com.ar\/index.php\/wp-json\/wp\/v2\/posts"}],"about":[{"href":"https:\/\/infoecos.com.ar\/index.php\/wp-json\/wp\/v2\/types\/post"}],"author":[{"embeddable":true,"href":"https:\/\/infoecos.com.ar\/index.php\/wp-json\/wp\/v2\/users\/2"}],"replies":[{"embeddable":true,"href":"https:\/\/infoecos.com.ar\/index.php\/wp-json\/wp\/v2\/comments?post=70826"}],"version-history":[{"count":1,"href":"https:\/\/infoecos.com.ar\/index.php\/wp-json\/wp\/v2\/posts\/70826\/revisions"}],"predecessor-version":[{"id":70828,"href":"https:\/\/infoecos.com.ar\/index.php\/wp-json\/wp\/v2\/posts\/70826\/revisions\/70828"}],"wp:featuredmedia":[{"embeddable":true,"href":"https:\/\/infoecos.com.ar\/index.php\/wp-json\/wp\/v2\/media\/59511"}],"wp:attachment":[{"href":"https:\/\/infoecos.com.ar\/index.php\/wp-json\/wp\/v2\/media?parent=70826"}],"wp:term":[{"taxonomy":"category","embeddable":true,"href":"https:\/\/infoecos.com.ar\/index.php\/wp-json\/wp\/v2\/categories?post=70826"},{"taxonomy":"post_tag","embeddable":true,"href":"https:\/\/infoecos.com.ar\/index.php\/wp-json\/wp\/v2\/tags?post=70826"}],"curies":[{"name":"wp","href":"https:\/\/api.w.org\/{rel}","templated":true}]}}