{"id":70840,"date":"2020-12-01T15:40:23","date_gmt":"2020-12-01T18:40:23","guid":{"rendered":"http:\/\/infoecos.com.ar\/?p=70840"},"modified":"2020-12-09T00:28:06","modified_gmt":"2020-12-09T03:28:06","slug":"el-frente-de-todos-de-salliquelo-propone-cambiar-el-nombre-de-la-calle-inglaterra-por-diego-maradona","status":"publish","type":"post","link":"https:\/\/infoecos.com.ar\/index.php\/el-frente-de-todos-de-salliquelo-propone-cambiar-el-nombre-de-la-calle-inglaterra-por-diego-maradona\/","title":{"rendered":"El Frente de Todos de Salliquel\u00f3 propone cambiar el nombre de la calle Inglaterra por Diego Maradona"},"content":{"rendered":"\n<p class=\"wp-block-paragraph\">Los concejales del Frente de Todos de Salliquel\u00f3 propusieron cambiar la denominaci\u00f3n de la calle Inglaterra de la ciudad cabecera, por la de Diego Armando Maradona. <\/p>\n\n\n\n<div class=\"wp-block-image\"><figure class=\"aligncenter size-large\"><img decoding=\"async\" src=\"http:\/\/infoecos.com.ar\/wp-content\/uploads\/5989ccf90934f_324x182.jpg\" alt=\"\" class=\"wp-image-42882\"\/><figcaption>Maradona, Diego<\/figcaption><\/figure><\/div>\n\n\n\n<p class=\"wp-block-paragraph\">En los considerandos de la iniciativa se destac\u00f3 que \u00abla muerte del futbolista argentino ha causado una conmoci\u00f3n, no s\u00f3lo nacional sino tambi\u00e9n a nivel mundial, produci\u00e9ndose un hito sin precedentes en nuestra historia universal\u00bb.<\/p>\n\n\n\n<p class=\"wp-block-paragraph\">Entre los motivos por el cambio de nomenclatura se destac\u00f3 la actuaci\u00f3n de Maradona en el partido contra el seleccionado ingl\u00e9s \u00abluego de la dolorosa y tr\u00e1gica guerra de Malvinas de 1982\u00bb.<\/p>\n\n\n\n<p class=\"wp-block-paragraph\">Asimismo se record\u00f3 que \u00abel cambio de nombre a la calle Inglaterra ha sido motivo de varios proyectos anteriores, trabajados desde el Concejo Deliberante y las instituciones educativas en a\u00f1os anteriores, intentando cambiarlo por el de \u00b4H\u00e9roes de Malvinas\u00b4 no pudiendo producirse por diferentes motivos\u00bb.&nbsp;<\/p>\n\n\n\n<p class=\"wp-block-paragraph\"><strong>Fuente: latecla.info<\/strong><\/p>\n","protected":false},"excerpt":{"rendered":"<p>Entre los motivos por el cambio de nomenclatura se destac\u00f3 la actuaci\u00f3n de Maradona en el partido contra el seleccionado ingl\u00e9s \u00abluego de la dolorosa y tr\u00e1gica guerra de Malvinas de 1982\u00bb<\/p>\n","protected":false},"author":2,"featured_media":70686,"comment_status":"closed","ping_status":"open","sticky":false,"template":"","format":"standard","meta":{"footnotes":""},"categories":[1335],"tags":[2388],"class_list":["post-70840","post","type-post","status-publish","format-standard","has-post-thumbnail","hentry","category-inferior15","tag-en-homenaje-al-astro-fallecido"],"featured_image_urls":{"full":["https:\/\/infoecos.com.ar\/wp-content\/uploads\/2020\/11\/MARADONA.jpg",1200,1386,false],"thumbnail":["https:\/\/infoecos.com.ar\/wp-content\/uploads\/2020\/11\/MARADONA-150x150.jpg",150,150,true],"medium":["https:\/\/infoecos.com.ar\/wp-content\/uploads\/2020\/11\/MARADONA-398x460.jpg",398,460,true],"medium_large":["https:\/\/infoecos.com.ar\/wp-content\/uploads\/2020\/11\/MARADONA-768x887.jpg",640,739,true],"large":["https:\/\/infoecos.com.ar\/wp-content\/uploads\/2020\/11\/MARADONA-797x920.jpg",640,739,true],"1536x1536":["https:\/\/infoecos.com.ar\/wp-content\/uploads\/2020\/11\/MARADONA.jpg",1200,1386,false],"2048x2048":["https:\/\/infoecos.com.ar\/wp-content\/uploads\/2020\/11\/MARADONA.jpg",1200,1386,false],"covernews-slider-full":["https:\/\/infoecos.com.ar\/wp-content\/uploads\/2020\/11\/MARADONA-1200x1020.jpg",841,715,true],"covernews-slider-center":["https:\/\/infoecos.com.ar\/wp-content\/uploads\/2020\/11\/MARADONA-936x897.jpg",522,500,true],"covernews-featured":["https:\/\/infoecos.com.ar\/wp-content\/uploads\/2020\/11\/MARADONA-1024x1183.jpg",1024,1183,true],"covernews-medium":["https:\/\/infoecos.com.ar\/wp-content\/uploads\/2020\/11\/MARADONA-720x380.jpg",540,285,true],"covernews-medium-square":["https:\/\/infoecos.com.ar\/wp-content\/uploads\/2020\/11\/MARADONA-675x450.jpg",375,250,true]},"author_info":{"info":["Jorge Matheus"]},"category_info":"<a href=\"https:\/\/infoecos.com.ar\/index.php\/category\/inferior15\/\" rel=\"category tag\">Bloque inferior - 15<\/a>","tag_info":"Bloque inferior - 15","comment_count":"0","_links":{"self":[{"href":"https:\/\/infoecos.com.ar\/index.php\/wp-json\/wp\/v2\/posts\/70840","targetHints":{"allow":["GET"]}}],"collection":[{"href":"https:\/\/infoecos.com.ar\/index.php\/wp-json\/wp\/v2\/posts"}],"about":[{"href":"https:\/\/infoecos.com.ar\/index.php\/wp-json\/wp\/v2\/types\/post"}],"author":[{"embeddable":true,"href":"https:\/\/infoecos.com.ar\/index.php\/wp-json\/wp\/v2\/users\/2"}],"replies":[{"embeddable":true,"href":"https:\/\/infoecos.com.ar\/index.php\/wp-json\/wp\/v2\/comments?post=70840"}],"version-history":[{"count":2,"href":"https:\/\/infoecos.com.ar\/index.php\/wp-json\/wp\/v2\/posts\/70840\/revisions"}],"predecessor-version":[{"id":70917,"href":"https:\/\/infoecos.com.ar\/index.php\/wp-json\/wp\/v2\/posts\/70840\/revisions\/70917"}],"wp:featuredmedia":[{"embeddable":true,"href":"https:\/\/infoecos.com.ar\/index.php\/wp-json\/wp\/v2\/media\/70686"}],"wp:attachment":[{"href":"https:\/\/infoecos.com.ar\/index.php\/wp-json\/wp\/v2\/media?parent=70840"}],"wp:term":[{"taxonomy":"category","embeddable":true,"href":"https:\/\/infoecos.com.ar\/index.php\/wp-json\/wp\/v2\/categories?post=70840"},{"taxonomy":"post_tag","embeddable":true,"href":"https:\/\/infoecos.com.ar\/index.php\/wp-json\/wp\/v2\/tags?post=70840"}],"curies":[{"name":"wp","href":"https:\/\/api.w.org\/{rel}","templated":true}]}}