{"id":70865,"date":"2020-12-02T14:18:40","date_gmt":"2020-12-02T17:18:40","guid":{"rendered":"http:\/\/infoecos.com.ar\/?p=70865"},"modified":"2020-12-09T00:24:51","modified_gmt":"2020-12-09T03:24:51","slug":"los-concejales-del-frente-de-todos-en-trenque-lauquen-en-la-busqueda-de-mayor-informacion-sobre-aportes-economicos-de-nacion-y-provincia","status":"publish","type":"post","link":"https:\/\/infoecos.com.ar\/index.php\/los-concejales-del-frente-de-todos-en-trenque-lauquen-en-la-busqueda-de-mayor-informacion-sobre-aportes-economicos-de-nacion-y-provincia\/","title":{"rendered":"Concejales del Frente de Todos Trenque Lauquen, por mayor informaci\u00f3n sobre aportes econ\u00f3micos de Naci\u00f3n y Provincia"},"content":{"rendered":"\n<p class=\"wp-block-paragraph\">El bloque del Frente para Todos del distrito de Trenque Lauquen propone crear la \u201cComisi\u00f3n de Coparticipaci\u00f3n y Fondos de Afectaci\u00f3n Espec\u00edfica\u201d en el seno del Concejo Deliberante.<\/p>\n\n\n\n<div class=\"wp-block-image\"><figure class=\"aligncenter size-medium\"><img loading=\"lazy\" decoding=\"async\" width=\"460\" height=\"237\" src=\"http:\/\/infoecos.com.ar\/wp-content\/uploads\/concejod-460x237.jpg\" alt=\"\" class=\"wp-image-61711\" srcset=\"https:\/\/infoecos.com.ar\/wp-content\/uploads\/concejod-460x237.jpg 460w, https:\/\/infoecos.com.ar\/wp-content\/uploads\/concejod-768x396.jpg 768w, https:\/\/infoecos.com.ar\/wp-content\/uploads\/concejod.jpg 825w\" sizes=\"auto, (max-width: 460px) 100vw, 460px\" \/><figcaption>Concejo Deliberante de Trenque Lauquen<\/figcaption><\/figure><\/div>\n\n\n\n<p class=\"wp-block-paragraph\">El agrupamiento, se expone en el proyecto que ha sido elevado para su consideraci\u00f3n, tendr\u00e1 como \u00abobjetivo el seguimiento de los recursos de coparticipaci\u00f3n provincial, regal\u00edas, aportes provinciales, nacionales y fondos de afectaci\u00f3n espec\u00edfica existentes y todos aquellos que en un futuro se generan, y toda acci\u00f3n orientada a obtener los mismos fines y efectos\u00bb. <\/p>\n\n\n\n<p class=\"wp-block-paragraph\">La comisi\u00f3n de referencia se propone est\u00e9 integrada por dos representantes de cada bloque pol\u00edtico del Concejo Deliberante y por uno que disponga el Departamento Ejecutivo. <\/p>\n\n\n\n<p class=\"wp-block-paragraph\">En lo que puede interpretarse como una decisi\u00f3n tendiente a que la comunidad conozca todos los aportes que realizan los gobiernos nacional y provincial provincial, constituy\u00e9ndolo en una constante, en los dos \u00faltimos art\u00edculos del proyecto se propone un informe mensual y la convocatoria a la comisi\u00f3n nombrada cada 30 d\u00edas o en forma extraordinaria por convocatoria de mayor\u00eda simple de sus integrantes.<\/p>\n\n\n\n<p class=\"wp-block-paragraph\"><\/p>\n","protected":false},"excerpt":{"rendered":"<p>La comisi\u00f3n de referencia se propone est\u00e9 integrada por dos representantes de cada bloque pol\u00edtico del Concejo Deliberante y por uno que disponga el Departamento Ejecutivo<\/p>\n","protected":false},"author":2,"featured_media":61711,"comment_status":"closed","ping_status":"open","sticky":false,"template":"","format":"standard","meta":{"footnotes":""},"categories":[1331],"tags":[155],"class_list":["post-70865","post","type-post","status-publish","format-standard","has-post-thumbnail","hentry","category-inferior11","tag-politica"],"featured_image_urls":{"full":["https:\/\/infoecos.com.ar\/wp-content\/uploads\/concejod.jpg",825,425,false],"thumbnail":["https:\/\/infoecos.com.ar\/wp-content\/uploads\/concejod-150x150.jpg",150,150,true],"medium":["https:\/\/infoecos.com.ar\/wp-content\/uploads\/concejod-460x237.jpg",460,237,true],"medium_large":["https:\/\/infoecos.com.ar\/wp-content\/uploads\/concejod-768x396.jpg",640,330,true],"large":["https:\/\/infoecos.com.ar\/wp-content\/uploads\/concejod.jpg",640,330,false],"1536x1536":["https:\/\/infoecos.com.ar\/wp-content\/uploads\/concejod.jpg",825,425,false],"2048x2048":["https:\/\/infoecos.com.ar\/wp-content\/uploads\/concejod.jpg",825,425,false],"covernews-slider-full":["https:\/\/infoecos.com.ar\/wp-content\/uploads\/concejod.jpg",825,425,false],"covernews-slider-center":["https:\/\/infoecos.com.ar\/wp-content\/uploads\/concejod.jpg",800,412,false],"covernews-featured":["https:\/\/infoecos.com.ar\/wp-content\/uploads\/concejod.jpg",825,425,false],"covernews-medium":["https:\/\/infoecos.com.ar\/wp-content\/uploads\/concejod-720x380.jpg",540,285,true],"covernews-medium-square":["https:\/\/infoecos.com.ar\/wp-content\/uploads\/concejod-675x425.jpg",397,250,true]},"author_info":{"info":["Jorge Matheus"]},"category_info":"<a href=\"https:\/\/infoecos.com.ar\/index.php\/category\/inferior11\/\" rel=\"category tag\">Bloque inferior - 11<\/a>","tag_info":"Bloque inferior - 11","comment_count":"0","_links":{"self":[{"href":"https:\/\/infoecos.com.ar\/index.php\/wp-json\/wp\/v2\/posts\/70865","targetHints":{"allow":["GET"]}}],"collection":[{"href":"https:\/\/infoecos.com.ar\/index.php\/wp-json\/wp\/v2\/posts"}],"about":[{"href":"https:\/\/infoecos.com.ar\/index.php\/wp-json\/wp\/v2\/types\/post"}],"author":[{"embeddable":true,"href":"https:\/\/infoecos.com.ar\/index.php\/wp-json\/wp\/v2\/users\/2"}],"replies":[{"embeddable":true,"href":"https:\/\/infoecos.com.ar\/index.php\/wp-json\/wp\/v2\/comments?post=70865"}],"version-history":[{"count":5,"href":"https:\/\/infoecos.com.ar\/index.php\/wp-json\/wp\/v2\/posts\/70865\/revisions"}],"predecessor-version":[{"id":70874,"href":"https:\/\/infoecos.com.ar\/index.php\/wp-json\/wp\/v2\/posts\/70865\/revisions\/70874"}],"wp:featuredmedia":[{"embeddable":true,"href":"https:\/\/infoecos.com.ar\/index.php\/wp-json\/wp\/v2\/media\/61711"}],"wp:attachment":[{"href":"https:\/\/infoecos.com.ar\/index.php\/wp-json\/wp\/v2\/media?parent=70865"}],"wp:term":[{"taxonomy":"category","embeddable":true,"href":"https:\/\/infoecos.com.ar\/index.php\/wp-json\/wp\/v2\/categories?post=70865"},{"taxonomy":"post_tag","embeddable":true,"href":"https:\/\/infoecos.com.ar\/index.php\/wp-json\/wp\/v2\/tags?post=70865"}],"curies":[{"name":"wp","href":"https:\/\/api.w.org\/{rel}","templated":true}]}}