{"id":70899,"date":"2020-12-02T23:52:30","date_gmt":"2020-12-03T02:52:30","guid":{"rendered":"http:\/\/infoecos.com.ar\/?p=70899"},"modified":"2020-12-02T23:52:33","modified_gmt":"2020-12-03T02:52:33","slug":"se-espera-la-llegada-de-mucha-gente-a-monte-hermoso-el-fin-de-semana-largo","status":"publish","type":"post","link":"https:\/\/infoecos.com.ar\/index.php\/se-espera-la-llegada-de-mucha-gente-a-monte-hermoso-el-fin-de-semana-largo\/","title":{"rendered":"Se espera la llegada de mucha gente a Monte Hermoso el fin de semana largo"},"content":{"rendered":"\n<p>El secretario de Turismo de Monte Hermoso, Franco Gentile,\u00a0 afirm\u00f3 que se espera para el pr\u00f3ximo fin de semana largo la llegada de\u00a0 \u201cmucha gente, en especial de propietarios no residentes y personas que venga a pasar el d\u00eda desde las cercan\u00edas\u201d.\u00a0<\/p>\n\n\n\n<div class=\"wp-block-image\"><figure class=\"aligncenter size-medium\"><img decoding=\"async\" src=\"http:\/\/infoecos.com.ar\/wp-content\/uploads\/LUNES-MONTE-HERMOSO-SDARC-194204C-460x305.jpg\" alt=\"Monte Hermoso\" class=\"wp-image-21872\"\/><figcaption>Monte Hermoso<\/figcaption><\/figure><\/div>\n\n\n\n<p>En declaraciones a Radio Provincia sostuvo sobre las expectativas para la temporada que \u201cva a ser at\u00edpica pero estamos con ganas de que comience\u201d.\u00a0<\/p>\n\n\n\n<p>El funcionario revel\u00f3 que \u201chemos preparado todo de la mejor manera posible y entendemos que va a venir gente en cantidad a las playas de Monte Hermoso\u201d.\u00a0<\/p>\n\n\n\n<p>En relaci\u00f3n a los precios de las estad\u00edas remarc\u00f3 que los aumentos \u201cno superan el 30% en relaci\u00f3n a la temporada del a\u00f1o pasado\u201d y agreg\u00f3 que \u201cno hay que dejar de lado que fue un a\u00f1o complicado para todos y va a ser una temporada at\u00edpica, rara y con muchos protocolos\u201d.<\/p>\n\n\n\n<p>Agreg\u00f3 que en las playas de Monte Hermoso \u201cno tenemos restricciones porque es imposible controlar el aforo porque todo es playa p\u00fablica y la gente se puede mover libremente y vamos a pedir conciencia y responsabilidad individual\u201d.\u00a0<\/p>\n\n\n\n<p>Por \u00faltimo, remarc\u00f3 que \u201cse han realizado inversiones en se\u00f1al\u00e9tica, trabajo en redes y un gran esfuerzo en materia de seguridad y salud\u201d.<\/p>\n","protected":false},"excerpt":{"rendered":"<p>En relaci\u00f3n a los precios de las estad\u00edas se ha indicado que los aumentos \u201cno superan el 30% en relaci\u00f3n a la temporada del a\u00f1o pasado\u201d<\/p>\n","protected":false},"author":2,"featured_media":21872,"comment_status":"closed","ping_status":"open","sticky":false,"template":"","format":"standard","meta":{"footnotes":""},"categories":[46],"tags":[2392],"class_list":["post-70899","post","type-post","status-publish","format-standard","has-post-thumbnail","hentry","category-c2nota2","tag-anticipo-del-verano"],"yoast_head":"<!-- This site is optimized with the Yoast SEO plugin v23.4 - https:\/\/yoast.com\/wordpress\/plugins\/seo\/ -->\n<title>Se espera la llegada de mucha gente a Monte Hermoso el fin de semana largo - Infoecos<\/title>\n<meta name=\"robots\" content=\"index, follow, max-snippet:-1, max-image-preview:large, max-video-preview:-1\" \/>\n<link rel=\"canonical\" href=\"https:\/\/infoecos.com.ar\/index.php\/se-espera-la-llegada-de-mucha-gente-a-monte-hermoso-el-fin-de-semana-largo\/\" \/>\n<meta property=\"og:locale\" content=\"es_ES\" \/>\n<meta property=\"og:type\" content=\"article\" \/>\n<meta property=\"og:title\" content=\"Se espera la llegada de mucha gente a Monte Hermoso el fin de semana largo - Infoecos\" \/>\n<meta property=\"og:description\" content=\"En relaci\u00f3n a los precios de las estad\u00edas se ha indicado que los aumentos \u201cno superan el 30% en relaci\u00f3n a la temporada del a\u00f1o pasado\u201d\" \/>\n<meta property=\"og:url\" content=\"https:\/\/infoecos.com.ar\/index.php\/se-espera-la-llegada-de-mucha-gente-a-monte-hermoso-el-fin-de-semana-largo\/\" \/>\n<meta property=\"og:site_name\" content=\"Infoecos\" \/>\n<meta property=\"article:publisher\" content=\"https:\/\/www.facebook.com\/profile.php?id=100063200290284\" \/>\n<meta property=\"article:published_time\" content=\"2020-12-03T02:52:30+00:00\" \/>\n<meta property=\"article:modified_time\" content=\"2020-12-03T02:52:33+00:00\" \/>\n<meta property=\"og:image\" content=\"https:\/\/infoecos.com.ar\/wp-content\/uploads\/LUNES-MONTE-HERMOSO-SDARC-194204C.jpg\" \/>\n\t<meta property=\"og:image:width\" content=\"652\" \/>\n\t<meta property=\"og:image:height\" content=\"432\" \/>\n\t<meta property=\"og:image:type\" content=\"image\/jpeg\" \/>\n<meta name=\"author\" content=\"Jorge Matheus\" \/>\n<meta name=\"twitter:card\" content=\"summary_large_image\" \/>\n<meta name=\"twitter:creator\" content=\"@infoecos\" \/>\n<meta name=\"twitter:site\" content=\"@infoecos\" \/>\n<meta name=\"twitter:label1\" content=\"Escrito por\" \/>\n\t<meta name=\"twitter:data1\" content=\"Jorge Matheus\" \/>\n\t<meta name=\"twitter:label2\" content=\"Tiempo de lectura\" \/>\n\t<meta name=\"twitter:data2\" content=\"1 minuto\" \/>\n<script type=\"application\/ld+json\" class=\"yoast-schema-graph\">{\"@context\":\"https:\/\/schema.org\",\"@graph\":[{\"@type\":\"Article\",\"@id\":\"https:\/\/infoecos.com.ar\/index.php\/se-espera-la-llegada-de-mucha-gente-a-monte-hermoso-el-fin-de-semana-largo\/#article\",\"isPartOf\":{\"@id\":\"https:\/\/infoecos.com.ar\/index.php\/se-espera-la-llegada-de-mucha-gente-a-monte-hermoso-el-fin-de-semana-largo\/\"},\"author\":{\"name\":\"Jorge Matheus\",\"@id\":\"https:\/\/infoecos.com.ar\/#\/schema\/person\/8f5ace5ce73b4b4aac4b7245aee6f191\"},\"headline\":\"Se espera la llegada de mucha gente a Monte Hermoso el fin de semana largo\",\"datePublished\":\"2020-12-03T02:52:30+00:00\",\"dateModified\":\"2020-12-03T02:52:33+00:00\",\"mainEntityOfPage\":{\"@id\":\"https:\/\/infoecos.com.ar\/index.php\/se-espera-la-llegada-de-mucha-gente-a-monte-hermoso-el-fin-de-semana-largo\/\"},\"wordCount\":234,\"publisher\":{\"@id\":\"https:\/\/infoecos.com.ar\/#organization\"},\"image\":{\"@id\":\"https:\/\/infoecos.com.ar\/index.php\/se-espera-la-llegada-de-mucha-gente-a-monte-hermoso-el-fin-de-semana-largo\/#primaryimage\"},\"thumbnailUrl\":\"\",\"keywords\":[\"ANTICIPO DEL VERANO\"],\"articleSection\":[\"C2 N2\"],\"inLanguage\":\"es\"},{\"@type\":\"WebPage\",\"@id\":\"https:\/\/infoecos.com.ar\/index.php\/se-espera-la-llegada-de-mucha-gente-a-monte-hermoso-el-fin-de-semana-largo\/\",\"url\":\"https:\/\/infoecos.com.ar\/index.php\/se-espera-la-llegada-de-mucha-gente-a-monte-hermoso-el-fin-de-semana-largo\/\",\"name\":\"Se espera la llegada de mucha gente a Monte Hermoso el fin de semana largo - Infoecos\",\"isPartOf\":{\"@id\":\"https:\/\/infoecos.com.ar\/#website\"},\"primaryImageOfPage\":{\"@id\":\"https:\/\/infoecos.com.ar\/index.php\/se-espera-la-llegada-de-mucha-gente-a-monte-hermoso-el-fin-de-semana-largo\/#primaryimage\"},\"image\":{\"@id\":\"https:\/\/infoecos.com.ar\/index.php\/se-espera-la-llegada-de-mucha-gente-a-monte-hermoso-el-fin-de-semana-largo\/#primaryimage\"},\"thumbnailUrl\":\"\",\"datePublished\":\"2020-12-03T02:52:30+00:00\",\"dateModified\":\"2020-12-03T02:52:33+00:00\",\"breadcrumb\":{\"@id\":\"https:\/\/infoecos.com.ar\/index.php\/se-espera-la-llegada-de-mucha-gente-a-monte-hermoso-el-fin-de-semana-largo\/#breadcrumb\"},\"inLanguage\":\"es\",\"potentialAction\":[{\"@type\":\"ReadAction\",\"target\":[\"https:\/\/infoecos.com.ar\/index.php\/se-espera-la-llegada-de-mucha-gente-a-monte-hermoso-el-fin-de-semana-largo\/\"]}]},{\"@type\":\"ImageObject\",\"inLanguage\":\"es\",\"@id\":\"https:\/\/infoecos.com.ar\/index.php\/se-espera-la-llegada-de-mucha-gente-a-monte-hermoso-el-fin-de-semana-largo\/#primaryimage\",\"url\":\"\",\"contentUrl\":\"\"},{\"@type\":\"BreadcrumbList\",\"@id\":\"https:\/\/infoecos.com.ar\/index.php\/se-espera-la-llegada-de-mucha-gente-a-monte-hermoso-el-fin-de-semana-largo\/#breadcrumb\",\"itemListElement\":[{\"@type\":\"ListItem\",\"position\":1,\"name\":\"Portada\",\"item\":\"https:\/\/infoecos.com.ar\/\"},{\"@type\":\"ListItem\",\"position\":2,\"name\":\"Se espera la llegada de mucha gente a Monte Hermoso el fin de semana largo\"}]},{\"@type\":\"WebSite\",\"@id\":\"https:\/\/infoecos.com.ar\/#website\",\"url\":\"https:\/\/infoecos.com.ar\/\",\"name\":\"Infoecos\",\"description\":\"Noticias de trenque lauquen y la zona\",\"publisher\":{\"@id\":\"https:\/\/infoecos.com.ar\/#organization\"},\"alternateName\":\"Noticias\",\"potentialAction\":[{\"@type\":\"SearchAction\",\"target\":{\"@type\":\"EntryPoint\",\"urlTemplate\":\"https:\/\/infoecos.com.ar\/?s={search_term_string}\"},\"query-input\":{\"@type\":\"PropertyValueSpecification\",\"valueRequired\":true,\"valueName\":\"search_term_string\"}}],\"inLanguage\":\"es\"},{\"@type\":\"Organization\",\"@id\":\"https:\/\/infoecos.com.ar\/#organization\",\"name\":\"Infoecos\",\"alternateName\":\"Noticias\",\"url\":\"https:\/\/infoecos.com.ar\/\",\"logo\":{\"@type\":\"ImageObject\",\"inLanguage\":\"es\",\"@id\":\"https:\/\/infoecos.com.ar\/#\/schema\/logo\/image\/\",\"url\":\"https:\/\/infoecos.com.ar\/wp-content\/uploads\/2024\/03\/cropped-logo.png\",\"contentUrl\":\"https:\/\/infoecos.com.ar\/wp-content\/uploads\/2024\/03\/cropped-logo.png\",\"width\":374,\"height\":90,\"caption\":\"Infoecos\"},\"image\":{\"@id\":\"https:\/\/infoecos.com.ar\/#\/schema\/logo\/image\/\"},\"sameAs\":[\"https:\/\/www.facebook.com\/profile.php?id=100063200290284\",\"https:\/\/x.com\/infoecos\"]},{\"@type\":\"Person\",\"@id\":\"https:\/\/infoecos.com.ar\/#\/schema\/person\/8f5ace5ce73b4b4aac4b7245aee6f191\",\"name\":\"Jorge Matheus\",\"url\":\"https:\/\/infoecos.com.ar\/index.php\/author\/jomatheus\/\"}]}<\/script>\n<!-- \/ Yoast SEO plugin. -->","yoast_head_json":{"title":"Se espera la llegada de mucha gente a Monte Hermoso el fin de semana largo - Infoecos","robots":{"index":"index","follow":"follow","max-snippet":"max-snippet:-1","max-image-preview":"max-image-preview:large","max-video-preview":"max-video-preview:-1"},"canonical":"https:\/\/infoecos.com.ar\/index.php\/se-espera-la-llegada-de-mucha-gente-a-monte-hermoso-el-fin-de-semana-largo\/","og_locale":"es_ES","og_type":"article","og_title":"Se espera la llegada de mucha gente a Monte Hermoso el fin de semana largo - Infoecos","og_description":"En relaci\u00f3n a los precios de las estad\u00edas se ha indicado que los aumentos \u201cno superan el 30% en relaci\u00f3n a la temporada del a\u00f1o pasado\u201d","og_url":"https:\/\/infoecos.com.ar\/index.php\/se-espera-la-llegada-de-mucha-gente-a-monte-hermoso-el-fin-de-semana-largo\/","og_site_name":"Infoecos","article_publisher":"https:\/\/www.facebook.com\/profile.php?id=100063200290284","article_published_time":"2020-12-03T02:52:30+00:00","article_modified_time":"2020-12-03T02:52:33+00:00","og_image":[{"width":652,"height":432,"url":"https:\/\/infoecos.com.ar\/wp-content\/uploads\/LUNES-MONTE-HERMOSO-SDARC-194204C.jpg","type":"image\/jpeg"}],"author":"Jorge Matheus","twitter_card":"summary_large_image","twitter_creator":"@infoecos","twitter_site":"@infoecos","twitter_misc":{"Escrito por":"Jorge Matheus","Tiempo de lectura":"1 minuto"},"schema":{"@context":"https:\/\/schema.org","@graph":[{"@type":"Article","@id":"https:\/\/infoecos.com.ar\/index.php\/se-espera-la-llegada-de-mucha-gente-a-monte-hermoso-el-fin-de-semana-largo\/#article","isPartOf":{"@id":"https:\/\/infoecos.com.ar\/index.php\/se-espera-la-llegada-de-mucha-gente-a-monte-hermoso-el-fin-de-semana-largo\/"},"author":{"name":"Jorge Matheus","@id":"https:\/\/infoecos.com.ar\/#\/schema\/person\/8f5ace5ce73b4b4aac4b7245aee6f191"},"headline":"Se espera la llegada de mucha gente a Monte Hermoso el fin de semana largo","datePublished":"2020-12-03T02:52:30+00:00","dateModified":"2020-12-03T02:52:33+00:00","mainEntityOfPage":{"@id":"https:\/\/infoecos.com.ar\/index.php\/se-espera-la-llegada-de-mucha-gente-a-monte-hermoso-el-fin-de-semana-largo\/"},"wordCount":234,"publisher":{"@id":"https:\/\/infoecos.com.ar\/#organization"},"image":{"@id":"https:\/\/infoecos.com.ar\/index.php\/se-espera-la-llegada-de-mucha-gente-a-monte-hermoso-el-fin-de-semana-largo\/#primaryimage"},"thumbnailUrl":"","keywords":["ANTICIPO DEL VERANO"],"articleSection":["C2 N2"],"inLanguage":"es"},{"@type":"WebPage","@id":"https:\/\/infoecos.com.ar\/index.php\/se-espera-la-llegada-de-mucha-gente-a-monte-hermoso-el-fin-de-semana-largo\/","url":"https:\/\/infoecos.com.ar\/index.php\/se-espera-la-llegada-de-mucha-gente-a-monte-hermoso-el-fin-de-semana-largo\/","name":"Se espera la llegada de mucha gente a Monte Hermoso el fin de semana largo - Infoecos","isPartOf":{"@id":"https:\/\/infoecos.com.ar\/#website"},"primaryImageOfPage":{"@id":"https:\/\/infoecos.com.ar\/index.php\/se-espera-la-llegada-de-mucha-gente-a-monte-hermoso-el-fin-de-semana-largo\/#primaryimage"},"image":{"@id":"https:\/\/infoecos.com.ar\/index.php\/se-espera-la-llegada-de-mucha-gente-a-monte-hermoso-el-fin-de-semana-largo\/#primaryimage"},"thumbnailUrl":"","datePublished":"2020-12-03T02:52:30+00:00","dateModified":"2020-12-03T02:52:33+00:00","breadcrumb":{"@id":"https:\/\/infoecos.com.ar\/index.php\/se-espera-la-llegada-de-mucha-gente-a-monte-hermoso-el-fin-de-semana-largo\/#breadcrumb"},"inLanguage":"es","potentialAction":[{"@type":"ReadAction","target":["https:\/\/infoecos.com.ar\/index.php\/se-espera-la-llegada-de-mucha-gente-a-monte-hermoso-el-fin-de-semana-largo\/"]}]},{"@type":"ImageObject","inLanguage":"es","@id":"https:\/\/infoecos.com.ar\/index.php\/se-espera-la-llegada-de-mucha-gente-a-monte-hermoso-el-fin-de-semana-largo\/#primaryimage","url":"","contentUrl":""},{"@type":"BreadcrumbList","@id":"https:\/\/infoecos.com.ar\/index.php\/se-espera-la-llegada-de-mucha-gente-a-monte-hermoso-el-fin-de-semana-largo\/#breadcrumb","itemListElement":[{"@type":"ListItem","position":1,"name":"Portada","item":"https:\/\/infoecos.com.ar\/"},{"@type":"ListItem","position":2,"name":"Se espera la llegada de mucha gente a Monte Hermoso el fin de semana largo"}]},{"@type":"WebSite","@id":"https:\/\/infoecos.com.ar\/#website","url":"https:\/\/infoecos.com.ar\/","name":"Infoecos","description":"Noticias de trenque lauquen y la zona","publisher":{"@id":"https:\/\/infoecos.com.ar\/#organization"},"alternateName":"Noticias","potentialAction":[{"@type":"SearchAction","target":{"@type":"EntryPoint","urlTemplate":"https:\/\/infoecos.com.ar\/?s={search_term_string}"},"query-input":{"@type":"PropertyValueSpecification","valueRequired":true,"valueName":"search_term_string"}}],"inLanguage":"es"},{"@type":"Organization","@id":"https:\/\/infoecos.com.ar\/#organization","name":"Infoecos","alternateName":"Noticias","url":"https:\/\/infoecos.com.ar\/","logo":{"@type":"ImageObject","inLanguage":"es","@id":"https:\/\/infoecos.com.ar\/#\/schema\/logo\/image\/","url":"https:\/\/infoecos.com.ar\/wp-content\/uploads\/2024\/03\/cropped-logo.png","contentUrl":"https:\/\/infoecos.com.ar\/wp-content\/uploads\/2024\/03\/cropped-logo.png","width":374,"height":90,"caption":"Infoecos"},"image":{"@id":"https:\/\/infoecos.com.ar\/#\/schema\/logo\/image\/"},"sameAs":["https:\/\/www.facebook.com\/profile.php?id=100063200290284","https:\/\/x.com\/infoecos"]},{"@type":"Person","@id":"https:\/\/infoecos.com.ar\/#\/schema\/person\/8f5ace5ce73b4b4aac4b7245aee6f191","name":"Jorge Matheus","url":"https:\/\/infoecos.com.ar\/index.php\/author\/jomatheus\/"}]}},"featured_image_urls":{"full":"","thumbnail":"","medium":"","medium_large":"","large":"","1536x1536":"","2048x2048":"","covernews-slider-full":"","covernews-slider-center":"","covernews-featured":"","covernews-medium":"","covernews-medium-square":""},"author_info":{"info":["Jorge Matheus"]},"category_info":"<a href=\"https:\/\/infoecos.com.ar\/index.php\/category\/c2nota2\/\" rel=\"category tag\">C2 N2<\/a>","tag_info":"C2 N2","comment_count":"0","_links":{"self":[{"href":"https:\/\/infoecos.com.ar\/index.php\/wp-json\/wp\/v2\/posts\/70899"}],"collection":[{"href":"https:\/\/infoecos.com.ar\/index.php\/wp-json\/wp\/v2\/posts"}],"about":[{"href":"https:\/\/infoecos.com.ar\/index.php\/wp-json\/wp\/v2\/types\/post"}],"author":[{"embeddable":true,"href":"https:\/\/infoecos.com.ar\/index.php\/wp-json\/wp\/v2\/users\/2"}],"replies":[{"embeddable":true,"href":"https:\/\/infoecos.com.ar\/index.php\/wp-json\/wp\/v2\/comments?post=70899"}],"version-history":[{"count":1,"href":"https:\/\/infoecos.com.ar\/index.php\/wp-json\/wp\/v2\/posts\/70899\/revisions"}],"predecessor-version":[{"id":70900,"href":"https:\/\/infoecos.com.ar\/index.php\/wp-json\/wp\/v2\/posts\/70899\/revisions\/70900"}],"wp:featuredmedia":[{"embeddable":true,"href":"https:\/\/infoecos.com.ar\/index.php\/wp-json\/"}],"wp:attachment":[{"href":"https:\/\/infoecos.com.ar\/index.php\/wp-json\/wp\/v2\/media?parent=70899"}],"wp:term":[{"taxonomy":"category","embeddable":true,"href":"https:\/\/infoecos.com.ar\/index.php\/wp-json\/wp\/v2\/categories?post=70899"},{"taxonomy":"post_tag","embeddable":true,"href":"https:\/\/infoecos.com.ar\/index.php\/wp-json\/wp\/v2\/tags?post=70899"}],"curies":[{"name":"wp","href":"https:\/\/api.w.org\/{rel}","templated":true}]}}