{"id":70940,"date":"2020-12-03T17:30:57","date_gmt":"2020-12-03T20:30:57","guid":{"rendered":"http:\/\/infoecos.com.ar\/?p=70940"},"modified":"2020-12-04T14:44:34","modified_gmt":"2020-12-04T17:44:34","slug":"kicillof-con-criticas-a-larreta-y-macri-defendieron-a-la-ciudad-de-buenos-aires-sobre-el-resto-de-las-provincias","status":"publish","type":"post","link":"https:\/\/infoecos.com.ar\/index.php\/kicillof-con-criticas-a-larreta-y-macri-defendieron-a-la-ciudad-de-buenos-aires-sobre-el-resto-de-las-provincias\/","title":{"rendered":"Kicillof con cr\u00edticas a Larreta y Macri: \u00abdefendieron a la ciudad de Buenos Aires sobre el resto de las provincias\u00bb"},"content":{"rendered":"\n<p>El gobernador bonaerense, Axel Kicillof,&nbsp;respondi\u00f3 a las cr\u00edticas de Horacio Rodr\u00edguez Larreta por los reclamos que realiz\u00f3 en torno a la quita de coparticipaci\u00f3n que aprob\u00f3 el Congreso Nacional.<\/p>\n\n\n\n<div class=\"wp-block-image\"><figure class=\"aligncenter size-medium\"><img loading=\"lazy\" decoding=\"async\" width=\"460\" height=\"239\" src=\"http:\/\/infoecos.com.ar\/wp-content\/uploads\/2020\/12\/20201203130746_03_12_20_kicillof_escuelas_la_matanza-460x239.jpg\" alt=\"\" class=\"wp-image-70941\" srcset=\"https:\/\/infoecos.com.ar\/wp-content\/uploads\/2020\/12\/20201203130746_03_12_20_kicillof_escuelas_la_matanza-460x239.jpg 460w, https:\/\/infoecos.com.ar\/wp-content\/uploads\/2020\/12\/20201203130746_03_12_20_kicillof_escuelas_la_matanza.jpg 730w\" sizes=\"(max-width: 460px) 100vw, 460px\" \/><\/figure><\/div>\n\n\n\n<p>\u201cEscuch\u00e1bamos en el parlamento, y despu\u00e9s en la prensa, a quien gobierna la Ciudad de Buenos Aires hacer una suerte de reclamo. Yo nunca entend\u00ed bien qu\u00e9 reclamaba.&nbsp;Porque yo era, con Fernando Espinoza en la banca al lado, Diputado Nacional, cuando observ\u00e1bamos al gobierno de&nbsp;Mauricio Macri&nbsp;favoreciendo a cada paso y a cada minuto el distrito que entiende como propio, que es la&nbsp;Ciudad de Buenos Aires\u00bb, sostuvo&nbsp;Kicillof.<\/p>\n\n\n\n<p>\u00abMauricio Macri la favoreci\u00f3 por sobre el resto de las provincias del pa\u00eds. Incluso por encima de la provincia de Buenos Aires, que entonces gobernaban. Quiere decir que Macri cuando fue presidente discrimin\u00f3 de nuevo a la provincia de Buenos Aires. No estoy hablando de los hechos, estoy hablando de la realidad\u00bb, agreg\u00f3 el Gobernador.<\/p>\n\n\n\n<div class=\"wp-block-image\"><figure class=\"aligncenter size-medium\"><img loading=\"lazy\" decoding=\"async\" width=\"460\" height=\"262\" src=\"http:\/\/infoecos.com.ar\/wp-content\/uploads\/2020\/12\/20201203131139_03_12_20_kicillof_escuelas_la_matanza_1_netbooks-460x262.jpg\" alt=\"\" class=\"wp-image-70942\" srcset=\"https:\/\/infoecos.com.ar\/wp-content\/uploads\/2020\/12\/20201203131139_03_12_20_kicillof_escuelas_la_matanza_1_netbooks-460x262.jpg 460w, https:\/\/infoecos.com.ar\/wp-content\/uploads\/2020\/12\/20201203131139_03_12_20_kicillof_escuelas_la_matanza_1_netbooks.jpg 730w\" sizes=\"(max-width: 460px) 100vw, 460px\" \/><\/figure><\/div>\n\n\n\n<p>Kicillof, visit\u00f3 este jueves el partido de La Matanza, donde junto a la directora general de Cultura y Educaci\u00f3n, Agustina Vila, y al intendente Fernando Espinoza, encabez\u00f3 el acto de entrega de netbooks a estudiantes de la localidad de Rafael Castillo.<\/p>\n\n\n\n<p>\u201cEstas computadoras son un s\u00edmbolo de lo que pas\u00f3 en la Argentina y en la Provincia: estaban juntando polvo y arruin\u00e1ndose en los dep\u00f3sitos del Correo Argentino\u201d, sostuvo Kicillof desde la Escuela Secundaria N\u00ba 127 Rodolfo Walsh. Y agreg\u00f3: \u201cNos dedicarnos a repararlas para que pudieran llegar a las manos de los alumnos y las alumnas que m\u00e1s las necesitaban\u201d.&nbsp;<\/p>\n\n\n\n<div class=\"wp-block-image\"><figure class=\"aligncenter size-medium\"><img loading=\"lazy\" decoding=\"async\" width=\"460\" height=\"306\" src=\"http:\/\/infoecos.com.ar\/wp-content\/uploads\/2020\/12\/20201203130630_03-460x306.jpg\" alt=\"\" class=\"wp-image-70943\" srcset=\"https:\/\/infoecos.com.ar\/wp-content\/uploads\/2020\/12\/20201203130630_03-460x306.jpg 460w, https:\/\/infoecos.com.ar\/wp-content\/uploads\/2020\/12\/20201203130630_03-768x511.jpg 768w, https:\/\/infoecos.com.ar\/wp-content\/uploads\/2020\/12\/20201203130630_03-675x450.jpg 675w, https:\/\/infoecos.com.ar\/wp-content\/uploads\/2020\/12\/20201203130630_03.jpg 880w\" sizes=\"(max-width: 460px) 100vw, 460px\" \/><\/figure><\/div>\n\n\n\n<p>En ese marco, el Gobernador afirm\u00f3 que \u201cla pandemia nos afect\u00f3 a todos pero no nos encontr\u00f3 en la misma posici\u00f3n\u201d. \u201cHab\u00eda estudiantes que no pod\u00edan acceder a sus estudios porque no contaban con los recursos mientras en la Provincia nos encontr\u00e1bamos con 97 mil netbooks que no hab\u00edan sido distribuidas porque necesitaban actualizaciones\u201d, detall\u00f3.<\/p>\n\n\n\n<p>En esta ocasi\u00f3n, se entregaron computadoras a chicos y chicas que cursan el primer a\u00f1o del ciclo superior, y suman 8.323 netbooks entregadas en 103 escuelas secundarias de La Matanza. Estuvieron presentes el director del establecimiento educativo, Daniel Ayala, y estudiantes de diferentes escuelas de Rafael Castillo.<\/p>\n","protected":false},"excerpt":{"rendered":"<p>Macri cuando fue presidente discrimin\u00f3 de nuevo a la provincia de Buenos Aires. No estoy hablando de los hechos, estoy hablando de la realidad\u00bb, se\u00f1al\u00f3 <\/p>\n","protected":false},"author":2,"featured_media":70941,"comment_status":"closed","ping_status":"open","sticky":false,"template":"","format":"standard","meta":{"footnotes":""},"categories":[24],"tags":[2395],"class_list":["post-70940","post","type-post","status-publish","format-standard","has-post-thumbnail","hentry","category-c1nota3","tag-mas-coparticipacion-para-la-provincia"],"yoast_head":"<!-- This site is optimized with the Yoast SEO plugin v23.4 - https:\/\/yoast.com\/wordpress\/plugins\/seo\/ -->\n<title>Kicillof con cr\u00edticas a Larreta y Macri: &quot;defendieron a la ciudad de Buenos Aires sobre el resto de las provincias&quot; - Infoecos<\/title>\n<meta name=\"robots\" content=\"index, follow, max-snippet:-1, max-image-preview:large, max-video-preview:-1\" \/>\n<link rel=\"canonical\" href=\"https:\/\/infoecos.com.ar\/index.php\/kicillof-con-criticas-a-larreta-y-macri-defendieron-a-la-ciudad-de-buenos-aires-sobre-el-resto-de-las-provincias\/\" \/>\n<meta property=\"og:locale\" content=\"es_ES\" \/>\n<meta property=\"og:type\" content=\"article\" \/>\n<meta property=\"og:title\" content=\"Kicillof con cr\u00edticas a Larreta y Macri: &quot;defendieron a la ciudad de Buenos Aires sobre el resto de las provincias&quot; - Infoecos\" \/>\n<meta property=\"og:description\" content=\"Macri cuando fue presidente discrimin\u00f3 de nuevo a la provincia de Buenos Aires. No estoy hablando de los hechos, estoy hablando de la realidad&quot;, se\u00f1al\u00f3\" \/>\n<meta property=\"og:url\" content=\"https:\/\/infoecos.com.ar\/index.php\/kicillof-con-criticas-a-larreta-y-macri-defendieron-a-la-ciudad-de-buenos-aires-sobre-el-resto-de-las-provincias\/\" \/>\n<meta property=\"og:site_name\" content=\"Infoecos\" \/>\n<meta property=\"article:publisher\" content=\"https:\/\/www.facebook.com\/profile.php?id=100063200290284\" \/>\n<meta property=\"article:published_time\" content=\"2020-12-03T20:30:57+00:00\" \/>\n<meta property=\"article:modified_time\" content=\"2020-12-04T17:44:34+00:00\" \/>\n<meta property=\"og:image\" content=\"https:\/\/infoecos.com.ar\/wp-content\/uploads\/2020\/12\/20201203130746_03_12_20_kicillof_escuelas_la_matanza.jpg\" \/>\n\t<meta property=\"og:image:width\" content=\"730\" \/>\n\t<meta property=\"og:image:height\" content=\"380\" \/>\n\t<meta property=\"og:image:type\" content=\"image\/jpeg\" \/>\n<meta name=\"author\" content=\"Jorge Matheus\" \/>\n<meta name=\"twitter:card\" content=\"summary_large_image\" \/>\n<meta name=\"twitter:creator\" content=\"@infoecos\" \/>\n<meta name=\"twitter:site\" content=\"@infoecos\" \/>\n<meta name=\"twitter:label1\" content=\"Escrito por\" \/>\n\t<meta name=\"twitter:data1\" content=\"Jorge Matheus\" \/>\n\t<meta name=\"twitter:label2\" content=\"Tiempo de lectura\" \/>\n\t<meta name=\"twitter:data2\" content=\"2 minutos\" \/>\n<script type=\"application\/ld+json\" class=\"yoast-schema-graph\">{\"@context\":\"https:\/\/schema.org\",\"@graph\":[{\"@type\":\"Article\",\"@id\":\"https:\/\/infoecos.com.ar\/index.php\/kicillof-con-criticas-a-larreta-y-macri-defendieron-a-la-ciudad-de-buenos-aires-sobre-el-resto-de-las-provincias\/#article\",\"isPartOf\":{\"@id\":\"https:\/\/infoecos.com.ar\/index.php\/kicillof-con-criticas-a-larreta-y-macri-defendieron-a-la-ciudad-de-buenos-aires-sobre-el-resto-de-las-provincias\/\"},\"author\":{\"name\":\"Jorge Matheus\",\"@id\":\"https:\/\/infoecos.com.ar\/#\/schema\/person\/8f5ace5ce73b4b4aac4b7245aee6f191\"},\"headline\":\"Kicillof con cr\u00edticas a Larreta y Macri: \u00abdefendieron a la ciudad de Buenos Aires sobre el resto de las provincias\u00bb\",\"datePublished\":\"2020-12-03T20:30:57+00:00\",\"dateModified\":\"2020-12-04T17:44:34+00:00\",\"mainEntityOfPage\":{\"@id\":\"https:\/\/infoecos.com.ar\/index.php\/kicillof-con-criticas-a-larreta-y-macri-defendieron-a-la-ciudad-de-buenos-aires-sobre-el-resto-de-las-provincias\/\"},\"wordCount\":402,\"publisher\":{\"@id\":\"https:\/\/infoecos.com.ar\/#organization\"},\"image\":{\"@id\":\"https:\/\/infoecos.com.ar\/index.php\/kicillof-con-criticas-a-larreta-y-macri-defendieron-a-la-ciudad-de-buenos-aires-sobre-el-resto-de-las-provincias\/#primaryimage\"},\"thumbnailUrl\":\"https:\/\/infoecos.com.ar\/wp-content\/uploads\/2020\/12\/20201203130746_03_12_20_kicillof_escuelas_la_matanza.jpg\",\"keywords\":[\"MAS COPARTICIPACI\u00d3N PARA LA PROVINCIA\"],\"articleSection\":[\"C1 N3\"],\"inLanguage\":\"es\"},{\"@type\":\"WebPage\",\"@id\":\"https:\/\/infoecos.com.ar\/index.php\/kicillof-con-criticas-a-larreta-y-macri-defendieron-a-la-ciudad-de-buenos-aires-sobre-el-resto-de-las-provincias\/\",\"url\":\"https:\/\/infoecos.com.ar\/index.php\/kicillof-con-criticas-a-larreta-y-macri-defendieron-a-la-ciudad-de-buenos-aires-sobre-el-resto-de-las-provincias\/\",\"name\":\"Kicillof con cr\u00edticas a Larreta y Macri: \\\"defendieron a la ciudad de Buenos Aires sobre el resto de las provincias\\\" - Infoecos\",\"isPartOf\":{\"@id\":\"https:\/\/infoecos.com.ar\/#website\"},\"primaryImageOfPage\":{\"@id\":\"https:\/\/infoecos.com.ar\/index.php\/kicillof-con-criticas-a-larreta-y-macri-defendieron-a-la-ciudad-de-buenos-aires-sobre-el-resto-de-las-provincias\/#primaryimage\"},\"image\":{\"@id\":\"https:\/\/infoecos.com.ar\/index.php\/kicillof-con-criticas-a-larreta-y-macri-defendieron-a-la-ciudad-de-buenos-aires-sobre-el-resto-de-las-provincias\/#primaryimage\"},\"thumbnailUrl\":\"https:\/\/infoecos.com.ar\/wp-content\/uploads\/2020\/12\/20201203130746_03_12_20_kicillof_escuelas_la_matanza.jpg\",\"datePublished\":\"2020-12-03T20:30:57+00:00\",\"dateModified\":\"2020-12-04T17:44:34+00:00\",\"breadcrumb\":{\"@id\":\"https:\/\/infoecos.com.ar\/index.php\/kicillof-con-criticas-a-larreta-y-macri-defendieron-a-la-ciudad-de-buenos-aires-sobre-el-resto-de-las-provincias\/#breadcrumb\"},\"inLanguage\":\"es\",\"potentialAction\":[{\"@type\":\"ReadAction\",\"target\":[\"https:\/\/infoecos.com.ar\/index.php\/kicillof-con-criticas-a-larreta-y-macri-defendieron-a-la-ciudad-de-buenos-aires-sobre-el-resto-de-las-provincias\/\"]}]},{\"@type\":\"ImageObject\",\"inLanguage\":\"es\",\"@id\":\"https:\/\/infoecos.com.ar\/index.php\/kicillof-con-criticas-a-larreta-y-macri-defendieron-a-la-ciudad-de-buenos-aires-sobre-el-resto-de-las-provincias\/#primaryimage\",\"url\":\"https:\/\/infoecos.com.ar\/wp-content\/uploads\/2020\/12\/20201203130746_03_12_20_kicillof_escuelas_la_matanza.jpg\",\"contentUrl\":\"https:\/\/infoecos.com.ar\/wp-content\/uploads\/2020\/12\/20201203130746_03_12_20_kicillof_escuelas_la_matanza.jpg\",\"width\":730,\"height\":380},{\"@type\":\"BreadcrumbList\",\"@id\":\"https:\/\/infoecos.com.ar\/index.php\/kicillof-con-criticas-a-larreta-y-macri-defendieron-a-la-ciudad-de-buenos-aires-sobre-el-resto-de-las-provincias\/#breadcrumb\",\"itemListElement\":[{\"@type\":\"ListItem\",\"position\":1,\"name\":\"Portada\",\"item\":\"https:\/\/infoecos.com.ar\/\"},{\"@type\":\"ListItem\",\"position\":2,\"name\":\"Kicillof con cr\u00edticas a Larreta y Macri: \u00abdefendieron a la ciudad de Buenos Aires sobre el resto de las provincias\u00bb\"}]},{\"@type\":\"WebSite\",\"@id\":\"https:\/\/infoecos.com.ar\/#website\",\"url\":\"https:\/\/infoecos.com.ar\/\",\"name\":\"Infoecos\",\"description\":\"Noticias de trenque lauquen y la zona\",\"publisher\":{\"@id\":\"https:\/\/infoecos.com.ar\/#organization\"},\"alternateName\":\"Noticias\",\"potentialAction\":[{\"@type\":\"SearchAction\",\"target\":{\"@type\":\"EntryPoint\",\"urlTemplate\":\"https:\/\/infoecos.com.ar\/?s={search_term_string}\"},\"query-input\":{\"@type\":\"PropertyValueSpecification\",\"valueRequired\":true,\"valueName\":\"search_term_string\"}}],\"inLanguage\":\"es\"},{\"@type\":\"Organization\",\"@id\":\"https:\/\/infoecos.com.ar\/#organization\",\"name\":\"Infoecos\",\"alternateName\":\"Noticias\",\"url\":\"https:\/\/infoecos.com.ar\/\",\"logo\":{\"@type\":\"ImageObject\",\"inLanguage\":\"es\",\"@id\":\"https:\/\/infoecos.com.ar\/#\/schema\/logo\/image\/\",\"url\":\"https:\/\/infoecos.com.ar\/wp-content\/uploads\/2024\/03\/cropped-logo.png\",\"contentUrl\":\"https:\/\/infoecos.com.ar\/wp-content\/uploads\/2024\/03\/cropped-logo.png\",\"width\":374,\"height\":90,\"caption\":\"Infoecos\"},\"image\":{\"@id\":\"https:\/\/infoecos.com.ar\/#\/schema\/logo\/image\/\"},\"sameAs\":[\"https:\/\/www.facebook.com\/profile.php?id=100063200290284\",\"https:\/\/x.com\/infoecos\"]},{\"@type\":\"Person\",\"@id\":\"https:\/\/infoecos.com.ar\/#\/schema\/person\/8f5ace5ce73b4b4aac4b7245aee6f191\",\"name\":\"Jorge Matheus\",\"url\":\"https:\/\/infoecos.com.ar\/index.php\/author\/jomatheus\/\"}]}<\/script>\n<!-- \/ Yoast SEO plugin. -->","yoast_head_json":{"title":"Kicillof con cr\u00edticas a Larreta y Macri: \"defendieron a la ciudad de Buenos Aires sobre el resto de las provincias\" - Infoecos","robots":{"index":"index","follow":"follow","max-snippet":"max-snippet:-1","max-image-preview":"max-image-preview:large","max-video-preview":"max-video-preview:-1"},"canonical":"https:\/\/infoecos.com.ar\/index.php\/kicillof-con-criticas-a-larreta-y-macri-defendieron-a-la-ciudad-de-buenos-aires-sobre-el-resto-de-las-provincias\/","og_locale":"es_ES","og_type":"article","og_title":"Kicillof con cr\u00edticas a Larreta y Macri: \"defendieron a la ciudad de Buenos Aires sobre el resto de las provincias\" - Infoecos","og_description":"Macri cuando fue presidente discrimin\u00f3 de nuevo a la provincia de Buenos Aires. No estoy hablando de los hechos, estoy hablando de la realidad\", se\u00f1al\u00f3","og_url":"https:\/\/infoecos.com.ar\/index.php\/kicillof-con-criticas-a-larreta-y-macri-defendieron-a-la-ciudad-de-buenos-aires-sobre-el-resto-de-las-provincias\/","og_site_name":"Infoecos","article_publisher":"https:\/\/www.facebook.com\/profile.php?id=100063200290284","article_published_time":"2020-12-03T20:30:57+00:00","article_modified_time":"2020-12-04T17:44:34+00:00","og_image":[{"width":730,"height":380,"url":"https:\/\/infoecos.com.ar\/wp-content\/uploads\/2020\/12\/20201203130746_03_12_20_kicillof_escuelas_la_matanza.jpg","type":"image\/jpeg"}],"author":"Jorge Matheus","twitter_card":"summary_large_image","twitter_creator":"@infoecos","twitter_site":"@infoecos","twitter_misc":{"Escrito por":"Jorge Matheus","Tiempo de lectura":"2 minutos"},"schema":{"@context":"https:\/\/schema.org","@graph":[{"@type":"Article","@id":"https:\/\/infoecos.com.ar\/index.php\/kicillof-con-criticas-a-larreta-y-macri-defendieron-a-la-ciudad-de-buenos-aires-sobre-el-resto-de-las-provincias\/#article","isPartOf":{"@id":"https:\/\/infoecos.com.ar\/index.php\/kicillof-con-criticas-a-larreta-y-macri-defendieron-a-la-ciudad-de-buenos-aires-sobre-el-resto-de-las-provincias\/"},"author":{"name":"Jorge Matheus","@id":"https:\/\/infoecos.com.ar\/#\/schema\/person\/8f5ace5ce73b4b4aac4b7245aee6f191"},"headline":"Kicillof con cr\u00edticas a Larreta y Macri: \u00abdefendieron a la ciudad de Buenos Aires sobre el resto de las provincias\u00bb","datePublished":"2020-12-03T20:30:57+00:00","dateModified":"2020-12-04T17:44:34+00:00","mainEntityOfPage":{"@id":"https:\/\/infoecos.com.ar\/index.php\/kicillof-con-criticas-a-larreta-y-macri-defendieron-a-la-ciudad-de-buenos-aires-sobre-el-resto-de-las-provincias\/"},"wordCount":402,"publisher":{"@id":"https:\/\/infoecos.com.ar\/#organization"},"image":{"@id":"https:\/\/infoecos.com.ar\/index.php\/kicillof-con-criticas-a-larreta-y-macri-defendieron-a-la-ciudad-de-buenos-aires-sobre-el-resto-de-las-provincias\/#primaryimage"},"thumbnailUrl":"https:\/\/infoecos.com.ar\/wp-content\/uploads\/2020\/12\/20201203130746_03_12_20_kicillof_escuelas_la_matanza.jpg","keywords":["MAS COPARTICIPACI\u00d3N PARA LA PROVINCIA"],"articleSection":["C1 N3"],"inLanguage":"es"},{"@type":"WebPage","@id":"https:\/\/infoecos.com.ar\/index.php\/kicillof-con-criticas-a-larreta-y-macri-defendieron-a-la-ciudad-de-buenos-aires-sobre-el-resto-de-las-provincias\/","url":"https:\/\/infoecos.com.ar\/index.php\/kicillof-con-criticas-a-larreta-y-macri-defendieron-a-la-ciudad-de-buenos-aires-sobre-el-resto-de-las-provincias\/","name":"Kicillof con cr\u00edticas a Larreta y Macri: \"defendieron a la ciudad de Buenos Aires sobre el resto de las provincias\" - Infoecos","isPartOf":{"@id":"https:\/\/infoecos.com.ar\/#website"},"primaryImageOfPage":{"@id":"https:\/\/infoecos.com.ar\/index.php\/kicillof-con-criticas-a-larreta-y-macri-defendieron-a-la-ciudad-de-buenos-aires-sobre-el-resto-de-las-provincias\/#primaryimage"},"image":{"@id":"https:\/\/infoecos.com.ar\/index.php\/kicillof-con-criticas-a-larreta-y-macri-defendieron-a-la-ciudad-de-buenos-aires-sobre-el-resto-de-las-provincias\/#primaryimage"},"thumbnailUrl":"https:\/\/infoecos.com.ar\/wp-content\/uploads\/2020\/12\/20201203130746_03_12_20_kicillof_escuelas_la_matanza.jpg","datePublished":"2020-12-03T20:30:57+00:00","dateModified":"2020-12-04T17:44:34+00:00","breadcrumb":{"@id":"https:\/\/infoecos.com.ar\/index.php\/kicillof-con-criticas-a-larreta-y-macri-defendieron-a-la-ciudad-de-buenos-aires-sobre-el-resto-de-las-provincias\/#breadcrumb"},"inLanguage":"es","potentialAction":[{"@type":"ReadAction","target":["https:\/\/infoecos.com.ar\/index.php\/kicillof-con-criticas-a-larreta-y-macri-defendieron-a-la-ciudad-de-buenos-aires-sobre-el-resto-de-las-provincias\/"]}]},{"@type":"ImageObject","inLanguage":"es","@id":"https:\/\/infoecos.com.ar\/index.php\/kicillof-con-criticas-a-larreta-y-macri-defendieron-a-la-ciudad-de-buenos-aires-sobre-el-resto-de-las-provincias\/#primaryimage","url":"https:\/\/infoecos.com.ar\/wp-content\/uploads\/2020\/12\/20201203130746_03_12_20_kicillof_escuelas_la_matanza.jpg","contentUrl":"https:\/\/infoecos.com.ar\/wp-content\/uploads\/2020\/12\/20201203130746_03_12_20_kicillof_escuelas_la_matanza.jpg","width":730,"height":380},{"@type":"BreadcrumbList","@id":"https:\/\/infoecos.com.ar\/index.php\/kicillof-con-criticas-a-larreta-y-macri-defendieron-a-la-ciudad-de-buenos-aires-sobre-el-resto-de-las-provincias\/#breadcrumb","itemListElement":[{"@type":"ListItem","position":1,"name":"Portada","item":"https:\/\/infoecos.com.ar\/"},{"@type":"ListItem","position":2,"name":"Kicillof con cr\u00edticas a Larreta y Macri: \u00abdefendieron a la ciudad de Buenos Aires sobre el resto de las provincias\u00bb"}]},{"@type":"WebSite","@id":"https:\/\/infoecos.com.ar\/#website","url":"https:\/\/infoecos.com.ar\/","name":"Infoecos","description":"Noticias de trenque lauquen y la zona","publisher":{"@id":"https:\/\/infoecos.com.ar\/#organization"},"alternateName":"Noticias","potentialAction":[{"@type":"SearchAction","target":{"@type":"EntryPoint","urlTemplate":"https:\/\/infoecos.com.ar\/?s={search_term_string}"},"query-input":{"@type":"PropertyValueSpecification","valueRequired":true,"valueName":"search_term_string"}}],"inLanguage":"es"},{"@type":"Organization","@id":"https:\/\/infoecos.com.ar\/#organization","name":"Infoecos","alternateName":"Noticias","url":"https:\/\/infoecos.com.ar\/","logo":{"@type":"ImageObject","inLanguage":"es","@id":"https:\/\/infoecos.com.ar\/#\/schema\/logo\/image\/","url":"https:\/\/infoecos.com.ar\/wp-content\/uploads\/2024\/03\/cropped-logo.png","contentUrl":"https:\/\/infoecos.com.ar\/wp-content\/uploads\/2024\/03\/cropped-logo.png","width":374,"height":90,"caption":"Infoecos"},"image":{"@id":"https:\/\/infoecos.com.ar\/#\/schema\/logo\/image\/"},"sameAs":["https:\/\/www.facebook.com\/profile.php?id=100063200290284","https:\/\/x.com\/infoecos"]},{"@type":"Person","@id":"https:\/\/infoecos.com.ar\/#\/schema\/person\/8f5ace5ce73b4b4aac4b7245aee6f191","name":"Jorge Matheus","url":"https:\/\/infoecos.com.ar\/index.php\/author\/jomatheus\/"}]}},"featured_image_urls":{"full":["https:\/\/infoecos.com.ar\/wp-content\/uploads\/2020\/12\/20201203130746_03_12_20_kicillof_escuelas_la_matanza.jpg",730,380,false],"thumbnail":["https:\/\/infoecos.com.ar\/wp-content\/uploads\/2020\/12\/20201203130746_03_12_20_kicillof_escuelas_la_matanza-150x150.jpg",150,150,true],"medium":["https:\/\/infoecos.com.ar\/wp-content\/uploads\/2020\/12\/20201203130746_03_12_20_kicillof_escuelas_la_matanza-460x239.jpg",460,239,true],"medium_large":["https:\/\/infoecos.com.ar\/wp-content\/uploads\/2020\/12\/20201203130746_03_12_20_kicillof_escuelas_la_matanza.jpg",640,333,false],"large":["https:\/\/infoecos.com.ar\/wp-content\/uploads\/2020\/12\/20201203130746_03_12_20_kicillof_escuelas_la_matanza.jpg",640,333,false],"1536x1536":["https:\/\/infoecos.com.ar\/wp-content\/uploads\/2020\/12\/20201203130746_03_12_20_kicillof_escuelas_la_matanza.jpg",730,380,false],"2048x2048":["https:\/\/infoecos.com.ar\/wp-content\/uploads\/2020\/12\/20201203130746_03_12_20_kicillof_escuelas_la_matanza.jpg",730,380,false],"covernews-slider-full":["https:\/\/infoecos.com.ar\/wp-content\/uploads\/2020\/12\/20201203130746_03_12_20_kicillof_escuelas_la_matanza.jpg",730,380,false],"covernews-slider-center":["https:\/\/infoecos.com.ar\/wp-content\/uploads\/2020\/12\/20201203130746_03_12_20_kicillof_escuelas_la_matanza.jpg",730,380,false],"covernews-featured":["https:\/\/infoecos.com.ar\/wp-content\/uploads\/2020\/12\/20201203130746_03_12_20_kicillof_escuelas_la_matanza.jpg",730,380,false],"covernews-medium":["https:\/\/infoecos.com.ar\/wp-content\/uploads\/2020\/12\/20201203130746_03_12_20_kicillof_escuelas_la_matanza-720x380.jpg",540,285,true],"covernews-medium-square":["https:\/\/infoecos.com.ar\/wp-content\/uploads\/2020\/12\/20201203130746_03_12_20_kicillof_escuelas_la_matanza-675x380.jpg",400,225,true]},"author_info":{"info":["Jorge Matheus"]},"category_info":"<a href=\"https:\/\/infoecos.com.ar\/index.php\/category\/c1nota3\/\" rel=\"category tag\">C1 N3<\/a>","tag_info":"C1 N3","comment_count":"0","_links":{"self":[{"href":"https:\/\/infoecos.com.ar\/index.php\/wp-json\/wp\/v2\/posts\/70940"}],"collection":[{"href":"https:\/\/infoecos.com.ar\/index.php\/wp-json\/wp\/v2\/posts"}],"about":[{"href":"https:\/\/infoecos.com.ar\/index.php\/wp-json\/wp\/v2\/types\/post"}],"author":[{"embeddable":true,"href":"https:\/\/infoecos.com.ar\/index.php\/wp-json\/wp\/v2\/users\/2"}],"replies":[{"embeddable":true,"href":"https:\/\/infoecos.com.ar\/index.php\/wp-json\/wp\/v2\/comments?post=70940"}],"version-history":[{"count":2,"href":"https:\/\/infoecos.com.ar\/index.php\/wp-json\/wp\/v2\/posts\/70940\/revisions"}],"predecessor-version":[{"id":70979,"href":"https:\/\/infoecos.com.ar\/index.php\/wp-json\/wp\/v2\/posts\/70940\/revisions\/70979"}],"wp:featuredmedia":[{"embeddable":true,"href":"https:\/\/infoecos.com.ar\/index.php\/wp-json\/wp\/v2\/media\/70941"}],"wp:attachment":[{"href":"https:\/\/infoecos.com.ar\/index.php\/wp-json\/wp\/v2\/media?parent=70940"}],"wp:term":[{"taxonomy":"category","embeddable":true,"href":"https:\/\/infoecos.com.ar\/index.php\/wp-json\/wp\/v2\/categories?post=70940"},{"taxonomy":"post_tag","embeddable":true,"href":"https:\/\/infoecos.com.ar\/index.php\/wp-json\/wp\/v2\/tags?post=70940"}],"curies":[{"name":"wp","href":"https:\/\/api.w.org\/{rel}","templated":true}]}}