{"id":70975,"date":"2020-12-04T14:40:52","date_gmt":"2020-12-04T17:40:52","guid":{"rendered":"http:\/\/infoecos.com.ar\/?p=70975"},"modified":"2020-12-04T14:40:58","modified_gmt":"2020-12-04T17:40:58","slug":"ya-se-recibieron-125-solicitudes-para-poder-vacacionar-en-provincia-de-buenos-aires","status":"publish","type":"post","link":"https:\/\/infoecos.com.ar\/index.php\/ya-se-recibieron-125-solicitudes-para-poder-vacacionar-en-provincia-de-buenos-aires\/","title":{"rendered":"Ya se recibieron 125 solicitudes para poder vacacionar en provincia de Buenos Aires"},"content":{"rendered":"\n<p class=\"wp-block-paragraph\">El ministro de Producci\u00f3n, Ciencia e Innovaci\u00f3n Tecnol\u00f3gica, Augusto Costa, dijo que en los \u00faltimos tres d\u00edas se recibieron 125.000 solicitudes para poder vacacionar en destinos bonaerenses.<\/p>\n\n\n\n<div class=\"wp-block-image\"><figure class=\"aligncenter size-medium\"><img loading=\"lazy\" decoding=\"async\" width=\"460\" height=\"259\" src=\"http:\/\/infoecos.com.ar\/wp-content\/uploads\/2020\/12\/costaaugusto-460x259.jpg\" alt=\"\" class=\"wp-image-70814\" srcset=\"https:\/\/infoecos.com.ar\/wp-content\/uploads\/2020\/12\/costaaugusto-460x259.jpg 460w, https:\/\/infoecos.com.ar\/wp-content\/uploads\/2020\/12\/costaaugusto.jpg 730w\" sizes=\"auto, (max-width: 460px) 100vw, 460px\" \/><\/figure><\/div>\n\n\n\n<p class=\"wp-block-paragraph\">\u00abEl \u00fanico requisito para poder viajar por la costa, las sierras, las lagunas o los r\u00edos bonaerenses es llenar el formulario en el sitio&nbsp;<strong><a href=\"http:\/\/argentina.gob.ar\/verano\" target=\"_blank\" rel=\"noreferrer noopener\">argentina.gob.ar\/verano<\/a><\/strong>&nbsp;o mediante la aplicaci\u00f3n Cuidar, completar el destino al que uno viaja, por cu\u00e1nto tiempo, d\u00f3nde se queda y con qui\u00e9n va\u00bb, expuso el funcionario a cargo del \u00e1rea de Turismo en declaraciones a FM Concepto.<\/p>\n\n\n\n<p class=\"wp-block-paragraph\">Costa aclar\u00f3 que, por el momento, la aplicaci\u00f3n est\u00e1 habilitada para quienes viajen los pr\u00f3ximos 20 d\u00edas y remarc\u00f3 que la semana que viene ya podr\u00e1n tramitar el permiso quienes planeen vacacionar en enero.<\/p>\n\n\n\n<p class=\"wp-block-paragraph\">En ese sentido, sostuvo que el sistema \u00abfunciona muy bien\u00bb e indic\u00f3 que permitir\u00e1 \u00abgarantizar que la gente viaje segura y pueda disfrutar sin mayores riesgos\u00bb.<\/p>\n\n\n\n<p class=\"wp-block-paragraph\">Costa pidi\u00f3 \u00abresponsabilidad individual\u00bb, mantener la distancia, continuar con el lavado de mano y uso de tapabocas para evitar los contagios de coronavirus.<\/p>\n","protected":false},"excerpt":{"rendered":"<p>El \u00fanico requisito para poder viajar por la costa, las sierras, las lagunas o los r\u00edos bonaerenses es llenar el formulario en el sitio argentina.gob.ar\/verano o mediante la aplicaci\u00f3n Cuidar<\/p>\n","protected":false},"author":2,"featured_media":64311,"comment_status":"closed","ping_status":"open","sticky":false,"template":"","format":"standard","meta":{"footnotes":""},"categories":[46],"tags":[2336],"class_list":["post-70975","post","type-post","status-publish","format-standard","has-post-thumbnail","hentry","category-c2nota2","tag-temporada-de-verano"],"featured_image_urls":{"full":["https:\/\/infoecos.com.ar\/wp-content\/uploads\/costaaugusto.jpg",1280,853,false],"thumbnail":["https:\/\/infoecos.com.ar\/wp-content\/uploads\/costaaugusto-150x150.jpg",150,150,true],"medium":["https:\/\/infoecos.com.ar\/wp-content\/uploads\/costaaugusto-460x307.jpg",460,307,true],"medium_large":["https:\/\/infoecos.com.ar\/wp-content\/uploads\/costaaugusto-768x512.jpg",640,427,true],"large":["https:\/\/infoecos.com.ar\/wp-content\/uploads\/costaaugusto-920x613.jpg",640,426,true],"1536x1536":["https:\/\/infoecos.com.ar\/wp-content\/uploads\/costaaugusto.jpg",1280,853,false],"2048x2048":["https:\/\/infoecos.com.ar\/wp-content\/uploads\/costaaugusto.jpg",1280,853,false],"covernews-slider-full":["https:\/\/infoecos.com.ar\/wp-content\/uploads\/costaaugusto.jpg",1073,715,false],"covernews-slider-center":["https:\/\/infoecos.com.ar\/wp-content\/uploads\/costaaugusto-936x853.jpg",549,500,true],"covernews-featured":["https:\/\/infoecos.com.ar\/wp-content\/uploads\/costaaugusto-1024x682.jpg",1024,682,true],"covernews-medium":["https:\/\/infoecos.com.ar\/wp-content\/uploads\/costaaugusto-720x380.jpg",540,285,true],"covernews-medium-square":["https:\/\/infoecos.com.ar\/wp-content\/uploads\/costaaugusto-675x450.jpg",375,250,true]},"author_info":{"info":["Jorge Matheus"]},"category_info":"<a href=\"https:\/\/infoecos.com.ar\/index.php\/category\/c2nota2\/\" rel=\"category tag\">C2 N2<\/a>","tag_info":"C2 N2","comment_count":"0","_links":{"self":[{"href":"https:\/\/infoecos.com.ar\/index.php\/wp-json\/wp\/v2\/posts\/70975","targetHints":{"allow":["GET"]}}],"collection":[{"href":"https:\/\/infoecos.com.ar\/index.php\/wp-json\/wp\/v2\/posts"}],"about":[{"href":"https:\/\/infoecos.com.ar\/index.php\/wp-json\/wp\/v2\/types\/post"}],"author":[{"embeddable":true,"href":"https:\/\/infoecos.com.ar\/index.php\/wp-json\/wp\/v2\/users\/2"}],"replies":[{"embeddable":true,"href":"https:\/\/infoecos.com.ar\/index.php\/wp-json\/wp\/v2\/comments?post=70975"}],"version-history":[{"count":1,"href":"https:\/\/infoecos.com.ar\/index.php\/wp-json\/wp\/v2\/posts\/70975\/revisions"}],"predecessor-version":[{"id":70976,"href":"https:\/\/infoecos.com.ar\/index.php\/wp-json\/wp\/v2\/posts\/70975\/revisions\/70976"}],"wp:featuredmedia":[{"embeddable":true,"href":"https:\/\/infoecos.com.ar\/index.php\/wp-json\/wp\/v2\/media\/64311"}],"wp:attachment":[{"href":"https:\/\/infoecos.com.ar\/index.php\/wp-json\/wp\/v2\/media?parent=70975"}],"wp:term":[{"taxonomy":"category","embeddable":true,"href":"https:\/\/infoecos.com.ar\/index.php\/wp-json\/wp\/v2\/categories?post=70975"},{"taxonomy":"post_tag","embeddable":true,"href":"https:\/\/infoecos.com.ar\/index.php\/wp-json\/wp\/v2\/tags?post=70975"}],"curies":[{"name":"wp","href":"https:\/\/api.w.org\/{rel}","templated":true}]}}