{"id":70986,"date":"2020-12-05T14:31:40","date_gmt":"2020-12-05T17:31:40","guid":{"rendered":"http:\/\/infoecos.com.ar\/?p=70986"},"modified":"2020-12-05T14:58:56","modified_gmt":"2020-12-05T17:58:56","slug":"coronavirus-descendio-el-numero-de-casos-activos-en-el-distrito-de-trenque-lauquen","status":"publish","type":"post","link":"https:\/\/infoecos.com.ar\/index.php\/coronavirus-descendio-el-numero-de-casos-activos-en-el-distrito-de-trenque-lauquen\/","title":{"rendered":"Coronavirus: descendi\u00f3 el n\u00famero de casos activos en el distrito de Trenque Lauquen"},"content":{"rendered":"\n<p class=\"wp-block-paragraph\">Los casos activos de Covid-19 descendieron este s\u00e1bado de 143 a 124 tras reportarse 11 nuevos casos confirmados, todos en Trenque Lauquen \u2013nueve (9) por testeo y dos (2) por criterio o nexo epidemiol\u00f3gico de acuerdo al protocolo actualizado vigente-, recuperarse otras 30 personas y descartarse 31 casos en las \u00faltimas 24 horas, inform\u00f3 la subsecretar\u00eda de Salud municipal.<\/p>\n\n\n\n<div class=\"wp-block-image\"><figure class=\"aligncenter size-medium\"><img loading=\"lazy\" decoding=\"async\" width=\"460\" height=\"449\" src=\"http:\/\/infoecos.com.ar\/wp-content\/uploads\/2020\/12\/reportesabadocoro-460x449.jpg\" alt=\"\" class=\"wp-image-70987\" srcset=\"https:\/\/infoecos.com.ar\/wp-content\/uploads\/2020\/12\/reportesabadocoro-460x449.jpg 460w, https:\/\/infoecos.com.ar\/wp-content\/uploads\/2020\/12\/reportesabadocoro-920x898.jpg 920w, https:\/\/infoecos.com.ar\/wp-content\/uploads\/2020\/12\/reportesabadocoro-768x750.jpg 768w, https:\/\/infoecos.com.ar\/wp-content\/uploads\/2020\/12\/reportesabadocoro-1024x1000.jpg 1024w, https:\/\/infoecos.com.ar\/wp-content\/uploads\/2020\/12\/reportesabadocoro.jpg 1280w\" sizes=\"auto, (max-width: 460px) 100vw, 460px\" \/><\/figure><\/div>\n\n\n\n<p class=\"wp-block-paragraph\">De los 124 casos confirmados o activos 91 corresponden a la ciudad cabecera del distrito, 29 a Treinta de Agosto y cuatro (4) a Beruti: cinco (5) est\u00e1n internados en el Hospital Municipal, dos (2) en el Centro Extrahospitalario que funciona en el ex Hotel Pailla Hu\u00e9 y 117 en sus domicilios particulares.<\/p>\n\n\n\n<p class=\"wp-block-paragraph\">Con las 30 personas recuperadas en la fecha, 27 de Trenque Lauquen y tres (3) de Treinta de Agosto, ya son 889 las que recibieron el alta desde marzo hasta ahora, mientras que los casos descartados en el mismo per\u00edodo ascendieron a 2.008 sumados los \u00faltimos 31, de los cuales 30 pertenecen a Trenque Lauquen y uno (1) a Treinta de Agosto.<\/p>\n\n\n\n<p class=\"wp-block-paragraph\">Hay 54 casos sospechosos -32 de Trenque Lauquen y 22 de Treinta de Agosto- y 319 personas en aislamiento, 185 en la ciudad cabecera, 106 en Treinta de Agosto y 28 en Beruti.<\/p>\n","protected":false},"excerpt":{"rendered":"<p>De los 124 casos confirmados o activos 91 corresponden a la ciudad cabecera del distrito, 29 a Treinta de Agosto y cuatro (4) a Beruti: cinco (5) est\u00e1n internados en el Hospital Municipal, dos (2) en el Centro Extrahospitalario que funciona en el ex Hotel Pailla Hu\u00e9 y 117 en sus domicilios particulares<\/p>\n","protected":false},"author":2,"featured_media":61882,"comment_status":"closed","ping_status":"open","sticky":false,"template":"","format":"standard","meta":{"footnotes":""},"categories":[1613],"tags":[156],"class_list":["post-70986","post","type-post","status-publish","format-standard","has-post-thumbnail","hentry","category-noticia-secundaria","tag-salud"],"featured_image_urls":{"full":["https:\/\/infoecos.com.ar\/wp-content\/uploads\/Hospital-1080x675-1.jpg",1080,675,false],"thumbnail":["https:\/\/infoecos.com.ar\/wp-content\/uploads\/Hospital-1080x675-1-150x150.jpg",150,150,true],"medium":["https:\/\/infoecos.com.ar\/wp-content\/uploads\/Hospital-1080x675-1-460x288.jpg",460,288,true],"medium_large":["https:\/\/infoecos.com.ar\/wp-content\/uploads\/Hospital-1080x675-1-768x480.jpg",640,400,true],"large":["https:\/\/infoecos.com.ar\/wp-content\/uploads\/Hospital-1080x675-1-920x575.jpg",640,400,true],"1536x1536":["https:\/\/infoecos.com.ar\/wp-content\/uploads\/Hospital-1080x675-1.jpg",1080,675,false],"2048x2048":["https:\/\/infoecos.com.ar\/wp-content\/uploads\/Hospital-1080x675-1.jpg",1080,675,false],"covernews-slider-full":["https:\/\/infoecos.com.ar\/wp-content\/uploads\/Hospital-1080x675-1.jpg",1080,675,false],"covernews-slider-center":["https:\/\/infoecos.com.ar\/wp-content\/uploads\/Hospital-1080x675-1-936x675.jpg",693,500,true],"covernews-featured":["https:\/\/infoecos.com.ar\/wp-content\/uploads\/Hospital-1080x675-1-1024x640.jpg",1024,640,true],"covernews-medium":["https:\/\/infoecos.com.ar\/wp-content\/uploads\/Hospital-1080x675-1-720x380.jpg",540,285,true],"covernews-medium-square":["https:\/\/infoecos.com.ar\/wp-content\/uploads\/Hospital-1080x675-1-675x450.jpg",375,250,true]},"author_info":{"info":["Jorge Matheus"]},"category_info":"<a href=\"https:\/\/infoecos.com.ar\/index.php\/category\/noticia-secundaria\/\" rel=\"category tag\">Noticia Secundaria<\/a>","tag_info":"Noticia Secundaria","comment_count":"0","_links":{"self":[{"href":"https:\/\/infoecos.com.ar\/index.php\/wp-json\/wp\/v2\/posts\/70986","targetHints":{"allow":["GET"]}}],"collection":[{"href":"https:\/\/infoecos.com.ar\/index.php\/wp-json\/wp\/v2\/posts"}],"about":[{"href":"https:\/\/infoecos.com.ar\/index.php\/wp-json\/wp\/v2\/types\/post"}],"author":[{"embeddable":true,"href":"https:\/\/infoecos.com.ar\/index.php\/wp-json\/wp\/v2\/users\/2"}],"replies":[{"embeddable":true,"href":"https:\/\/infoecos.com.ar\/index.php\/wp-json\/wp\/v2\/comments?post=70986"}],"version-history":[{"count":1,"href":"https:\/\/infoecos.com.ar\/index.php\/wp-json\/wp\/v2\/posts\/70986\/revisions"}],"predecessor-version":[{"id":70988,"href":"https:\/\/infoecos.com.ar\/index.php\/wp-json\/wp\/v2\/posts\/70986\/revisions\/70988"}],"wp:featuredmedia":[{"embeddable":true,"href":"https:\/\/infoecos.com.ar\/index.php\/wp-json\/wp\/v2\/media\/61882"}],"wp:attachment":[{"href":"https:\/\/infoecos.com.ar\/index.php\/wp-json\/wp\/v2\/media?parent=70986"}],"wp:term":[{"taxonomy":"category","embeddable":true,"href":"https:\/\/infoecos.com.ar\/index.php\/wp-json\/wp\/v2\/categories?post=70986"},{"taxonomy":"post_tag","embeddable":true,"href":"https:\/\/infoecos.com.ar\/index.php\/wp-json\/wp\/v2\/tags?post=70986"}],"curies":[{"name":"wp","href":"https:\/\/api.w.org\/{rel}","templated":true}]}}